{"id":1184,"date":"2014-05-18T06:51:24","date_gmt":"2014-05-18T04:51:24","guid":{"rendered":"http:\/\/www.reunion68.se\/?p=1184"},"modified":"2014-05-20T17:14:12","modified_gmt":"2014-05-20T15:14:12","slug":"nagrobki-i-kult-ofiar-rzekomych-zydowskich-mordow-rytualnych","status":"publish","type":"post","link":"https:\/\/www.reunion68.se\/?p=1184","title":{"rendered":"Nagrobki i kult ofiar rzekomych \u017cydowskich mord\u00f3w rytualnych"},"content":{"rendered":"<p><img decoding=\"async\" class=\"aligncenter\" src=\"http:\/\/www.reunion68.com\/Biuletyn\/img\/tablica.jpg\" alt=\"\" width=\"700\" \/><br \/>\n<span style=\"color: #000080;\"> photo: <strong><span style=\"text-decoration: underline;\"><a href=\"https:\/\/www.facebook.com\/photo.php?fbid=699171323457527&amp;set=a.699171743457485.1073741827.100000939976478&amp;type=1\"><span style=\"color: #000080; text-decoration: underline;\">Tomek Wisniewski<\/span><\/a><\/span><\/strong><\/span><br \/>\n<span style=\"color: #000080;\"><br \/>\nW Wilnie na ko\u015bciele Bernardyn\u00f3w wisi sobie taka tablicaw w j\u0119zyku \u0142\u0105ci\u0144skim, kt\u00f3ra upami\u0119tnia 7 letniego ch\u0142opca zamordowanego przez 170 \u017byd\u00f3w&#8230;<\/span><\/p>\n<p><span style=\"color: #000080;\">&#8211; tlumaczenie <strong><a href=\"https:\/\/www.facebook.com\/G.Sredni?fref=ufi\" target=\"_blank\"><span style=\"color: #000080;\">Grzesiek Sredni<\/span><\/a>\u00a0\u00a0\u00a0<\/strong> [ <a><span style=\"color: #000080;\"><span class=\"UFICommentBody\" data-reactid=\".4d.1:3:1:$comment844862905542150_845852042109903:0.0.$right.0.$left.0.0.0:$comment-body.0\"><span data-reactid=\".4d.1:3:1:$comment844862905542150_845852042109903:0.0.$right.0.$left.0.0.0:$comment-body.0.0\"><span data-reactid=\".4d.1:3:1:$comment844862905542150_845852042109903:0.0.$right.0.$left.0.0.0:$comment-body.0.0.$end:0:$0:0\">&#8220;D.T.O.M.D Pami\u0119ci szlachetnego ch\u0142opca, Szymona Kierela, wilnianina, okrutnie zabitego przez zadanie mu 170 cios\u00f3w (ew. zabitego przez zadanie mu 170 ran) przez \u017byd\u00f3w. Le\u017cy w grobie w rogu koscio\u0142a. Urodzi\u0142 si\u0119 w 1592 r. Od narodzin Chrystusa. <\/span><br data-reactid=\".4d.1:3:1:$comment844862905542150_845852042109903:0.0.$right.0.$left.0.0.0:$comment-body.0.0.$end:0:$1:0\" \/><span data-reactid=\".4d.1:3:1:$comment844862905542150_845852042109903:0.0.$right.0.$left.0.0.0:$comment-body.0.0.$end:0:$2:0\">Ufund<\/span><\/span><span data-reactid=\".4d.1:3:1:$comment844862905542150_845852042109903:0.0.$right.0.$left.0.0.0:$comment-body.0.3\"><span data-reactid=\".4d.1:3:1:$comment844862905542150_845852042109903:0.0.$right.0.$left.0.0.0:$comment-body.0.3.0\"><span data-reactid=\".4d.1:3:1:$comment844862905542150_845852042109903:0.0.$right.0.$left.0.0.0:$comment-body.0.3.0.$text0:0:$0:0\">owane ze zbi\u00f3rki od dobroczy\u0144c\u00f3w. AD 1623&#8243; D.T.O.M.D &#8211; nie znam skr\u00f3tu. A tu znalaz\u0142em co\u015b wi\u0119cej w tym temacie i podobnych: <\/span><\/span><\/span><\/span>]<\/span><\/a><\/span><\/p>\n<p style=\"text-align: center;\"><strong><span style=\"color: #000080;\">Instytut Sztuki Polskiej Akademii Nauk, Warszawa<\/span><\/strong><\/p>\n<p style=\"text-align: center;\"><span style=\"color: #000080;\"><span style=\"color: #000080;\">Marcin Zgli\u0144ski<\/span><\/span><\/p>\n<p style=\"text-align: left;\"><span style=\"color: #000080;\"><strong>Nagrobki i kult ofiar rzekomych \u017cydowskich mord\u00f3w rytualnych na historycznych ziemiach litewskich wXVII-XIXwieku<\/strong><\/span><\/p>\n<p><span style=\"color: #000080;\">Artyku\u0142 dotyczy rozprzestrzeniania si\u0119 kultu rzekomych ofiar \u017cydowskich mord\u00f3w rytualnych na terenie historycznej Litwy, w kontek\u015bcie dynamiki tego zjawiska w Europie i w Rzeczypospolitej. Skoncentrowano si\u0119 na marginalizowanym dot\u0105d problemie uzale\u017cnienia oskar\u017ce\u0144 o mordy rytualne od potrzeby kreowania kultu domniemanych ofiar, organizowaniu uroczystych ceremonii pogrzebowych, tworzeniu konfesji, epitafi\u00f3w i relikwiarzy, a tak\u017ce specyficznej ikonografii. Zosta\u0142a wykazana zale\u017cno\u015b\u0107 kultu tego typu m\u0119czennik\u00f3w w Wilnie i Kodniu od wcze\u015bniejszych przypadk\u00f3w, w Trydencie, Pradze, Tyrolu i w Sandomierzu. Zwr\u00f3cono uwag\u0119 na polityk\u0119 zakonnych lub magnackich inicjator\u00f3w tego typu przedsi\u0119wzi\u0119\u0107. Om\u00f3wiono kult \u015bw. Gabriela Zabludowskiego, kt\u00f3ry stal si\u0119 niezwyk\u0142ym przyk\u0142adem<\/span><br \/>\n<span style=\"color: #000080;\"> przej\u0119cia fenomenu przez Cerkiew prawos\u0142awn\u0105.<\/span><\/p>\n<p><span style=\"color: #000080;\">czytaj wiecej.. <span style=\"text-decoration: underline;\"><strong><a href=\"http:\/\/etalpykla.lituanistikadb.lt\/fedora\/get\/LT-LDB-0001:J.04~2010~1367174776297\/DS.002.2.01.ARTIC\" target=\"_blank\"><span style=\"color: #000080; text-decoration: underline;\">..tu.. <\/span><\/a><\/strong><\/span><\/span><\/p>\n<hr \/>\n","protected":false},"excerpt":{"rendered":"<p>photo: Tomek Wisniewski W Wilnie na ko\u015bciele Bernardyn\u00f3w wisi sobie taka tablicaw w j\u0119zyku \u0142\u0105ci\u0144skim, kt\u00f3ra upami\u0119tnia 7 letniego ch\u0142opca zamordowanego przez 170 \u017byd\u00f3w&#8230; &#8211; tlumaczenie Grzesiek Sredni\u00a0\u00a0\u00a0 [ &#8220;D.T.O.M.D Pami\u0119ci szlachetnego ch\u0142opca, Szymona Kierela, wilnianina, okrutnie zabitego przez zadanie mu 170 cios\u00f3w (ew. zabitego przez zadanie mu 170 ran) przez \u017byd\u00f3w. Le\u017cy w grobie [&hellip;]<\/p>\n","protected":false},"author":1,"featured_media":0,"comment_status":"closed","ping_status":"closed","sticky":false,"template":"","format":"standard","meta":[],"categories":[6],"tags":[24],"_links":{"self":[{"href":"https:\/\/www.reunion68.se\/index.php?rest_route=\/wp\/v2\/posts\/1184"}],"collection":[{"href":"https:\/\/www.reunion68.se\/index.php?rest_route=\/wp\/v2\/posts"}],"about":[{"href":"https:\/\/www.reunion68.se\/index.php?rest_route=\/wp\/v2\/types\/post"}],"author":[{"embeddable":true,"href":"https:\/\/www.reunion68.se\/index.php?rest_route=\/wp\/v2\/users\/1"}],"replies":[{"embeddable":true,"href":"https:\/\/www.reunion68.se\/index.php?rest_route=%2Fwp%2Fv2%2Fcomments&post=1184"}],"version-history":[{"count":20,"href":"https:\/\/www.reunion68.se\/index.php?rest_route=\/wp\/v2\/posts\/1184\/revisions"}],"predecessor-version":[{"id":1209,"href":"https:\/\/www.reunion68.se\/index.php?rest_route=\/wp\/v2\/posts\/1184\/revisions\/1209"}],"wp:attachment":[{"href":"https:\/\/www.reunion68.se\/index.php?rest_route=%2Fwp%2Fv2%2Fmedia&parent=1184"}],"wp:term":[{"taxonomy":"category","embeddable":true,"href":"https:\/\/www.reunion68.se\/index.php?rest_route=%2Fwp%2Fv2%2Fcategories&post=1184"},{"taxonomy":"post_tag","embeddable":true,"href":"https:\/\/www.reunion68.se\/index.php?rest_route=%2Fwp%2Fv2%2Ftags&post=1184"}],"curies":[{"name":"wp","href":"https:\/\/api.w.org\/{rel}","templated":true}]}}