{"id":118457,"date":"2025-01-18T17:09:11","date_gmt":"2025-01-18T15:09:11","guid":{"rendered":"http:\/\/www.reunion68.se\/?p=118457"},"modified":"2025-01-18T15:18:10","modified_gmt":"2025-01-18T13:18:10","slug":"14-09-103","status":"publish","type":"post","link":"https:\/\/www.reunion68.se\/?p=118457","title":{"rendered":"Wiedzia\u0142em, \u017ce ten dzie\u0144 nadejdzie"},"content":{"rendered":"<p style=\"text-align: center;\"><img decoding=\"async\" class=\"aligncenter\" src=\"https:\/\/cdn.jns.org\/uploads\/2025\/01\/F250116CG105-1320x880.jpg\" width=\"100%\" \/><span style=\"color: #808080;\"><em>Demonstranci protestuj\u0105 przeciwko obecnej umowie z Hamasem dotycz\u0105cej zak\u0142adnik\u00f3w, przy wje\u017adzie do Jerozolimy, 16 stycznia 2025 r. Zdj\u0119cie: Chaim Goldberg\/Flash90.<\/em><\/span><\/p>\n<hr \/>\n<h5 style=\"text-align: center;\"><a href=\"http:\/\/www.listyznaszegosadu.pl\/\" target=\"_blank\" rel=\"noopener noreferrer\"><img decoding=\"async\" class=\"center alignleft\" src=\"http:\/\/www.reunion68.com\/Biuletyn\/img\/z-naszego.jpg\" alt=\"\" width=\"50%\" \/><\/a><span style=\"text-decoration: underline; color: #000080;\"><strong><a style=\"color: #000080; text-decoration: underline;\" href=\"http:\/\/www.listyznaszegosadu.pl\/syjonizm\/wiedzialem-ze-ten-dzien-nadejdzie\" target=\"_blank\" rel=\"noopener noreferrer\">Wiedzia\u0142em, \u017ce ten dzie\u0144 nadejdzie<\/a><\/strong><\/span><\/h5>\n<p style=\"text-align: center;\"><span style=\"color: #000000;\"><strong>Stephen Flatow<br \/>\n<\/strong><span style=\"color: #808080;\"><em>T\u0142umaczenie: <\/em><\/span><strong>Ma\u0142gorzata Koraszewska<\/strong><\/span><\/p>\n<hr style=\"height: 15px; background: #d0e6fa; width: 100%;\" \/>\n<div class=\"templateArticleIngress\">\n<h4 style=\"text-align: center;\"><strong><span style=\"color: #000000;\">Uwolnienie wi\u0119\u017ani\u00f3w jest koszmarem dla ofiar atak\u00f3w terrorystycznych.<\/span><\/strong><\/h4>\n<p class=\"wp-block-paragraph\" style=\"text-align: left;\">\n<span style=\"color: #000080;\">Wiedzia\u0142em, \u017ce ten dzie\u0144 nadejdzie. Od kiedy Izrael zacz\u0105\u0142 zwalnia\u0107 wi\u0119\u017ani\u00f3w czy to jako \u201egest dobrej woli\u201d, czy za zak\u0142adnik\u00f3w, wiedzia\u0142em, \u017ce nadejdzie czas, kiedy terrory\u015bci z \u201ekrwi\u0105 na r\u0119kach\u201d b\u0119d\u0105 uwolnieni.<\/span><\/p>\n<p class=\"wp-block-paragraph\" style=\"text-align: left;\">\n<span style=\"color: #000080;\">Jakby rezultat uwolnienia wi\u0119\u017ani\u00f3w-terroryst\u00f3w w 2011 r. w zamian za uwolnienie izraelskiego \u017co\u0142nierza Gilada Szalita, przetrzymywanego przez Hamas przez pi\u0119\u0107 lat, nie by\u0142o wystarczaj\u0105cym ostrze\u017ceniem, kolejna tura zwolnie\u0144 b\u0119dzie r\u00f3wnie niebezpieczna dla Izraelczyk\u00f3w.<\/span><\/p>\n<\/div>\n<p style=\"text-align: left;\">\n<div class=\"templateArticleBrodtext\">\n<p class=\"wp-block-paragraph\" style=\"text-align: left;\"><span style=\"color: #000080;\">Po zamordowaniu mojej c\u00f3rki Alisy w ataku terrorystycznym w Kfar Darom w 1995 r. Izrael by\u0142 w stanie schwyta\u0107, os\u0105dzi\u0107 i skaza\u0107 na do\u017cywocie kilku terroryst\u00f3w zamieszanych w jej \u015bmier\u0107. Podczas gdy siedz\u0105 dzi\u015b w wi\u0119zieniu o zaostrzonym rygorze z wyrokami do\u017cywocia, jestem pewien, \u017ce u\u015bmiechaj\u0105 si\u0119 szerzej ni\u017c zwykle z powodu mo\u017cliwo\u015bci znalezienia si\u0119 na li\u015bcie wi\u0119\u017ani\u00f3w, kt\u00f3rzy wkr\u00f3tce zostan\u0105 zwolnieni.<\/span><\/p>\n<p class=\"wp-block-paragraph\" style=\"text-align: left;\">\n<span style=\"color: #000080;\">Jasne, rodziny izraelskich zak\u0142adnik\u00f3w s\u0105 zachwycone perspektyw\u0105 odzyskania swoich bliskich, kt\u00f3rzy s\u0105 w niewoli od ponad roku w nieopisanych warunkach pod ziemi\u0105 w Gazie. Ja r\u00f3wnie\u017c ciesz\u0119 si\u0119, \u017ce rodziny zostan\u0105 po\u0142\u0105czone, ale moj\u0105 rado\u015b\u0107 zmniejsza \u015bwiadomo\u015b\u0107, \u017ce ci terrory\u015bci s\u0105 wypuszczani na wolno\u015b\u0107, by zn\u00f3w szerzy\u0107 terror.<\/span><\/p>\n<p class=\"wp-block-paragraph\" style=\"text-align: left;\">\n<span style=\"color: #000080;\">To nie jest moje pierwsze do\u015bwiadczenie radzenia sobie z decyzj\u0105 Izraela o uwolnieniu wi\u0119\u017ani\u00f3w. Dwukrotnie w ci\u0105gu ostatnich 25 lat, kiedy przeprowadzano zwolnienia wi\u0119\u017ani\u00f3w, natychmiast szuka\u0142em listy zwalnianych wi\u0119\u017ani\u00f3w. A kiedy j\u0105 dostawa\u0142em, starannie studiowa\u0142em list\u0119 arabskich nazwisk transliterowanych na hebrajski, szukaj\u0105c nazwisk Nidal Moustafa Bouri, Ahmed Douad Abu Dachi, Maram Ibrahim Salameh i Al-Halim Saheb Omar Balbasi, kt\u00f3rzy odsiaduj\u0105 wyroki do\u017cywocia za zamach bombowy w Kfar Darom. W przeciwie\u0144stwie do Stan\u00f3w Zjednoczonych, Izrael nie ma kary \u015bmierci dla terroryst\u00f3w.<\/span><\/p>\n<p class=\"wp-block-paragraph\" style=\"text-align: left;\">\n<span style=\"color: #000080;\">Istniej\u0105 dobre powody, aby nie zwalnia\u0107 skazanych terroryst\u00f3w. Podczas gdy takie decyzje s\u0105 cz\u0119sto podejmowane ze wzgl\u0119d\u00f3w dyplomatycznych, bezpiecze\u0144stwa lub humanitarnych, nios\u0105 ze sob\u0105 znaczne ryzyko i negatywne implikacje. Obecna umowa o zwolnieniu wi\u0119\u017ani\u00f3w jest z kilku powod\u00f3w szkodliwa dla Izraela, a w d\u0142u\u017cszej perspektywie dla spo\u0142ecze\u0144stwa zachodniego.<\/span><\/p>\n<p class=\"wp-block-paragraph\" style=\"text-align: left;\">\n<span style=\"color: #000080;\">Uwolnienie wi\u0119\u017ani\u00f3w os\u0142abia odstraszanie Izraela przed terroryzmem. Je\u015bli polityka Izraela polega na surowych konsekwencjach dla tych, kt\u00f3rzy pope\u0142niaj\u0105 akty terroru, aby odstraszy\u0107 potencjalnych napastnik\u00f3w, uwolnienie takich wi\u0119\u017ani\u00f3w podwa\u017ca ten cel, sygnalizuj\u0105c wrogom, \u017ce nawet ci, kt\u00f3rzy odpowiadaj\u0105 za \u015bmier\u0107 niewinnych obywateli, mog\u0105 ostatecznie zosta\u0107 uwolnieni. Poczucie, \u017ce za czyny poniesie si\u0119 odpowiedzialno\u015b\u0107, s\u0142abnie.<\/span><\/p>\n<p class=\"wp-block-paragraph\" style=\"text-align: left;\">\n<span style=\"color: #000080;\">Uwolnienie terroryst\u00f3w dodaje odwagi takim grupom jak Hamas i Palesty\u0144ski Islamski D\u017cihad do dokonywania atak\u00f3w terrorystycznych, widz\u0105 bowiem, \u017ce cen\u0105 za ich dzia\u0142ania mo\u017ce nie by\u0107 sta\u0142e uwi\u0119zienie. Kiedy wi\u0119\u017aniowie z krwi\u0105 na r\u0119kach zostaj\u0105 uwolnieni, organizacje terrorystyczne \u015bwi\u0119tuj\u0105 to jako zwyci\u0119stwo. Przedstawiaj\u0105 takie uwolnienia jako dow\u00f3d swojej si\u0142y i zdolno\u015bci do wywierania presji na Izrael. Publiczne obchody, parady i gloryfikowanie uwolnionych wi\u0119\u017ani\u00f3w nie tylko podnosz\u0105 morale tych organizacji, ale tak\u017ce wzmacniaj\u0105 ich pozycj\u0119 w\u015br\u00f3d zwolennik\u00f3w. Mo\u017ce to prowadzi\u0107 do zwi\u0119kszonego naboru, zbierania funduszy i dzia\u0142alno\u015bci operacyjnej, tym samym zwi\u0119kszaj\u0105c zagro\u017cenia dla bezpiecze\u0144stwa Izraela.<\/span><\/p>\n<p class=\"wp-block-paragraph\" style=\"text-align: left;\">\n<span style=\"color: #000080;\">Uwolnienie wi\u0119\u017ani\u00f3w, zw\u0142aszcza tych skazanych za morderstwo, mo\u017ce podwa\u017cy\u0107 zaufanie spo\u0142ecze\u0144stwa do rz\u0105du i systemu s\u0105downiczego, poniewa\u017c jest postrzegane jako podwa\u017canie praworz\u0105dno\u015bci. Wielu Izraelczyk\u00f3w uwa\u017ca, \u017ce takie decyzje zdradzaj\u0105 pami\u0119\u0107 ofiar i zasady sprawiedliwo\u015bci. Ofiary i rodziny ofiar cz\u0119sto nosz\u0105 blizny na ca\u0142e \u017cycie \u2014 zar\u00f3wno fizyczne, jak i emocjonalne. Oburzenie i cierpienie s\u0105 namacalne. Uwa\u017camy, \u017ce ich cierpienie i cierpienie ich bliskich zosta\u0142o odrzucone na rzecz politycznych kalkulacji.<\/span><\/p>\n<p class=\"wp-block-paragraph\" style=\"text-align: left;\">\n<span style=\"color: #000080;\">By\u0107 mo\u017ce najbardziej niebezpieczn\u0105 konsekwencj\u0105 uwolnienia wi\u0119\u017ani\u00f3w z krwi\u0105 na r\u0119kach jest mo\u017cliwo\u015b\u0107 zach\u0119cenia do porwa\u0144 i brania zak\u0142adnik\u00f3w. Organizacje terrorystyczne historycznie wykorzystywa\u0142y je\u0144c\u00f3w izraelskich jako d\u017awigni\u0119 do negocjacji uwolnienia wi\u0119\u017ani\u00f3w. Na przyk\u0142ad wymiana w 2011 r. ponad 1000 wi\u0119\u017ani\u00f3w, w tym wielu z krwi\u0105 na r\u0119kach, za Szalita ustanowi\u0142a precedens, \u017ce takie taktyki mog\u0105 przynie\u015b\u0107 znacz\u0105ce rezultaty.<\/span><\/p>\n<p class=\"wp-block-paragraph\" style=\"text-align: left;\">\n<span style=\"color: #000080;\">Przyk\u0142adem mo\u017ce by\u0107 Jahja Sinwar, organizator atak\u00f3w z 7 pa\u017adziernika i ich nast\u0119pstw, odsiaduj\u0105cy wyroki do\u017cywocia za zorganizowanie morderstw Izraelczyk\u00f3w i Palesty\u0144czyk\u00f3w oskar\u017conych o wsp\u00f3\u0142prac\u0119 z Izraelem. Zwolniony w ramach wymiany wi\u0119\u017ani\u00f3w za Szalita, awansowa\u0142 na stanowisko kierownicze w Hamasie, staj\u0105c si\u0119 jego faktycznym liderem w Strefie Gazy, dop\u00f3ki nie zosta\u0142 zabity przez Si\u0142y Obronne Izraela w zesz\u0142ym roku.<\/span><\/p>\n<p class=\"wp-block-paragraph\" style=\"text-align: left;\">\n<span style=\"color: #000080;\">Jak napisa\u0142 David M. Weinberg, \u00a0pracownik naukowy i dyrektor jerozolimskiego Instytutu Bezpiecze\u0144stwa Narodowego i Strategii Syjonistycznej Misgav, w zesz\u0142ym roku: \u201eNiebezpiecze\u0144stwo masowego uwalniania palesty\u0144skich terroryst\u00f3w jest oczywiste. Umowa, kt\u00f3ra uwalnia okrutnych morderc\u00f3w izraelskich \u017byd\u00f3w\u2026 w zamian za niewinnych cierpi\u0105cych zak\u0142adnik\u00f3w izraelskich, nara\u017ca na niebezpiecze\u0144stwo kolejnych izraelskich istnie\u0144 w przysz\u0142o\u015bci \u2014 a droga ta nie jest szczeg\u00f3lnie d\u0142uga\u201d.<\/span><\/p>\n<\/div>\n<hr \/>\n<p style=\"text-align: left;\"><span style=\"color: #808080;\"><em><strong>Stephen Flatow &#8211; <\/strong>Ameryka\u0144ski prawnik, kt\u00f3ry zainicjowa\u0142 szereg proces\u00f3w przeciwko Islamskiej Republice Iranu w zwi\u0105zku ze sponsorowaniem terroryzmu przez to pa\u0144stwo. Jego c\u00f3rka zgin\u0119\u0142a w zamachu terrorystycznym w 1995 roku. Wielokrotnie pomaga\u0142 rz\u0105dowi USA zidentyfikowa\u0107 organizacje, kt\u00f3re po\u015bredniczy\u0142y w nielegalnym przekazywaniu pieni\u0119dzy do Iranu.<\/em><\/span><\/p>\n<hr style=\"height: 15px; background: #d0e6fa; width: 100%;\" \/>\n<div id=\"content\" class=\"content-alignment\">\n<div id=\"watch-description\" class=\"yt-uix-button-panel\">\n<div id=\"watch-description-text\" style=\"text-align: center;\">\n<p><em>Zawarto\u015b\u0107 publikowanych artyku\u0142\u00f3w i materia\u0142\u00f3w nie reprezentuje pogl\u0105d\u00f3w ani opinii Reunion&#8217;68,<\/em><em><br \/>\nani te\u017c webmastera Blogu Reunion&#8217;68, chyba ze jest to wyra\u017anie zaznaczone.<br \/>\nTwoje uwagi, linki, w\u0142asne artyku\u0142y lub wiadomo\u015bci prze\u015blij na adres:<br \/>\n<\/em><span style=\"color: #000080;\"><strong><em><a style=\"color: #000080;\" href=\"mailto:webmaster@reunion68.com\"><span style=\"text-decoration: underline;\">webmaster@reunion68.com<\/span><\/a><\/em><\/strong><\/span><\/p>\n<\/div>\n<\/div>\n<\/div>\n<hr style=\"width: 100%;\" \/>\n","protected":false},"excerpt":{"rendered":"<p>Demonstranci protestuj\u0105 przeciwko obecnej umowie z Hamasem dotycz\u0105cej zak\u0142adnik\u00f3w, przy wje\u017adzie do Jerozolimy, 16 stycznia 2025 r. Zdj\u0119cie: Chaim Goldberg\/Flash90. Wiedzia\u0142em, \u017ce ten dzie\u0144 nadejdzie Stephen Flatow T\u0142umaczenie: Ma\u0142gorzata Koraszewska Uwolnienie wi\u0119\u017ani\u00f3w jest koszmarem dla ofiar atak\u00f3w terrorystycznych. Wiedzia\u0142em, \u017ce ten dzie\u0144 nadejdzie. Od kiedy Izrael zacz\u0105\u0142 zwalnia\u0107 wi\u0119\u017ani\u00f3w czy to jako \u201egest dobrej woli\u201d, [&hellip;]<\/p>\n","protected":false},"author":1,"featured_media":0,"comment_status":"closed","ping_status":"closed","sticky":false,"template":"","format":"standard","meta":[],"categories":[6],"tags":[26,24],"_links":{"self":[{"href":"https:\/\/www.reunion68.se\/index.php?rest_route=\/wp\/v2\/posts\/118457"}],"collection":[{"href":"https:\/\/www.reunion68.se\/index.php?rest_route=\/wp\/v2\/posts"}],"about":[{"href":"https:\/\/www.reunion68.se\/index.php?rest_route=\/wp\/v2\/types\/post"}],"author":[{"embeddable":true,"href":"https:\/\/www.reunion68.se\/index.php?rest_route=\/wp\/v2\/users\/1"}],"replies":[{"embeddable":true,"href":"https:\/\/www.reunion68.se\/index.php?rest_route=%2Fwp%2Fv2%2Fcomments&post=118457"}],"version-history":[{"count":16,"href":"https:\/\/www.reunion68.se\/index.php?rest_route=\/wp\/v2\/posts\/118457\/revisions"}],"predecessor-version":[{"id":118636,"href":"https:\/\/www.reunion68.se\/index.php?rest_route=\/wp\/v2\/posts\/118457\/revisions\/118636"}],"wp:attachment":[{"href":"https:\/\/www.reunion68.se\/index.php?rest_route=%2Fwp%2Fv2%2Fmedia&parent=118457"}],"wp:term":[{"taxonomy":"category","embeddable":true,"href":"https:\/\/www.reunion68.se\/index.php?rest_route=%2Fwp%2Fv2%2Fcategories&post=118457"},{"taxonomy":"post_tag","embeddable":true,"href":"https:\/\/www.reunion68.se\/index.php?rest_route=%2Fwp%2Fv2%2Ftags&post=118457"}],"curies":[{"name":"wp","href":"https:\/\/api.w.org\/{rel}","templated":true}]}}