{"id":118602,"date":"2025-01-17T17:09:51","date_gmt":"2025-01-17T15:09:51","guid":{"rendered":"http:\/\/www.reunion68.se\/?p=118602"},"modified":"2025-01-17T16:41:13","modified_gmt":"2025-01-17T14:41:13","slug":"20-09-98","status":"publish","type":"post","link":"https:\/\/www.reunion68.se\/?p=118602","title":{"rendered":"Jak &#8220;pro-palesty\u0144scy&#8221; protestuj\u0105cy w rzeczywisto\u015bci szkodz\u0105 Palesty\u0144czykom"},"content":{"rendered":"<p style=\"text-align: center;\"><img decoding=\"async\" class=\"aligncenter\" src=\"https:\/\/www.gatestoneinstitute.org\/pics\/5016.jpg\" width=\"100%\" \/><span style=\"color: #808080;\"><em>Aktywi\u015bci &#8220;pro-palesty\u0144scy&#8221; po prostu pokazuj\u0105, \u017ce wszystko, co maj\u0105 do zaoferowania, to nienawi\u015b\u0107 do \u017byd\u00f3w i Izraela. Prawdziwymi &#8220;pro-palesty\u0144skimi&#8221; obro\u0144cami s\u0105 ci, kt\u00f3rzy chc\u0105 dobrego \u017cycia dla Palesty\u0144czyk\u00f3w, a nie ci, kt\u00f3rzy zach\u0119caj\u0105 ich do akceptowania brutalnego i skorumpowanego Hamasu. Na zdj\u0119ciu: Demonstranci za Hamasem i przeciwko Izraelowi przed Uniwersytetem Columbia 24 kwietnia 2024 r. w Nowym Jorku. (Zdj\u0119cie: Michael M. Santiago\/Getty Images<\/em><\/span><\/p>\n<hr \/>\n<h5 style=\"text-align: center;\"><a href=\"https:\/\/pl.gatestoneinstitute.org\/2\" target=\"_blank\" rel=\"noopener noreferrer\"><img decoding=\"async\" class=\"center alignleft\" src=\"https:\/\/pl.gatestoneinstitute.org\/images\/gatestone-logo-1000.gif\" alt=\"\" width=\"50%\" \/><\/a><span style=\"text-decoration: underline; color: #000080;\"><span style=\"text-decoration: underline;\"><strong><a style=\"color: #000080; text-decoration: underline;\" href=\"https:\/\/pl.gatestoneinstitute.org\/21318\/pro-palestynscy-protestujacy\" target=\"_blank\" rel=\"noopener noreferrer\"><br \/>\nJak &#8220;pro-palesty\u0144scy&#8221; protestuj\u0105cy w rzeczywisto\u015bci szkodz\u0105 Palesty\u0144czykom<\/a><\/strong><\/span><\/span><\/h5>\n<p style=\"text-align: center;\"><span style=\"color: #000000;\"><strong>Khaled Abu Toameh<br \/>\n<\/strong><em><span style=\"color: #808080;\">T\u0142umaczenie: <\/span><\/em><strong>Ma\u0142gorzata Koraszewska<\/strong><\/span><\/p>\n<hr style=\"height: 15px; background: #d0e6fa; width: 100%;\" \/>\n<div class=\"article_body itemprop_articlebody\">\n<p style=\"text-align: left;\"><span style=\"color: #000080;\">Organizatorzy i przyw\u00f3dcy antyizraelskich protest\u00f3w w USA i Kanadzie, w tym na kampusach uniwersyteckich, w dalszym ci\u0105gu ignoruj\u0105 prawdziwe cierpienie Palesty\u0144czyk\u00f3w \u017cyj\u0105cych pod w\u0142adz\u0105 Autonomii Palesty\u0144skiej (AP) na Zachodnim Brzegu i wspieranej przez Iran islamistycznej grupy Hamas w Strefie Gazy.<\/span><\/p>\n<p style=\"text-align: left;\"><span style=\"color: #000080;\">Palesty\u0144czycy \u017cyj\u0105 pod rz\u0105dami dw\u00f3ch skorumpowanych dyktatur, kt\u00f3re stawiaj\u0105 interesy swoich przyw\u00f3dc\u00f3w ponad interesy ludno\u015bci.<\/span><\/p>\n<p style=\"text-align: left;\"><span style=\"color: #000080;\">Nigdy nie s\u0142yszymy g\u0142os\u00f3w tych protestuj\u0105cych, gdy Autonomia Palesty\u0144ska (AP) i Hamas \u0142ami\u0105 prawa cz\u0142owieka w\u0142asnych obywateli.<\/span><\/p>\n<p style=\"text-align: left;\"><span style=\"color: #000080;\">Masowe \u0142amanie praw cz\u0142owieka przez przyw\u00f3dc\u00f3w palesty\u0144skich wobec w\u0142asnego narodu w ci\u0105gu ostatnich 30 lat obejmuj\u0105 bezwzgl\u0119dne represje wobec dziennikarzy, przeciwnik\u00f3w politycznych, obro\u0144c\u00f3w praw cz\u0142owieka, prawnik\u00f3w i student\u00f3w.<\/span><\/p>\n<p style=\"text-align: left;\"><span style=\"color: #000080;\">Trudno twierdzi\u0107, \u017ce protestuj\u0105cy przeciwko Izraelowi nie s\u0105 \u015bwiadomi tych narusze\u0144 praw cz\u0142owieka. Zosta\u0142y one szeroko udokumentowane przez palesty\u0144skie i zagraniczne grupy obro\u0144c\u00f3w praw cz\u0142owieka.<\/span><\/p>\n<p style=\"text-align: left;\"><span style=\"color: #000080;\">Czy w &#8220;Palestynie&#8221; s\u0105 wolne media? Nie. Czy jest funkcjonuj\u0105cy parlament? Nie. Czy s\u0105 wybory powszechne? Nie. Czy protestowanie przeciwko \u0142amaniu praw cz\u0142owieka przez przyw\u00f3dc\u00f3w nie poci\u0105ga za sob\u0105 \u017cadnych konsekwencji?<\/span><\/p>\n<p style=\"text-align: left;\"><span style=\"color: #000080;\">Ostatnie wybory parlamentarne odby\u0142y si\u0119 w 2006 r., ostatnie wybory prezydenckie w 2005 r. Oznacza to, \u017ce prezydent Autonomii Palesty\u0144skiej Mahmud Abbas wkracza w 19. rok swojej czteroletniej kadencji.<\/span><\/p>\n<p style=\"text-align: left;\"><span style=\"color: #000080;\">Nawet kiedy palesty\u0144skie i mi\u0119dzynarodowe\u00a0<a style=\"color: #000080;\" href=\"https:\/\/www.hrw.org\/news\/2022\/06\/30\/palestine-impunity-arbitrary-arrests-torture\" target=\"_blank\" rel=\"noopener noreferrer\">organizacje<\/a>\u00a0broni\u0105ce praw cz\u0142owieka wyra\u017caj\u0105 zaniepokojenie naruszeniami praw cz\u0142owieka pope\u0142nianymi przez Autonomi\u0119 Palesty\u0144sk\u0105 i Hamas, nie widzimy ani nie s\u0142yszymy \u017cadnych protest\u00f3w na kampusach uniwersyteckich w USA, Kanadzie i Europie.<\/span><\/p>\n<p style=\"text-align: left;\"><span style=\"color: #000080;\">Tak zwani propalesty\u0144scy aktywi\u015bci i grupy na Zachodzie celowo przymykaj\u0105 oczy na trudn\u0105 sytuacj\u0119 Palesty\u0144czyk\u00f3w \u017cyj\u0105cych pod w\u0142adz\u0105 Autonomii Palesty\u0144skiej i Hamasu. Pow\u00f3d? Je\u015bli nie mo\u017cna obwini\u0107 Izraela o \u0142amanie praw cz\u0142owieka, &#8220;pro-palesty\u0144skich&#8221; protestuj\u0105cych najwyra\u017aniej to nie obchodzi. Je\u015bli chodzi o wi\u0119kszo\u015b\u0107 mi\u0119dzynarodowych medi\u00f3w, te nieustaj\u0105ce nadu\u017cycia wobec narodu palesty\u0144skiego nigdy nie mia\u0142y miejsca.<\/span><\/p>\n<p style=\"text-align: left;\"><span style=\"color: #000080;\">Zagraniczni dziennikarze relacjonuj\u0105cy konflikt izraelsko-palesty\u0144ski maj\u0105 tendencj\u0119 do odwracania wzroku, gdy Palesty\u0144czycy skar\u017c\u0105 si\u0119 na ucisk ze strony AP i Hamasu. Ci dziennikarze wydaj\u0105 si\u0119 by\u0107 zaj\u0119ci wy\u0142\u0105cznie poszukiwaniem historii, kt\u00f3re b\u0119d\u0105 rzuca\u0107 negatywne \u015bwiat\u0142o na Izrael. Interesuj\u0105 ich tylko historie, kt\u00f3re maj\u0105 antyizraelski charakter.<\/span><\/p>\n<p style=\"text-align: left;\"><span style=\"color: #000080;\">Trzeba zada\u0107 sobie pytanie, czy protestuj\u0105cy s\u0105 rzeczywi\u015bcie propalesty\u0144scy, czy te\u017c po prostu szukaj\u0105 &#8220;szanowanego&#8221;, politycznie poprawnego sposobu, aby da\u0107 upust swojej nienawi\u015bci do \u017byd\u00f3w?<\/span><\/p>\n<p style=\"text-align: left;\"><span style=\"color: #000080;\">Gdyby &#8220;pro-palesty\u0144scy&#8221; aktywi\u015bci w USA i Kanadzie zwr\u00f3cili uwag\u0119 na represyjne \u015brodki Hamasu wobec ich w\u0142asnej ludno\u015bci w Strefie Gazy, Palesty\u0144czycy byliby dzi\u015b w o wiele lepszej sytuacji. Mieliby prawdziwy system edukacji zamiast takiego, kt\u00f3ry indoktrynuje ich nienawi\u015bci\u0105. Nauczono by ich umiej\u0119tno\u015bci, kt\u00f3re umo\u017cliwi\u0142yby im znalezienie lukratywnej pracy. Mieliby odpowiedzialne rz\u0105dy, wolno\u015b\u0107 s\u0142owa i prasy oraz r\u00f3wno\u015b\u0107 wobec prawa \u2013 wolno\u015bci, z kt\u00f3rych protestuj\u0105cy swobodnie korzystaj\u0105, ale kt\u00f3re najwyra\u017aniej uwa\u017caj\u0105 za oczywiste.<\/span><\/p>\n<p style=\"text-align: left;\"><span style=\"color: #000080;\">Czy kiedykolwiek us\u0142yszeli\u015bmy s\u0142owo od tych aktywist\u00f3w, kiedy Hamas odbiera\u0142 swojej ludno\u015bci pomoc mi\u0119dzynarodow\u0105 i przeznacza\u0142 mi\u0119dzynarodowe fundusze na budow\u0119 rozleg\u0142ej sieci tuneli i produkcj\u0119 broni zamiast tworzenia &#8220;Dubaju nad Morzem \u015ar\u00f3dziemnym&#8221;? Ani razu.<\/span><\/p>\n<p style=\"text-align: left;\"><span style=\"color: #000080;\">Czy kiedykolwiek us\u0142yszeli\u015bmy s\u0142owo od tych zadufanych protestuj\u0105cych, gdy funkcjonariusze policji i milicjanci Hamasu bili, aresztowali i strzelali do mieszka\u0144c\u00f3w Strefy Gazy, kt\u00f3rzy wyszli na ulice, by zaprotestowa\u0107 przeciwko trudno\u015bciom ekonomicznym, lub gdy dziennikarzy\u00a0<a style=\"color: #000080;\" href=\"https:\/\/www.gatestoneinstitute.org\/18841\/palestinians-arrests-torture\" target=\"_blank\" rel=\"noopener noreferrer\">aresztowano, torturowano lub zabijano<\/a>\u00a0? Nigdy.<\/span><\/p>\n<p style=\"text-align: left;\"><span style=\"color: #000080;\">To samo dotyczy Palesty\u0144czyk\u00f3w na Zachodnim Brzegu [Judei i Samarii]. Rzadko, je\u015bli w og\u00f3le, s\u0142yszeli\u015bmy &#8220;pro-palesty\u0144skie&#8221; osoby i grupy na Zachodzie, kt\u00f3re wypowiada\u0142yby si\u0119 przeciwko korupcji finansowej i administracyjnej w instytucjach rz\u0105dz\u0105cych AP. Tamtejsi pro-palesty\u0144scy aktywi\u015bci wiedz\u0105 a\u017c za dobrze, co\u00a0<a style=\"color: #000080;\" href=\"https:\/\/www.amnesty.org\/en\/location\/middle-east-and-north-africa\/middle-east\/palestine-state-of\/report-palestine-state-of\/\" target=\"_blank\" rel=\"noopener noreferrer\">mog\u0142oby si\u0119 z nimi sta\u0107,<\/a>\u00a0gdyby to zrobili.<\/span><\/p>\n<p style=\"text-align: left;\"><span style=\"color: #000080;\">W ci\u0105gu ostatnich kilku tygodni funkcjonariusze s\u0142u\u017cb bezpiecze\u0144stwa Autonomii Palesty\u0144skiej zastrzelili sze\u015bciu Palesty\u0144czyk\u00f3w w obozie dla uchod\u017ac\u00f3w D\u017canin na p\u00f3\u0142nocnym Zachodnim Brzegu. Jedna z ofiar,\u00a0<a style=\"color: #000080;\" href=\"https:\/\/x.com\/AJEnglish\/status\/1873345880281190769\" target=\"_blank\" rel=\"noopener noreferrer\">dziennikarka<\/a>\u00a0Szatha al-Sabbagh, zosta\u0142a podobno postrzelona przez snajpera AP, gdy sta\u0142a przed swoim domem.<\/span><\/p>\n<p style=\"text-align: left;\"><span style=\"color: #000080;\">Pojawi\u0142o si\u0119 tak\u017ce wiele doniesie\u0144 o \u0142amaniu praw cz\u0142owieka przez Autonomi\u0119 Palesty\u0144sk\u0105, w tym o pobiciach, torturach i bezprawnych aresztowaniach (zobacz\u00a0<a style=\"color: #000080;\" href=\"https:\/\/www.amnesty.org\/en\/location\/middle-east-and-north-africa\/middle-east\/palestine-state-of\/report-palestine-state-of\/\" target=\"_blank\" rel=\"noopener noreferrer\">tutaj<\/a>,\u00a0<a style=\"color: #000080;\" href=\"https:\/\/www.hrw.org\/news\/2022\/06\/30\/palestine-impunity-arbitrary-arrests-torture\" target=\"_blank\" rel=\"noopener noreferrer\">tutaj<\/a>,\u00a0<a style=\"color: #000080;\" href=\"https:\/\/www.palestinechronicle.com\/the-west-banks-men-of-the-cia-why-is-the-pa-killing-palestinians-in-jenin\/\" target=\"_blank\" rel=\"noopener noreferrer\">tutaj<\/a>,\u00a0<a style=\"color: #000080;\" href=\"https:\/\/www.algemeiner.com\/2017\/03\/27\/why-dont-supporters-of-palestinians-care-about-pa-abuses\/\" target=\"_blank\" rel=\"noopener noreferrer\">tutaj<\/a>\u00a0i\u00a0<a style=\"color: #000080;\" href=\"https:\/\/www.timesofisrael.com\/human-rights-watch-warns-of-severe-hamas-abuse-of-palestinians\/\" target=\"_blank\" rel=\"noopener noreferrer\">tutaj<\/a>).<\/span><\/p>\n<p style=\"text-align: left;\"><span style=\"color: #000080;\">Nadal czekamy, czy &#8220;pro-palesty\u0144scy&#8221; aktywi\u015bci na zachodnich kampusach uniwersyteckich zorganizuj\u0105 protest przeciwko jakimkolwiek represjom ze strony AP. Nikt nie zorganizowa\u0142 takich protest\u00f3w, gdy funkcjonariusze s\u0142u\u017cb bezpiecze\u0144stwa AP pobili na \u015bmier\u0107 palesty\u0144skiego aktywist\u0119 praw cz\u0142owieka\u00a0<a style=\"color: #000080;\" href=\"https:\/\/www.theguardian.com\/world\/2021\/aug\/31\/nizar-banats-death-highlights-brutality-of-palestinian-authority\" target=\"_blank\" rel=\"noopener noreferrer\">Nizara Banata<\/a>\u00a0w 2021 r.<\/span><\/p>\n<p style=\"text-align: left;\"><span style=\"color: #000080;\">Prawdopodobnie nie jest realistyczne oczekiwanie, \u017ce &#8220;pro-palesty\u0144scy&#8221; protestuj\u0105cy wyst\u0105pi\u0105 przeciwko naruszeniom praw cz\u0142owieka przez AP i Hamas. W g\u0142\u0119bi duszy mo\u017cna podejrzewa\u0107, \u017ce ci profesorowie i studenci wcale nie przejmuj\u0105 si\u0119 Palesty\u0144czykami, a jedynie powoduje nimi nienawi\u015b\u0107 do \u017byd\u00f3w.<\/span><\/p>\n<p style=\"text-align: left;\"><span style=\"color: #000080;\">&#8220;Pro-palesty\u0144skie&#8221; jednostki i grupy mog\u0105 pr\u00f3bowa\u0107 dostrzec, \u017ce staj\u0105c po stronie Hamasu, szkodz\u0105, a nie pomagaj\u0105 tym ludziom \u2013 Palesty\u0144czykom \u2013 kt\u00f3rych rzekomo popieraj\u0105. Mog\u0105 r\u00f3wnie\u017c pr\u00f3bowa\u0107 dostrzec, \u017ce kieruj\u0105c swoj\u0105 nienawi\u015b\u0107 przeciwko Izraelowi, o\u015bmielaj\u0105 Hamas i radyka\u0142\u00f3w w\u015br\u00f3d Palesty\u0144czyk\u00f3w do nasilania nadu\u017cy\u0107.<\/span><\/p>\n<p style=\"text-align: left;\"><span style=\"color: #000080;\">Aktywi\u015bci &#8220;pro-palesty\u0144scy&#8221; po prostu pokazuj\u0105, \u017ce wszystko, co maj\u0105 do zaoferowania, to nienawi\u015b\u0107 do \u017byd\u00f3w i Izraela. Prawdziwymi &#8220;pro-palesty\u0144skimi&#8221; obro\u0144cami s\u0105 ci, kt\u00f3rzy chc\u0105 dobrego \u017cycia dla Palesty\u0144czyk\u00f3w, a nie ci, kt\u00f3rzy zach\u0119caj\u0105 ich do wspierania brutalnego i skorumpowanego Hamasu. Czy zach\u0119caliby nar\u00f3d ira\u0144ski do poddania si\u0119 ajatollahom, albo Ujgur\u00f3w do zaakceptowania Komunistycznej Partii Chin?<\/span><\/p>\n<p style=\"text-align: left;\"><span style=\"color: #000080;\">Zamiast siedzie\u0107 w wygodnym kampusie, gdzie nikt ich nie aresztuje, nie torturuje ani nie zabije za wypowiadanie si\u0119, ci aktywi\u015bci powinni nalega\u0107, aby Hamas uwolni\u0142\u00a0<a style=\"color: #000080;\" href=\"https:\/\/www.telegraph.co.uk\/world-news\/2024\/12\/29\/israeli-report-details-abuse-gaza-hostages\/\" target=\"_blank\" rel=\"noopener noreferrer\">100 izraelskich zak\u0142adnik\u00f3w,<\/a>\u00a0kt\u00f3rych przetrzymuje w Strefie Gazy od czasu okrucie\u0144stw z 7 pa\u017adziernika 2023 r. By\u0142by to najlepszy i najszybszy spos\u00f3b na zako\u0144czenie obecnej wojny w Strefie Gazy. Prawdziwy przekaz brzmi: je\u015bli nie chcesz, \u017ceby gin\u0119\u0142a twoja ludno\u015b\u0107, nie zaczynaj wojny.<\/span><\/p>\n<p style=\"text-align: left;\"><span style=\"color: #000080;\">Zamiast wzywa\u0107 do bojkotu i sankcji wobec Izraela, &#8220;pro-palesty\u0144scy&#8221; studenci mogliby zaprosi\u0107 Izraelczyk\u00f3w i Palesty\u0144czyk\u00f3w na swoje kampusy, aby budowa\u0107 mosty mi\u0119dzy dwoma narodami. Je\u015bli ci protestuj\u0105cy na Zachodzie naprawd\u0119 chc\u0105 pom\u00f3c Palesty\u0144czykom, zamiast oferowa\u0107 przes\u0142ania pe\u0142ne nienawi\u015bci, mogliby oferowa\u0107 dobre pensje i prac\u0119.<\/span><\/p>\n<p style=\"text-align: left;\"><span style=\"color: #000080;\">Niestety, &#8220;pro-palesty\u0144skie&#8221; protesty okaza\u0142y si\u0119 niczym wi\u0119cej ni\u017c ukryt\u0105 metod\u0105 szerzenia nienawi\u015bci, delegitymizacji Izraela i demonizowania \u017byd\u00f3w.<\/span><\/p>\n<\/div>\n<hr style=\"height: 15px; background: #d0e6fa; width: 100%;\" \/>\n<div id=\"content\" class=\"content-alignment\">\n<div id=\"watch-description\" class=\"yt-uix-button-panel\">\n<div id=\"watch-description-text\" style=\"text-align: center;\">\n<p><em>Zawarto\u015b\u0107 publikowanych artyku\u0142\u00f3w i materia\u0142\u00f3w nie reprezentuje pogl\u0105d\u00f3w ani opinii Reunion&#8217;68,<\/em><em><br \/>\nani te\u017c webmastera Blogu Reunion&#8217;68, chyba ze jest to wyra\u017anie zaznaczone.<br \/>\nTwoje uwagi, linki, w\u0142asne artyku\u0142y lub wiadomo\u015bci prze\u015blij na adres:<br \/>\n<\/em><span style=\"color: #000080;\"><strong><em><a style=\"color: #000080;\" href=\"mailto:webmaster@reunion68.com\"><span style=\"text-decoration: underline;\">webmaster@reunion68.com<\/span><\/a><\/em><\/strong><\/span><\/p>\n<\/div>\n<\/div>\n<\/div>\n<hr style=\"width: 100%;\" \/>\n","protected":false},"excerpt":{"rendered":"<p>Aktywi\u015bci &#8220;pro-palesty\u0144scy&#8221; po prostu pokazuj\u0105, \u017ce wszystko, co maj\u0105 do zaoferowania, to nienawi\u015b\u0107 do \u017byd\u00f3w i Izraela. Prawdziwymi &#8220;pro-palesty\u0144skimi&#8221; obro\u0144cami s\u0105 ci, kt\u00f3rzy chc\u0105 dobrego \u017cycia dla Palesty\u0144czyk\u00f3w, a nie ci, kt\u00f3rzy zach\u0119caj\u0105 ich do akceptowania brutalnego i skorumpowanego Hamasu. Na zdj\u0119ciu: Demonstranci za Hamasem i przeciwko Izraelowi przed Uniwersytetem Columbia 24 kwietnia 2024 r. [&hellip;]<\/p>\n","protected":false},"author":1,"featured_media":0,"comment_status":"closed","ping_status":"closed","sticky":false,"template":"","format":"standard","meta":[],"categories":[6],"tags":[26,24],"_links":{"self":[{"href":"https:\/\/www.reunion68.se\/index.php?rest_route=\/wp\/v2\/posts\/118602"}],"collection":[{"href":"https:\/\/www.reunion68.se\/index.php?rest_route=\/wp\/v2\/posts"}],"about":[{"href":"https:\/\/www.reunion68.se\/index.php?rest_route=\/wp\/v2\/types\/post"}],"author":[{"embeddable":true,"href":"https:\/\/www.reunion68.se\/index.php?rest_route=\/wp\/v2\/users\/1"}],"replies":[{"embeddable":true,"href":"https:\/\/www.reunion68.se\/index.php?rest_route=%2Fwp%2Fv2%2Fcomments&post=118602"}],"version-history":[{"count":4,"href":"https:\/\/www.reunion68.se\/index.php?rest_route=\/wp\/v2\/posts\/118602\/revisions"}],"predecessor-version":[{"id":118610,"href":"https:\/\/www.reunion68.se\/index.php?rest_route=\/wp\/v2\/posts\/118602\/revisions\/118610"}],"wp:attachment":[{"href":"https:\/\/www.reunion68.se\/index.php?rest_route=%2Fwp%2Fv2%2Fmedia&parent=118602"}],"wp:term":[{"taxonomy":"category","embeddable":true,"href":"https:\/\/www.reunion68.se\/index.php?rest_route=%2Fwp%2Fv2%2Fcategories&post=118602"},{"taxonomy":"post_tag","embeddable":true,"href":"https:\/\/www.reunion68.se\/index.php?rest_route=%2Fwp%2Fv2%2Ftags&post=118602"}],"curies":[{"name":"wp","href":"https:\/\/api.w.org\/{rel}","templated":true}]}}