{"id":11863,"date":"2015-01-02T19:08:25","date_gmt":"2015-01-02T17:08:25","guid":{"rendered":"http:\/\/www.reunion68.se\/?p=11863"},"modified":"2015-01-02T16:06:24","modified_gmt":"2015-01-02T14:06:24","slug":"11863","status":"publish","type":"post","link":"https:\/\/www.reunion68.se\/?p=11863","title":{"rendered":"Centrum Wiesenthala pot\u0119pia odprawienie mszy w rocznic\u0119 \u015bmierci Ante Pavelicia"},"content":{"rendered":"<h5 style=\"text-align: center;\"><a href=\"http:\/\/wiadomosci.wp.pl\/\" target=\"_blank\"><img decoding=\"async\" class=\"center alignleft\" src=\"http:\/\/www.reunion68.com\/Biuletyn\/img\/wp1.png\" alt=\"\" \/><\/a><span style=\"text-decoration: underline; color: #000080;\"><span style=\"text-decoration: underline;\"><strong><a style=\"color: #000080; text-decoration: underline;\" href=\"http:\/\/wiadomosci.wp.pl\/kat,1356,title,Centrum-Wiesenthala-potepia-odprawienie-mszy-w-rocznice-smierci-Ante-Pavelicia,wid,17140634,wiadomosc.html?ticaid=11416f#czytajdalej\" target=\"_blank\">Centrum Wiesenthala pot\u0119pia odprawienie mszy w rocznic\u0119 \u015bmierci Ante Pavelicia<\/a><\/strong><\/span><\/span><\/h5>\n<p style=\"text-align: center;\"><span style=\"color: #333333;\"><strong>PAP<\/strong><\/span><\/p>\n<hr style=\"height: 15px; background: #d0e6fa; width: 710px;\" \/>\n<div style=\"width: 360px\" class=\"wp-caption alignright\"><img decoding=\"async\" class=\"fot\" src=\"http:\/\/i.wp.pl\/a\/f\/jpeg\/34281\/pavelic_afp_600.jpeg\" alt=\"Ante Paveli\u0107\" width=\"350\" \/><p class=\"wp-caption-text\"><span style=\"color: #000080;\"><em>Ante Paveli\u0107 <\/em><\/span><\/p><\/div>\n<p style=\"text-align: left;\"><span style=\"color: #333333;\"><strong>Centrum Szymona Wiesenthala, kt\u00f3re zajmuje si\u0119 \u015bciganiem zbrodniarzy nazistowskich, pot\u0119pi\u0142o odprawienie w Zagrzebiu mszy w 55. rocznic\u0119 \u015bmierci przyw\u00f3dcy ruchu ustaszy, chorwackiego kolaboranta z czas\u00f3w II wojny \u015bwiatowej Ante Pavelicia.<\/strong><\/span><\/p>\n<p style=\"text-align: left;\"><span style=\"color: #000080;\">Msza by\u0142a celebrowana w niedziel\u0119 w bazylice w centrum Zagrzebia. &#8211; Trudno uwierzy\u0107, \u017ce setki ludzi zebra\u0142y si\u0119 wczoraj w centrum stolicy kraju cz\u0142onkowskiego Unii Europejskiej, w pobli\u017cu spo\u0142eczno\u015bci \u017cydowskiej Zagrzebia, \u017ceby uczci\u0107 pami\u0119\u0107 jednego z najgorszych sprawc\u00f3w masowych mord\u00f3w w Europie &#8211; o\u015bwiadczy\u0142 szef Centrum Efraim Zuroff.<\/span><\/p>\n<p style=\"text-align: left;\"><span style=\"color: #000080;\">Zuroff okre\u015bli\u0142 odprawienie mszy jako &#8220;ha\u0144b\u0119 dla Ko\u015bcio\u0142a katolickiego&#8221; i &#8220;obraz\u0119 dla pami\u0119ci setek tysi\u0119cy niewinnych ofiar&#8221; wsp\u00f3\u0142pracuj\u0105cego z nazistami re\u017cimu Pavelicia, odpowiedzialnego za \u015bmier\u0107 tysi\u0119cy Serb\u00f3w, \u017byd\u00f3w, Rom\u00f3w i chorwackich antyfaszyst\u00f3w w obozach koncentracyjnych.<\/span><\/p>\n<p style=\"text-align: left;\"><span style=\"color: #000080;\">Msze w rocznic\u0119 \u015bmierci Pavelicia, kt\u00f3ry d\u0105\u017cy\u0142 do budowy etnicznie czystej Chorwacji, by\u0142y w minionych latach regularnie odprawiane w Zagrzebiu i w Splicie, na wybrze\u017cu Adriatyku.<\/span><\/p>\n<p style=\"text-align: left;\"><span style=\"color: #000080;\">Paveli\u0107 ustanowi\u0142 w 1941 roku przy pomocy Adolfa Hitlera marionetkowe Niepodleg\u0142e Pa\u0144stwo Chorwackie, na kt\u00f3rego czele sta\u0142 do 1945 roku; zosta\u0142o ono uznane tylko przez niemieckich nazist\u00f3w i w\u0142oskich faszyst\u00f3w. Paveli\u0107 po wojnie uciek\u0142 do Argentyny, a zagro\u017cony ekstradycj\u0105 przeni\u00f3s\u0142 si\u0119 do Madrytu, gdzie zmar\u0142 29 grudnia 1959 roku.<\/span><\/p>\n<p style=\"text-align: right;\"><span style=\"color: #000080;\">(jpo)<\/span><\/p>\n<hr style=\"height: 15px; background: #d0e6fa; width: 710px;\" \/>\n<div id=\"content\" class=\"  content-alignment&lt;br \/&gt;&lt;br \/&gt; \">\n<div id=\"watch-description\" class=\"yt-uix-button-panel\">\n<div id=\"watch-description-text\">\n<p style=\"text-align: center;\"><span style=\"color: #808080;\"> twoje uwagi, linki, wlasne artykuly, lub wiadomosci przeslij do: <strong><span style=\"text-decoration: underline;\"><span style=\"color: #808080; text-decoration: underline;\"><a href=\"mailto:webmaster@reunion68.com\">webmaster@reunion68.com<\/a><\/span><\/span><\/strong><\/span><\/p>\n<\/div>\n<\/div>\n<\/div>\n<p>&nbsp;<\/p>\n<hr style=\"width: 710px;\" \/>\n","protected":false},"excerpt":{"rendered":"<p>Centrum Wiesenthala pot\u0119pia odprawienie mszy w rocznic\u0119 \u015bmierci Ante Pavelicia PAP Centrum Szymona Wiesenthala, kt\u00f3re zajmuje si\u0119 \u015bciganiem zbrodniarzy nazistowskich, pot\u0119pi\u0142o odprawienie w Zagrzebiu mszy w 55. rocznic\u0119 \u015bmierci przyw\u00f3dcy ruchu ustaszy, chorwackiego kolaboranta z czas\u00f3w II wojny \u015bwiatowej Ante Pavelicia. Msza by\u0142a celebrowana w niedziel\u0119 w bazylice w centrum Zagrzebia. &#8211; Trudno uwierzy\u0107, \u017ce [&hellip;]<\/p>\n","protected":false},"author":1,"featured_media":0,"comment_status":"closed","ping_status":"closed","sticky":false,"template":"","format":"standard","meta":[],"categories":[6],"tags":[24],"_links":{"self":[{"href":"https:\/\/www.reunion68.se\/index.php?rest_route=\/wp\/v2\/posts\/11863"}],"collection":[{"href":"https:\/\/www.reunion68.se\/index.php?rest_route=\/wp\/v2\/posts"}],"about":[{"href":"https:\/\/www.reunion68.se\/index.php?rest_route=\/wp\/v2\/types\/post"}],"author":[{"embeddable":true,"href":"https:\/\/www.reunion68.se\/index.php?rest_route=\/wp\/v2\/users\/1"}],"replies":[{"embeddable":true,"href":"https:\/\/www.reunion68.se\/index.php?rest_route=%2Fwp%2Fv2%2Fcomments&post=11863"}],"version-history":[{"count":14,"href":"https:\/\/www.reunion68.se\/index.php?rest_route=\/wp\/v2\/posts\/11863\/revisions"}],"predecessor-version":[{"id":11877,"href":"https:\/\/www.reunion68.se\/index.php?rest_route=\/wp\/v2\/posts\/11863\/revisions\/11877"}],"wp:attachment":[{"href":"https:\/\/www.reunion68.se\/index.php?rest_route=%2Fwp%2Fv2%2Fmedia&parent=11863"}],"wp:term":[{"taxonomy":"category","embeddable":true,"href":"https:\/\/www.reunion68.se\/index.php?rest_route=%2Fwp%2Fv2%2Fcategories&post=11863"},{"taxonomy":"post_tag","embeddable":true,"href":"https:\/\/www.reunion68.se\/index.php?rest_route=%2Fwp%2Fv2%2Ftags&post=11863"}],"curies":[{"name":"wp","href":"https:\/\/api.w.org\/{rel}","templated":true}]}}