{"id":118919,"date":"2025-02-04T17:00:14","date_gmt":"2025-02-04T15:00:14","guid":{"rendered":"http:\/\/www.reunion68.se\/?p=118919"},"modified":"2025-02-03T11:30:28","modified_gmt":"2025-02-03T09:30:28","slug":"04-00-97","status":"publish","type":"post","link":"https:\/\/www.reunion68.se\/?p=118919","title":{"rendered":"Shoah Museum in Rome Acquires, Exhibits Mural of Holocaust Survivors Repeatedly Defaced in Milan"},"content":{"rendered":"<h5 style=\"text-align: center;\"><a href=\"https:\/\/www.algemeiner.com\/\" target=\"_blank\" rel=\"noopener noreferrer\"><img decoding=\"async\" class=\"center alignleft\" src=\"http:\/\/www.reunion68.com\/Biuletyn\/img\/algem.png\" alt=\"\" width=\"35%\" \/><\/a><span style=\"text-decoration: underline; color: #000080;\"><span><strong><a style=\"color: #000080; text-decoration: underline;\" href=\"https:\/\/www.algemeiner.com\/2025\/01\/30\/shoah-museum-rome-acquires-exhibits-mural-holocaust-survivors-repeatedly-defaced-milan\/\" target=\"_blank\" rel=\"noopener noreferrer\">Shoah Museum in Rome Acquires, Exhibits Mural of Holocaust Survivors Repeatedly Defaced in Milan<\/a><\/strong><\/span><\/span><\/h5>\n<p style=\"text-align: center;\"><span style=\"color: #000000;\"><strong>Shiryn Ghermezian<\/strong><\/span><\/p>\n<hr style=\"height: 15px; background: #d0e6fa; width: 100%;\" \/>\n<p style=\"text-align: center;\"><img decoding=\"async\" class=\"aligncenter\" src=\"https:\/\/www.algemeiner.com\/wp-content\/uploads\/2025\/01\/Rome-Major-Roberto-Gualtieri-Mario-Venenzia-President-Mueum-Shoah-Mural-2.jpg\" width=\"100%\" \/><span style=\"color: #808080;\"><em>Mayor of Rome Roberto Gualtieri and Mario Venezia, president of the Shoah Museum Foundation, unveiling the mural in Rome on Jan. 27, 2025. Photo: Provided<\/em><\/span><\/p>\n<div id=\"post_content\">\n<p style=\"text-align: left;\"><span style=\"color: #000080;\">The Shoah Museum in Rome exhibited on Monday a mural depicting two of the last living Italian Holocaust survivors, newly acquired by the museum after the\u00a0<a style=\"color: #000080;\" href=\"https:\/\/www.algemeiner.com\/2024\/11\/13\/mural-italian-holocaust-survivors-defaced-milan\/\" target=\"_blank\" rel=\"noopener noreferrer\">artwork was defaced three times<\/a>\u00a0and then completely painted over in the streets of Milan by antisemitic vandals.<\/span><\/p>\n<p style=\"text-align: left;\"><span style=\"color: #000080;\">The street artwork, painted by renowned Italian contemporary pop artist aleXsandro Palombo, portrays two real-life survivors of the Auschwitz concentration camp \u2014\u00a0<a style=\"color: #000080;\" href=\"https:\/\/www.algemeiner.com\/2024\/01\/09\/italian-jewish-holocaust-survivor-senator-speaks-deep-melancholy-following-hamas-pogrom-israel\/\" target=\"_blank\" rel=\"noopener noreferrer\">Italian Senate member for life Liliana Segre<\/a>\u00a0and Italian author Sami Modiano. In the mural, the two Auschwitz survivors are wearing concentration camp uniforms underneath bulletproof vests that feature a Star of David with the word \u201cJude\u201d in the center.<\/span><\/p>\n<p style=\"text-align: left;\"><span style=\"color: #000080;\">The mural, titled \u201cAnti-Semitism, History Repeating,\u201d was on view in Milan\u2019s Piazzale Loreto and was unveiled in September 2024. In October, the Stars of David were partially vandalized. In November, the yellow Stars of David and the faces of the Holocaust survivors were scraped off of the mural. A month later,\u00a0<a style=\"color: #000080;\" href=\"https:\/\/www.algemeiner.com\/2024\/12\/23\/mural-holocaust-survivors-italy-completely-painted-over-antisemitic-vandalism\/\" target=\"_blank\" rel=\"noopener noreferrer\">vandals painted over the entire mural<\/a>\u00a0with white paint, erasing it completely.<\/span><\/p>\n<p style=\"text-align: left;\"><span style=\"color: #000080;\">The mural has since been reproduced by Palombo and the Shoah Museum has now placed it in the Jewish ghetto of Rome, in front of the ancient structure the Portico d\u2019Ottavia and under the plaque commemorating the roundup of Jews from the Roman Ghetto on Oct. 16, 1943.<\/span><\/p>\n<p style=\"text-align: left;\"><span style=\"color: #000080;\">\u201cArt is the highest expression of freedom, and repeatedly attacking a work that portrays two survivors of Auschwitz highlights how the very value of democracy and all our freedoms is in danger,\u201d said Palombo. He added in part that the \u201cgesture of courage and resistance\u201d displayed by the Shoah Museum in Rome and the Italian Jewish community \u201cis a great and precious lesson in civilization for all of us\u201d in combating antisemitic violence, hatred, and \u201cthese new forms of social and cultural terrorism.\u201d<\/span><\/p>\n<p style=\"text-align: left;\"><span style=\"color: #000080;\">Now part of the museum\u2019s permanent collection, the mural was unveiled outside the Portico d\u2019Ottavia on Holocaust Remembrance Day, which this year marked the 80th anniversary of the liberation of the Auschwitz concentration camp. The mural will be on view outdoors in front of the Portico d\u2019Ottavia until Feb. 2 and will then be permanently placed in the museum\u2019s building, Casina dei Vallati.<\/span><\/p>\n<p style=\"text-align: left;\"><span style=\"color: #000080;\">\u201cHaving this beautiful mural here in Rome, on the eve of the [Holocaust] Day of Remembrance and on the 80th anniversary of the liberation of Auschwitz, is a very important signal,\u201d said the Mayor of Rome Roberto Gualtieri. \u201cIt is the beginning of a new story, a tribute to these great witnesses, an act of justice and a dutiful commitment against antisemitism.\u201d<\/span><\/p>\n<p style=\"text-align: left;\"><span style=\"color: #000080;\">\u201cWhen we learned about the vandalism of the mural in Milan, we were overwhelmed with indignation,\u201d added Mario Venezia, president of the Shoah Museum in the Italian capital. \u201cA despicable and senseless gesture that not only strikes at art but attempts to wound the very heart of memory. However, we have chosen not to surrender to this symbolic violence. We transformed our anger into an act of beauty and resistance by contacting the artist, who was able to reinvent the work and create a new version in Rome.\u201d<\/span><\/p>\n<p style=\"text-align: left;\"><span style=\"color: #000080;\">Venezia added, \u201cThis mural is our response: a wound that heals, a symbol that comes back to life stronger than before, because Memory cannot be defaced.\u201d<\/span><\/p>\n<p style=\"text-align: left;\"><span style=\"color: #000080;\">Venezia, along with the mayor of Rome and a group of children from Roman schools, visited the site of the former Auschwitz concentration camp in Poland this week to commemorate Holocaust Remembrance Day.<\/span><\/p>\n<p style=\"text-align: left;\"><span style=\"color: #000080;\">Segre attended the unveiling of the mural in Rome on Monday and was accompanied by Israeli Ambassador to Rome Jonathan Peled, Chief Rabbi Riccardo Di Segni, Vice President of the Jewish Community of Rome Antonella Di Castro, and Noemi Di Segni, who is president of Ucei, the union of Italian Jewish communities.<\/span><\/p>\n<\/div>\n<hr style=\"height: 15px; background: #d0e6fa; width: 100%;\" \/>\n<div id=\"content\" class=\"content-alignment\">\n<div id=\"watch-description\" class=\"yt-uix-button-panel\">\n<div id=\"watch-description-text\" style=\"text-align: center;\">\n<p><em>Zawarto\u015b\u0107 publikowanych artyku\u0142\u00f3w i materia\u0142\u00f3w nie reprezentuje pogl\u0105d\u00f3w ani opinii Reunion&#8217;68,<\/em><em><br \/>\nani te\u017c webmastera Blogu Reunion&#8217;68, chyba ze jest to wyra\u017anie zaznaczone.<br \/>\nTwoje uwagi, linki, w\u0142asne artyku\u0142y lub wiadomo\u015bci prze\u015blij na adres:<br \/>\n<\/em><span style=\"color: #000080;\"><strong><em><a style=\"color: #000080;\" href=\"mailto:webmaster@reunion68.com\"><span style=\"text-decoration: underline;\">webmaster@reunion68.com<\/span><\/a><\/em><\/strong><\/span><\/p>\n<\/div>\n<\/div>\n<\/div>\n<hr style=\"width: 100%;\" \/>\n","protected":false},"excerpt":{"rendered":"<p>Shoah Museum in Rome Acquires, Exhibits Mural of Holocaust Survivors Repeatedly Defaced in Milan Shiryn Ghermezian Mayor of Rome Roberto Gualtieri and Mario Venezia, president of the Shoah Museum Foundation, unveiling the mural in Rome on Jan. 27, 2025. Photo: Provided The Shoah Museum in Rome exhibited on Monday a mural depicting two of the [&hellip;]<\/p>\n","protected":false},"author":1,"featured_media":0,"comment_status":"closed","ping_status":"closed","sticky":false,"template":"","format":"standard","meta":[],"categories":[6],"tags":[26,24],"_links":{"self":[{"href":"https:\/\/www.reunion68.se\/index.php?rest_route=\/wp\/v2\/posts\/118919"}],"collection":[{"href":"https:\/\/www.reunion68.se\/index.php?rest_route=\/wp\/v2\/posts"}],"about":[{"href":"https:\/\/www.reunion68.se\/index.php?rest_route=\/wp\/v2\/types\/post"}],"author":[{"embeddable":true,"href":"https:\/\/www.reunion68.se\/index.php?rest_route=\/wp\/v2\/users\/1"}],"replies":[{"embeddable":true,"href":"https:\/\/www.reunion68.se\/index.php?rest_route=%2Fwp%2Fv2%2Fcomments&post=118919"}],"version-history":[{"count":4,"href":"https:\/\/www.reunion68.se\/index.php?rest_route=\/wp\/v2\/posts\/118919\/revisions"}],"predecessor-version":[{"id":119031,"href":"https:\/\/www.reunion68.se\/index.php?rest_route=\/wp\/v2\/posts\/118919\/revisions\/119031"}],"wp:attachment":[{"href":"https:\/\/www.reunion68.se\/index.php?rest_route=%2Fwp%2Fv2%2Fmedia&parent=118919"}],"wp:term":[{"taxonomy":"category","embeddable":true,"href":"https:\/\/www.reunion68.se\/index.php?rest_route=%2Fwp%2Fv2%2Fcategories&post=118919"},{"taxonomy":"post_tag","embeddable":true,"href":"https:\/\/www.reunion68.se\/index.php?rest_route=%2Fwp%2Fv2%2Ftags&post=118919"}],"curies":[{"name":"wp","href":"https:\/\/api.w.org\/{rel}","templated":true}]}}