{"id":118933,"date":"2025-02-15T17:09:35","date_gmt":"2025-02-15T15:09:35","guid":{"rendered":"http:\/\/www.reunion68.se\/?p=118933"},"modified":"2025-02-13T12:17:26","modified_gmt":"2025-02-13T10:17:26","slug":"wyklad-ktorego-nie-bylo","status":"publish","type":"post","link":"https:\/\/www.reunion68.se\/?p=118933","title":{"rendered":"Wyk\u0142ad, kt\u00f3rego nie by\u0142o"},"content":{"rendered":"<p><img decoding=\"async\" class=\"aligncenter\" src=\"https:\/\/www.listyznaszegosadu.pl\/upload\/article\/bild\/5345\/1078261\/slajd_1_s.jpg\"><\/p>\n<hr>\n<h5 style=\"text-align: center;\"><a href=\"https:\/\/www.listyznaszegosadu.pl\/\" target=\"_blank\" rel=\"noopener noreferrer\"><img decoding=\"async\" class=\"center alignleft\" src=\"http:\/\/www.reunion68.com\/Biuletyn\/img\/z-naszego.jpg\" alt=\"\" width=\"50%\"><\/a><span style=\"text-decoration: underline; color: #000080;\"><strong><a style=\"color: #000080; text-decoration: underline;\" href=\"https:\/\/www.listyznaszegosadu.pl\/notatki\/wyklad-ktalrego-nie-byloa\" target=\"_blank\" rel=\"noopener noreferrer\">Wyk\u0142ad, kt\u00f3rego nie by\u0142o <\/a><\/strong><\/span><\/h5>\n<p style=\"text-align: center;\"><span style=\"color: #000000;\"><strong>Andrzej Koraszewski<\/strong><\/span><\/p>\n<hr style=\"height: 15px; background: #d0e6fa; width: 100%;\">\n<div class=\"templateArticleIngress\">\n<p style=\"text-align: left;\"><span style=\"color: #000080;\">Zaprzyja\u017aniony filozof mia\u0142 zawsze wy\u0142\u0105czony telefon. Automat odpowiada\u0142: \u201eMy\u015bl\u0119, wi\u0119c mnie nie ma\u201d. Dzwoni\u0142em i m\u00f3wi\u0142em do automatu: \u201ePrzesta\u0144 my\u015ble\u0107 i zadzwo\u0144, bo mam interes\u201d. Odpowiada\u0142 po chwili i \u017cyd\u0142acz\u0105c pyta\u0142: \u201eJaki ty&nbsp; mo\u017cesz mie\u0107 interes?\u201d Ani on nie by\u0142 \u017bydem, ani ja, ale obaj uwielbiali\u015bmy \u017cyczliwe \u017cydowskie dowcipy. Jego ju\u017c ca\u0142kiem nie ma, ja jeszcze jestem.<\/span><\/p>\n<p style=\"text-align: left;\">\n<span style=\"color: #000080;\">Zastanawiacie si\u0119 Pa\u0144stwo, kto to jest ten facet, kt\u00f3rego tu nie ma?<\/span><\/p>\n<\/div>\n<p style=\"text-align: left;\">\n<div class=\"templateArticleBrodtext\">\n<p style=\"text-align: left;\"><span style=\"color: #000080;\">Zaraz o tym opowiem, tylko wyja\u015bni\u0119 dlaczego mnie nie ma.<\/span><\/p>\n<p style=\"text-align: left;\">\n<span style=\"color: #000080;\">Rocznik 1940, jestem na wp\u00f3\u0142 g\u0142uchy, z jedn\u0105 strun\u0105 g\u0142osow\u0105, wi\u0119c skrzecz\u0119 jak g\u0142o\u015bnik na starej stacji kolejowej, a z powodu kilku zawa\u0142\u00f3w wysi\u0142ek m\u00f3wienia powoduje, \u017ce s\u0142uchacze zastanawiaj\u0105 si\u0119, czy ju\u017c wzywa\u0107 pogotowie, czy pr\u00f3bowa\u0107 zrozumie\u0107, co ten facet be\u0142kocze. Jestem m\u0142ody, silny i zdrowy wy\u0142\u0105cznie na siedz\u0105co i w g\u0142\u0119bokiej ciszy. Dzi\u0119kuj\u0119 zatem za wyrozumia\u0142o\u015b\u0107 &nbsp;i jedziemy dalej tak, jakbym tu by\u0142 w pe\u0142nej sprawno\u015bci. &nbsp; &nbsp;<\/span><\/p>\n<p style=\"text-align: left;\">\n<p style=\"text-align: left;\"><span style=\"color: #000080;\">Je\u015bli Pa\u0144stwo zastanawiaj\u0105 si\u0119 kim jestem, to musz\u0119 wam zdradzi\u0107 tajemnic\u0119. Ja si\u0119 nad tym pytaniem zastanawiam od ponad siedemdziesi\u0119ciu lat. Kiedy cz\u0142owiek ma na\u015bcie lat zastanawia si\u0119 nad tym pytaniem intensywniej, ale dla wielu z nas jest to pytanie na ca\u0142e \u017cycie. Zastanawiamy si\u0119 jak znale\u017a\u0107 w\u0142a\u015bciw\u0105 stron\u0119 historii, jak by\u0107 lubianym, jak by\u0107 dobrym cz\u0142owiekiem. Codziennie odbieramy informacje o nowych wydarzeniach i pr\u00f3bujemy ustali\u0107, co jest prawd\u0105, co fa\u0142szem, a co p\u00f3\u0142prawd\u0105, a przede wszystkim, co wa\u017cne, a co drugorz\u0119dne.<\/span><\/p>\n<p style=\"text-align: left;\">\n<p style=\"text-align: left;\"><span style=\"color: #000080;\">Przy tych codziennych rozwa\u017caniach ca\u0142y czas w tle jest pytanie podstawowe \u2013 kto to jest ten cz\u0142owiek, kt\u00f3rego widz\u0119 w lustrze?&nbsp;&nbsp;&nbsp;&nbsp;&nbsp;&nbsp;<\/span><\/p>\n<p style=\"text-align: left;\">\n<p style=\"text-align: left;\"><span style=\"color: #000080;\">Do poci\u0105gu \u017cycia wsiadamy na r\u00f3\u017cnych stacjach, do r\u00f3\u017cnych wagon\u00f3w i dostajemy miejsce przy r\u00f3\u017cnych oknach, czasem po lewej, czasem po prawej stronie wagonu, czasem bli\u017cej \u015brodka, z ograniczonym widokiem na obydwie strony.<\/span><\/p>\n<p style=\"text-align: left;\">\n<p style=\"text-align: left;\"><span style=\"color: #000080;\">Ogl\u0105d mijanej rzeczywisto\u015bci jest zawsze ograniczony, przez tras\u0119 poci\u0105gu, ruch, ramy okna. Wiemy, \u017ce \u015bwiat oszukuje, ale chcemy wierzy\u0107, \u017ce jeste\u015bmy sprytniejsi, a mo\u017ce nawet m\u0105drzejsi ni\u017c inni i \u017ce MY nie dali\u015bmy si\u0119 oszuka\u0107, a ONI dali si\u0119 wpu\u015bci\u0107 w maliny. &nbsp;<\/span><\/p>\n<p style=\"text-align: left;\">\n<p style=\"text-align: left;\"><span style=\"color: #000080;\">To przekonanie jest zdradliwe, a nasz umys\u0142 jest podst\u0119pny, potrzebujemy pewno\u015bci, wi\u0119c nasz m\u00f3zg uprzejmie zapewnia nam wi\u0119ksz\u0105 koncentracj\u0119 uwagi na tym, co potwierdza nasze przekonania.&nbsp;&nbsp;&nbsp; &nbsp;&nbsp;<\/span><\/p>\n<p style=\"text-align: left;\">\n<p style=\"text-align: left;\"><span style=\"color: #000080;\">Czas i miejsce narodzin jest bardzo wa\u017cny, urodzi\u0142em si\u0119 w si\u00f3dmym miesi\u0105cu wojny (ale po dziewi\u0119ciu miesi\u0105cach ci\u0105\u017cy), a to znaczy, \u017ce w\u015br\u00f3d najstarszych zapami\u0119tanych obraz\u00f3w jest huk armat i ludzkie zw\u0142oki le\u017c\u0105ce na ulicy. Syn przedwojennego oficera i oficera Armii Krajowej. Wi\u0119c po wojnie wbity w pami\u0119\u0107 obraz matki stoj\u0105cej przy oknie i czekaj\u0105cej, czy ojciec wr\u00f3ci z pracy, czy zniknie jak tylu innych. Sprawa \u017cydowska wisz\u0105ca w powietrzu. \u201eZdejm czapk\u0119 w domu, nie jeste\u015b \u017bydem\u201d. To akurat zapami\u0119ta\u0142em, ze wzgl\u0119du na gniew ojca na babk\u0119, wyra\u017cony zaledwie jednym s\u0142owem: Mamo! Dopiero p\u00f3\u017aniej zacz\u0105\u0142em dostrzega\u0107 i rozumie\u0107 wi\u0119cej. Twierdzenie, \u017ce szkoda, \u017ce Hitler nie doko\u0144czy\u0142 roboty, nie by\u0142o powszechne, ale nie mo\u017cna by\u0142o nie zauwa\u017cy\u0107 tych, kt\u00f3rzy tak s\u0105dzili. Ci ludzie uzasadniali sw\u00f3j antysemityzm r\u00f3\u017cnie, najcz\u0119\u015bciej tym, \u017ce \u017bydzi to komuni\u015bci, \u017ce pomagaj\u0105 Ruskom, \u017ce s\u0105 \u017ali. Sk\u0105d wiedzia\u0142em, \u017ce to nie tak? Nie wiem, pami\u0119tam mrukni\u0119cie matki, \u017ce \u017bydzi s\u0105 r\u00f3\u017cni, ale nie by\u0142o \u017cadnych powa\u017cnych rozm\u00f3w na ten temat, dopiero dziesi\u0105tki lat p\u00f3\u017aniej dowiedzia\u0142em si\u0119, \u017ce brat matki broni\u0142 przed wojn\u0105 \u017cydowskich koleg\u00f3w na uczelni.<\/span><\/p>\n<p style=\"text-align: left;\">\n<p style=\"text-align: left;\"><span style=\"color: #000080;\">Gdzie jest w\u0142a\u015bciwa strona historii? Wielu zastanawia si\u0119 nad pytaniem, co by wybrali, gdyby urodzili si\u0119 sto, dwie\u015bcie, czy pi\u0119\u0107set lat temu. Wyb\u00f3r \u0142atwiejszy, bo wiemy co by\u0142o dalej. Ale taka zabawa jest bez sensu, pr\u00f3bujemy znale\u017a\u0107 odpowied\u017a na pytanie, gdzie jest w\u0142a\u015bciwa strona historii maj\u0105c ma\u0142o danych, w oparciu o emocje i zdradliwe poczucie pewno\u015bci siebie, nie maj\u0105c poj\u0119cia, co kryje jutro.<\/span><\/p>\n<p style=\"text-align: left;\">\n<p style=\"text-align: left;\"><span style=\"color: #000080;\">Sk\u0105d ten wyk\u0142ad, z kim rozmawiam, komu i na co pr\u00f3buj\u0119 odpowiedzie\u0107? Wirtualny znajomy napisa\u0142 list:&nbsp;<\/span><\/p>\n<blockquote><p><strong>\u201ePanie Andrzeju, chcia\u0142em pokaza\u0107 dwie reakcje na Pana artyku\u0142 o antysemityzmie\u201d.<\/strong><\/p><\/blockquote>\n<p style=\"text-align: left;\"><span style=\"color: #000080;\">Okaza\u0142o si\u0119, \u017ce to nie by\u0142 m\u00f3j artyku\u0142, a opublikowany na mojej stronie artyku\u0142 ameryka\u0144skiego autora Roberta Williamsa pod tytu\u0142em: \u2018Organizacje pozarz\u0105dowe nap\u0119dzaj\u0105ce antysemityzm w Europie i na \u015bwiecie\u2019\u201e.<\/span><\/p>\n<p style=\"text-align: left;\">\n<p style=\"text-align: left;\"><span style=\"color: #000080;\">Autorzy reakcji na artyku\u0142 Williamsa nie nawi\u0105zuj\u0105 do tre\u015bci artyku\u0142u, kt\u00f3ry opowiada o nies\u0142ychanie aktywnej antysemickiej palesty\u0144skiej grupie Samidoun, silnie obecnej w Europie i Ameryce, protestuj\u0105 generalnie przeciw nazywaniu gniewu na Izrael antysemityzmem.<\/span><\/p>\n<p style=\"text-align: left;\">\n<span style=\"color: #000080;\">K. napisa\u0142, \u017ce ludzie wsp\u00f3\u0142czuj\u0105 jak umieraj\u0105 \u017bydzi i gniewaj\u0105 si\u0119 kiedy \u017bydzi si\u0119 broni\u0105, napisa\u0142 to inaczej, m\u00f3g\u0142 nie wiedzie\u0107 co napisa\u0142.&nbsp;<\/span><\/p>\n<\/div>\n<p><a name=\"block2\"><\/a><\/p>\n<div class=\"webnewsArticleImageContainer \">\n<div>\n<div class=\"webnewsArticleImage\"><img decoding=\"async\" loading=\"lazy\" class=\"aligncenter\" src=\"https:\/\/www.listyznaszegosadu.pl\/upload\/article\/bild\/4161\/1078265\/slajd_2_s.jpg\" alt=\"\" width=\"300\" height=\"239\" border=\"0\"><\/div>\n<\/div>\n<\/div>\n<div class=\"templateArticleBrodtext\">Odpowiedzia\u0142 mu A, \u017ce antysemityzm to nie antysemityzm:<\/div>\n<p><a name=\"block3\"><\/a><\/p>\n<div class=\"webnewsArticleImageContainer \">\n<div>\n<div class=\"webnewsArticleImage\"><img decoding=\"async\" loading=\"lazy\" class=\"aligncenter\" src=\"https:\/\/www.listyznaszegosadu.pl\/upload\/article\/bild\/3530\/1078799\/slajd2b_s.jpg\" alt=\"\" width=\"300\" height=\"238\" border=\"0\"><\/div>\n<\/div>\n<\/div>\n<div class=\"templateArticleBrodtext\">\n<p style=\"text-align: left;\"><span style=\"color: #000080;\">Dyskusja pod tym artyku\u0142em by\u0142a znacznie d\u0142u\u017csza chocia\u017c nadal nie wspominano o jego tre\u015bci. Zatrzyma\u0142o mnie na d\u0142u\u017cej jedno zdanie: \u201eilo\u015b\u0107 informacji z kompetentnych \u017ar\u00f3de\u0142 jest wystarczaj\u0105ca, \u017ceby wyrobi\u0107 sobie opini\u0119 zar\u00f3wno o zbrodniczym dzia\u0142aniu Hamasu, jak i w\u0142adz Izraela i izraelskiego wojska w ostatnich 15 miesi\u0105cach\u201d.<\/span><\/p>\n<p style=\"text-align: left;\">\n<p style=\"text-align: left;\"><span style=\"color: #000080;\">Poczucie, \u017ce mam dost\u0119p do kompetentnych \u017ar\u00f3de\u0142 i dotar\u0142em do jedynie s\u0142usznej decyzji oszuka\u0142o mnie w \u017cyciu kilka razy. Autor tych s\u0142\u00f3w jest historykiem, nauczycielem akademickim zapewne z nawykiem podejrzliwego ogl\u0105dania dokument\u00f3w, zar\u00f3wno kiedy s\u0105 to dokumenty w\u0142adz, relacje \u015bwiadk\u00f3w, opowie\u015bci dziennikarzy, jak i prace zawodowych historyk\u00f3w.<\/span><\/p>\n<p style=\"text-align: left;\">\n<p style=\"text-align: left;\"><span style=\"color: #000080;\">Nie informuje, jak definiuje \u201ekompetentne \u017ar\u00f3d\u0142a\u201d, ani ich nie wymienia, nie podaje nawet przyk\u0142ad\u00f3w. Mamy k\u0142opot, bo dowiadujemy si\u0119, \u017ce ma kompetentne \u017ar\u00f3d\u0142a i na ich podstawie posiada wyrobion\u0105 opini\u0119.<\/span><\/p>\n<p style=\"text-align: left;\">\n<p style=\"text-align: left;\"><span style=\"color: #000080;\">Jak ocenia\u0107 \u017ar\u00f3d\u0142a? Osobi\u015bcie szukam \u017ar\u00f3de\u0142 rzetelnych, a wi\u0119c takich, kt\u00f3re bardzo rzadko wprowadzaj\u0105 w b\u0142\u0105d, a jak to robi\u0105, to natychmiast si\u0119 do tego przyznaj\u0105, dalej mamy \u017ar\u00f3d\u0142a niechlujne, na kt\u00f3re szkoda czasu oraz \u017ar\u00f3d\u0142a profesjonalnie tendencyjne i propagandowe.<\/span><\/p>\n<p style=\"text-align: left;\">\n<p style=\"text-align: left;\"><span style=\"color: #000080;\">Informacja o posiadaniu kompetentnych \u017ar\u00f3de\u0142 pojawia si\u0119 pod artyku\u0142em o drobnym fragmencie wojny propagandowej, o organizacji wyspecjalizowanej w pod\u017ceganiu do nienawi\u015bci.<\/span><\/p>\n<p style=\"text-align: left;\">\n<p style=\"text-align: left;\"><span style=\"color: #000080;\">Gdzie zatem mo\u017cemy szuka\u0107 kompetencji rozumianej jako po\u0142\u0105czenie, wiedzy, rzetelno\u015bci i sprawno\u015bci?<\/span><\/p>\n<p style=\"text-align: left;\">\n<p style=\"text-align: left;\"><span style=\"color: #000080;\">W renomowanych firmach handluj\u0105cych informacj\u0105 mamy na samym czele BBC, \u201eNew York Times\u201d, Reuters.<\/span><\/p>\n<p style=\"text-align: left;\">\n<p style=\"text-align: left;\"><span style=\"color: #000080;\">Jest taki szpital w Gazie, na kt\u00f3ry spad\u0142a wadliwa palesty\u0144ska rakieta zabijaj\u0105c kilkana\u015bcie os\u00f3b. Hamas przekaza\u0142 wiadomo\u015b\u0107, \u017ce Izrael zbombardowa\u0142 ten szpital zabijaj\u0105c 500 os\u00f3b.<\/span><\/p>\n<p style=\"text-align: left;\">\n<span style=\"color: #000080;\">Kt\u00f3ra z tych najbardziej renomowanych firm wstrzyma\u0142a si\u0119 przed przekazaniem fa\u0142szywej informacji?<\/span><\/p>\n<p style=\"text-align: left;\">\n<p style=\"text-align: left;\"><span style=\"color: #000080;\">\u017badna. Czy mog\u0119 mie\u0107 pretensje do polskich serwis\u00f3w informacyjnych, \u017ce powt\u00f3rzy\u0142y fa\u0142szyw\u0105 informacj\u0119 za kompetentnymi \u017ar\u00f3d\u0142ami? Mog\u0119, poniewa\u017c jak ka\u017cdy inny naprawd\u0119 zainteresowany cz\u0142owiek, w tym czasie kiedy BBC podawa\u0142o fa\u0142szyw\u0105 informacj\u0119 za Hamasem, wiedzia\u0142em z rz\u0105dowych izraelskich \u017ar\u00f3de\u0142, \u017ce wiadomo\u015b\u0107 jest co najmniej niepewna, a najprawdopodobniej ca\u0142kowicie fa\u0142szywa.<\/span><\/p>\n<p style=\"text-align: left;\">\n<p style=\"text-align: left;\"><span style=\"color: #000080;\">Czy kompetentne \u017ar\u00f3d\u0142a dezinformuj\u0105, bo chc\u0105 oszukiwa\u0107, czy dezinformuj\u0105, bo wcale nie s\u0105 tak kompetentne jak si\u0119 niekt\u00f3rym wydaje?<\/span><\/p>\n<p style=\"text-align: left;\">\n<span style=\"color: #000080;\">Opowiem wam o Alice Teodorescu, to m\u0142oda Szwedka, kt\u00f3ra jako pi\u0119cioletnia dziewczynka w 1989 roku znalaz\u0142a si\u0119 w Szwecji, chodzi\u0142a do szko\u0142y w mie\u015bcie, w kt\u00f3rym mieszka\u0142em prawie 15 lat, tu sko\u0144czy\u0142a prawo, jest dzi\u015b pos\u0142ank\u0105 do Parlamentu Europejskiego. Kiedy Hamas za straszn\u0105 cen\u0119 uwolni\u0142 w styczniu pierwsze trzy kobiety, Alice m\u00f3wi\u0142a:<\/span><\/p>\n<blockquote>\n<p style=\"text-align: left;\"><strong>\u201eMaski opad\u0142y z tak zwanych bojownik\u00f3w o wolno\u015b\u0107, kt\u00f3rzy, podobnie jak wielu innych wzi\u0119tych za niewinnych cywil\u00f3w, otoczyli jak hieny trzy m\u0142ode kobiety wyrwane wczoraj z r\u0105k przemocy Hamasu\u201d.<\/strong><\/p>\n<\/blockquote>\n<p style=\"text-align: left;\"><span style=\"color: #000080;\">Wyra\u017caj\u0105c sprzeciw wobec \u201epozbawionych kr\u0119gos\u0142upa polityk\u00f3w Zachodu, dziennikarzy-aktywist\u00f3w i skorumpowanych instytucji s\u0105downiczych\u201d, Teodorescu \u017c\u0105da\u0142a stanowczego pot\u0119pienia Hamasu, \u201eteraz, gdy zamaskowane potwory zosta\u0142y zdemaskowane, skaka\u0142y po dachu karetki Czerwonego Krzy\u017ca \u2014 a tym samym depcz\u0105c nasze zachodnie warto\u015bci\u201d.<\/span><\/p>\n<p style=\"text-align: left;\">\n<span style=\"color: #000080;\">W potoku fa\u0142szywych s\u0142\u00f3w ten g\u0142os zosta\u0142 zignorowany, jej koledzy zbyt wiele zainwestowali w k\u0142amstwa, \u017ceby mogli go us\u0142ysze\u0107. Zwr\u00f3ci\u0142 uwag\u0119 w Izraelu i w diasporze.<\/span><\/p>\n<p style=\"text-align: left;\">\n<span style=\"color: #000080;\">Alice Teodorescu jest troch\u0119 za\u017cenowana, m\u00f3wi, \u017ce \u201eZa ka\u017cdym razem, gdy jaki\u015b \u017byd dzi\u0119kuje mi za moje stanowisko, robi mi si\u0119 smutno, poniewa\u017c moja reakcja powinna by\u0107 norm\u0105\u201d. Mam wra\u017cenie, \u017ce ona nie broni \u017byd\u00f3w, \u017ce broni siebie przed zak\u0142amanym \u015bwiatem, broni tego, co uwa\u017ca za s\u0142uszne, wbrew \u201ekompetentnym \u017ar\u00f3d\u0142om\u201d.<\/span><\/p>\n<p style=\"text-align: left;\">\n<span style=\"color: #000080;\">Czy to projekcja mojej w\u0142asnej walki z zak\u0142amanym \u015bwiatem na motywacje tej wspania\u0142ej Szwedki? By\u0107 mo\u017ce.<\/span><\/p>\n<p style=\"text-align: left;\">\n<span style=\"color: #000080;\">Obserwuj\u0119 wielu ludzi, kt\u00f3rzy nie s\u0105 \u017bydami, jak broni\u0105 si\u0119 przed zalewem k\u0142amstw o \u017bydach i&nbsp; Izraelu, broni\u0105c si\u0119 przed tsunami fa\u0142szu szturmuj\u0105cego z \u201ekompetentnych \u017ar\u00f3de\u0142\u201d. Dlatego w\u0142a\u015bnie kilka lat temu napisa\u0142em ksi\u0105\u017ck\u0119 pod tytu\u0142em \u201eWszystkie winy Izraela\u201d<\/span><\/p>\n<\/div>\n<p><a name=\"block4\"><\/a><\/p>\n<div class=\"webnewsArticleImageContainer \">\n<div>\n<div class=\"webnewsArticleImage\"><img decoding=\"async\" loading=\"lazy\" class=\"aligncenter\" src=\"https:\/\/www.listyznaszegosadu.pl\/upload\/article\/bild\/7385\/1078801\/slajd_3_s.jpg\" alt=\"\" width=\"300\" height=\"428\" border=\"0\"><\/div>\n<\/div>\n<\/div>\n<div class=\"templateArticleBrodtext\">\n<p style=\"text-align: left;\"><span style=\"color: #000080;\">Pomys\u0142 tego w\u0142a\u015bnie znaczka na ok\u0142adce podsun\u0105\u0142em wydawcy sam. Znaczek wydany w Iranie, z okazji Mi\u0119dzynarodowego Dnia Dziecka w 1991 roku. Porusza mnie z kilku powod\u00f3w.<\/span><\/p>\n<p style=\"text-align: left;\">\n<p style=\"text-align: left;\"><span style=\"color: #000080;\">Brat mojej matki, Zbigniew Jasi\u0144ski, mia\u0142 w 1920 roku 12 lat. Zapisa\u0142 si\u0119 do harcerstwa i na jednej z pierwszych zbi\u00f3rek zast\u0119powy zabra\u0142 dzieci do dzielnicy \u017cydowskiej w Poznaniu, \u017ceby po\u0107wiczy\u0107 rzucanie kamieniami w okna \u017cydowskich dom\u00f3w. Zbyszek opowiedzia\u0142 o tym w domu. Nie wiem jak dziadek zareagowa\u0142, ale Zbyszek pisa\u0142 mi po latach, \u017ce zapami\u0119ta\u0142 t\u0119 rozmow\u0119 do ko\u0144ca \u017cycia.<\/span><\/p>\n<p style=\"text-align: left;\">\n<p style=\"text-align: left;\"><span style=\"color: #000080;\">Czyta\u0142em w jakiej\u015b ksi\u0105\u017cce, \u017ce jeme\u0144scy \u017bydzi napisali w XVIII wieku do tureckiego su\u0142tana pro\u015bb\u0119, \u017ceby w\u0142adze zacz\u0119\u0142y reagowa\u0107 na wybijanie szyb w \u017cydowskich domach. Su\u0142tan (a mo\u017ce tylko kt\u00f3ry\u015b z jego ministr\u00f3w) napisa\u0142 list do w\u0142adz w Sanie i otrzyma\u0142 odpowied\u017a, \u017ce jest to stary zwyczaj, na kt\u00f3ry nie mo\u017cna reagowa\u0107, bo mo\u017ce to wywo\u0142a\u0107 niepokoje. Wi\u0119c ten ira\u0144ski znaczek na Dzie\u0144 Dziecka do mnie krzycza\u0142 g\u0142o\u015bniej ni\u017c do innych.&nbsp;<\/span><\/p>\n<p style=\"text-align: left;\">\n<p style=\"text-align: left;\"><span style=\"color: #000080;\">Kim jeste\u015bmy? Jeste\u015bmy ulepieni z okruch\u00f3w, kt\u00f3re dotar\u0142y do naszej \u015bwiadomo\u015bci i tych, kt\u00f3re wdar\u0142y si\u0119 do naszej pod\u015bwiadomo\u015bci. Podobnie jak sztuczna inteligencja budujemy odpowiedzi na nasze pytania w oparciu o to, co siedzi w pami\u0119ci. Nasz system skojarze\u0144 jest zar\u00f3wno jednostkowy, jak i zbiorowy. Mo\u017cemy buntowa\u0107 si\u0119 przeciw kulturze, w kt\u00f3rej wyro\u015bli\u015bmy, ale nie mo\u017cemy od niej uciec.<\/span><\/p>\n<p style=\"text-align: left;\">\n<p style=\"text-align: left;\"><span style=\"color: #000080;\">Kiedy historyk m\u00f3wi, \u017ce ma dost\u0119p do kompetentnych \u017ar\u00f3de\u0142, kt\u00f3re pozwalaj\u0105 mu na wyrobienie sobie opinii, daje do zrozumienia, \u017ce nie ma w\u0105tpliwo\u015bci, \u017ce nie musi niczego sprawdza\u0107, informuje, \u017ce zapomnia\u0142, \u017ce naj\u0142atwiej oszukuj\u0105 nas ci, kt\u00f3rym bezgranicznie ufamy.<\/span><\/p>\n<p style=\"text-align: left;\">\n<p style=\"text-align: left;\"><span style=\"color: #000080;\">Zatrzymajmy si\u0119 przy s\u0142owie \u201eoszukuj\u0105\u201d. Rodzice przekazuj\u0105cy dziecku w\u0105tpliwe mity, na og\u00f3\u0142 \u015bwi\u0119cie w nie wierz\u0105. Mog\u0119 by\u0107 oszukany przez ludzi, kt\u00f3rzy nie mieli najmniejszych intencji oszukania nas. M\u00f3j m\u00f3zg skupiaj\u0105c moj\u0105 uwag\u0119 na tym, co potwierdza moje przekonania, nie robi tego, \u017ceby mnie oszuka\u0107, to efekt ewolucji, to by\u0142o i pewnie nadal jest jako\u015b przydatne, ale cz\u0119sto ko\u0144czy si\u0119 umocnieniem b\u0142\u0119dnego pogl\u0105du.<\/span><\/p>\n<p style=\"text-align: left;\">\n<p style=\"text-align: left;\">\n<p style=\"text-align: left;\"><span style=\"color: #000080;\">Przekonani o izraelskich zbrodniach, o ludob\u00f3jstwie w Gazie, o apartheidzie broni\u0105 si\u0119 przed poddaniem tych opinii drobiazgowemu badaniu. Wol\u0105 to nazwa\u0107 \u201ekrytyk\u0105 Izraela\u201d, wol\u0105 odwo\u0142a\u0107 si\u0119 do autorytetu ONZ, do mi\u0119dzynarodowych trybuna\u0142\u00f3w, do organizacji broni\u0105cych praw cz\u0142owieka, takich jak Amnesty International czy Human Rights Watch. Czy oni wszyscy \u015bwiadomie i z premedytacj\u0105 nas oszukuj\u0105, czy tylko sami dali si\u0119 wprowadzi\u0107 w b\u0142\u0105d?&nbsp;&nbsp;&nbsp;&nbsp;&nbsp;&nbsp;&nbsp;&nbsp; &nbsp;&nbsp;&nbsp;&nbsp;&nbsp;&nbsp;&nbsp;&nbsp;&nbsp;<\/span><\/p>\n<p style=\"text-align: left;\">\n<p style=\"text-align: left;\"><span style=\"color: #000080;\">Artyku\u0142, kt\u00f3rego dyskutuj\u0105cym nie chcia\u0142o si\u0119 przeczyta\u0107, traktuje o organizacji Samidoun, kt\u00f3ra \u015bwiadomie wprowadza w b\u0142\u0105d, \u015bwiadomie s\u0105czy k\u0142amstwa.<\/span><\/p>\n<p style=\"text-align: left;\">\n<p style=\"text-align: left;\"><span style=\"color: #000080;\">Kiedy Carska Ochrana zleci\u0142a opracowanie i wydanie \u201eProtoko\u0142\u00f3w M\u0119drc\u00f3w Syjonu\u201d intencja by\u0142a jednoznaczna, kry\u0142 si\u0119 za tym zamiar wprowadzenia maksymalnej liczby ludzi w b\u0142\u0105d. Co wi\u0119cej, by\u0142a to operacja nadzwyczaj skuteczna, a jej oddzia\u0142ywanie przetrwa\u0142o upadek caratu, wp\u0142yn\u0119\u0142a na umys\u0142y niemieckich nazist\u00f3w, na propagand\u0119 komunistyczn\u0105, kt\u00f3ra zmieni\u0142a peleryn\u0119 z czarnej na czerwon\u0105, a antysemityzm na antysyjonizm. Ta podst\u0119pna operacja carskiej Ochrany wp\u0142ywa nadal na \u015bwiat muzu\u0142ma\u0144ski.<\/span><\/p>\n<p style=\"text-align: left;\">\n<p style=\"text-align: left;\"><span style=\"color: #000080;\">Polski pisarz Piotr Ibrahim Kalwas, uciekaj\u0105c od naszej katolickiej kultury, &nbsp;nawr\u00f3ci\u0142 si\u0119 na islam. Mieszka\u0142 przez wiele lat w Egipcie gdzie odkry\u0142 prawdziw\u0105 twarz islamu. Kilka lat temu rozmawia\u0142 z egipskim profesorem, kt\u00f3ry z rozpacz\u0105 w g\u0142osie powiedzia\u0142 mu, \u017ce z ca\u0142ej europejskiej literatury XX wieku \u015bwiat arabski naprawd\u0119 przyswoi\u0142 sobie tylko dwie ksi\u0105\u017cki: \u201eProtoko\u0142y m\u0119drc\u00f3w Syjonu\u201d i \u201eMein Kampf\u201d. Muzu\u0142ma\u0144scy uciekinierzy od tej kultury nienawi\u015bci opowiadaj\u0105 jak potwornie trudno si\u0119 z niej wygrzeba\u0107, jak trudno przesta\u0107 nienawidzi\u0107 i ile trzeba za ten bunt zap\u0142aci\u0107.<\/span><\/p>\n<p style=\"text-align: left;\">\n<p style=\"text-align: left;\"><span style=\"color: #000080;\">Kiedy spotykam cz\u0142owieka opowiadaj\u0105cego z przekonaniem o izraelskim ludob\u00f3jstwie, pytam czasem, czy potrafi wymieni\u0107 kilka nazwisk palesty\u0144skich dysydent\u00f3w, Palesty\u0144czyk\u00f3w m\u00f3wi\u0105cych, \u017ce win\u0105 za cierpienia Palesty\u0144czyk\u00f3w obarczaj\u0105 Hamas i Organizacj\u0119 Wyzwolenia Palestyny?&nbsp; Reakcj\u0105 na takie pytanie jest niech\u0119tny wzrok, jakby nie rozumieli, co do nich m\u00f3wi\u0119. Jest jednak gorzej, ludzie, kt\u00f3rzy wiedz\u0105 przed jakimi wyzwaniami stoi Izrael, te\u017c na og\u00f3\u0142 nie znaj\u0105 tych nazwisk, bo niby sk\u0105d, kompetentne \u017ar\u00f3d\u0142a starannie przed nimi \u0142amanie praw Palesty\u0144czyk\u00f3w przez Palesty\u0144czyk\u00f3w, okradanie Palesty\u0144czyk\u00f3w, indoktrynowanie dzieci do islamonazizmu ukrywaj\u0105 i tu mamy do czynienia z \u015bwiadomym oszustwem przez kompetentne \u017ar\u00f3d\u0142a, kt\u00f3re umyka uwadze nawet nauczycieli akademickich.<\/span><\/p>\n<p style=\"text-align: left;\">\n<p style=\"text-align: left;\"><span style=\"color: #000080;\">Przez 12 lat pracowa\u0142em w BBC. Ju\u017c w latach osiemdziesi\u0105tych mieli\u015bmy zakaz u\u017cywania s\u0142owa \u201eterrorysta.\u201d<\/span><\/p>\n<p style=\"text-align: left;\">\n<p style=\"text-align: left;\"><span style=\"color: #000080;\">Czy ludzie wyg\u0142aszaj\u0105cy p\u0142omienne mowy w obronie Palesty\u0144czyk\u00f3w naprawd\u0119 wsp\u00f3\u0142czuj\u0105 Palesty\u0144czykom, czy tylko nienawidz\u0105&nbsp; \u017byd\u00f3w? \u0141atwo to sprawdzi\u0107, kiedy pytamy o ich wiedz\u0119 na temat sytuacji Palesty\u0144czyk\u00f3w &nbsp;pod rz\u0105dami Palesty\u0144czyk\u00f3w lub innych Arab\u00f3w.<\/span><\/p>\n<p style=\"text-align: left;\">\n<p style=\"text-align: left;\"><span style=\"color: #000080;\">Czy jestem po w\u0142a\u015bciwej stronie historii? Ka\u017cdy z nas chcia\u0142by si\u0119 zapisa\u0107 do klubu m\u0105drych i szlachetnych. Nie ma takiego klubu. Szukanie w\u0142a\u015bciwej strony historii skazuje nas na samotno\u015b\u0107 .<\/span><\/p>\n<p style=\"text-align: left;\">\n<p style=\"text-align: left;\"><span style=\"color: #000080;\">Izraelska dziennikarka, Liat Collins pisze:<\/span><\/p>\n<blockquote>\n<p style=\"text-align: left;\"><strong>\u201eIzrael nie potrzebuje waszego wsp\u00f3\u0142czucia \u2013 cho\u0107 by\u0142oby mi\u0142o. Potrzebuje, by\u015bcie zrozumieli niebezpiecze\u0144stwa, z kt\u00f3rymi wszyscy si\u0119 mierzymy. To nie s\u0105 \u0107wiczenia, to rzeczywisto\u015b\u0107.\u201d<\/strong><\/p>\n<\/blockquote>\n<p style=\"text-align: left;\"><span style=\"color: #000080;\">Czy wystarcza nam wyobra\u017ani? Kiedy przyjecha\u0142em do Szwecji w 1971 roku pyta\u0142em starszych Szwed\u00f3w, kt\u00f3rzy byli ju\u017c doro\u015bli podczas wojny, jak odbierali informacje o barbarzy\u0144stwie niemieckich nazist\u00f3w? Starsza ode mnie o 15 lat zaprzyja\u017aniona nauczycielka, kt\u00f3ra mia\u0142a 20 lat w momencie zako\u0144czenia wojny, powiedzia\u0142a, \u017ce dociera\u0142y informacje tak okropne, \u017ce uwa\u017ca\u0142a je za zmy\u015blone. Powiedzia\u0142a \u201enie starcza\u0142o nam wyobra\u017ani, nie dawa\u0142o si\u0119 tego zaakceptowa\u0107\u201d.<\/span><\/p>\n<p style=\"text-align: left;\">\n<span style=\"color: #000080;\">Mieszkam na skraju ma\u0142ego miasteczka, w\u0142a\u015bciwie na wsi, w domu z ogrodem. Kiedy Rosja napad\u0142a na Ukrain\u0119 go\u015bcili\u015bmy przez kilka miesi\u0119cy ukrai\u0144sk\u0105 matk\u0119 z o\u015bmioletni\u0105 c\u00f3rk\u0105. Drugiego dnia po ich przyje\u017adzie byli\u015bmy w ogrodzie, nisko nad nami pojawi\u0142a si\u0119 sportowa awionetka. Nag\u0142e przera\u017cenie w oczach ma\u0142ej dziewczynki opowiedzia\u0142o mi o tym, co trudno sobie wyobrazi\u0107.<\/span><\/p>\n<p style=\"text-align: left;\">\n<span style=\"color: #000080;\">W Gazie gin\u0105 dzieci. Dla Izraelczyk\u00f3w broni\u0105cych swoich dzieci to jest dramat, to straszliwy koszt walki z \u015bmiertelnym wrogiem, wrogiem, kt\u00f3ry z ca\u0142\u0105 premedytacj\u0105 strzela przeciwczo\u0142gowymi pociskami do szkolnych autobus\u00f3w, kt\u00f3ry podrzyna dzieciom gard\u0142a, kt\u00f3ry wrzuca niemowl\u0119ta do pieca.&nbsp;<\/span><\/p>\n<p style=\"text-align: left;\">\n<span style=\"color: #000080;\">Kilka lat temu opublikowa\u0142em inn\u0105 ksi\u0105\u017ck\u0119.<\/span><\/p>\n<\/div>\n<p><a name=\"block5\"><\/a><\/p>\n<div class=\"webnewsArticleImageContainer \">\n<div>\n<div class=\"webnewsArticleImage\"><img decoding=\"async\" loading=\"lazy\" class=\"aligncenter\" src=\"https:\/\/www.listyznaszegosadu.pl\/upload\/article\/bild\/7702\/1078803\/slajd_4_s.png\" alt=\"\" width=\"300\" height=\"459\" border=\"0\"><\/div>\n<\/div>\n<\/div>\n<div class=\"templateArticleBrodtext\">\n<p style=\"text-align: left;\"><span style=\"color: #000080;\">Historia tytu\u0142u tej ksi\u0105\u017cki jest ciekawa. Czy znacie nazwisko Ahed Tamimi? To palesty\u0144ska dziewczynka, kt\u00f3r\u0105 rodzice od ko\u0142yski wychowywali na prowokatork\u0119. \u017bona robi\u0142a kiedy\u015b polskie napisy do r\u00f3\u017cnych film\u00f3w na YouTube. By\u0142 taki film, na kt\u00f3rym dwunastoletnia w\u00f3wczas Ahed Tamimi prowokuje izraelskich \u017co\u0142nierzy, a rodzice i dziennikarze kompetentnych \u017ar\u00f3de\u0142 rado\u015bnie to filmowali. Izraelczycy op\u0119dzali si\u0119 od niej jak od uprzykrzonej muchy. Nada\u0142em temu filmowi polski tytu\u0142 \u201eCo izraelscy \u017co\u0142nierze robi\u0105 palesty\u0144skim dzieciom\u201d. Wiedzia\u0142em \u017ce to przyci\u0105gnie widz\u00f3w, nie wiedzia\u0142em jak bardzo przyci\u0105gnie. (Normalnie takie filmy maj\u0105 mi\u0119dzy kilkadziesi\u0105t, a kilkaset obejrze\u0144. Ten (zaledwie minutowy) film obejrza\u0142o milion dziewi\u0119\u0107set siedemdziesi\u0105t tysi\u0119cy os\u00f3b. By\u0142o du\u017co komentarzy, dominowa\u0142a z\u0142o\u015b\u0107, \u017ce przecie\u017c oni nic tej dziewczynce nie robi\u0105.<\/span><\/p>\n<p style=\"text-align: left;\">\n<span style=\"color: #000080;\">Dzi\u015b palesty\u0144skie dzieci faktycznie gin\u0105, jedne z tych dzieci to m\u0142odociani bojownicy gin\u0105cy z broni\u0105 w r\u0119ku. Dzieci-\u017co\u0142nierze, kt\u00f3rych wykorzystywanie w walce gniewa wielu Palesty\u0144czyk\u00f3w, czasem s\u0105 to dzieci hamasowskich terroryst\u00f3w, kt\u00f3re same niczym nie zawini\u0142y, cz\u0119sto s\u0105 to po prostu ofiary strasznej wojny, wywo\u0142anej przez Hamas, inspirowanej przez Iran i gloryfikowanej przez ludzi na Zachodzie, zdobi\u0105cych si\u0119 palesty\u0144sk\u0105 kefij\u0105 na znak solidarno\u015bci z tym, co wydaje im si\u0119 w\u0142a\u015bciw\u0105 stron\u0105 historii.<\/span><\/p>\n<p style=\"text-align: left;\">\n<span style=\"color: #000080;\">Czy stosunek do Izraela jest dzi\u015b papierkiem lakmusowym informuj\u0105cym, czy jeste\u015bmy po w\u0142a\u015bciwej stronie historii?&nbsp; W tej sprawie jestem ca\u0142kowicie zgodny z sympatykami \u201esprawy palesty\u0144skiej\u201d. R\u00f3\u017cnimy si\u0119 tylko w odczytywaniu wyniku tego testu. Oni wsp\u00f3\u0142czuj\u0105 Palesty\u0144czykom, kt\u00f3rym Izraelczycy utrudniaj\u0105 zabijanie \u017byd\u00f3w i niezdarnie oszukuj\u0105 si\u0119, \u017ce to tylko \u201eniewinni Palesty\u0144czycy\u201d zabijani przez tego zbrodniarza Netanjahu, ja mam szacunek dla premiera Netanjahu, kt\u00f3ry przewodzi armii pr\u00f3buj\u0105cej zniszczy\u0107 \u015bmiertelnego wroga, dokonuj\u0105c kosztownych wysi\u0142k\u00f3w, \u017ceby oszcz\u0119dzi\u0107 strat w\u015br\u00f3d faktycznie nie bior\u0105cych w walkach cywil\u00f3w.<\/span><\/p>\n<p style=\"text-align: left;\">\n<span style=\"color: #000080;\">Wiecie Pa\u0144stwo, id\u0119 o zak\u0142ad, \u017ce na tej sali po\u0142owa lub wi\u0119cej ni\u017c po\u0142owa ma wra\u017cenie, \u017ce ten Netanjahu to jaka\u015b szemrana posta\u0107. Kompetentne \u017ar\u00f3d\u0142a zrobi\u0142y co w ich mocy, \u017ceby przekona\u0107 nas, \u017ce to jaki\u015b kryminalista i zbrodniarz. Jestem dziennikarzem, bardzo podejrzliwym wobec koleg\u00f3w dziennikarzy, przygl\u0105dam si\u0119 tym manewrom od lat i mam wra\u017cenie, \u017ce zbyt wielu zbyt mocno zale\u017cy na tym, \u017ceby\u015bmy nie dostrzegli w nim m\u0119\u017ca stanu. Historia tej walki o to, \u017ceby\u015bmy \u017ale my\u015bleli o izraelskim premierze mog\u0142aby by\u0107 przedmiotem odr\u0119bnego spotkania. Zosta\u0144my jednak przy zbrodniach Izraela. Zatrzyma\u0142a mnie na d\u0142ugo opowie\u015b\u0107 australijskiego genera\u0142a, kt\u00f3ry by\u0142 z grup\u0105 innych&nbsp; wysokich oficer\u00f3w NATO badaj\u0105cych spos\u00f3b prowadzenia wojny przez Izraelsk\u0105 Armi\u0119 Obronn\u0105. Pewnego dnia by\u0142 z wizyt\u0105 u izraelskiego genera\u0142a, kt\u00f3ry przy nim \u017cegna\u0142 si\u0119 z synem wezwanym nagle &nbsp;do jednostki. Ojciec u\u015bcisn\u0105\u0142 syna m\u00f3wi\u0105c: \u201eId\u017a, i wr\u00f3\u0107 cz\u0142owiekiem\u201d.<\/span><\/p>\n<p style=\"text-align: left;\">\n<span style=\"color: #000080;\">Wojna jest koszmarem, nie tylko mo\u017cesz zosta\u0107 zabity lub okaleczony na reszt\u0119 \u017cycia, ale b\u0119dziesz zabija\u0142, a to jest gro\u017anie dla twojego cz\u0142owiecze\u0144stwa. Jestem synem oficera, kt\u00f3rych wysy\u0142a\u0142 m\u0142odych ludzi do walki, maj\u0105c \u015bwiadomo\u015b\u0107, \u017ce nie tylko b\u0119d\u0105 nara\u017ca\u0107 swoje \u017cycie, ale i swoje cz\u0142owiecze\u0144stwo. Powtarza\u0142 wiele razy: \u201earmia jest taka, jaki jest jej korpus oficerski\u201d.<\/span><\/p>\n<p style=\"text-align: left;\">\n<span style=\"color: #000080;\">Te s\u0142owa izraelskiego genera\u0142a pos\u0142u\u017cy\u0142y mi za tytu\u0142 innej ksi\u0105\u017cki.<\/span><\/p>\n<\/div>\n<p><a name=\"block6\"><\/a><\/p>\n<div class=\"webnewsArticleImageContainer \">\n<div>\n<div class=\"webnewsArticleImage\"><img decoding=\"async\" loading=\"lazy\" class=\"aligncenter\" src=\"https:\/\/www.listyznaszegosadu.pl\/upload\/article\/bild\/4510\/1078805\/slajd_5_s.png\" alt=\"\" width=\"300\" height=\"439\" border=\"0\"><\/div>\n<\/div>\n<\/div>\n<div class=\"templateArticleBrodtext\">\n<p><span style=\"color: #000080;\">Wydana jeszcze przed 7 pa\u017adziernika 23 roku, pisa\u0142em j\u0105 pytaj\u0105c raz jeszcze, kim jest ten stary cz\u0142owiek, kt\u00f3rego widz\u0119 w lustrze.&nbsp; To pytanie wraca ka\u017cdego ranka, wraz z \u015bwiadomo\u015bci\u0105, \u017ce wiem zbyt ma\u0142o, \u017ce jestem ulepiony ze strz\u0119pk\u00f3w,&nbsp; z okruch\u00f3w rzeczywisto\u015bci, kt\u00f3re dotar\u0142y do mojej \u015bwiadomo\u015bci i tych, kt\u00f3re wtargn\u0119\u0142y do pod\u015bwiadomo\u015bci.<\/span><\/p>\n<p><span style=\"color: #000080;\">Alice Teodorescu m\u00f3wi, \u017ce jej postawa powinna by\u0107 norm\u0105. Nie jest, egipski dysydent napisa\u0142 ksi\u0105\u017ck\u0119 o jednoosobowej mniejszo\u015bci. To opowie\u015b\u0107 o wyrywaniu si\u0119 z kultury k\u0142amstwa, o dramacie samotno\u015bci, o utracie bliskich i przyjaci\u00f3\u0142, a wreszcie o konieczno\u015bci ucieczki z kraju. W\u0142a\u015bciwa strona historii czasem przera\u017ca, grozi sztormami, wolimy wr\u00f3ci\u0107 do bezpiecznego portu ukrywanej przed sob\u0105 hipokryzji.<\/span><\/p>\n<div>\n<p><span style=\"color: #000080;\">Nie wiem i nie mog\u0119 wiedzie\u0107 jakbym si\u0119 zachowa\u0142 w latach trzydziestych ubieg\u0142ego wieku, gdybym si\u0119 urodzi\u0142 o 30 lat wcze\u015bniej. Czy mam racj\u0119, oceniaj\u0105c dzisiejsze spory?&nbsp; Czy jestem po w\u0142a\u015bciwej stronie historii? Kim jestem? Mieszkam w \u015bwiecie skradzionych autorytet\u00f3w moralnych, w kt\u00f3rym ONZ jest demokratyczn\u0105 organizacj\u0105 autokrat\u00f3w i tyran\u00f3w, obro\u0144cy praw cz\u0142owieka oszustami bior\u0105cymi pieni\u0105dze od zbrodniarzy, Palestyna mityczn\u0105 ojczyzn\u0105 awangardy proletariatu, a kompetentne \u017ar\u00f3d\u0142a powielaj\u0105 oczywiste k\u0142amstwa. Wyb\u00f3r wydaje si\u0119 oczywisty. Ten wyb\u00f3r nie jest i nie b\u0119dzie norm\u0105. Pozostaje pr\u00f3ba \u015bwiadectwa.<\/span><\/p>\n<p><center><span style=\"color: #000080;\">***<\/span><\/center><br \/>\n<span style=\"color: #000080;\">Wirtualny znajomy, chcia\u0142 mnie zaprosi\u0107 na wyk\u0142ad w instytucji, z kt\u00f3r\u0105 jest zwi\u0105zany. Przestawi\u0142em propozycj\u0119, zaprzyja\u017aniony aktor chcia\u0142 u\u017cyczy\u0107 g\u0142osu. Co\u015b posz\u0142o nie tak.<\/span><\/p>\n<\/div>\n<\/div>\n<hr style=\"height: 15px; background: #d0e6fa; width: 100%;\">\n<div id=\"content\" class=\"content-alignment\">\n<div id=\"watch-description\" class=\"yt-uix-button-panel\">\n<div id=\"watch-description-text\" style=\"text-align: center;\">\n<p><em>Zawarto\u015b\u0107 publikowanych artyku\u0142\u00f3w i materia\u0142\u00f3w nie reprezentuje pogl\u0105d\u00f3w ani opinii Reunion&#8217;68,<\/em><em><br \/>\nani te\u017c webmastera Blogu Reunion&#8217;68, chyba ze jest to wyra\u017anie zaznaczone.<br \/>\nTwoje uwagi, linki, w\u0142asne artyku\u0142y lub wiadomo\u015bci prze\u015blij na adres:<br \/>\n<\/em><span style=\"color: #000080;\"><strong><em><a style=\"color: #000080;\" href=\"mailto:webmaster@reunion68.com\"><span style=\"text-decoration: underline;\">webmaster@reunion68.com<\/span><\/a><\/em><\/strong><\/span><\/p>\n<\/div>\n<\/div>\n<\/div>\n<hr style=\"width: 100%;\">\n","protected":false},"excerpt":{"rendered":"<p>Wyk\u0142ad, kt\u00f3rego nie by\u0142o Andrzej Koraszewski Zaprzyja\u017aniony filozof mia\u0142 zawsze wy\u0142\u0105czony telefon. Automat odpowiada\u0142: \u201eMy\u015bl\u0119, wi\u0119c mnie nie ma\u201d. Dzwoni\u0142em i m\u00f3wi\u0142em do automatu: \u201ePrzesta\u0144 my\u015ble\u0107 i zadzwo\u0144, bo mam interes\u201d. Odpowiada\u0142 po chwili i \u017cyd\u0142acz\u0105c pyta\u0142: \u201eJaki ty&nbsp; mo\u017cesz mie\u0107 interes?\u201d Ani on nie by\u0142 \u017bydem, ani ja, ale obaj uwielbiali\u015bmy \u017cyczliwe \u017cydowskie dowcipy. [&hellip;]<\/p>\n","protected":false},"author":1,"featured_media":0,"comment_status":"closed","ping_status":"closed","sticky":false,"template":"","format":"standard","meta":[],"categories":[6],"tags":[26,24],"_links":{"self":[{"href":"https:\/\/www.reunion68.se\/index.php?rest_route=\/wp\/v2\/posts\/118933"}],"collection":[{"href":"https:\/\/www.reunion68.se\/index.php?rest_route=\/wp\/v2\/posts"}],"about":[{"href":"https:\/\/www.reunion68.se\/index.php?rest_route=\/wp\/v2\/types\/post"}],"author":[{"embeddable":true,"href":"https:\/\/www.reunion68.se\/index.php?rest_route=\/wp\/v2\/users\/1"}],"replies":[{"embeddable":true,"href":"https:\/\/www.reunion68.se\/index.php?rest_route=%2Fwp%2Fv2%2Fcomments&post=118933"}],"version-history":[{"count":5,"href":"https:\/\/www.reunion68.se\/index.php?rest_route=\/wp\/v2\/posts\/118933\/revisions"}],"predecessor-version":[{"id":118939,"href":"https:\/\/www.reunion68.se\/index.php?rest_route=\/wp\/v2\/posts\/118933\/revisions\/118939"}],"wp:attachment":[{"href":"https:\/\/www.reunion68.se\/index.php?rest_route=%2Fwp%2Fv2%2Fmedia&parent=118933"}],"wp:term":[{"taxonomy":"category","embeddable":true,"href":"https:\/\/www.reunion68.se\/index.php?rest_route=%2Fwp%2Fv2%2Fcategories&post=118933"},{"taxonomy":"post_tag","embeddable":true,"href":"https:\/\/www.reunion68.se\/index.php?rest_route=%2Fwp%2Fv2%2Ftags&post=118933"}],"curies":[{"name":"wp","href":"https:\/\/api.w.org\/{rel}","templated":true}]}}