{"id":118942,"date":"2025-02-05T17:00:46","date_gmt":"2025-02-05T15:00:46","guid":{"rendered":"http:\/\/www.reunion68.se\/?p=118942"},"modified":"2025-02-05T13:27:47","modified_gmt":"2025-02-05T11:27:47","slug":"05-00-104","status":"publish","type":"post","link":"https:\/\/www.reunion68.se\/?p=118942","title":{"rendered":"New Mural in Milan Against Antisemitism Vandalized, Stars of David Again Defaced"},"content":{"rendered":"<h5 style=\"text-align: center;\"><a href=\"https:\/\/www.algemeiner.com\/\" target=\"_blank\" rel=\"noopener noreferrer\"><img decoding=\"async\" class=\"center alignleft\" src=\"http:\/\/www.reunion68.com\/Biuletyn\/img\/algem.png\" alt=\"\" width=\"35%\"><\/a><span style=\"text-decoration: underline; color: #000080;\"><span style=\"text-decoration: underline;\"><strong><a style=\"color: #000080; text-decoration: underline;\" href=\"https:\/\/www.algemeiner.com\/2025\/02\/04\/new-mural-milan-against-antisemitism-vandalized-stars-david-defaced\/\" target=\"_blank\" rel=\"noopener noreferrer\">New Mural in Milan Against Antisemitism Vandalized, Stars of David Again Defaced<\/a><\/strong><\/span><\/span><\/h5>\n<p style=\"text-align: center;\"><span style=\"color: #000000;\"><strong>Shiryn Ghermezian<\/strong><\/span><\/p>\n<hr style=\"height: 15px; background: #d0e6fa; width: 100%;\">\n<div id=\"contactReporter\"><\/div>\n<div class=\"content clear\">\n<div id=\"post_content\">\n<div id=\"attachment_732781\" class=\"wp-caption alignnone\"><img decoding=\"async\" loading=\"lazy\" class=\"size-full wp-image-732781 ls-is-cached lazyloaded\" src=\"https:\/\/www.algemeiner.com\/wp-content\/uploads\/2025\/02\/Edith-Bruck-Liliana-Segre-Sami-Modiano-The-Simpsons-Mural-street-art-Auschwitz-aleXsandro-Palombo-Antisemitism-Web-2.jpg\" sizes=\"(max-width: 720px) 100vw, 720px\" srcset=\"https:\/\/www.algemeiner.com\/wp-content\/uploads\/2025\/02\/Edith-Bruck-Liliana-Segre-Sami-Modiano-The-Simpsons-Mural-street-art-Auschwitz-aleXsandro-Palombo-Antisemitism-Web-2.jpg 720w, https:\/\/www.algemeiner.com\/wp-content\/uploads\/2025\/02\/Edith-Bruck-Liliana-Segre-Sami-Modiano-The-Simpsons-Mural-street-art-Auschwitz-aleXsandro-Palombo-Antisemitism-Web-2-300x150.jpg 300w\" alt=\"\" width=\"720\" height=\"360\" aria-describedby=\"caption-attachment-732781\" data-src=\"https:\/\/www.algemeiner.com\/wp-content\/uploads\/2025\/02\/Edith-Bruck-Liliana-Segre-Sami-Modiano-The-Simpsons-Mural-street-art-Auschwitz-aleXsandro-Palombo-Antisemitism-Web-2.jpg\" data-srcset=\"https:\/\/www.algemeiner.com\/wp-content\/uploads\/2025\/02\/Edith-Bruck-Liliana-Segre-Sami-Modiano-The-Simpsons-Mural-street-art-Auschwitz-aleXsandro-Palombo-Antisemitism-Web-2.jpg 720w, https:\/\/www.algemeiner.com\/wp-content\/uploads\/2025\/02\/Edith-Bruck-Liliana-Segre-Sami-Modiano-The-Simpsons-Mural-street-art-Auschwitz-aleXsandro-Palombo-Antisemitism-Web-2-300x150.jpg 300w\" data-sizes=\"(max-width: 720px) 100vw, 720px\"><\/p>\n<p id=\"caption-attachment-732781\" class=\"wp-caption-text\"><em>The defaced mural \u201cHalt! Stoj!\u201d by AleXsandro Palombo. Photo: Provided<\/em><\/p>\n<\/div>\n<p><span style=\"color: #000080;\">Two more murals by Italian contemporary artist aleXsandro Palombo in Milan, Italy, that draw attention to antisemitism and the Holocaust were vandalized shortly after they debuted on International Holocaust Remembrance Day,&nbsp;<em>The Algemeiner<\/em>&nbsp;has learned.<\/span><\/p>\n<p><span style=\"color: #000080;\">In honor of the 80th anniversary of the liberation of the Auschwitz-Birkenau concentration camp on Jan. 27, Palombo created two large murals that focused on antisemitism and denial, and paid tribute to three of the last living Italian survivors of the Holocaust and the Auschwitz concentration camp. All the Stars of David on the two street artworks were defaced by vandals.<\/span><\/p>\n<p><span style=\"color: #000080;\">In the first mural, the large blue Star of David has been removed from the Israeli flag draped over the shoulders of Italian-Hungarian writer and poet Edith Bruck as she stands under the words \u201c<em>Arbeit macht frei\u201d<\/em>&nbsp;(\u201cWork makes you free\u201d), which is the motto featured on the main gate of Auschwitz. The mural is aptly titled \u201c<em>Arbeit macht frei.<\/em>\u201d<\/span><\/p>\n<p><span style=\"color: #000080;\">Palombo\u2019s second mural features Bruck as well as&nbsp;<a style=\"color: #000080;\" href=\"https:\/\/www.algemeiner.com\/2024\/01\/09\/italian-jewish-holocaust-survivor-senator-speaks-deep-melancholy-following-hamas-pogrom-israel\/\" target=\"_blank\" rel=\"noopener noreferrer\">Italian Senator Liliana Segre<\/a>&nbsp;and Italian author Sami Modiano. All three Holocaust survivors are depicted as characters from \u201cThe Simpsons\u201d \u2014 a popular style for Palombo \u2014 while dressed in striped concentration camp prisoner uniforms. They also wear bulletproof vests that have yellow Stars of David on them as they stand under the words \u201c<em>Arbeit macht frei.<\/em>\u201d<\/span><\/p>\n<p><span style=\"color: #000080;\">To the left of the three Holocaust survivors is a sign that says \u201cHalt! Stoj!\u201d with a skull and crossbones symbol, which is seen throughout the Auschwitz concentration camp. Pope Francis is additionally portrayed with a sign on his chest that reads \u201cantisemitism is everywhere\u201d while with his hand he shakes a bell, to warn the world about the spread of antisemitism. All the Stars of David on the mural \u2014 titled \u201cHalt! Stoj!\u201d \u2014 have also been removed by vandals.<\/span><\/p>\n<div id=\"attachment_732779\" class=\"wp-caption alignnone\"><img decoding=\"async\" loading=\"lazy\" class=\"size-large wp-image-732779 lazyloaded\" src=\"https:\/\/www.algemeiner.com\/wp-content\/uploads\/2025\/02\/Edith-Bruck-Mural-street-art-Auschwitz-aleXsandro-Palombo-Antisemitism-web-4-793x1024.jpg\" sizes=\"(max-width: 793px) 100vw, 793px\" srcset=\"https:\/\/www.algemeiner.com\/wp-content\/uploads\/2025\/02\/Edith-Bruck-Mural-street-art-Auschwitz-aleXsandro-Palombo-Antisemitism-web-4-793x1024.jpg 793w, https:\/\/www.algemeiner.com\/wp-content\/uploads\/2025\/02\/Edith-Bruck-Mural-street-art-Auschwitz-aleXsandro-Palombo-Antisemitism-web-4-232x300.jpg 232w, https:\/\/www.algemeiner.com\/wp-content\/uploads\/2025\/02\/Edith-Bruck-Mural-street-art-Auschwitz-aleXsandro-Palombo-Antisemitism-web-4-768x992.jpg 768w, https:\/\/www.algemeiner.com\/wp-content\/uploads\/2025\/02\/Edith-Bruck-Mural-street-art-Auschwitz-aleXsandro-Palombo-Antisemitism-web-4.jpg 1000w\" alt=\"\" width=\"793\" height=\"1024\" aria-describedby=\"caption-attachment-732779\" data-src=\"https:\/\/www.algemeiner.com\/wp-content\/uploads\/2025\/02\/Edith-Bruck-Mural-street-art-Auschwitz-aleXsandro-Palombo-Antisemitism-web-4-793x1024.jpg\" data-srcset=\"https:\/\/www.algemeiner.com\/wp-content\/uploads\/2025\/02\/Edith-Bruck-Mural-street-art-Auschwitz-aleXsandro-Palombo-Antisemitism-web-4-793x1024.jpg 793w, https:\/\/www.algemeiner.com\/wp-content\/uploads\/2025\/02\/Edith-Bruck-Mural-street-art-Auschwitz-aleXsandro-Palombo-Antisemitism-web-4-232x300.jpg 232w, https:\/\/www.algemeiner.com\/wp-content\/uploads\/2025\/02\/Edith-Bruck-Mural-street-art-Auschwitz-aleXsandro-Palombo-Antisemitism-web-4-768x992.jpg 768w, https:\/\/www.algemeiner.com\/wp-content\/uploads\/2025\/02\/Edith-Bruck-Mural-street-art-Auschwitz-aleXsandro-Palombo-Antisemitism-web-4.jpg 1000w\" data-sizes=\"(max-width: 793px) 100vw, 793px\"><\/p>\n<p id=\"caption-attachment-732779\" class=\"wp-caption-text\"><em>The defaced mural \u201cArbeit macht frei\u201d by AleXsandro Palombo. Photo: Provided<\/em><\/p>\n<\/div>\n<div id=\"attachment_732780\" class=\"wp-caption aligncenter\"><img decoding=\"async\" loading=\"lazy\" class=\"size-large wp-image-732780 lazyloaded\" src=\"https:\/\/www.algemeiner.com\/wp-content\/uploads\/2025\/02\/Pope-Francis-papa-Francesco-Edith-Bruck-Liliana-Segre-Sami-Modiano-The-Simpsons-Mural-street-art-Auschwitz-aleXsandro-Palombo-Antisemitism-web--889x1024.jpg\" sizes=\"(max-width: 889px) 100vw, 889px\" srcset=\"https:\/\/www.algemeiner.com\/wp-content\/uploads\/2025\/02\/Pope-Francis-papa-Francesco-Edith-Bruck-Liliana-Segre-Sami-Modiano-The-Simpsons-Mural-street-art-Auschwitz-aleXsandro-Palombo-Antisemitism-web--889x1024.jpg 889w, https:\/\/www.algemeiner.com\/wp-content\/uploads\/2025\/02\/Pope-Francis-papa-Francesco-Edith-Bruck-Liliana-Segre-Sami-Modiano-The-Simpsons-Mural-street-art-Auschwitz-aleXsandro-Palombo-Antisemitism-web--260x300.jpg 260w, https:\/\/www.algemeiner.com\/wp-content\/uploads\/2025\/02\/Pope-Francis-papa-Francesco-Edith-Bruck-Liliana-Segre-Sami-Modiano-The-Simpsons-Mural-street-art-Auschwitz-aleXsandro-Palombo-Antisemitism-web--768x885.jpg 768w, https:\/\/www.algemeiner.com\/wp-content\/uploads\/2025\/02\/Pope-Francis-papa-Francesco-Edith-Bruck-Liliana-Segre-Sami-Modiano-The-Simpsons-Mural-street-art-Auschwitz-aleXsandro-Palombo-Antisemitism-web-.jpg 1000w\" alt=\"\" width=\"889\" height=\"1024\" aria-describedby=\"caption-attachment-732780\" data-src=\"https:\/\/www.algemeiner.com\/wp-content\/uploads\/2025\/02\/Pope-Francis-papa-Francesco-Edith-Bruck-Liliana-Segre-Sami-Modiano-The-Simpsons-Mural-street-art-Auschwitz-aleXsandro-Palombo-Antisemitism-web--889x1024.jpg\" data-srcset=\"https:\/\/www.algemeiner.com\/wp-content\/uploads\/2025\/02\/Pope-Francis-papa-Francesco-Edith-Bruck-Liliana-Segre-Sami-Modiano-The-Simpsons-Mural-street-art-Auschwitz-aleXsandro-Palombo-Antisemitism-web--889x1024.jpg 889w, https:\/\/www.algemeiner.com\/wp-content\/uploads\/2025\/02\/Pope-Francis-papa-Francesco-Edith-Bruck-Liliana-Segre-Sami-Modiano-The-Simpsons-Mural-street-art-Auschwitz-aleXsandro-Palombo-Antisemitism-web--260x300.jpg 260w, https:\/\/www.algemeiner.com\/wp-content\/uploads\/2025\/02\/Pope-Francis-papa-Francesco-Edith-Bruck-Liliana-Segre-Sami-Modiano-The-Simpsons-Mural-street-art-Auschwitz-aleXsandro-Palombo-Antisemitism-web--768x885.jpg 768w, https:\/\/www.algemeiner.com\/wp-content\/uploads\/2025\/02\/Pope-Francis-papa-Francesco-Edith-Bruck-Liliana-Segre-Sami-Modiano-The-Simpsons-Mural-street-art-Auschwitz-aleXsandro-Palombo-Antisemitism-web-.jpg 1000w\" data-sizes=\"(max-width: 889px) 100vw, 889px\"><\/p>\n<p id=\"caption-attachment-732780\" class=\"wp-caption-text\"><em>The defaced mural \u201cHalt! Stoj!\u201d by AleXsandro Palombo. Photo: Provided<\/em><\/p>\n<\/div>\n<p style=\"text-align: left;\"><span style=\"color: #000080;\">Last year, another mural by Palombo about antisemitism and the Holocaust was&nbsp;<a style=\"color: #000080;\" href=\"https:\/\/www.algemeiner.com\/2024\/11\/13\/mural-italian-holocaust-survivors-defaced-milan\/\" target=\"_blank\" rel=\"noopener noreferrer\">repeatedly defaced<\/a>&nbsp;in Milan in Novemberand then&nbsp;<a style=\"color: #000080;\" href=\"https:\/\/www.algemeiner.com\/2024\/12\/23\/mural-holocaust-survivors-italy-completely-painted-over-antisemitic-vandalism\/\" target=\"_blank\" rel=\"noopener noreferrer\">completed painted over<\/a>&nbsp;by antisemites in December. He has since recreated that defaced mural, and it was&nbsp;<a style=\"color: #000080;\" href=\"https:\/\/www.algemeiner.com\/2025\/01\/30\/shoah-museum-rome-acquires-exhibits-mural-holocaust-survivors-repeatedly-defaced-milan\/\" target=\"_blank\" rel=\"noopener noreferrer\">recently acquired<\/a>&nbsp;by the Shoah Museum in Rome, where it will be a part of the institution\u2019s permanent collection. It is now on display in front of the ancient complex Portico d\u2019Ottavia in the historic Jewish ghetto of Rome.<\/span><\/p>\n<p style=\"text-align: left;\"><span style=\"color: #000080;\">\u201cThe repeated attacks on works of street art dedicated to the memory [of the Holocaust] and portraying survivors of Auschwitz not only cause infinite bitterness, but also show how the value of democracy and all our freedoms are in danger,\u201d Palombo said in a statement. \u201cSegre wanted the word \u2018indifference\u2019 to become a warning, the key to understanding the cause of evil, and it is clear that those who continue to be indifferent to these repeated antisemitic outrages become accomplices to this terrible social, civil and cultural drift.\u201d<\/span><\/p>\n<p style=\"text-align: left;\"><span style=\"color: #000080;\">Mario Venezia, president of the Shoah Museum in Rome, described the vandalism of Palombo\u2019s new murals as \u201cdespicable.\u201d She said the museum is working with Palombo to recreate the defaced artworks.<\/span><\/p>\n<p style=\"text-align: left;\"><span style=\"color: #000080;\">\u201cEdith Bruck, Liliana Segre, and Sami Modiano, with their tireless commitment to dialogue, have always chosen the path of constructive confrontation, speaking to thousands of young people and interacting with civil and religious institutions. And yet the acrimony of the haters has struck again, defacing the works that the artist aleXsandro Palombo had dedicated to them,\u201d she said. \u201cThis time, too, we will not remain silent. We are already working to restore what has been violated, forcefully reaffirming our message. We do so to honor the survivors, to send a clear signal to those who attack the memory [of the Holocaust] and to all those young people who, with passion and respect, support its value and legacy.\u201d<\/span><\/p>\n<p style=\"text-align: left;\"><span style=\"color: #000080;\">Palombo has included a \u201cSimpson\u201d reference in many of his artworks. For a mural created at the Iranian Consulate in Milan in 2022, he created a lookalike of Marge Simpson but had her iconic hair cut&nbsp;<a style=\"color: #000080;\" href=\"https:\/\/www.algemeiner.com\/2023\/09\/06\/uncle-mahsa-amini-whose-death-sparked-protests-across-iran-arrested-regime-ahead-anniversary\/\" target=\"_blank\" rel=\"noopener noreferrer\">in solidarity with Mahsa Amini<\/a>, the 22-year-old Iranian woman who died while in custody of Iran\u2019s morality police for not wearing a hijab correctly in accordance with the country\u2019s Islamic laws. Carolyn Omine, the executive producer of \u201cThe Simpsons,\u201d shared<a style=\"color: #000080;\" href=\"https:\/\/x.com\/CarolynOmine\/status\/1578110392168898560?cxt=HHwWgICj2cvCyeYrAAAA\" target=\"_blank\" rel=\"noopener noreferrer\">&nbsp;images<\/a>&nbsp;of the mural on X.<\/span><\/p>\n<p style=\"text-align: left;\"><span style=\"color: #000080;\">Palombo has regularly created social-political art throughout his 30-year career. In 2015, he created a series of works titled \u201cNever Again, The Simpsons deported to Auschwitz\u201d and painted part of the series on the walls of the Shoah Memorial in Milan in honor of Holocaust Remembrance Day in 2023. That mural has been defaced five times, including once when vandals wrote \u201cW Hitler\u201d and \u201cF\u2014k Israel\u201d over the artwork.<\/span><\/p>\n<p style=\"text-align: left;\"><span style=\"color: #000080;\">In October 2024, Palombo\u2019s mural that highlighted Vlada Patapov \u2014 a survivor of the Nova music festival massacre that took place during the Hamas-led terrorist attack in Israel on Oct. 7, 2023, \u2014 was also&nbsp;<a style=\"color: #000080;\" href=\"https:\/\/www.instagram.com\/p\/DA21WGOs1nT\/?img_index=3\" target=\"_blank\" rel=\"noopener noreferrer\">defaced<\/a>&nbsp;by vandals. In November 2023, a month after the start of the Israel-Hamas war, Palombo painted&nbsp;<a style=\"color: #000080;\" href=\"https:\/\/www.instagram.com\/p\/Cza8YbXs7Mx\/?img_index=3\" target=\"_blank\" rel=\"noopener noreferrer\">a mural<\/a> that featured Holocaust victim and teenage diarist Anne Frank next to a girl from the Gaza Strip. He made a second mural of a boy from Gaza dressed as a Hamas terrorist. The boy stands next to an adult terrorist and together they point their guns at a young Jewish boy from the Warsaw Ghetto during the Holocaust.<\/span><\/p>\n<\/div>\n<\/div>\n<hr style=\"height: 15px; background: #d0e6fa; width: 100%;\">\n<div id=\"content\" class=\"content-alignment\">\n<div id=\"watch-description\" class=\"yt-uix-button-panel\">\n<div id=\"watch-description-text\" style=\"text-align: center;\">\n<p><em>Zawarto\u015b\u0107 publikowanych artyku\u0142\u00f3w i materia\u0142\u00f3w nie reprezentuje pogl\u0105d\u00f3w ani opinii Reunion&#8217;68,<\/em><em><br \/>\nani te\u017c webmastera Blogu Reunion&#8217;68, chyba ze jest to wyra\u017anie zaznaczone.<br \/>\nTwoje uwagi, linki, w\u0142asne artyku\u0142y lub wiadomo\u015bci prze\u015blij na adres:<br \/>\n<\/em><span style=\"color: #000080;\"><strong><em><a style=\"color: #000080;\" href=\"mailto:webmaster@reunion68.com\"><span style=\"text-decoration: underline;\">webmaster@reunion68.com<\/span><\/a><\/em><\/strong><\/span><\/p>\n<\/div>\n<\/div>\n<\/div>\n<hr style=\"width: 100%;\">\n","protected":false},"excerpt":{"rendered":"<p>New Mural in Milan Against Antisemitism Vandalized, Stars of David Again Defaced Shiryn Ghermezian The defaced mural \u201cHalt! Stoj!\u201d by AleXsandro Palombo. Photo: Provided Two more murals by Italian contemporary artist aleXsandro Palombo in Milan, Italy, that draw attention to antisemitism and the Holocaust were vandalized shortly after they debuted on International Holocaust Remembrance Day,&nbsp;The [&hellip;]<\/p>\n","protected":false},"author":1,"featured_media":0,"comment_status":"closed","ping_status":"closed","sticky":false,"template":"","format":"standard","meta":[],"categories":[6],"tags":[26,24],"_links":{"self":[{"href":"https:\/\/www.reunion68.se\/index.php?rest_route=\/wp\/v2\/posts\/118942"}],"collection":[{"href":"https:\/\/www.reunion68.se\/index.php?rest_route=\/wp\/v2\/posts"}],"about":[{"href":"https:\/\/www.reunion68.se\/index.php?rest_route=\/wp\/v2\/types\/post"}],"author":[{"embeddable":true,"href":"https:\/\/www.reunion68.se\/index.php?rest_route=\/wp\/v2\/users\/1"}],"replies":[{"embeddable":true,"href":"https:\/\/www.reunion68.se\/index.php?rest_route=%2Fwp%2Fv2%2Fcomments&post=118942"}],"version-history":[{"count":7,"href":"https:\/\/www.reunion68.se\/index.php?rest_route=\/wp\/v2\/posts\/118942\/revisions"}],"predecessor-version":[{"id":119051,"href":"https:\/\/www.reunion68.se\/index.php?rest_route=\/wp\/v2\/posts\/118942\/revisions\/119051"}],"wp:attachment":[{"href":"https:\/\/www.reunion68.se\/index.php?rest_route=%2Fwp%2Fv2%2Fmedia&parent=118942"}],"wp:term":[{"taxonomy":"category","embeddable":true,"href":"https:\/\/www.reunion68.se\/index.php?rest_route=%2Fwp%2Fv2%2Fcategories&post=118942"},{"taxonomy":"post_tag","embeddable":true,"href":"https:\/\/www.reunion68.se\/index.php?rest_route=%2Fwp%2Fv2%2Ftags&post=118942"}],"curies":[{"name":"wp","href":"https:\/\/api.w.org\/{rel}","templated":true}]}}