{"id":119007,"date":"2025-02-03T17:09:42","date_gmt":"2025-02-03T15:09:42","guid":{"rendered":"http:\/\/www.reunion68.se\/?p=119007"},"modified":"2025-02-03T11:08:44","modified_gmt":"2025-02-03T09:08:44","slug":"03-09-103","status":"publish","type":"post","link":"https:\/\/www.reunion68.se\/?p=119007","title":{"rendered":"Zazdro\u015b\u0107 o Holokaust Dlaczego antyizraelska t\u0142uszcza atakuje \u017byd\u00f3w ich w\u0142asn\u0105 histori\u0105?"},"content":{"rendered":"<p style=\"text-align: center;\"><img decoding=\"async\" class=\"aligncenter\" src=\"https:\/\/www.spiked-online.com\/wp-content\/uploads\/2025\/01\/gaza-holocaust-1536x922.jpg\" width=\"100%\" \/><span style=\"color: #808080;\"><em>Rozdzia\u0142 z ksi\u0105\u017cki Brendana O&#8217;Neilla After the Pogrom: 7 October, Israel and the Crisis of Civilisation (Po pogromie: 7 pa\u017adziernika, Izrael i kryzys cywilizacji) opublikowany w \u201eSpiked\u201d z okazji Dnia Pami\u0119ci o Holokau\u015bcie.<\/em><\/span><\/p>\n<hr \/>\n<h5 style=\"text-align: center;\"><a href=\"https:\/\/www.listyznaszegosadu.pl\/\" target=\"_blank\" rel=\"noopener noreferrer\"><img decoding=\"async\" class=\"center alignleft\" src=\"http:\/\/www.reunion68.com\/Biuletyn\/img\/z-naszego.jpg\" alt=\"\" width=\"50%\" \/><\/a><span style=\"text-decoration: underline; color: #000080;\"><strong><a style=\"color: #000080; text-decoration: underline;\" href=\"https:\/\/www.listyznaszegosadu.pl\/brunatna-fala\/zazdrosc-o-holokaustdlaczego-antyizraelska-tluszcza-atakuje-zydalw-ich-wlasna-historia\" target=\"_blank\" rel=\"noopener noreferrer\">Zazdro\u015b\u0107 o Holokaust<br \/>\nDlaczego antyizraelska t\u0142uszcza atakuje \u017byd\u00f3w ich w\u0142asn\u0105 histori\u0105?<\/a><\/strong><\/span><\/h5>\n<p style=\"text-align: center;\"><span style=\"color: #000000;\"><strong>Brendan O&#8217;Neill<br \/>\n<\/strong><em><span style=\"color: #808080;\">T\u0142umaczenie: <\/span><\/em><strong>Ma\u0142gorzata Koraszewska<\/strong><\/span><\/p>\n<hr style=\"height: 15px; background: #d0e6fa; width: 100%;\" \/>\n<div class=\"templateArticleIngress\">\n<p style=\"text-align: left;\"><span style=\"color: #000080;\">Jedn\u0105 z najbardziej uderzaj\u0105cych rzeczy po 7 pa\u017adziernika by\u0142o milczenie poszukiwaczy faszyzmu. Znasz tych ludzi. To centry\u015bci i libera\u0142owie, kt\u00f3rzy widz\u0105 faszyzm wsz\u0119dzie. Kt\u00f3rzy my\u015bl\u0105, \u017ce wszystko jest \u201ejak w latach 1930.\u201d G\u0142osowanie za Brexitem, g\u0142osowanie na Donalda Trumpa, wzrost popularno\u015bci partii populistycznych w Europie \u2013 wszystko to przypomina im lata nazistowskie. A jednak, gdy islamofaszy\u015bci z Hamasu szturmowali pa\u0144stwo \u017cydowskie i wymordowali ponad tysi\u0105c \u017byd\u00f3w, ci ludzie nagle ucichli. Koniec z rozmowami o nazistach. Koniec z ostrze\u017ceniami za\u0142amuj\u0105cym si\u0119 g\u0142osem przed powrotem do \u201eciemnych dni lat 1930.\u201d Koniec z za\u0142amywaniem r\u0105k nad \u201enowymi Hitlerami\u201d. Wydaje si\u0119, \u017ce dla pewnego rodzaju libera\u0142\u00f3w wszystko jest faszyzmem, z wyj\u0105tkiem faszyzmu.<\/span><\/p>\n<\/div>\n<p style=\"text-align: left;\">\n<div class=\"templateArticleBrodtext\">\n<p style=\"text-align: left;\"><span style=\"color: #000080;\">To s\u0105 ludzie, kt\u00f3rzy \u0142ykali\u00a0artyku\u0142y\u00a0\u201eGuardiana\u201d z nag\u0142\u00f3wkami takimi jak\u201e<a style=\"color: #000080;\" href=\"https:\/\/www.theguardian.com\/us-news\/article\/2024\/jun\/03\/donald-trump-hitler-similarities\" target=\"_blank\" rel=\"noopener noreferrer\">The reich stuff<\/a>\u00a0\u201d, badaj\u0105c rzekome \u201epodobie\u0144stwa mi\u0119dzy Donaldem Trumpem a Adolfem Hitlerem\u201d. To ludzie, kt\u00f3rzy energicznie kiwali g\u0142owami, gdy rzecznik Joe Bidena ostro krytykowa\u0142 Trumpa za papugowanie \u201eautokratycznego j\u0119zyka Adolfa Hitlera\u201d. To ludzie, kt\u00f3rzy bez w\u0105tpienia pozwolili sobie na chichot, gdy ujawniono, \u017ce pracownicy Bidena za zamkni\u0119tymi drzwiami nazywaj\u0105 Trumpa \u201e<a style=\"color: #000080;\" href=\"https:\/\/www.theguardian.com\/us-news\/2022\/aug\/26\/biden-trump-republicans-fascism-speech-maryland\" target=\"_blank\" rel=\"noopener noreferrer\">hitlerowsk\u0105 \u015bwini\u0105<\/a>\u201d. To samozwa\u0144czy \u201eczujni\u201d cz\u0142onkowie szanowanego spo\u0142ecze\u0144stwa, kt\u00f3rzy wiwatowali, gdy Biden opisa\u0142 trumpizm jako \u201ep\u00f3\u0142faszyzm\u201d, kt\u00f3ry zagra\u017ca \u201eduszy\u201d wolnego \u015bwiata.<\/span><\/p>\n<p style=\"text-align: left;\">\n<p style=\"text-align: left;\"><span style=\"color: #000080;\">To popieraj\u0105ca Uni\u0119 Europejsk\u0105 klasa \u015brednia, kt\u00f3ra martwi\u0142a si\u0119 g\u0142osowaniem za Brexitem, postrzegaj\u0105c go jako \u201epowr\u00f3t do lat 1930.\u201d To czytelnicy gazet, kt\u00f3rzy pomrukiwali zgodnie z nag\u0142\u00f3wkami m\u00f3wi\u0105cymi, \u017ce istniej\u0105 \u201eprzera\u017caj\u0105ce paralele mi\u0119dzy Brexitem a ug\u0142askiwaniem Hitlera\u201d. To antyrojali\u015bci, kt\u00f3rzy po raz pierwszy zgodzili si\u0119 z ksi\u0105\u017c\u0119tami, gdy Karol, (w\u00f3wczas jeszcze jako ksi\u0105\u017c\u0119 Walii), powiedzia\u0142, \u017ce populizm ma \u201e<a style=\"color: #000080;\" href=\"https:\/\/www.telegraph.co.uk\/news\/2016\/12\/22\/prince-charles-warns-return-dark-days-1930s-inthought-day-message\/\" target=\"_blank\" rel=\"noopener noreferrer\">g\u0142\u0119boko niepokoj\u0105ce echa mrocznych dni lat 1930.<\/a>\u201d To weekendowi uczestnicy marsz\u00f3w, kt\u00f3rzy uczestniczyli w antytrumpowskich demonstracjach, gdzie machali transparentami przedstawiaj\u0105cymi Trumpa z hitlerowskim w\u0105sikiem, oraz w protestach antybrexitowych, na kt\u00f3rych m\u00f3wcy wyg\u0142aszali ponure ostrze\u017cenia przed naszym stoczeniem si\u0119 w hitlerowsk\u0105 mani\u0119.<\/span><\/p>\n<p style=\"text-align: left;\"><span style=\"color: #000080;\">By\u0142 czas, kiedy nie mo\u017cna by\u0142o otworzy\u0107 gazety ani przejrze\u0107 medi\u00f3w spo\u0142eczno\u015bciowych bez zobaczenia jakiego\u015b zbola\u0142ego libera\u0142a rozwodz\u0105cego si\u0119 nad tym, jak populizm wci\u0105gnie nas z powrotem do oboz\u00f3w zag\u0142ady. Panika faszystowska by\u0142a modna w tamtych czasach. A potem si\u0119 sko\u0144czy\u0142a. Po pogromie 7 pa\u017adziernika \u2013 najgorszym akcie rzezi na \u017bydach od po\u0142owy XX wieku, o kt\u00f3rym ci ludzie tak lubi\u0105 m\u00f3wi\u0107 \u2013 ich gadanina o faszyzmie wyparowa\u0142a. W rzeczywisto\u015bci zacz\u0119li ostrzega\u0107 ludzi, aby nie u\u017cywali analogii nazistowskich. Ostrzega\u0107 przed por\u00f3wnywaniem 7 pa\u017adziernika do lat 1930. Nie zajmowa\u0107 si\u0119 tymi samymi obawami o faszyzm, kt\u00f3re by\u0142y chlebem powszednim ich w\u0142asnych komentarzy politycznych przez lata.<\/span><\/p>\n<p style=\"text-align: left;\">\n<p style=\"text-align: left;\"><span style=\"color: #000080;\">Zaledwie dwa tygodnie po pogromie,\u00a0\u201eGuardian\u201d\u00a0opublikowa\u0142 artyku\u0142 pot\u0119piaj\u0105cy Izrael za \u201e<a style=\"color: #000080;\" href=\"https:\/\/www.theguardian.com\/commentisfree\/2023\/oct\/24\/israel-gaza-palestinians-holocaust\" target=\"_blank\" rel=\"noopener noreferrer\">u\u017cywanie Holokaustu jako broni<\/a>\u201d w jego reakcji na atak Hamasu. Twierdzi\u0142, \u017ce jest oburzaj\u0105ce, \u017ce izraelscy przyw\u00f3dcy por\u00f3wnuj\u0105 Hamas do faszystowskich Niemiec, a tym samym przedstawiaj\u0105 Izrael jako \u201ebezsilnych \u017byd\u00f3w w walce z nazistami\u201d. To ten sam\u00a0\u201eGuardian\u201d, kt\u00f3ry od lat wspomina\u0142 Holokaust przy byle okazji. Kt\u00f3ry po g\u0142osowaniu za Brexitem opublikowa\u0142 artyku\u0142y pytaj\u0105ce \u201eCzy \u017cyjemy w latach 1930.?\u201d. Kt\u00f3ry\u00a0<a style=\"color: #000080;\" href=\"https:\/\/www.theguardian.com\/commentisfree\/2018\/jun\/22\/trump-world-1930s-children-parents-europe-migrants\" target=\"_blank\" rel=\"noopener noreferrer\">opublikowa\u0142 artyku\u0142y<\/a>\u00a0m\u00f3wi\u0105ce, \u017ce z powodu Trumpa \u201e\u015bwiat mo\u017ce wr\u00f3ci\u0107 do lat 1930.\u201d Jednak gdy Izraelczycy zasugerowali, \u017ce rze\u017a tysi\u0105ca \u017byd\u00f3w dokonana przez faszystowskich zbir\u00f3w z no\u017cami, pistoletami i wyrzutniami rakiet nieco przypomina\u0142a lata 1930., \u201eGuardian\u201d cmokn\u0105\u0142 z niezadowoleniem.<\/span><\/p>\n<p style=\"text-align: left;\"><span style=\"color: #000080;\">Wydaje si\u0119, \u017ce mo\u017cna rozmy\u015bla\u0107 o \u201ezwi\u0105zkach z\u00a0<em>reich<\/em>\u201d trumpizmu i Brexitu. Ale jest straszne \u2013 w istocie, \u201eniebezpieczne\u201d \u2013 kiedy pa\u0144stwo \u017cydowskie m\u00f3wi, \u017ce mordercy \u017byd\u00f3w, kt\u00f3rzy najechali jego ziemie 7 pa\u017adziernika, powtarzali z\u0142o nazistowskich Niemiec. Czy redaktorzy \u201eGuardiana\u201d nie uwa\u017caj\u0105, \u017ce Hamas ma zwi\u0105zek z \u201e<em>reich<\/em>\u201d? \u017be ten ruch, kt\u00f3rego karta za\u0142o\u017cycielska obiecuje \u201ewalk\u0119 z \u017bydami i zabijanie ich\u201d, jest przynajmniej troch\u0119 hitlerowski? A co z tym uczestnikiem pogromu, kt\u00f3ry 7 pa\u017adziernika zrobi\u0142 sobie przerw\u0119 w niew\u0105tpliwie wyczerpuj\u0105cym barbarzy\u0144stwie, \u017ceby zadzwoni\u0107 do domu i\u00a0<a style=\"color: #000080;\" href=\"https:\/\/www.fdd.org\/analysis\/2023\/11\/08\/no-one-can-deny-hamas-aim-is-to-kill-jews-it-fully-admits-it\/\" target=\"_blank\" rel=\"noopener noreferrer\">pochwali\u0107 si\u0119 rodzicom,<\/a>\u00a0\u017ce \u201ew\u0142asnymi r\u0119kami zabi\u0142 10 [\u017byd\u00f3w]\u201d? Czy nazwaliby go \u201ehitlerowsk\u0105 \u015bwini\u0105\u201d, jak bez w\u0105tpienia lubi\u0105 s\u0142ysze\u0107, \u017ce tak pracownicy Bidena m\u00f3wi\u0105 o Trumpie?<\/span><\/p>\n<\/div>\n<div class=\"webnewsArticleImageContainer \">\n<div>\n<div class=\"webnewsArticleImage\" style=\"text-align: center;\"><img decoding=\"async\" class=\"aligncenter\" src=\"https:\/\/www.listyznaszegosadu.pl\/upload\/article\/bild\/8613\/1078851\/b1_s.png\" alt=\"\" width=\"100%\" border=\"0\" \/><span style=\"color: #808080;\"><em>Zwolennicy pozostania w UE protestuj\u0105, pokazuj\u0105c zdj\u0119cie Johnsona jako Hitlera przed parlamentem, 3 wrze\u015bnia 2019 r., w Westminster, w Londynie.<\/em><\/span><\/div>\n<\/div>\n<\/div>\n<div class=\"templateArticleBrodtext\">\n<p style=\"text-align: left;\"><span style=\"color: #000080;\">Inne centrowe publikacje, kt\u00f3re r\u00f3wnie\u017c sp\u0119dzi\u0142y er\u0119 populistyczn\u0105 w panice przed reanimacj\u0105 faszyzmu, te\u017c sta\u0142y si\u0119 pow\u015bci\u0105gliwe po wydarzeniach z 7 pa\u017adziernika. Autor artyku\u0142u w\u00a0<a style=\"color: #000080;\" href=\"https:\/\/time.com\/6336249\/oct-7-gaza-holocaust-essay\/\" target=\"_blank\" rel=\"noopener noreferrer\">magazynie\u00a0<\/a>\u201e<a style=\"color: #000080;\" href=\"https:\/\/time.com\/6336249\/oct-7-gaza-holocaust-essay\/\" target=\"_blank\" rel=\"noopener noreferrer\">Time<\/a>\u201d\u00a0grzmia\u0142 o \u201eniebezpiecze\u0144stwie\u201d \u201eu\u017cywania analogii do Holokaustu w tej chwili\u201d. Jeste\u015bmy \u015bwiadkami \u201ewpychania Holokaustu\u201d do \u201eizraelskiej psychiki\u201d, powiedzia\u0142, kiedy izraelscy przyw\u00f3dcy \u201ewykorzystuj\u0105 traum\u0119 historyczn\u0105 do realizacji swoich plan\u00f3w\u201d. Skrytykowa\u0142 ambasadora Izraela przy ONZ za noszenie \u017c\u00f3\u0142tej gwiazdy podczas przem\u00f3wienia przed Rad\u0105 Bezpiecze\u0144stwa trzy tygodnie po pogromie \u2013 powiedziano nam, \u017ce \u201enie jest to proporcjonalne por\u00f3wnanie historyczne\u201d.<\/span><\/p>\n<p style=\"text-align: left;\"><span style=\"color: #000080;\">Czy to ten sam\u00a0\u201eTime\u201d, kt\u00f3ry tak bardzo pokocha\u0142 opis Donalda Trumpa autorstwa komika Louisa CK, \u017ce umie\u015bci\u0142 go pod nag\u0142\u00f3wkiem: \u201eTen facet to Hitler\u201d? Ten sam\u00a0\u201eTime\u201d, w kt\u00f3rym\u00a0<a style=\"color: #000080;\" href=\"https:\/\/time.com\/4690676\/donald-trump-tyranny\/\" target=\"_blank\" rel=\"noopener noreferrer\">pisz\u0105cy ostrzega\u0142<\/a>, \u017ce Trump w Bia\u0142ym Domu reprezentuje \u201enowy \u015bwit tyranii\u201d, kt\u00f3ry przypomina \u201ewzrost faszyzmu w latach 20. i 30. XX wieku\u201d? Czy zatem do \u201epsychiki\u201d \u201eTime\u2019a\u201d\u00a0r\u00f3wnie\u017c \u201ewepchni\u0119to Holokaust\u201d? Czy te\u017c tylko wtedy, gdy pa\u0144stwo \u017cydowskie pos\u0142uguje si\u0119 analogiami do faszyzmu, musimy si\u0119gn\u0105\u0107 po analiz\u0119 freudowsk\u0105?<\/span><\/p>\n<p style=\"text-align: left;\">\n<p style=\"text-align: left;\"><span style=\"color: #000080;\">\u201eBusiness Insider\u201d\u00a0r\u00f3wnie\u017c\u00a0<a style=\"color: #000080;\" href=\"https:\/\/www.businessinsider.com\/israeli-envoy-disgraced-holocaust-memory-by-wearing-yellow-star-museum-2023-10\" target=\"_blank\" rel=\"noopener noreferrer\">oburzy\u0142 si\u0119<\/a>\u00a0na \u017c\u00f3\u0142t\u0105 gwiazd\u0119 izraelskiego ambasadora w ONZ, donosz\u0105c, \u017ce \u201ezha\u0144bi\u0142 pami\u0119\u0107 o Holokau\u015bcie\u201d, \u201epor\u00f3wnuj\u0105c wojn\u0119 z Hamasem do II wojny \u015bwiatowej\u201d. To ten sam\u00a0\u201eBusiness Insider\u201d, kt\u00f3ry od lat produkuje Trumpa\/Hitlera jako przyn\u0119t\u0119 na klikni\u0119cia. Kt\u00f3ry donosi\u0142, \u017ce retoryka Trumpa \u201ecoraz bardziej przypomina nazistowskie tematy\u201d. W antytrumpowskich mediach spo\u0142eczno\u015bciowych zamieszanie\u00a0<a style=\"color: #000080;\" href=\"https:\/\/www.yahoo.com\/news\/donald-trump-wants-supporters-carry-093725883.html\" target=\"_blank\" rel=\"noopener noreferrer\">spowodowa\u0142y<\/a>\u00a0\u201ekarty Trumpa\u201d, do noszenia kt\u00f3rych w portfelach zach\u0119ca si\u0119 jego zwolennik\u00f3w, maj\u0105 \u201ez\u0142otego or\u0142a z g\u0142ow\u0105 zwr\u00f3con\u0105 w prawo\u201d, kt\u00f3ry przypomina \u00a0or\u0142a\u00a0<em>Reichsadler<\/em>\u00a0z czas\u00f3w nazistowskich\u00a0, kt\u00f3ry \u201er\u00f3wnie\u017c patrzy\u0142 w prawo\u201d.<\/span><\/p>\n<p style=\"text-align: left;\"><span style=\"color: #000080;\">Czy to tak\u017ce \u201eha\u0144bi pami\u0119\u0107 o Holokau\u015bcie\u201d? Czy to nieustanne przywo\u0142ywanie najciemniejszego momentu w historii ludzko\u015bci, aby zada\u0107 kilka cios\u00f3w cz\u0142owiekowi, kt\u00f3rego elity uwielbiaj\u0105 nienawidzi\u0107 do tego stopnia, \u017ce szale\u0144czo sugeruj\u0105, i\u017c wizerunek or\u0142a na jakich\u015b plastikowych kartach mo\u017ce by\u0107 chytrym pok\u0142onem w stron\u0119 nazizmu, r\u00f3wnie\u017c poni\u017cy\u0142o historyczn\u0105 pami\u0119\u0107 o Holokau\u015bcie? Czy te\u017c jest to problematyczne tylko wtedy, gdy nar\u00f3d zbudowany przez ocala\u0142ych z Holokaustu i ich potomk\u00f3w m\u00f3wi, \u017ce co\u015b w tera\u017aniejszo\u015bci przypomina Holokaust?<\/span><\/p>\n<p style=\"text-align: left;\">\n<p style=\"text-align: left;\"><span style=\"color: #000080;\">Nag\u0142e zaniem\u00f3wienie centryst\u00f3w, kt\u00f3rzy przestali m\u00f3wi\u0107 o nazistach, podsumowuje posta\u0107 Gary&#8217;ego Linekera. To czo\u0142owy komentator sportowy BBC, kt\u00f3rego za\u0142amywanie r\u0105k w mediach spo\u0142eczno\u015bciowych nad torysami i Brexitem uczyni\u0142o moralnym sumieniem przygn\u0119bionych brytyjskich libera\u0142\u00f3w. Wywo\u0142a\u0142 burz\u0119 na pocz\u0105tku 2023 r., kiedy powiedzia\u0142, \u017ce \u00f3wczesna minister spraw wewn\u0119trznych, Suella Braverman, u\u017cy\u0142a j\u0119zyka, kt\u00f3ry \u201enie r\u00f3\u017cni\u0142 si\u0119 od tego u\u017cywanego przez Niemcy w latach 1930.\u201d Braverman wyg\u0142osi\u0142a przem\u00f3wienie, w kt\u00f3rym obieca\u0142a \u201ezatrzyma\u0107 \u0142odzie\u201d z nielegalnymi imigrantami, kt\u00f3re cz\u0119sto wyp\u0142ywa\u0142y z Francji do Anglii. To w\u0142a\u015bnie ta propozycja polityki lepszego nadzoru granic Wielkiej Brytanii sprawi\u0142a, \u017ce Lineker poczu\u0142 si\u0119 przeniesiony w jaki\u015b rodzaj faszystowskiego cosplayu.<\/span><\/p>\n<p style=\"text-align: left;\"><span style=\"color: #000080;\">Bior\u0105c pod uwag\u0119 jego wra\u017cliwo\u015b\u0107 na rzeczy, kt\u00f3re \u201enie r\u00f3\u017cni\u0105 si\u0119\u201d od lat 1930., mo\u017cna by si\u0119 spodziewa\u0107, \u017ce b\u0119dzie mia\u0142 co\u015b do powiedzenia zaledwie kilka miesi\u0119cy p\u00f3\u017aniej, w 2023 r., kiedy Hamas dokona\u0142 najgorszego masowego mordu \u017byd\u00f3w od czas\u00f3w nazistowskich. Kiedy z\u0142apano m\u0142odych \u017byd\u00f3w na festiwalu muzycznym i wsadzono do ci\u0119\u017car\u00f3wek, \u017ceby przewie\u017a\u0107 ich na terytorium wroga. Kiedy p\u0142on\u0119\u0142y domy \u017byd\u00f3w, podpalone przez grasuj\u0105c\u0105 t\u0142uszcz\u0119 &#8211; cz\u0142onk\u00f3w organizacji, kt\u00f3rej przyw\u00f3dcy namawiaj\u0105 ludzi do kupowania tanich no\u017cy i \u201e<a style=\"color: #000080;\" href=\"https:\/\/nypost.com\/2021\/05\/12\/hamas-official-tells-people-to-cut-off-the-heads-of-jews-report\/\" target=\"_blank\" rel=\"noopener noreferrer\">obcinania g\u0142\u00f3w \u017bydom<\/a>\u201d. Ale nie. Kana\u0142 spo\u0142eczno\u015bciowy Linekera by\u0142 dziwnie wolny od polityki po pogromie. Promowa\u0142 swoje r\u00f3\u017cne podcasty i gratulowa\u0142 Tottenham Hotspur dotarcia na szczyt Premier League, ale najwyra\u017aniej nie m\u00f3g\u0142 znale\u017a\u0107 czasu, aby skomentowa\u0107 zbrodni\u0119, kt\u00f3ra naprawd\u0119 \u201enie r\u00f3\u017cni\u0142a si\u0119\u201d od lat 1930.<\/span><\/p>\n<p style=\"text-align: left;\">\n<p style=\"text-align: left;\"><span style=\"color: #000080;\">Jak mamy zrozumie\u0107 ten nag\u0142y zanik mody na analogie nazistowskie? Dlaczego przez lata uwa\u017cano za uzasadnione odwo\u0142ywanie si\u0119 do lat 1930. w ka\u017cdej dyskusji o populizmie, a teraz m\u00f3wiono nam, \u017ce jest \u201eniebezpieczne\u201d, \u201ehaniebne\u201d i \u201ewypaczaj\u0105ce\u201d dla Izraela i jego zwolennik\u00f3w wypowiadanie s\u0142\u00f3w \u201eHamas\u201d i \u201enazista\u201d jednym tchem? Dlaczego liberalnym elitom wolno by\u0142o u\u017cywa\u0107 widma Holokaustu, aby podkre\u015bli\u0107 sw\u00f3j zaciek\u0142y sprzeciw wobec Brexitu i Trumpa, ale kiedy Izrael wspomnia\u0142 o Holokau\u015bcie po zamordowaniu tysi\u0105ca swoich obywateli, by\u0142o to chore wykorzystanie \u201ehistorycznej traumy\u201d?<\/span><\/p>\n<p style=\"text-align: left;\"><span style=\"color: #000080;\">Kusi uznanie tego za zwyk\u0142\u0105 hipokryzj\u0119. Po prostu kolejny przypadek klasy politycznej, kt\u00f3ra m\u00f3wi jedno, a robi co innego. Ale jest co\u015b jeszcze w tym zazdrosnym oddzielaniu prawa do u\u017cywania analogii nazistowskich, w tym aroganckim zagarnianiu por\u00f3wna\u0144 do Holokaustu wy\u0142\u0105cznie dla liberalnego establishmentu.<\/span><\/p>\n<p style=\"text-align: left;\">\n<p style=\"text-align: left;\"><span style=\"color: #000080;\">To krzyczy r\u00f3wnie\u017c o z\u0142owrogim oddzieleniu Holokaustu od \u017byd\u00f3w. O pe\u0142zaj\u0105cym oderwaniu pami\u0119ci o tym najbardziej katastrofalnym wydarzeniu od \u017cycia tych ludzi, kt\u00f3rzy go do\u015bwiadczyli. Wytykanie palcem przez elity kulturalne narodowi \u017cydowskiemu, \u017ce wspomina o Holokau\u015bcie w swoich pot\u0119pieniach Hamasu, mimo \u017ce sami rzucaj\u0105 nazistowskimi analogiami jak konfetti, jest zasadniczo podwa\u017caniem moralnego posiadania\u00a0 Holokaustu przez \u017byd\u00f3w. W zasadzie m\u00f3wi to: \u201eTo ju\u017c nie jest wasz historyczny punkt odniesienia. Jest nasz\u201d.<\/span><\/p>\n<p style=\"text-align: left;\"><span style=\"color: #000080;\">Chciwe przejmowanie prawa do u\u017cywania analogii do Holokaustu przez zachodnich libera\u0142\u00f3w \u015bwiadczy o wyrwaniu Holokaustu z jego prawdziwego kontekstu. \u015awiadczy o usuni\u0119ciu Holokaustu z jego historycznej specyfiki i przekszta\u0142ceniu go w swobodnie unosz\u0105cy si\u0119 symbol og\u00f3lnej ludzkiej niegodziwo\u015bci, kt\u00f3ry uprzywilejowani Zachodu mog\u0105 wyczarowa\u0107, aby doda\u0107 ci\u0119\u017caru swojemu l\u0119kowi o \u017cycie polityczne w XXI wieku. \u015awiadczy o od\u017cydzaniu Holokaustu:\u00a0o trendzie intelektualnym, kt\u00f3ry ma g\u0142\u0119boko niepokoj\u0105ce implikacje dla pami\u0119ci historycznej, dla prawdy i samej wolno\u015bci.<\/span><\/p>\n<p style=\"text-align: left;\">\n<p style=\"text-align: left;\"><span style=\"color: #000080;\">Nagana dla pa\u0144stwa \u017cydowskiego za wspominanie o Holokau\u015bcie po pogromie Hamasu by\u0142a szybka i surowa. \u201e<a style=\"color: #000080;\" href=\"https:\/\/thehill.com\/opinion\/international\/4292028-stop-weaponizing-the-holocaust\/\" target=\"_blank\" rel=\"noopener noreferrer\">Przesta\u0144cie zamienia\u0107 Holokaust w bro\u0144<\/a>\u201d, krzycza\u0142 nag\u0142\u00f3wek w\u00a0\u201eHill\u201d. Cz\u0142onkowie klasy aktywist\u00f3w wyszli nawet na ulice, aby strofowa\u0107 Izrael za jego rzekome wykorzystywanie Holokaustu. Trzy tygodnie po pogromie cz\u0142onkowie Jewish Voice for Peace szturmowali Grand Central Station w Nowym Jorku z transparentami z napisem \u201eNigdy wi\u0119cej dla nikogo\u201d. Obserwatorzy przyklaskiwali tej akcji jako pr\u00f3bie \u201ezak\u0142\u00f3cenia\u201d sposobu, w jaki \u201eHolokaust mo\u017ce by\u0107 wykorzystywany\u201d przez Izrael, by \u201eracjonalizowa\u0107 i przekr\u0119ca\u0107\u201d wojn\u0119 w Gazie. Dostali pochwa\u0142y za zaj\u0119cie stanowiska przeciwko \u201ezamienianiu\u2026 Holokaustu w bro\u0144\u201d przez Izrael. Tak wi\u0119c, ta sama klasa aktywist\u00f3w, kt\u00f3rej zwolennicy g\u0142o\u015bno por\u00f3wnywali wojn\u0119 Izraela z Hamasem do ludob\u00f3jstwa w stylu Hitlera, r\u00f3wnie\u017c aktywnie \u201ezak\u0142\u00f3ca\u0142a\u201d zdolno\u015b\u0107 Izraela do dokonywania takich nazistowskich por\u00f3wna\u0144. Analogie do Holokaustu s\u0105 dla mnie, ale nie dla ciebie.<\/span><\/p>\n<p style=\"text-align: left;\"><span style=\"color: #000080;\">Besztanie Izraela za m\u00f3wienie o Holokau\u015bcie rozprzestrzeni\u0142o si\u0119 na ca\u0142y \u015bwiat po kontrowersyjnym przem\u00f3wieniu Jonathana Glazera na Oscarach w marcu 2024 r. Glazer zdoby\u0142 nagrod\u0119 za najlepszy film mi\u0119dzynarodowy za film\u00a0<em>The Zone of Interest<\/em>. Film opowiada histori\u0119 Rudolfa H\u00f6ssa, komendanta obozu zag\u0142ady w Auschwitz, i sielankowego \u017cycia jego rodziny w przera\u017caj\u0105cej oboj\u0119tno\u015bci w ich okaza\u0142ym domu tu\u017c obok fabryk \u015bmierci, gdzie zagazowano i spalono milion \u017byd\u00f3w. W\u00a0<a style=\"color: #000080;\" href=\"https:\/\/www.bbc.co.uk\/news\/entertainment-arts-68531229\" target=\"_blank\" rel=\"noopener noreferrer\">przem\u00f3wieniu z okazji otrzymania nagrody<\/a>\u00a0Glazer, kt\u00f3remu towarzyszyli jego koledzy \u017bydzi, powiedzia\u0142: \u201eStoimy tutaj jako ludzie, kt\u00f3rzy zaprzeczaj\u0105 swojej \u017cydowsko\u015bci i Holokaustowi, kt\u00f3ry zosta\u0142 porwany przez okupanta, co doprowadzi\u0142o do konfliktu dla tak wielu niewinnych ludzi, czy to ofiar 7 pa\u017adziernika w Izraelu, czy trwaj\u0105cego ataku na Gaz\u0119\u201d<\/span>.<\/p>\n<\/div>\n<div class=\"webnewsArticleImageContainer \">\n<div style=\"text-align: center;\">\n<div class=\"webnewsArticleImage\"><img decoding=\"async\" class=\"aligncenter\" src=\"https:\/\/www.listyznaszegosadu.pl\/upload\/article\/bild\/6575\/1078853\/b2_s.png\" alt=\"Ofiary obozu koncentracyjnego prowadzone przez bram\u0119 obozu Auschwitz-Birkenau w 1945 r.\" width=\"100%\" border=\"0\" \/><\/div>\n<p><span class=\"templateArticleBildtext\"><span style=\"color: #808080;\"><em>Ofiary obozu koncentracyjnego prowadzone przez bram\u0119 obozu Auschwitz-Birkenau w 1945 r<\/em><\/span>.<\/span><\/p>\n<\/div>\n<\/div>\n<div class=\"templateArticleBrodtext\">\n<p style=\"text-align: left;\"><span style=\"color: #000080;\"><em>Porwany<\/em>. To w\u0142a\u015bnie robi Izrael, najwyra\u017aniej, aby usprawiedliwi\u0107 okupacj\u0119 i wojn\u0119 \u2013 porwie przesz\u0142e cierpienie swojego ludu i zamieni je w\u00a0<em>casus belli<\/em>. Doi b\u00f3l w\u0142asnego ludu, aby prowadzi\u0107 wojn\u0119 z Palesty\u0144czykami. Lewica g\u0142o\u015bnymi wiwatami przyj\u0119\u0142a nagan\u0119 Glazera dla Izraela. Jak wspaniale jest zobaczy\u0107 posta\u0107 kultury \u201ebezpo\u015brednio zwracaj\u0105c\u0105 si\u0119 do syjonist\u00f3w\u201d, kt\u00f3rzy rzeczywi\u015bcie \u201eporwali Holokaust, aby uzasadni\u0107 nieustanne ataki na cywil\u00f3w\u201d, napisa\u0142\u00a0<a style=\"color: #000080;\" href=\"https:\/\/www.commondreams.org\/news\/award-gaza\" target=\"_blank\" rel=\"noopener noreferrer\">jeden z lewicowych dziennik\u00f3w<\/a>. Glazer ma racj\u0119, o\u015bwiadczy\u0142 \u201eHaaretz\u201d: \u201e\u017bydowsko\u015b\u0107 i Holokaust zosta\u0142y porwane przez okupacj\u0119\u201d. Popar\u0142o go ponad 150 tw\u00f3rc\u00f3w, kt\u00f3rzy podpisali\u00a0<a style=\"color: #000080;\" href=\"https:\/\/www.theguardian.com\/film\/2024\/apr\/05\/jewish-hollywood-professionals-jonathan-glazer-open-letter\" target=\"_blank\" rel=\"noopener noreferrer\">otwarty list,<\/a>\u00a0podobnie pot\u0119piaj\u0105c Izrael za \u201eczynienie broni z \u017cydowskiej to\u017csamo\u015bci i pami\u0119ci o Holokau\u015bcie\u201d, aby usprawiedliwi\u0107 \u201etrwaj\u0105ce ludob\u00f3jstwo\u201d w Strefie Gazy.<\/span><\/p>\n<p style=\"text-align: left;\"><span style=\"color: #000080;\"><a style=\"color: #000080;\" href=\"https:\/\/www.newstatesman.com\/comment\/2024\/03\/jonathan-glazer-zone-of-interest-oscars-speech\" target=\"_blank\" rel=\"noopener noreferrer\"><br \/>\nHoward Jacobson<\/a>\u00a0uchwyci\u0142 mroczn\u0105, niepokoj\u0105c\u0105 natur\u0119 tych oskar\u017ce\u0144 przeciwko narodowi \u017cydowskiemu. \u201ePorwanie! &#8211; napisa\u0142. &#8211; Rozwa\u017c wag\u0119 tego s\u0142owa. \u017bydzi s\u0105 tak nikczemni, \u017ce kradn\u0105 sobie najbardziej piekielne wydarzenia w swojej historii, aby usprawiedliwi\u0107 zsy\u0142anie piek\u0142a na innych\u201d. Ko\u0144cowym rezultatem, powiedzia\u0142, jest pozbawienie \u017byd\u00f3w \u201ejakiejkolwiek pozosta\u0142ej sympatii, kt\u00f3r\u0105 mogliby si\u0119 jeszcze cieszy\u0107 jako ofiary bestialstwa, jakie pokazuje\u00a0<em>The Zone of Interest<\/em>\u00a0\u201d. Zamiast tego sam Holokaust zaczyna by\u0107 postrzegany jako \u201ejeszcze jeden gambit \u017cydowskiego podst\u0119pu\u201d, kolejna rzecz, kt\u00f3r\u0105 \u017bydzi wykorzystaj\u0105 dla militarnych i politycznych zysk\u00f3w.<\/span><\/p>\n<p style=\"text-align: left;\">\n<p style=\"text-align: left;\"><span style=\"color: #000080;\">Najbardziej zauwa\u017caln\u0105 kwesti\u0105 w eksplozji obaw o historyczn\u0105 \u015bwi\u0119to\u015b\u0107 Holokaustu po pa\u017adzierniku by\u0142o to, jak bardzo by\u0142o to nowe, jak bardzo odbiega\u0142o od postaw z niedawnej przesz\u0142o\u015bci. \u017byjemy bowiem w erze \u015bwiadomej eksploatacji Holokaustu. Rzeczywiste \u201eporwanie\u201d Holokaustu w celu osi\u0105gni\u0119cia politycznego celu lub wzmocnienia kampanii na rzecz sprawiedliwo\u015bci spo\u0142ecznej jest od dziesi\u0119cioleci niezwykle popularne. W ca\u0142ym \u015bwiecie zachodnim przyw\u00f3dcy polityczni, elity medialne i lewicowi aktywi\u015bci przywo\u0142ywali Holokaust, aby zwr\u00f3ci\u0107 uwag\u0119 na swoje ulubione sprawy. A jednak g\u0142os tych z nas, kt\u00f3rzy wyra\u017cali obawy, \u017ce to umniejsza Holokaust, \u017ce por\u00f3wnywanie wszystkiego, od komentarzy sceptycznych wobec ruchu\u00a0<em>trans<\/em>\u00a0po hodowl\u0119 przemys\u0142ow\u0105, z najwi\u0119ksz\u0105 zbrodni\u0105 w historii, grozi pozbawieniem tej zbrodni jej wyj\u0105tkowo\u015bci, cz\u0119sto ledwo przebija\u0142 si\u0119 do publiczno\u015bci. A potem, nagle, kiedy Hamas zamordowa\u0142 1200 \u017byd\u00f3w, a Pa\u0144stwo \u017bydowskie stwierdzi\u0142o, \u017ce przypomina to nazizm, wszyscy zacz\u0119li m\u00f3wi\u0107 o tym, jak wielk\u0105 zniewag\u0105 dla martwych \u017byd\u00f3w jest takie \u201eporywanie\u201d ich cierpienia.<\/span><\/p>\n<p style=\"text-align: left;\"><span style=\"color: #000080;\">Szkoda, \u017ce tak bardzo brakowa\u0142o tego szacunku dla pami\u0119ci \u017byd\u00f3w zamordowanych przez nazist\u00f3w, gdy organizacja People for the Ethical Treatment of Animals (PETA) rozpocz\u0119\u0142a swoj\u0105 groteskow\u0105 kampani\u0119 podnosz\u0105c\u0105 \u015bwiadomo\u015b\u0107, opisuj\u0105c obiad mi\u0119sny jako \u201eHolocaust na twoim talerzu\u201d. Albo gdy PETA wywiesza\u0142a plakaty przedstawiaj\u0105ce tusze kr\u00f3w pod tytu\u0142em \u201eOstateczne upokorzenie\u201d, jakby produkcja wo\u0142owiny by\u0142a por\u00f3wnywalna z eksterminacj\u0105 sze\u015bciu milion\u00f3w istot ludzkich. Albo gdy aktywi\u015bci transp\u0142ciowi histerycznie u\u017cywaj\u0105 okre\u015ble\u0144 takich jak \u201eludob\u00f3jstwo os\u00f3b transp\u0142ciowych\u201d o dyskryminacji, z kt\u00f3r\u0105 rzekomo borykaj\u0105 si\u0119 osoby transp\u0142ciowe. Albo gdy\u00a0\u201eNew Statesman\u201d\u00a0umie\u015bci\u0142 na swojej pierwszej stronie s\u0142owa \u201eNast\u0119pny Holocaust\u201d, twierdz\u0105c, \u017ce islamofobia w Europie mo\u017ce wci\u0105gn\u0105\u0107 nas w kolejn\u0105 rund\u0119 eksterminacji w stylu nazistowskim: \u201e[To, co] zrobili\u015bmy \u017bydom, mo\u017cemy teraz zrobi\u0107 muzu\u0142manom\u201d. Albo gdy\u00a0\u201eMuslim News\u201d\u00a0w Wielkiej Brytanii\u00a0<a style=\"color: #000080;\" href=\"https:\/\/www.commentary.org\/articles\/efraim-karsh\/europes-persecuted-muslims\/\" target=\"_blank\" rel=\"noopener noreferrer\">zastanawia\u0142 si\u0119, czy islamofobia<\/a>\u00a0\u201eprowadzi do kolejnego Holokaustu\u201d.<\/span><\/p>\n<p style=\"text-align: left;\">\n<p style=\"text-align: left;\"><span style=\"color: #000080;\">Albo, je\u015bli o to chodzi, kiedy wojny by\u0142y naprawd\u0119 usprawiedliwiane przez\u00a0<a style=\"color: #000080;\" href=\"https:\/\/archive.spectator.co.uk\/article\/21st-january-2006\/14\/exploiting-genocide\" target=\"_blank\" rel=\"noopener noreferrer\">porwanie Holokaustu<\/a>. Pod koniec lat 1990. i na pocz\u0105tku XXI wieku interwencje wojskowe Zachodu w Serbii i Iraku przedstawiano nam jako sprawiedliwe krucjaty przeciwko \u201enowym nazistom\u201d. Ataki Serb\u00f3w na Alba\u0144czyk\u00f3w z Kosowa \u201eprzywo\u0142uj\u0105 wspomnienia Holokaustu\u201d, jak nam powiedziano. Serbowie s\u0105 \u201eNAZISTAMI\u201d, g\u0142osi\u0142y pierwsze strony gazet, a ich zachowanie zawiera\u0142o \u201eprzera\u017caj\u0105ce echa Holokaustu\u201d. \u00d3wczesny niemiecki minister obrony oskar\u017cy\u0142 Serb\u00f3w o \u201esystematyczn\u0105 eksterminacj\u0119, kt\u00f3ra w okropny spos\u00f3b przypomina to, co zrobiono w imi\u0119 Niemiec\u201d podczas II wojny \u015bwiatowej. Zar\u00f3wno wojna w Zatoce Perskiej na pocz\u0105tku lat 1990., jak i wojna w Iraku na pocz\u0105tku XXI wieku, by\u0142y, jak powiedzia\u0142 profesor nauk humanistycznych na Uniwersytecie Stanforda, Russell Berman, \u201eprowadzone w kategoriach metafory: Saddam jako Hitler\u201d (1). George H.W. Bush powiedzia\u0142 o Saddamie: \u201eMamy do czynienia z powt\u00f3rk\u0105 Hitlera\u201d.<\/span><\/p>\n<p style=\"text-align: left;\"><span style=\"color: #000080;\">Nie trzeba by\u0107 apologet\u0105 ani bezwzgl\u0119dnego serbskiego re\u017cimu lat 1990., ani koszmarnej \u00a0tyranii Saddama w Iraku, by niepokoi\u0107 si\u0119 moralnym przyw\u0142aszczeniem przez Zach\u00f3d okrucie\u0144stw Holokaustu dla uzasadniania militarnych najazd\u00f3w na te miejsca. Jak powiedzia\u0142 o kwestii serbskiej w 1999 r. ocala\u0142y z obozu nazistowskiego\u00a0<a style=\"color: #000080;\" href=\"https:\/\/www.newsweek.com\/question-genocide-164646\" target=\"_blank\" rel=\"noopener noreferrer\">Elie Wiesel<\/a>: \u201eHolocaust zosta\u0142 stworzony po to, by unicestwi\u0107 do ostatniego \u017byda na planecie. Czy ktokolwiek wierzy, \u017ce [Slobodan] Milo\u0161evi\u0107 i jego wsp\u00f3lnicy powa\u017cnie planowali eksterminacj\u0119 wszystkich Bo\u015bniak\u00f3w, wszystkich Alba\u0144czyk\u00f3w, wszystkich muzu\u0142man\u00f3w na \u015bwiecie?\u201d<\/span><\/p>\n<p style=\"text-align: left;\">\n<p style=\"text-align: left;\"><span style=\"color: #000080;\">S\u0142owa maj\u0105 znaczenie. S\u0142owo \u201eHolocaust\u201d ma szczeg\u00f3lne znaczenie. Odnosi si\u0119 do wyj\u0105tkowego wydarzenia w historii, bezprecedensowego w swoim barbarzy\u0144stwie, niezr\u00f3wnanego w swoim okrucie\u0144stwie. Deprecjonowanie tego s\u0142owa przez wi\u0105zanie go ze \u015bwiatowymi wydarzeniami, kt\u00f3re mog\u0105 by\u0107 rzeczywi\u015bcie bardzo z\u0142e, ale kt\u00f3re nie s\u0105 por\u00f3wnywalne z obozami zag\u0142ady, deprecjonuje sam Holokaust. Sprawia, \u017ce staje si\u0119 on przyziemny, zwyczajny, po prostu kolejna godna po\u017ca\u0142owania rzecz z naszej przesz\u0142o\u015bci. \u201ePo prostu kolejna spieprzona sprawa w historii ludzko\u015bci\u201d, jak wsp\u00f3\u0142za\u0142o\u017cyciel Extinction Rebellion\u00a0<a style=\"color: #000080;\" href=\"https:\/\/www.bbc.co.uk\/news\/world-europe-50501941\" target=\"_blank\" rel=\"noopener noreferrer\">Roger Hallam<\/a>\u00a0powiedzia\u0142 o Holokau\u015bcie w wywiadzie w 2019 roku. Nie ma Holokaustu na twoim talerzu, nie by\u0142o Holokaustu w Iraku i nie ma Holokaustu w Gazie. By\u0142 tylko jeden Holokaust.<\/span><\/p>\n<\/div>\n<div class=\"webnewsArticleImageContainer \">\n<div style=\"text-align: center;\">\n<div class=\"webnewsArticleImage\"><img decoding=\"async\" class=\"aligncenter\" src=\"https:\/\/www.listyznaszegosadu.pl\/upload\/article\/bild\/3626\/1078855\/b3_s.png\" alt=\"Jonathan Glazer odbiera nagrod\u0119 dla najlepszego filmu mi\u0119dzynarodowego za film \u201eThe Zone of Interest\u201d podczas 96. dorocznej gali rozdania Oscar\u00f3w w marcu 2024 r.\" width=\"100%\" border=\"0\" \/><\/div>\n<p><span class=\"templateArticleBildtext\"><span style=\"color: #808080;\"><em>Jonathan Glazer odbiera nagrod\u0119 dla najlepszego filmu mi\u0119dzynarodowego za film \u201eThe Zone of Interest\u201d podczas 96. dorocznej gali rozdania Oscar\u00f3w w marcu 2024 r<\/em><\/span>.<\/span><\/p>\n<\/div>\n<\/div>\n<div class=\"templateArticleBrodtext\">\n<p style=\"text-align: left;\"><span style=\"color: #000080;\">A jednak gdzie by\u0142a w\u015bciek\u0142o\u015b\u0107 na \u201eporwanie\u201d Holokaustu przed 7 pa\u017adziernika? Owszem, by\u0142a, ale nie tak wielka, jak ta, kt\u00f3r\u0105 widzieli\u015bmy po tym, jak pa\u0144stwo \u017cydowskie wspomnia\u0142o s\u0142owo na H po pogromie. W rzeczywisto\u015bci, wielu libera\u0142\u00f3w i centrowc\u00f3w, kt\u00f3rzy oburzyli si\u0119 na rzekome wykorzystywanie Holokaustu przez Izrael, by\u0142o zdecydowanymi zwolennikami \u201ehumanitarnych\u201d interwencji z lat 1990. i 2000., wyra\u017anie uzasadnianych jako bitwy przeciwko Nowemu Nazizmowi; co, mo\u017cna by rzec, \u201eczyni\u0142o bro\u0144 z Holokaustu\u201d.<\/span><\/p>\n<p style=\"text-align: left;\"><span style=\"color: #000080;\">Dlaczego odmienne stanowisko? Dlaczego w liberalnym umy\u015ble jest w porz\u0105dku, by Ameryka i Wielka Brytania czyni\u0142y bro\u0144 z Holokaustu, ale nie nar\u00f3d, kt\u00f3ry odrodzi\u0142 si\u0119 z samych popio\u0142\u00f3w Holokaustu? Naomi Klein da\u0142a wskaz\u00f3wk\u0119 w\u00a0<a style=\"color: #000080;\" href=\"https:\/\/www.theguardian.com\/commentisfree\/2024\/mar\/14\/the-zone-of-interest-auschwitz-gaza-genocide\" target=\"_blank\" rel=\"noopener noreferrer\">eseju dla\u00a0\u201eGuardiana<\/a>\u201d\u00a0, w kt\u00f3rym oklaskiwa\u0142a nagan\u0119 Glazera wobec Izraela za porwanie Holokaustu. Wkraczamy w now\u0105 er\u0119 intelektualn\u0105, napisa\u0142a, w kt\u00f3rej ludzie otwarcie pytaj\u0105, czy Holokaust nale\u017cy postrzega\u0107 \u201ewy\u0142\u0105cznie jako katastrof\u0119 \u017cydowsk\u0105, czy co\u015b bardziej uniwersalnego\u201d. Gdzie ludzie domagaj\u0105 si\u0119 \u201ewi\u0119kszego uznania dla wszystkich grup przeznaczonych do eksterminacji\u201d przez nazist\u00f3w. Gdzie ludzie kwestionuj\u0105, czy Holokaust by\u0142 naprawd\u0119 \u201ewyj\u0105tkowym p\u0119kni\u0119ciem w historii Europy\u201d czy \u201epowrotem do wcze\u015bniejszych kolonialnych ludob\u00f3jstw, wraz z powrotem technik, logiki i fa\u0142szywych teorii rasowych, kt\u00f3re opracowali i wdro\u017cyli\u201d.<\/span><\/p>\n<p style=\"text-align: left;\">\n<p style=\"text-align: left;\"><span style=\"color: #000080;\">Innymi s\u0142owy, jak wyj\u0105tkowy by\u0142 Holocaust, naprawd\u0119? Jak bardzo by\u0142 \u017cydowski? Czy nie nadszed\u0142 czas, aby traktowa\u0107 go jako \u201euniwersalny\u201d horror, w kt\u00f3rym cierpieli wszyscy, a nie jako specyficznie \u017cydowsk\u0105 katastrof\u0119? Klein, w swoim radosnym powitaniu demonta\u017cu dawnego pojmowania Holocaustu, wykorzysta\u0142a jeden z najbardziej regresywnych trend\u00f3w intelektualnych naszych czas\u00f3w: ideologiczne podwa\u017canie \u017cydowsko\u015bci do\u015bwiadczenia Holokaustu, aby inne grupy spo\u0142eczne mog\u0142y ro\u015bci\u0107 sobie prawo do najwi\u0119kszego przypadku cierpienia w historii ludzko\u015bci.<\/span><\/p>\n<p style=\"text-align: left;\">\n<p style=\"text-align: left;\"><span style=\"color: #000080;\">\u017byjemy w epoce zazdro\u015bci o Holokaust. Pojawienie si\u0119 polityki cierpi\u0119tnictwa wytworzy\u0142o namacaln\u0105 wrogo\u015b\u0107 wobec idei, \u017ce Holokaust by\u0142 wyj\u0105tkowo barbarzy\u0144ski. W epoce, w kt\u00f3rej bycie ofiar\u0105 daje autorytet moralny, gdy sposobem na zapewnienie sobie zar\u00f3wno wsp\u00f3\u0142czucia spo\u0142ecznego, jak i zasob\u00f3w pa\u0144stwowych jest twierdzenie, \u017ce cierpisz z powodu \u201estrukturalnej opresji\u201d, po prostu nie mo\u017ce by\u0107 tak, by \u017bydzi mieli wy\u0142\u0105czne prawo do najpowa\u017cniejszego przypadku przemys\u0142owej eksterminacji w historii. Dlatego ich prawo do Holokaustu musi zosta\u0107 zakwestionowane. Co z innymi ofiarami nazistowskich morderstw? Co z innymi ludob\u00f3jstwami? Kwestionowanie odr\u0119bnej natury Holokaustu, a nawet degradowanie Holokaustu dalej w hierarchii ludzkiej agonii, jest ponur\u0105, nieuniknion\u0105 konsekwencj\u0105 kultu konkurencyjnych skarg i za\u017cale\u0144, w kt\u00f3rym gromadzenie coraz wi\u0119kszej liczby opowie\u015bci o b\u00f3lu jest sposobem na robienie karier.<\/span><\/p>\n<p style=\"text-align: left;\">\n<p style=\"text-align: left;\"><span style=\"color: #000080;\">Jak\u00a0<a style=\"color: #000080;\" href=\"https:\/\/www.spiked-online.com\/2023\/10\/12\/the-woke-scapegoating-of-the-jews\/\" target=\"_blank\" rel=\"noopener noreferrer\">napisa\u0142 Frank Furedi<\/a>, w naszej epoce polityki cierpi\u0119tnictwa to w\u0142a\u015bnie \u201eautorytet moralny nadany \u017bydom przez Holokaust\u201d uczyni\u0142 \u017byd\u00f3w \u201eprzedmiotem urazy w\u015br\u00f3d konkuruj\u0105cych grup to\u017csamo\u015bciowych\u201d. Identytary\u015bci naprawd\u0119 zazdroszcz\u0105 \u017bydom ich historii cierpienia. Przypomnijmy sobie, kiedy Muzu\u0142ma\u0144ska Rada Wielkiej Brytanii (MCB)\u00a0<a style=\"color: #000080;\" href=\"https:\/\/www.theguardian.com\/uk\/2007\/dec\/03\/secondworldwar.religion\" target=\"_blank\" rel=\"noopener noreferrer\">zbojkotowa\u0142a<\/a>\u00a0Dzie\u0144 Pami\u0119ci Holokaustu, twierdz\u0105c, \u017ce \u201ezbyt w\u0105sko skupia si\u0119 na cierpieniu \u017byd\u00f3w\u201d. Musi bardziej uwzgl\u0119dnia\u0107 \u201eniedawne ludob\u00f3jstwa, takie jak to w Rwandzie i muzu\u0142man\u00f3w w Srebrenicy\u201d, nalega\u0142a MCB. Albo popatrzmy na g\u0142o\u015bne \u017c\u0105dania aktywist\u00f3w trans, aby w\u0142\u0105czy\u0107 ich do grup, kt\u00f3re nazi\u015bci chcieli eksterminowa\u0107, mimo \u017ce,\u00a0<a style=\"color: #000080;\" href=\"https:\/\/www.spiked-online.com\/2024\/03\/21\/no-jk-rowling-is-not-a-holocaust-denier\/\" target=\"_blank\" rel=\"noopener noreferrer\">jak zauwa\u017ca jeden z autor\u00f3w<\/a>, by\u0142a \u201etylko garstka ofiar trans\u201d i, co najwa\u017cniejsze, \u201ewi\u0119kszo\u015b\u0107 z tych ofiar by\u0142a r\u00f3wnie\u017c \u017bydami lub homoseksualistami\u201d. Ka\u017cdy chce co\u015b uszczkn\u0105\u0107 z aury cierpienia.<\/span><\/p>\n<p style=\"text-align: left;\">\n<p style=\"text-align: left;\"><span style=\"color: #000080;\">Ko\u0144cowym rezultatem uczynienia z Holokaustu \u201euniwersalnego\u201d horroru, kt\u00f3rym wszystkie grupy ofiar mog\u0142yby si\u0119 rado\u015bnie delektowa\u0107, jest to, \u017ce czasami \u017bydzi s\u0105 ca\u0142kowicie zapomniani. W 2008 r. brytyjska Socjalistyczna Partia Robotnicza\u00a0<a style=\"color: #000080;\" href=\"https:\/\/www.thejc.com\/news\/shoah-leaflet-refers-to-gays-but-not-jews-r2a9kpjx\" target=\"_blank\" rel=\"noopener noreferrer\">rozdawa\u0142a ulotki<\/a>\u00a0przed festiwalem zorganizowanym przez skrajnie prawicow\u0105 Brytyjsk\u0105 Parti\u0119 Narodow\u0105. Ulotki przypomina\u0142y uczestnikom o horrorze Holokaustu, w kt\u00f3rym \u201ezgin\u0119\u0142y tysi\u0105ce os\u00f3b LGBT, zwi\u0105zkowc\u00f3w i os\u00f3b niepe\u0142nosprawnych\u201d. Widzisz, czego brakuje?\u00a0<em>Zapomnieli o \u017bydach.<\/em>\u00a0SWP uzna\u0142a to za b\u0142\u0105d administracyjny, ale jak\u00a0<a style=\"color: #000080;\" href=\"https:\/\/www.workersliberty.org\/story\/2008\/08\/18\/has-swp-discovered-jew-free-holocaust\" target=\"_blank\" rel=\"noopener noreferrer\">zauwa\u017cyli<\/a>\u00a0jej rywale z Alliance for Workers&#8217; Liberty, \u201eto, \u017ce takie potkni\u0119cie przesz\u0142o niezauwa\u017cone przez autora, zecera, drukarza, organizator\u00f3w i dystrybutor\u00f3w, bez niczyjego zainteresowania na jakimkolwiek etapie, musi co\u015b m\u00f3wi\u0107\u201d.<\/span><\/p>\n<p style=\"text-align: left;\">\n<p style=\"text-align: left;\"><span style=\"color: #000080;\">Istotnie musi. M\u00f3wi, \u017ce nowe widzenie Holokaustu jako katastrofy powszechnej, a nie \u017cydowskiej, proces, kt\u00f3ry Naomi Klein i inni myl\u0105 z post\u0119powym wysi\u0142kiem intelektualnym, mo\u017ce prowadzi\u0107 do wymazania \u017byd\u00f3w. Mo\u017ce piel\u0119gnowa\u0107 nowe, podst\u0119pne formy negowania Holokaustu. Nic dziwnego, \u017ce\u00a0<a style=\"color: #000080;\" href=\"https:\/\/www.economist.com\/united-states\/2023\/12\/07\/one-in-five-young-americans-thinks-the-holocaust-is-a-myth\" target=\"_blank\" rel=\"noopener noreferrer\">sonda\u017c przeprowadzony pod koniec 2023 r.<\/a>\u00a0wykaza\u0142, \u017ce 20 procent Amerykan\u00f3w w wieku od 18 do 29 lat uwa\u017ca, \u017ce nazistowskie zamordowanie sze\u015bciu milion\u00f3w \u017byd\u00f3w jest fikcj\u0105. Dodatkowe 30 procent stwierdzi\u0142o, \u017ce nie s\u0105 pewni, czy Holokaust naprawd\u0119 si\u0119 wydarzy\u0142. W 2007 r.\u00a0<a style=\"color: #000080;\" href=\"https:\/\/www.reuters.com\/article\/world\/uk-poll-reveals-striking-ignorance-of-holocaust-idUSL19605849\/\" target=\"_blank\" rel=\"noopener noreferrer\">sonda\u017c w Wielkiej Brytanii<\/a>\u00a0wykaza\u0142, \u017ce 28 procent Brytyjczyk\u00f3w w wieku od 18 do 29 lat \u201enie wie\u201d, czy Holokaust si\u0119 wydarzy\u0142. Niekt\u00f3rzy przypisuj\u0105 t\u0119 ignorancj\u0119 z\u0142emu wykszta\u0142ceniu. By\u0107 mo\u017ce. Ale wydaje si\u0119 niepodwa\u017calne, \u017ce ideologiczne przeformu\u0142owanie Holokaustu jako og\u00f3lnego horroru, w kt\u00f3rym wszyscy byli ofiarami, utrudnia ludziom zrozumienie prawdziwej natury tego uprzemys\u0142owionego aktu antysemickiej paranoi. Zazdro\u015b\u0107 o \u017cydowskie cierpienie jest nowym sposobem, w jaki \u017cydowskie cierpienie zostaje zapomniane, lub wr\u0119cz zanegowane.<\/span><\/p>\n<p style=\"text-align: left;\">\n<p style=\"text-align: left;\"><span style=\"color: #000080;\">A teraz mamy klas\u0119 aktywist\u00f3w na ulicach, zabraniaj\u0105c\u0105 pa\u0144stwu \u017cydowskiemu wspominania o Holokau\u015bcie, a jednocze\u015bnie oskar\u017caj\u0105c\u0105 je o dokonanie nowego Holokaustu w Gazie. Wa\u017cne jest, aby\u015bmy docenili to, co si\u0119 tu dzieje: to jest triumf zwyci\u0119zc\u00f3w w ideologicznej walce o Holokaust. To przechwa\u0142ki tej cz\u0119\u015bci spo\u0142ecze\u0144stwa politycznego, kt\u00f3rej uda\u0142o si\u0119 \u201ewyzwoli\u0107\u201d Holokaust od \u017byd\u00f3w i uczyni\u0107 go moraln\u0105 w\u0142asno\u015bci\u0105 innych, w szczeg\u00f3lno\u015bci Palesty\u0144czyk\u00f3w i ich zachodnich zwolennik\u00f3w. To wywy\u017cszenie nowej klasy samozwa\u0144czych ofiar, kt\u00f3re szczyc\u0105 si\u0119 kolonizacj\u0105 Holokaustu dla siebie. Kiedy pot\u0119piaj\u0105 Izrael za to, \u017ce czyni bro\u0144 z Holokaustu, jednocze\u015bnie robi\u0105c to sami, m\u00f3wi\u0105: \u201eTo jest teraz nasze. My to posiadamy. My posiadamy wasz\u0105 histori\u0119\u201d.<\/span><\/p>\n<p style=\"text-align: left;\">\n<p style=\"text-align: left;\"><span style=\"color: #000080;\">Oni \u201ewydziedziczaj\u0105 [\u017byd\u00f3w] z lito\u015bci\u201d, m\u00f3wi Jacobson. To forma \u201e<a style=\"color: #000080;\" href=\"https:\/\/www.independent.co.uk\/voices\/commentators\/howard-jacobson\/howard-jacobson-let-rsquo-s-see-the-criticism-of-israel-for-what-it-really-is-1624827.html\" target=\"_blank\" rel=\"noopener noreferrer\">retrospektywnej kary<\/a>\u201d, m\u00f3wi, gdzie implikacj\u0105 jest zawsze idea, \u017ce \u201edzisiejsze dzia\u0142ania \u017byd\u00f3w dowodz\u0105, \u017ce \u017bydzi dostali wczoraj to, na co zas\u0142u\u017cyli\u201d. Podczas gdy Holocaust by\u0142 fizycznym wysi\u0142kiem, aby od\u017cydzi\u0107 Europ\u0119, dzisiejsze u\u017cywanie cierpienia \u017byd\u00f3w jako broni przeciwko samym \u017bydom jest intelektualnym wysi\u0142kiem, aby od\u017cydzi\u0107 Holokaust. Aby oczy\u015bci\u0107 go z jego skojarze\u0144 z eksterminacj\u0105 narodu \u017cydowskiego, aby mo\u017cna by\u0142o go u\u017cywa\u0107 jako pa\u0142ki przeciwko narodowi \u017cydowskiemu na Bliskim Wschodzie i wykorzysta\u0107 do wzmocnienia roszcze\u0144 do cierpi\u0119tnictwa nie\u017cydowskiej klasy aktywist\u00f3w na Zachodzie. Jest to co\u015b prawdopodobnie gorszego ni\u017c negowanie Holocaustu \u2013 to kradzie\u017c Holocaustu.<\/span><\/p>\n<p style=\"text-align: left;\">\n<p style=\"text-align: left;\"><span style=\"color: #000080;\">Moralne skutki pogromu z 7 pa\u017adziernika rzucaj\u0105 bezlitosne \u015bwiat\u0142o na nasz kryzys warto\u015bci o\u015bwieceniowych. Obiektywno\u015b\u0107, w tym przypadku obiektywna prawda o Holokau\u015bcie, zostaje przy\u0107miona przez subiektywne potrzeby i pragnienia klasy aktywist\u00f3w. Prawda historyczna zostaje po\u015bwi\u0119cona dla zysku ideologicznego. Rozum i rzeczywisto\u015b\u0107 s\u0105 deptane w p\u0119dzie grup to\u017csamo\u015bciowych, aby umocni\u0107 sw\u00f3j status ofiary. A nasze prawo do pami\u0119tania tego, co naprawd\u0119 wydarzy\u0142o si\u0119 w przesz\u0142o\u015bci, jest zak\u0142\u00f3cane przez ideolog\u00f3w, kt\u00f3rzy manipuluj\u0105 wydarzeniami historycznymi, aby dopasowa\u0107 je do swoich politycznych program\u00f3w w tera\u017aniejszo\u015bci. Takie orwellowskie m\u0105cenie prawdy o Holokau\u015bcie jest zniewag\u0105 nie tylko dla ofiar tej katastrofy, ale tak\u017ce dla wolno\u015bci \u017cyj\u0105cych dzi\u015b ludzi. Jak uj\u0105\u0142 to Milan Kundera w\u00a0<em>Ksi\u0119dze \u015bmiechu i zapomnienia<\/em>: \u201eWalka cz\u0142owieka z w\u0142adz\u0105 jest walk\u0105 pami\u0119ci z zapomnieniem\u201d. Niech pami\u0119\u0107 o Holokau\u015bcie b\u0119dzie naszym ma\u0142ym buntem przeciwko nowemu antysemityzmowi.<\/span><\/p>\n<hr \/>\n<p><em><span style=\"color: #808080;\">To fragment ksi\u0105\u017cki Brendana O\u2019Neilla\u00a0After the Pogrom: <strong>7 October, Israel and the Crisis of Civilisation\u00a0.<\/strong><\/span><\/em><\/p>\n<\/div>\n<hr \/>\n<p style=\"text-align: left;\"><span style=\"color: #808080;\"><em><strong>Brendan O&#8217;Neill<\/strong>\u00a0znany brytyjski publicysta i komentator polityczny, wieloletni naczelny redaktor \u201eSpiked\u201d publikuj\u0105cy cz\u0119sto w \u201eThe Spectator\u201d. W m\u0142odo\u015bci zapalony trockista, cz\u0142onek Rewolucyjnej Partii Komunistycznej i autor artyku\u0142\u00f3w w \u201eLiving Marxism\u201d. (Jak si\u0119 wydaje, z tamtych pogl\u0105d\u00f3w zosta\u0142a mu wiedza o tym, \u00a0jak ideologia mo\u017ce odcz\u0142owiecza\u0107.)\u00a0\u00a0<\/em><\/span><\/p>\n<hr style=\"height: 15px; background: #d0e6fa; width: 100%;\" \/>\n<div id=\"content\" class=\"content-alignment\">\n<div id=\"watch-description\" class=\"yt-uix-button-panel\">\n<div id=\"watch-description-text\" style=\"text-align: center;\">\n<p><em>Zawarto\u015b\u0107 publikowanych artyku\u0142\u00f3w i materia\u0142\u00f3w nie reprezentuje pogl\u0105d\u00f3w ani opinii Reunion&#8217;68,<\/em><em><br \/>\nani te\u017c webmastera Blogu Reunion&#8217;68, chyba ze jest to wyra\u017anie zaznaczone.<br \/>\nTwoje uwagi, linki, w\u0142asne artyku\u0142y lub wiadomo\u015bci prze\u015blij na adres:<br \/>\n<\/em><span style=\"color: #000080;\"><strong><em><a style=\"color: #000080;\" href=\"mailto:webmaster@reunion68.com\"><span style=\"text-decoration: underline;\">webmaster@reunion68.com<\/span><\/a><\/em><\/strong><\/span><\/p>\n<\/div>\n<\/div>\n<\/div>\n<hr style=\"width: 100%;\" \/>\n","protected":false},"excerpt":{"rendered":"<p>Rozdzia\u0142 z ksi\u0105\u017cki Brendana O&#8217;Neilla After the Pogrom: 7 October, Israel and the Crisis of Civilisation (Po pogromie: 7 pa\u017adziernika, Izrael i kryzys cywilizacji) opublikowany w \u201eSpiked\u201d z okazji Dnia Pami\u0119ci o Holokau\u015bcie. Zazdro\u015b\u0107 o Holokaust Dlaczego antyizraelska t\u0142uszcza atakuje \u017byd\u00f3w ich w\u0142asn\u0105 histori\u0105? Brendan O&#8217;Neill T\u0142umaczenie: Ma\u0142gorzata Koraszewska Jedn\u0105 z najbardziej uderzaj\u0105cych rzeczy po [&hellip;]<\/p>\n","protected":false},"author":1,"featured_media":0,"comment_status":"closed","ping_status":"closed","sticky":false,"template":"","format":"standard","meta":[],"categories":[1],"tags":[26,24],"_links":{"self":[{"href":"https:\/\/www.reunion68.se\/index.php?rest_route=\/wp\/v2\/posts\/119007"}],"collection":[{"href":"https:\/\/www.reunion68.se\/index.php?rest_route=\/wp\/v2\/posts"}],"about":[{"href":"https:\/\/www.reunion68.se\/index.php?rest_route=\/wp\/v2\/types\/post"}],"author":[{"embeddable":true,"href":"https:\/\/www.reunion68.se\/index.php?rest_route=\/wp\/v2\/users\/1"}],"replies":[{"embeddable":true,"href":"https:\/\/www.reunion68.se\/index.php?rest_route=%2Fwp%2Fv2%2Fcomments&post=119007"}],"version-history":[{"count":10,"href":"https:\/\/www.reunion68.se\/index.php?rest_route=\/wp\/v2\/posts\/119007\/revisions"}],"predecessor-version":[{"id":119022,"href":"https:\/\/www.reunion68.se\/index.php?rest_route=\/wp\/v2\/posts\/119007\/revisions\/119022"}],"wp:attachment":[{"href":"https:\/\/www.reunion68.se\/index.php?rest_route=%2Fwp%2Fv2%2Fmedia&parent=119007"}],"wp:term":[{"taxonomy":"category","embeddable":true,"href":"https:\/\/www.reunion68.se\/index.php?rest_route=%2Fwp%2Fv2%2Fcategories&post=119007"},{"taxonomy":"post_tag","embeddable":true,"href":"https:\/\/www.reunion68.se\/index.php?rest_route=%2Fwp%2Fv2%2Ftags&post=119007"}],"curies":[{"name":"wp","href":"https:\/\/api.w.org\/{rel}","templated":true}]}}