{"id":119108,"date":"2025-02-12T17:05:34","date_gmt":"2025-02-12T15:05:34","guid":{"rendered":"http:\/\/www.reunion68.se\/?p=119108"},"modified":"2025-02-12T11:46:58","modified_gmt":"2025-02-12T09:46:58","slug":"11-05-111","status":"publish","type":"post","link":"https:\/\/www.reunion68.se\/?p=119108","title":{"rendered":"Super Bowl antisemitism ad is no way to tackle Jew-hatred"},"content":{"rendered":"<h5 style=\"text-align: center;\"><a href=\"https:\/\/www.jns.org\" target=\"_blank\" rel=\"noopener noreferrer\"><img decoding=\"async\" class=\"center alignleft\" src=\"http:\/\/www.reunion68.com\/Biuletyn\/img\/jns-1.png\" alt=\"\" width=\"35%\" \/><\/a><span style=\"text-decoration: underline; color: #000080;\"><strong><a style=\"color: #000080; text-decoration: underline;\" href=\"https:\/\/www.jns.org\/super-bowl-antisemitism-ad-is-no-way-to-tackle-jew-hatred\/\" target=\"_blank\" rel=\"noopener noreferrer\">Super Bowl antisemitism ad is no way to tackle Jew-hatred<\/a><\/strong><\/span><\/h5>\n<p style=\"text-align: center;\"><span style=\"color: #000000;\"><strong>Jonathan S. Tobin<\/strong><\/span><\/p>\n<hr style=\"height: 15px; background: #d0e6fa; width: 100%;\" \/>\n<div>\n<h4 style=\"text-align: center;\"><strong>Robert Kraft\u2019s Foundation to Combat Antisemitism wasted $8 million on something that never mentioned Jews or antisemitism, while also failing to explain the real reason for its rapid spread.<\/strong><\/h4>\n<\/div>\n<p style=\"text-align: center;\"><img decoding=\"async\" class=\"aligncenter\" src=\"https:\/\/cdn.jns.org\/uploads\/2025\/02\/Snoop-Dogg-and-Tom-Brady-Super-Bowl-Ad-1320x880.jpg\" width=\"100%\" \/><span style=\"color: #808080;\"><em>Former NFL player Tom Brady and rapper Snoop Dogg. Photo by Lori Levine\/Getty Images.<\/em><\/span><\/p>\n<p class=\"wp-block-paragraph\" style=\"text-align: left;\"><span style=\"color: #000080;\">New England Patriots owner Robert Kraft is an exemplary member of the American Jewish community. Over the years, he has donated a great deal of money to Jewish causes, locally in his hometown of Boston and in the State of Israel, even building a football stadium in Jerusalem. The National Football League magnate\u2019s philanthropy testifies to his own strong sense of Jewish peoplehood, in addition to a decent concern for others less fortunate than himself, as shown by his family\u2019s support of a variety of educational and health-care causes.<\/span><\/p>\n<p class=\"wp-block-paragraph\" style=\"text-align: left;\"><span style=\"color: #000080;\">Among the efforts he has supported is the Foundation to Combat Antisemitism (FCAS), which he founded with money he pledged as a result of his\u00a0<a style=\"color: #000080;\" href=\"https:\/\/www.jns.org\/genesis-prize-foundation-launches-speak-out-for-israel-to-counter-anti-semitism\/\" target=\"_blank\" rel=\"noreferrer noopener\">winning<\/a>\u00a0the Genesis Prize in 2019. The idea behind the foundation was to fight the movement to boycott, divest and sanction Israel, as well as other efforts to battle Jew-hatred. The campaign itself was marked by a bright blue square with a moniker called \u201cThe Blue Box Campaign\u201d that urges\u00a0<a style=\"color: #000080;\" href=\"https:\/\/www.standuptojewishhate.org\/\">standing up to hate<\/a>.<\/span><\/p>\n<p class=\"wp-block-paragraph\" style=\"text-align: left;\"><span style=\"color: #000080;\">But for all of his various efforts on behalf of that important cause, probably none gained as much attention as the FCAS\u00a0<a style=\"color: #000080;\" href=\"https:\/\/www.youtube.com\/watch?v=AOxm8LmH7Y4\" target=\"_blank\" rel=\"noreferrer noopener\">advertisemen<\/a>t that appeared during the Super Bowl this past Sunday. It featured two mega-celebrities\u2014rapper and actor Snoop Dogg, and NFL great Tom Brady, who won seven Super Bowls, including six for Kraft\u2019s Patriots. In it, they spout various reasons why people hate each other before concluding that \u201cthings are so bad that we have to do a commercial about it,\u201d before the two walk off together in a gesture of amity.<\/span><\/p>\n<div id=\"content\" class=\"content-alignment\">\n<div id=\"watch-description\" class=\"yt-uix-button-panel\">\n<div id=\"watch-description-text\" style=\"text-align: center;\">\n<p><iframe loading=\"lazy\" title=\"No Reason to Hate | Super Bowl LIX Commercial | 30\" src=\"https:\/\/www.youtube.com\/embed\/AOxm8LmH7Y4\" width=\"680\" height=\"400\" frameborder=\"0\" allowfullscreen=\"allowfullscreen\"><\/iframe><\/p>\n<\/div>\n<\/div>\n<\/div>\n<p>.<\/p>\n<h4 class=\"wp-block-paragraph\"><strong>A missed opportunity<\/strong><\/h4>\n<p class=\"wp-block-paragraph\" style=\"text-align: left;\"><span style=\"color: #000080;\">That\u2019s a colossal mistake, as well as a missed opportunity that Kraft and anyone else who cares about the issue should deeply regret.<\/span><\/p>\n<p class=\"wp-block-paragraph\" style=\"text-align: left;\"><span style=\"color: #000080;\">While no one should doubt the good intentions of Kraft, the 30-second blurb sums up everything that is wrong with the mindset and the efforts of liberal American Jewish efforts to deal with the problem.<\/span><\/p>\n<p class=\"wp-block-paragraph\" style=\"text-align: left;\"><span style=\"color: #000080;\">Indeed, if that\u2019s the best that the FCAS can manage, then Kraft would be well advised to close it up and transfer the money he\u2019s currently wasting on it to those interested in fighting antisemitism in a way that will make a difference.<\/span><\/p>\n<h4 class=\"wp-block-paragraph\"><strong>What\u2019s wrong with the ad?<\/strong><\/h4>\n<p class=\"wp-block-paragraph\" style=\"text-align: left;\"><span style=\"color: #000080;\">Part of the problem was the employment of Snoop Dogg. While he may be famous and a ubiquitous figure in pop culture and ads for all sorts of products, he\u2019s also a well-known antisemite. As the Americans for Peace and Tolerance group noted in its\u00a0<a style=\"color: #000080;\" href=\"https:\/\/mailchi.mp\/7dafe8ef5968\/jewish-leadership-fail-ad-against-anti-semitism-to-feature-farrakhan-supporter?e=0e252fb97c\" target=\"_blank\" rel=\"noreferrer noopener\">criticism<\/a>\u00a0of the ad, he is an avowed supporter of the antisemitic Nation of Islam group and its 91-year-old leader, Louis Farrakhan, who has done more than anyone to spread Jew-hatred among American blacks and Muslims. Using him in a spot sponsored by a group that cares about antisemitism wasn\u2019t mere negligence but a betrayal of the values Kraft has always exemplified.<\/span><\/p>\n<p class=\"wp-block-paragraph\" style=\"text-align: left;\"><span style=\"color: #000080;\">There was more that was wrong about it other than Snoop Dogg.<\/span><\/p>\n<p class=\"wp-block-paragraph\" style=\"text-align: left;\"><span style=\"color: #000080;\">The underlying premise was a decision to try to universalize the problem rather than one that would specifically focus on the issue of antisemitism. That\u2019s based on an assumption that talking about antisemitism and Jews is a turnoff to a broad audience like the one that tunes into the Super Bowl. The NFL championship game is the\u00a0<a style=\"color: #000080;\" href=\"https:\/\/variety.com\/2025\/tv\/news\/super-bowl-2025-ratings-viewers-1236302721\/\" target=\"_blank\" rel=\"noreferrer noopener\">most watched<\/a>\u00a0television program every year\u2014an event that has assumed the status of a secular holiday. This year\u2019s show reportedly attracted an average audience of 126 million viewers throughout the contest with a peak of 135.7 million watching, with the halftime show featuring rapper Kendrick Lamar being a major draw.<\/span><\/p>\n<h4 class=\"wp-block-paragraph\"><strong>The universalizing impulse<\/strong><\/h4>\n<p class=\"wp-block-paragraph\" style=\"text-align: left;\"><span style=\"color: #000080;\">With that in mind, the FCAS produced an ad that it supposed would appeal to the widest possible audience and therefore went all-in on universalizing the problem.<\/span><\/p>\n<p class=\"wp-block-paragraph\" style=\"text-align: left;\"><span style=\"color: #000080;\">This is the same premise of most Holocaust education programs that have been employed in the United States in the past few decades. They are rooted in the belief that the only way anyone can be deterred from hating Jews is to depict the Holocaust and antisemitism as essentially no different than any other form of prejudice. In this way, as the FCAS ad seemed to be telling us, Jew-hatred is no different from disliking any group or people other than the majority. The solution, then, is for everyone to play nicely with each other the way Snoop and Brady\u2014a black celebrity and a white one\u2014appear willing to do.<\/span><\/p>\n<p class=\"wp-block-paragraph\" style=\"text-align: left;\"><span style=\"color: #000080;\">But if history, as well as the present-day surge in Jew-hatred teaches, it is that antisemitism is not like other varieties of prejudice, be they major or minor. It is a specific virus of hate that targets Jews not merely as a function of bad behavior or a lack of awareness of our common humanity, but as a means of acquiring and holding onto political power.<\/span><\/p>\n<p class=\"wp-block-paragraph\" style=\"text-align: left;\"><span style=\"color: #000080;\">To antisemites of every variety\u2014be they left-wing, right-wing, Islamists, and yes, blacks\u2014Jews aren\u2019t merely the \u201cother.\u201d They are in the crosshairs to be despised and subjected to singular prejudice and discrimination, no matter their age, background, what they do or where they reside. They are, instead, an almost superhuman force for evil that must be eradicated. They alone are to be denied rights that even other discriminated minorities are given. And in so doing, various groups can wield power and pretend to be forces for good.<\/span><\/p>\n<h4 class=\"wp-block-paragraph\"><strong>Why antisemitism spreads<\/strong><\/h4>\n<p class=\"wp-block-paragraph\"><span style=\"color: #000080;\">That is why antisemitism is such a contagious and adaptable virus. It is, as scholar Ruth Wisse has noted, the most successful ideology of modern times since it has attached itself to a variety of movements, including fascism, communism, socialism, Islamists, and in our own day in contemporary America, woke ideologues who pretend to be \u201canti-racists.\u201d The latter claims to be defending minorities against Jews who are \u201cwhite\u201d oppressors, as part of a struggle against racism that can never end. And, just as was true of the German Nazis and their collaborators, anything can be justified if it constitutes \u201cresistance\u201d to the Jews or the Jewish state, even the atrocities of Oct. 7, 2023, committed by the Hamas terrorist group and other Palestinian Arabs.<\/span><\/p>\n<p class=\"wp-block-paragraph\"><span style=\"color: #000080;\">That is why rather than provoking sympathy for the Jewish state and Jews around the world, the Oct. 7 spree of mass murder, torture, rape and kidnapping in southern communities in Israel inspired an unprecedented surge in antisemitism.<\/span><\/p>\n<p class=\"wp-block-paragraph\"><span style=\"color: #000080;\">In the face of such ideological fanaticism, merely telling people to be nice\u2014as that Super Bowl ad did\u2014does nothing. Such universalization trivializes the Holocaust. The same can be said for efforts that treat the widespread rationalization and even defense of antisemitic acts of intimidation and violence on American college campuses.<\/span><\/p>\n<h4 class=\"wp-block-paragraph\"><strong>The collapse of the black-Jewish alliance<\/strong><\/h4>\n<p class=\"wp-block-paragraph\"><span style=\"color: #000080;\">What makes this particularly disappointing is that last year\u2019s\u00a0<a style=\"color: #000080;\" href=\"https:\/\/www.google.com\/search?q=2024+super+bowl+ad+foundation+to+combat+antisemitism&amp;oq=2024+super+bowl+ad+foundation+to+combat+antisemitism&amp;gs_lcrp=EgZjaHJvbWUyBggAEEUYOdIBCTEyODg3ajBqN6gCALACAA&amp;sourceid=chrome&amp;ie=UTF-8#fpstate=ive&amp;vld=cid:eb6b3543,vid:HidFMAqgWho,st:0\" target=\"_blank\" rel=\"noreferrer noopener\">FCAS Super Bowl ad<\/a>\u00a0was not quite so wrongheaded. Their 2024 featured Clarence B. Jones, a former speechwriter for Dr. Martin Luther King Jr. speaking against generic hate. The images that appeared on the screen while he spoke were specific in that they showed swastika graffiti on Jewish institutions and signs that spoke of the need to fight antisemitism. Though it bowed to liberal orthodoxy by also including an image that smoke of the largely mythical threat of prejudice against Muslims, it also left no doubt of the particular problem that, only a few months after Oct. 7, as Jew-hatred spread on campuses and in the streets of major U.S. cities, the country was facing.<\/span><\/p>\n<p class=\"wp-block-paragraph\"><span style=\"color: #000080;\">Interestingly, since then Jones has broken with Kraft and the FCAS over what he depicts as insufferable Jewish \u201cdemands for loyalty.\u201d Sadly, like many in the African-American community, he seems to think that a request to support the struggle of the Jewish people against the genocidal Islamists of Hamas is a bridge too far. In a\u00a0<em>USA TODAY<\/em>\u00a0<a style=\"color: #000080;\" href=\"https:\/\/www.usatoday.com\/story\/opinion\/voices\/2025\/02\/09\/super-bowl-ad-black-jew\" target=\"_blank\" rel=\"noreferrer noopener\">op-ed<\/a>\u00a0in which Jones vented his resentment against his former allies, he blamed the refusal of Israelis and their American Jewish supporters for the collapse of the alliance between blacks and Jews that flowered during Dr. Martin Luther King Jr.\u2019s time. In doing so, he not only embraces classic tropes of antisemitism like dual loyalty but also seems to think that Hamas\u2019s efforts to accomplish the mass murder of Jews and destroy the one Jewish state on the planet is the sort of thing that friends should be willing to agree to disagree over rather than a patently evil cause.<\/span><\/p>\n<p class=\"wp-block-paragraph\"><span style=\"color: #000080;\">As depressing as it is for a civil-rights-era veteran to write such things, it\u2019s equally true that he\u2014and those who might agree with him\u2014is an ally not worth having.<\/span><\/p>\n<p class=\"wp-block-paragraph\"><span style=\"color: #000080;\">But we\u2019ve also seen why the timid universalizers of the FACs are dead wrong about the American people.<\/span><\/p>\n<h4 class=\"wp-block-paragraph\"><strong>Libeling the American people<\/strong><\/h4>\n<p class=\"wp-block-paragraph\" style=\"text-align: left;\"><span style=\"color: #000080;\">Contrary to the stereotypes spread by the political left, the American people as a whole are not antisemitic. Nor are they irredeemably racist against blacks, Hispanics or other minorities. And, as the election results last November showed, they don\u2019t much appreciate the lectures of sermonizing liberals who talk down to them, and think that their patriotism and most cherished values and beliefs are racist or expressions of prejudice.<\/span><\/p>\n<p class=\"wp-block-paragraph\" style=\"text-align: left;\"><span style=\"color: #000080;\">The universalizing of the battle against antisemitism plays right into the lies of the most prevalent form of American bigotry against Jews.<\/span><\/p>\n<p class=\"wp-block-paragraph\" style=\"text-align: left;\"><span style=\"color: #000080;\">It is true that the last 16 months of brazen antisemitism and the mainstreaming of efforts to rationalize and even justify it in the liberal corporate media have presented new and unique challenges for Jews.<\/span><\/p>\n<p class=\"wp-block-paragraph\" style=\"text-align: left;\"><span style=\"color: #000080;\">But the response of most Americans, which is to say that those who live outside the woke leftist bubble in which much of the press and other cultural elites live, is support for Israel and anger at students and other activists who chant for the genocide of Jews (\u201cfrom the river to the sea\u201d) and terrorism against them (\u201cglobalize the intifada\u201d). President Donald Trump may only have the support of the approximate half of the electorate that voted him into office. But he speaks for the vast majority of the country that supports Israel and believes that foreigners who use their student visas to engage in anti-Israel (and anti-American) protests, encampments and often violent-like behavior should be deported.<\/span><\/p>\n<p class=\"wp-block-paragraph\" style=\"text-align: left;\"><span style=\"color: #000080;\">Jews and the groups that purport to speak for them as well as to lead the fight against antisemitism like Kraft\u2019s FCAS ought not to buy into the idea that America is full of hate. In this way, the Super Bowl ad was just another version of those ubiquitous lawn signs that say \u201cHate Has No Home Here,\u201d as if to imply that those who don\u2019t engage in such liberal virtue signaling, are haters. Trump, whose\u00a0<a style=\"color: #000080;\" href=\"https:\/\/www.jns.org\/trump-critics-want-to-make-america-safe-for-antisemites\/\" target=\"_blank\" rel=\"noreferrer noopener\">executive orders\u00a0<\/a>against antisemitism and\u00a0<a style=\"color: #000080;\" href=\"https:\/\/www.jns.org\/trump-plan-puts-an-end-to-the-palestinian-state-fantasy\/\" target=\"_blank\" rel=\"noreferrer noopener\">full-throated support<\/a>\u00a0of Israel aren\u2019t couched in amorphous platitudes like that of the 2025 Super Bowl ad, has had no trouble in identifying the sources of the current surge in antisemitism. Like him, they ought to be exposing the Jew-haters, and countering lies about Israel and the Jewish people that are integral to the left\u2019s toxic myths of critical race theory, intersectionality and the woke catechism of diversity, equity and inclusion (DEI) that are the root of the problem.<\/span><\/p>\n<p class=\"wp-block-paragraph\" style=\"text-align: left;\"><span style=\"color: #000080;\">If they did, they might find that most Americans don\u2019t need to be shamed into uniting against antisemitism but would, instead, readily support an unapologetic campaign to back Israel and join the fight to roll back the woke tide fueling much of contemporary American antisemitism.<\/span><\/p>\n<p class=\"wp-block-paragraph\" style=\"text-align: left;\"><span style=\"color: #000080;\">This Super Bowl ad will soon be forgotten. But the decision to run something like it demonstrates just how clueless even well-meaning establishment figures like Kraft are when it comes to the world\u2019s oldest form of prejudice. It\u2019s a reminder that rather than relying on legacy groups and celebrity-driven foundations like that of Kraft, it is long past time to get rid of such organizations and pour Jewish philanthropic dollars into the hands of those able to think clearly about the problem. Jews need to stop their reflexive desire to universalize their tribulations, and even more, to stop blaming all of the American people for the transgressions of leftist elites.<\/span><\/p>\n<hr \/>\n<p style=\"text-align: left;\"><img decoding=\"async\" class=\"alignleft\" src=\"https:\/\/cdn.jns.org\/uploads\/2024\/06\/Jonathan-S.-Tobin-480x480.png\" width=\"15%\" \/><span style=\"color: #808080;\"><em><strong>Jonathan S. Tobin<\/strong> &#8211; is editor-in-chief of the Jewish News Syndicate, a senior contributor for The Federalist, a columnist for Newsweek and a contributor to many other publications. He covers the American political scene, foreign policy, the U.S.-Israel relationship, Middle East diplomacy, the Jewish world and the arts. He hosts the JNS \u201cThink Twice\u201d podcast, both the weekly video program and the \u201cJonathan Tobin Daily\u201d program, which are available on all major audio platforms and YouTube. Previously, he was executive editor, then senior online editor and chief political blogger, for Commentary magazine. Before that, he was editor-in-chief of The Jewish Exponent in Philadelphia and editor of the Connecticut Jewish Ledger. He has won more than 60 awards for commentary, art criticism and other writing. He appears regularly on television, commenting on politics and foreign policy. Born in New York City, he studied history at Columbia University.<\/em><\/span><\/p>\n<hr style=\"height: 15px; background: #d0e6fa; width: 100%;\" \/>\n<div id=\"content\" class=\"content-alignment\">\n<div id=\"watch-description\" class=\"yt-uix-button-panel\">\n<div id=\"watch-description-text\" style=\"text-align: center;\">\n<p><em>Zawarto\u015b\u0107 publikowanych artyku\u0142\u00f3w i materia\u0142\u00f3w nie reprezentuje pogl\u0105d\u00f3w ani opinii Reunion&#8217;68,<\/em><em><br \/>\nani te\u017c webmastera Blogu Reunion&#8217;68, chyba ze jest to wyra\u017anie zaznaczone.<br \/>\nTwoje uwagi, linki, w\u0142asne artyku\u0142y lub wiadomo\u015bci prze\u015blij na adres:<br \/>\n<\/em><span style=\"color: #000080;\"><strong><em><a style=\"color: #000080;\" href=\"mailto:webmaster@reunion68.com\"><span style=\"text-decoration: underline;\">webmaster@reunion68.com<\/span><\/a><\/em><\/strong><\/span><\/p>\n<\/div>\n<\/div>\n<\/div>\n<hr style=\"width: 100%;\" \/>\n","protected":false},"excerpt":{"rendered":"<p>Super Bowl antisemitism ad is no way to tackle Jew-hatred Jonathan S. Tobin Robert Kraft\u2019s Foundation to Combat Antisemitism wasted $8 million on something that never mentioned Jews or antisemitism, while also failing to explain the real reason for its rapid spread. Former NFL player Tom Brady and rapper Snoop Dogg. Photo by Lori Levine\/Getty [&hellip;]<\/p>\n","protected":false},"author":1,"featured_media":0,"comment_status":"closed","ping_status":"closed","sticky":false,"template":"","format":"standard","meta":[],"categories":[1],"tags":[26,24],"_links":{"self":[{"href":"https:\/\/www.reunion68.se\/index.php?rest_route=\/wp\/v2\/posts\/119108"}],"collection":[{"href":"https:\/\/www.reunion68.se\/index.php?rest_route=\/wp\/v2\/posts"}],"about":[{"href":"https:\/\/www.reunion68.se\/index.php?rest_route=\/wp\/v2\/types\/post"}],"author":[{"embeddable":true,"href":"https:\/\/www.reunion68.se\/index.php?rest_route=\/wp\/v2\/users\/1"}],"replies":[{"embeddable":true,"href":"https:\/\/www.reunion68.se\/index.php?rest_route=%2Fwp%2Fv2%2Fcomments&post=119108"}],"version-history":[{"count":11,"href":"https:\/\/www.reunion68.se\/index.php?rest_route=\/wp\/v2\/posts\/119108\/revisions"}],"predecessor-version":[{"id":119204,"href":"https:\/\/www.reunion68.se\/index.php?rest_route=\/wp\/v2\/posts\/119108\/revisions\/119204"}],"wp:attachment":[{"href":"https:\/\/www.reunion68.se\/index.php?rest_route=%2Fwp%2Fv2%2Fmedia&parent=119108"}],"wp:term":[{"taxonomy":"category","embeddable":true,"href":"https:\/\/www.reunion68.se\/index.php?rest_route=%2Fwp%2Fv2%2Fcategories&post=119108"},{"taxonomy":"post_tag","embeddable":true,"href":"https:\/\/www.reunion68.se\/index.php?rest_route=%2Fwp%2Fv2%2Ftags&post=119108"}],"curies":[{"name":"wp","href":"https:\/\/api.w.org\/{rel}","templated":true}]}}