{"id":119112,"date":"2025-02-09T17:09:12","date_gmt":"2025-02-09T15:09:12","guid":{"rendered":"http:\/\/www.reunion68.se\/?p=119112"},"modified":"2025-02-09T11:23:44","modified_gmt":"2025-02-09T09:23:44","slug":"09-09-94","status":"publish","type":"post","link":"https:\/\/www.reunion68.se\/?p=119112","title":{"rendered":"Nie jestem \u017bydem, ale dzie\u0144 7 pa\u017adziernika 2023 roku zmieni\u0142 moje \u017cycie"},"content":{"rendered":"<p><img decoding=\"async\" src=\"https:\/\/www.algemeiner.com\/wp-content\/uploads\/2025\/01\/Screen-Shot-2025-01-06-at-1.41.16-PM.jpg\" width=\"100%\" \/><\/p>\n<hr \/>\n<h5 style=\"text-align: center;\"><a href=\"https:\/\/www.listyznaszegosadu.pl\/\" target=\"_blank\" rel=\"noopener noreferrer\"><img decoding=\"async\" class=\"center alignleft\" src=\"http:\/\/www.reunion68.com\/Biuletyn\/img\/z-naszego.jpg\" alt=\"\" width=\"50%\" \/><\/a><span style=\"text-decoration: underline; color: #000080;\"><strong><a style=\"color: #000080; text-decoration: underline;\" href=\"https:\/\/www.listyznaszegosadu.pl\/brunatna-fala\/nie-jestem-zydem-ale-dzien-7-pazdziernika-2023-roku-zmienil-moje-zycie\" target=\"_blank\" rel=\"noopener noreferrer\"><br \/>\nNie jestem \u017bydem, ale dzie\u0144 7 pa\u017adziernika 2023 roku zmieni\u0142 moje \u017cycie<\/a><\/strong><\/span><\/h5>\n<p style=\"text-align: center;\"><span style=\"color: #000000;\"><strong>Pete Malicki<br \/>\n<\/strong><span style=\"color: #808080;\"><em>T\u0142umaczenie: <\/em><\/span><strong>Andrzej Koraszewski<\/strong><\/span><\/p>\n<hr style=\"height: 15px; background: #d0e6fa; width: 100%;\" \/>\n<h4 style=\"text-align: center;\"><strong>To, jak \u015bwiat zareagowa\u0142 na masakr\u0119 7 pa\u017adziernika, sk\u0142oni\u0142o mnie do zainteresowania si\u0119 Izraelem, wojn\u0105 i szerszym regionem.<\/strong><\/h4>\n<p>.<\/p>\n<div class=\"templateArticleIngress\">\n<p style=\"text-align: left;\"><span style=\"color: #000080;\">To nie wydarzenia, kt\u00f3re mia\u0142y miejsce tamtego dnia, cho\u0107 by\u0142y przera\u017caj\u0105ce, wywo\u0142a\u0142y t\u0119 zmian\u0119. Podczas gdy okrucie\u0144stwa pope\u0142nione przez Hamas s\u0105 trudne do przebicia, jednak przera\u017caj\u0105ce wydarzenia, kt\u00f3re mia\u0142y miejsce p\u00f3\u017aniej, tak g\u0142\u0119boko mnie dotkn\u0119\u0142y. Te wydarzenia rozpocz\u0119\u0142y si\u0119 zaledwie dzie\u0144 p\u00f3\u017aniej. Pogorszy\u0142y si\u0119 tylko, podczas dalszych 14 miesi\u0119cy. To zmieni\u0142o moje \u017cycie, poniewa\u017c prowadzi\u0142o do odkrycia trwaj\u0105cej od pokole\u0144 kampanii nienawi\u015bci i propagandy, kampanii tak udanej, \u017ce uwiod\u0142a nawet prominentnych cz\u0142onk\u00f3w grupy, przeciwko kt\u00f3rej by\u0142a wymierzona.<\/span><\/p>\n<\/div>\n<p style=\"text-align: left;\">\n<div class=\"templateArticleBrodtext\">\n<p style=\"text-align: left;\"><span style=\"color: #000080;\">Mam na my\u015bli oczywi\u015bcie kampani\u0119 przeciwko Izraelowi i \u017bydom.<\/span><\/p>\n<p style=\"text-align: left;\">\n<span style=\"color: #000080;\">Wstyd mi przyzna\u0107, \u017ce w pewnym momencie da\u0142em si\u0119 na to nabra\u0107. Pami\u0119tam, \u017ce wiele lat temu powiedzia\u0142em sobie, po przeczytaniu artyku\u0142u w Wikipedii na temat liczby rezolucji Organizacji Narod\u00f3w Zjednoczonych przeciwko Izraelowi: \u201eTo musi by\u0107 najgorszy kraj na \u015bwiecie\u201d. Mo\u017ce mo\u017cna mi wybaczy\u0107 to przekonanie, \u017ce ONZ nie ma \u017cadnych uprzedze\u0144 wobec jedynej demokracji na Bliskim Wschodzie, kt\u00f3re w tamtym czasie wydawa\u0142o mi si\u0119 zupe\u0142nie bezsporne. Na szcz\u0119\u015bcie nigdy nie podzieli\u0142em si\u0119 swoimi pogl\u0105dami.<\/span><\/p>\n<p style=\"text-align: left;\">\n<span style=\"color: #000080;\">To, jak \u015bwiat zareagowa\u0142 na masakr\u0119 7 pa\u017adziernika, sprawi\u0142o, \u017ce zacz\u0105\u0142em interesowa\u0107 si\u0119 Izraelem, wojn\u0105 i Bliskim Wschodem. W Sydney dwa dni po ataku wybuch\u0142y protesty przeciwko Izraelowi. R\u00f3\u017cnie interpretowano okrzyki \u201e\u017bydzi do gazu\u201d przy okazji palenia izraelskiej flagi. Policyjny ekspert zinterpretowa\u0142 to skandowanie jako nie mniej niepokoj\u0105ce jak okrzyk \u201eGdzie s\u0105 \u017bydzi?\u201d, ale pomimo tego, \u017ce t\u0142um skandowa\u0142 r\u00f3wnie\u017c jednoznacznie nienawistne \u201efuck the Jews\u201d, ABC skupi\u0142o\u00a0<a style=\"color: #000080;\" href=\"https:\/\/www.abc.net.au\/news\/2024-02-02\/nsw-police-opera-house-protest-video-analysis\/103418582\">artyku\u0142<\/a>\u00a0o protestach na fakcie, \u017ce skandowanie nie by\u0142o tak straszne, jak ludzie pocz\u0105tkowo my\u015bleli. W ich artykule pojawi\u0142 si\u0119 r\u00f3wnie\u017c palesty\u0144ski organizator wiecu, kt\u00f3ry narzeka\u0142 na kampani\u0119 oszczerstw przeciwko Palesty\u0144czykom \u2013 zosta\u0142 sfotografowany, ale nie pytano o nic samych \u017byd\u00f3w. Zastanawia\u0142em si\u0119 nad t\u0105 interpretacj\u0105 \u201esprawiedliwego i wywa\u017conego\u201d relacjonowania w \u015bwietle jawnego antysemityzmu. P\u00f3\u017aniej zastanawia\u0142em si\u0119, dlaczego nasz australijski nadawca krajowy zdecydowa\u0142 si\u0119 zamie\u015bci\u0107 pe\u0142n\u0105 oburzenia wypowied\u017a rosyjskiego wiceministra spraw zagranicznych w\u00a0<a style=\"color: #000080;\" href=\"https:\/\/www.abc.net.au\/news\/2024-07-31\/hamas-leader-ismail-haniyeh-killed-in-iran\/104164948\">artykule<\/a>\u00a0o zab\u00f3jstwie przyw\u00f3dcy Hamasu Ismaela Haniji. Od kiedy oburzenie brutalnej dyktatury w reakcji na likwidacj\u0119 brutalnego przyw\u00f3dcy terroryst\u00f3w jest w\u0142a\u015bciwym sposobem, w jaki australijskie pa\u0144stwowe media mog\u0105 przedstawia\u0107 wiadomo\u015bci?<\/span><\/p>\n<p style=\"text-align: left;\">\n<span style=\"color: #000080;\">Im wi\u0119cej czyta\u0142em artyku\u0142\u00f3w, s\u0142ucha\u0142em podcast\u00f3w, studiowa\u0142em histori\u0119 i ogl\u0105da\u0142em wywiad\u00f3w i dokument\u00f3w, tym bardziej zauwa\u017ca\u0142em te dziwactwa w reakcji na wojn\u0119 w Gazie. Liczba ofiar \u015bmiertelnych, o kt\u00f3rej m\u00f3wi prawie ka\u017cdy, pochodzi bezpo\u015brednio z Ministerstwa Zdrowia Gazy. Hamas, kt\u00f3ry sp\u0119dzi\u0142 prawie 20 lat buduj\u0105c tunele pod domami ludno\u015bci palesty\u0144skiej i zamieniaj\u0105c szko\u0142y, meczety i szpitale w bazy wojskowe, zarz\u0105dza t\u0105 instytucj\u0105 \u2013 i mo\u017cna podejrzewa\u0107, \u017ce maj\u0105 powody, aby zawy\u017ca\u0107 dane. Media coraz rzadziej wspomina\u0142y o powi\u0105zaniach Hamasu z Ministerstwem Zdrowia Gazy, a nawet Wysoki Komisarz Narod\u00f3w Zjednoczonych ds. Praw Cz\u0142owieka, Volker T\u00fcrk, pomija je w\u00a0<a style=\"color: #000080;\" href=\"https:\/\/www.un.org\/unispal\/document\/gaza-40000deaths-turk-ohchr-15aug24\/\">oficjalnym o\u015bwiadczeniu<\/a>. T\u00fcrk nie wspomina r\u00f3wnie\u017c, \u017ce liczba ofiar \u015bmiertelnych obejmuje ponad 10 000 bojownik\u00f3w Hamasu, plus ka\u017cdego, kto zmar\u0142 w Gazie z jakiegokolwiek powodu od pocz\u0105tku wojny.<\/span><\/p>\n<p style=\"text-align: left;\">\n<span style=\"color: #000080;\">Zauwa\u017cy\u0142em coraz wi\u0119cej takich pomini\u0119\u0107 w relacjach. Izrael bombarduje szko\u0142y i szpitale, ale cz\u0119sto nie wspomina si\u0119 o wykorzystywaniu tych\u00a0 miejsc przez Hamas do cel\u00f3w miulitarnych. Hamas stawia op\u00f3r \u201eokupacji\u201d, ale ca\u0142kowite wycofanie si\u0119 Izraela z Gazy w 2005 r., w tym przymusowe wysiedlenie prawie dziesi\u0119ciu tysi\u0119cy obywateli Izraela, nie jest odnotowane. Izrael dokonuje inwazji na Liban, ale tysi\u0105ce rakiet wystrzelonych przez Hezbollah, wynikaj\u0105ce z tego dziesi\u0105tki tysi\u0119cy izraelskich uchod\u017ac\u00f3w i ca\u0142kowita pora\u017cka UNIFIL w wype\u0142nianiu ich mandatu utrzymania Hezbollahu na p\u00f3\u0142noc od rzeki Litani s\u0105 ignorowane. W rzeczywisto\u015bci, pomimo codziennego studiowania tematu, zaj\u0119\u0142o mi wiele miesi\u0119cy, aby odkry\u0107, \u017ce Hezbollah odpala\u0142 rakiety skierowane na izraelskich cywil\u00f3w \u2013 ka\u017cdego dnia od 8 pa\u017adziernika, zanim Izrael w og\u00f3le odpowiedzia\u0142 Hamasowi. Rakiety te zabi\u0142y cywil\u00f3w, ten fakt jest rzadko nag\u0142a\u015bniany, lub te\u017c przedstawiany w spos\u00f3b ca\u0142kowicie odra\u017caj\u0105cy, jak w przypadku szokuj\u0105cego nag\u0142\u00f3wka BBC \u201eIzrael atakuje cele Hezbollahu po ataku na boisko pi\u0142karskie\u201d, opublikowanego po tym, jak 12 izraelskich dzieci w druzyjskim mie\u015bcie zosta\u0142o zabitych przez rakiety Hezbollahu.<\/span><\/p>\n<p style=\"text-align: left;\">\n<span style=\"color: #000080;\">Stawa\u0142o si\u0119 coraz bardziej oczywiste, \u017ce istnieje tu jaki\u015b plan. Codziennie czytam o brutalno\u015bci Izraela, a mimo to John Spencer, wiod\u0105cy na \u015bwiecie naukowiec specjalizuj\u0105cy si\u0119 badaniu\u00a0 wojen na obszarach miejskich, prawie nigdy nie jest cytowany, pomimo (lub prawdopodobnie z powodu) jego\u00a0<a style=\"color: #000080;\" href=\"https:\/\/nationalpost.com\/news\/urban-warfare-expert-explains-israels-restraint-gaza\">przekonania<\/a>, \u017ce Izrael \u201e\u0142agodzi straty w\u015br\u00f3d cywil\u00f3w na poziomie, kt\u00f3rego nikt nigdy nie pr\u00f3bowa\u0142\u201d. Rzadko wspomina si\u0119, \u017ce Izrael rutynowo powiadamia cywil\u00f3w o dzia\u0142aniach wojskowych, zanim je podejmuje. Jeszcze rzadziej obwinia si\u0119 organizacj\u0119, kt\u00f3ra rozpocz\u0119\u0142a wojn\u0119, za ofiary w\u015br\u00f3d ludno\u015bci cywilnej, kt\u00f3rym mo\u017cna by\u0142o zapobiec w ci\u0105gu jednego dnia, gdyby Hamas zwr\u00f3ci\u0142 wszystkich zak\u0142adnik\u00f3w i rozbroi\u0142 si\u0119. Jednak Hamas jest cz\u0119sto przedstawiany jako ruch bojownik\u00f3w \u00a0o wolno\u015b\u0107 lub grupa oporu, mimo \u017ce ich statut otwarcie okre\u015bla ich g\u0142\u00f3wne cele, d\u017cihad i czystki etniczne \u017byd\u00f3w.<\/span><\/p>\n<p style=\"text-align: left;\">\n<span style=\"color: #000080;\">Efekt ten wykracza poza media i Organizacj\u0119 Narod\u00f3w Zjednoczonych. Artyku\u0142y Wikipedii na temat Palestyny cz\u0119sto wykazuj\u0105 ten sam poziom stronniczo\u015bci, co\u00a0 wybi\u00f3rcze podej\u015bcie starannie dobieranych ekspert\u00f3w i statystyki, kt\u00f3re sprawiaj\u0105, \u017ce Izrael wygl\u0105da tak \u017ale, jak to tylko mo\u017cliwe. Protesty na kampusach w Stanach Zjednoczonych s\u0105 aprobowane przez administracj\u0119 uniwersytet\u00f3w, pomimo okrzyk\u00f3w \u201eintifada\u201d (nawi\u0105zanie do drugiej intifady, kt\u00f3ra charakteryzowa\u0142a si\u0119 dziesi\u0105tkami zamach\u00f3w samob\u00f3jczych na izraelskich cywil\u00f3w), machania flagami terrorystycznych organizacji \u00a0i \u201estrefami wykluczenia syjonist\u00f3w\u201d.<\/span><\/p>\n<p style=\"text-align: left;\">\n<span style=\"color: #000080;\">R\u00f3wnolegle do wszystkich wydarze\u0144, na ca\u0142ym \u015bwiecie zacz\u0119\u0142y si\u0119 nasila\u0107 ataki antysemickie. \u017byd\u00f3wka zostaje zgwa\u0142cona we Francji, aby \u201epom\u015bci\u0107 Palestyn\u0119\u201d, a tak\u017ce we Francji 12-latka zostaje zbiorowo zgwa\u0142cona przez napastnik\u00f3w, kt\u00f3rzy nazywaj\u0105 j\u0105 \u201ebrudn\u0105 \u017byd\u00f3wk\u0105\u201d. \u017bydzi s\u0105 otwarcie \u015bcigani i brutalnie atakowani w Holandii na kilka dni przed rocznic\u0105 Nocy Kryszta\u0142owej. W Melbourne zostaje spalona synagoga, a ataki tutaj, w Australii, nasilaj\u0105 si\u0119 w przera\u017caj\u0105cym tempie. Jest niezliczona ilo\u015b\u0107 innych incydent\u00f3w.<\/span><\/p>\n<p style=\"text-align: left;\">\n<span style=\"color: #000080;\">Jednak zamiast mi\u0119dzynarodowego oburzenia tymi przest\u0119pstwami z nienawi\u015bci rasowej, izraelscy cywile, a nawet nieizraelscy \u017bydzi s\u0105 uto\u017csamiani z dzia\u0142aniami izraelskiego rz\u0105du \u2013 co jest klasycznym przyk\u0142adem dehumanizacji. Na przyk\u0142ad organizatorzy niekt\u00f3rych grup protestuj\u0105cych na kampusach\u00a0<a style=\"color: #000080;\" href=\"https:\/\/www.adl.org\/resources\/article\/what-do-anti-israel-student-organizers-really-want-examining-extreme-demands\">otwarcie domagaj\u0105 si\u0119<\/a>\u00a0polityki wykluczaj\u0105cej syjonist\u00f3w lub nawet tych, kt\u00f3rzy maj\u0105 jakiekolwiek \u00a0\u201ezwi\u0105zki z Izraelem\u201d z udzia\u0142u w pewnych aspektach ich uniwersyteckiego \u017cycia, takich jak zasiadanie w zarz\u0105dach. Te antyizraelskie nastroje staj\u0105 si\u0119 coraz trudniejsze do odr\u00f3\u017cnienia od jawnego antysemityzmu \u2013 jak inaczej nazwa\u0107 kar\u0119 dla obywatela za dzia\u0142ania jego kraju, niezale\u017cnie od jego w\u0142asnych przekona\u0144?<\/span><\/p>\n<p style=\"text-align: left;\">\n<span style=\"color: #000080;\">Zatrzymuj\u0119 si\u0119 w tym momencie, aby zada\u0107 sobie pytanie. \u201eA co je\u015bli si\u0119 myl\u0119?\u201d Wed\u0142ug wielu relacji Izrael, na podstawie \u201eprzyt\u0142aczaj\u0105cych dowod\u00f3w\u201d, pope\u0142ni\u0142 niezliczone zbrodnie wojenne nie tylko przeciwko Palesty\u0144czykom, ale tak\u017ce przeciw liba\u0144skim, syryjskim, a nawet jeme\u0144skim i ira\u0144skim s\u0105siadom. Jak mog\u0119 usprawiedliwi\u0107 ignorowanie lub odrzucanie tak wielu dowod\u00f3w i przyj\u0119cie mniejszo\u015bciowego pogl\u0105du na ten temat? Czy Izrael jest moj\u0105 p\u0142ask\u0105 Ziemi\u0105?<\/span><\/p>\n<p style=\"text-align: left;\">\n<span style=\"color: #000080;\">Aby pom\u00f3c mi odpowiedzie\u0107 na to pytanie, zadam sobie kilka w\u0142asnych pyta\u0144:<\/span><\/p>\n<p style=\"text-align: left;\">\n<span style=\"color: #000080;\">Jak Izrael mo\u017ce by\u0107 pa\u0144stwem apartheidu, skoro 20% jego populacji stanowi\u0105 Arabowie, kt\u00f3rzy maj\u0105 takie same prawa jak obywatele \u017cydowscy?<\/span><\/p>\n<p style=\"text-align: left;\">\n<span style=\"color: #000080;\">Dlaczego s\u0105siedzi Izraela nie s\u0105 oskar\u017cani o apartheid za wysiedlenie prawie miliona \u017byd\u00f3w w XX wieku lub za inne akty czystek etnicznych?<\/span><\/p>\n<p style=\"text-align: left;\">\n<span style=\"color: #000080;\">Dlaczego kraje, kt\u00f3re pobieraj\u0105 d\u017cizj\u0119, podatek \u015bci\u0105gany specjalnie od \u017byd\u00f3w (i innych innowierc\u00f3w), nie s\u0105 oskar\u017cane o apartheid?<\/span><\/p>\n<p style=\"text-align: left;\">\n<span style=\"color: #000080;\">Je\u015bli Gaza jest \u201ewi\u0119zieniem na \u015bwie\u017cym powietrzu\u201d, a Izrael pa\u0144stwem apartheidu, to dlaczego Egipt, kt\u00f3ry graniczy z Gaz\u0105, nie jest r\u00f3wnie\u017c nazywany pa\u0144stwem apartheidu?<\/span><\/p>\n<p style=\"text-align: left;\">\n<span style=\"color: #000080;\">Je\u015bli Gaza jest wi\u0119zieniem na otwartym powietrzu, a Izrael pa\u0144stwem apartheidu, to dlaczego prawie 20 000 mieszka\u0144c\u00f3w Gazy posiada\u0142o izraelskie pozwolenia na prac\u0119 gdzie otrzymywali wy\u017csze wynagrodzenia oraz lepsze prawa pracuj\u0105c w Izraelu ni\u017c w Strefie Gazy?<\/span><\/p>\n<p style=\"text-align: left;\">\n<span style=\"color: #000080;\">Dlaczego za kiepsk\u0105 infrastruktur\u0119 w Strefie Gazy obwinia si\u0119 Izrael, a nie rz\u0105d Strefy Gazy, Hamas, kt\u00f3ry wyda\u0142 miliardy dolar\u00f3w na budow\u0119 tuneli terrorystycznych, zamiast zadba\u0107 o w\u0142asnych obywateli?<\/span><\/p>\n<p style=\"text-align: left;\">\n<span style=\"color: #000080;\">Dlaczego nikt nie chce obwinia\u0107 Hamasu za \u015bmier\u0107 palesty\u0144skich cywil\u00f3w, skoro odmawiaj\u0105 oni cywilom schronienia si\u0119 w tunelach? Dlaczego, gdy Hamas otwarcie przyznaje si\u0119 do u\u017cywania cywil\u00f3w jako \u017cywych tarcz, nie zmienia to sposobu, w jaki krytycy postrzegaj\u0105 winy Izraela?<\/span><\/p>\n<p style=\"text-align: left;\">\n<span style=\"color: #000080;\">Je\u015bli Hamas jest ruchem oporu, dlaczego sprawcy zamach\u00f3w z 7 pa\u017adziernika krzyczeli \u201eAllahu Akbar\u201d podczas mordowania cywil\u00f3w zamiast \u201ewolna Palestyna\u201d?<\/span><\/p>\n<p style=\"text-align: left;\">\n<span style=\"color: #000080;\">Dlaczego syjonizm uwa\u017ca si\u0119 za straszn\u0105 form\u0119 kolonializmu, a o wiele bardziej rozpowszechniony i d\u0105\u017c\u0105cy do podboju islamizm nie?<\/span><\/p>\n<p style=\"text-align: left;\">\n<span style=\"color: #000080;\">Dlaczego Hamas, Hezbollah, Huti i Iran mog\u0105 wystrzeliwa\u0107 dziesi\u0105tki tysi\u0119cy rakiet w kierunku cywil\u00f3w, a wszystko, co robi Izrael, jest \u201ezbrodni\u0105 wojenn\u0105\u201d? Dlaczego te grupy nie s\u0105 uwa\u017cane za co najmniej r\u00f3wnie z\u0142e jak Izrael, albo przynajmniej krytykowane za atakowanie cywil\u00f3w?<\/span><\/p>\n<p style=\"text-align: left;\">\n<span style=\"color: #000080;\">Dlaczego po \u015bwiatowych protestach przeciwko ira\u0144skiemu re\u017cimowi po zamordowaniu Mahsy Amini nie m\u00f3wimy o tym, \u017ce od tego czasu Iran straci\u0142 setki cywil\u00f3w, a najwyra\u017aniej niewiele si\u0119 zmieni\u0142o?<\/span><\/p>\n<p style=\"text-align: left;\">\n<span style=\"color: #000080;\">Gdzie by\u0142y protesty na kampusach przeciwko re\u017cimowi Assada w Syrii, gdy zamordowano ponad p\u00f3\u0142 miliona ludzi? Gdzie s\u0105 protesty na kampusach przeciwko okropnemu traktowaniu kobiet przez Talib\u00f3w?<\/span><\/p>\n<p style=\"text-align: left;\">\n<span style=\"color: #000080;\">Dlaczego UN Women przez 57 dni nie pot\u0119pi\u0142o ataku Hamasu, mimo relacji naocznych \u015bwiadk\u00f3w, zezna\u0144, a nawet nagra\u0144 wideo pokazuj\u0105cych, \u017ce dziewcz\u0119ta i kobiety by\u0142y brutalnie gwa\u0142cone, okaleczane i mordowane?<\/span><\/p>\n<p style=\"text-align: left;\">\n<span style=\"color: #000080;\">Dlaczego nigdy nie s\u0142yszymy o ira\u0144skim zegarze zag\u0142ady, kt\u00f3ry odlicza dni do ca\u0142kowitego zniszczenia Izraela?<\/span><\/p>\n<p style=\"text-align: left;\">\n<span style=\"color: #000080;\">Dlaczego wybitny \u017byd Norman Finkelstein nie jest ca\u0142kowicie zdyskredytowany jako autorytet, gdy m\u00f3wi, \u017ce Huti powinni\u00a0<a style=\"color: #000080;\" href=\"https:\/\/www.youtube.com\/watch?v=o2nKrYwW3Iw\">otrzyma\u0107 Pokojow\u0105 Nagrod\u0119 Nobla<\/a>, pomimo has\u0142a Huti na ich sztandarach g\u0142osz\u0105cego: \u201e\u015amier\u0107 Izraelowi\u201d i \u201ePrzekle\u0144stwo na \u017byd\u00f3w\u201d? Jak mo\u017cna nie dostrzega\u0107 astronomicznego dysonansu poznawczego Finkelsteina?<\/span><\/p>\n<p style=\"text-align: left;\">\n<span style=\"color: #000080;\">Dlaczego Queers for Palestine otwarcie popar\u0142o Huti za atakowanie statk\u00f3w na Morzu Czerwonym, a nic nie powiedzia\u0142o, gdy Huti skazali dziewi\u0119ciu m\u0119\u017cczyzn na \u015bmier\u0107 za sodomi\u0119? Czy oni nie troszcz\u0105 si\u0119 o gej\u00f3w?<\/span><\/p>\n<p style=\"text-align: left;\">\n<span style=\"color: #000080;\">Dlaczego Katar daje wi\u0119cej pieni\u0119dzy ameryka\u0144skim uniwersytetom (prawie 5 mld dolar\u00f3w w ci\u0105gu ostatnich 20 lat) ni\u017c jakikolwiek inny kraj? Dlaczego nie zrobimy czego\u015b z faktem, \u017ce incydenty antysemickie s\u0105 2-3 razy wy\u017csze w instytucjach, kt\u00f3re otrzyma\u0142y dofinansowanie z Bliskiego Wschodu, ni\u017c w tych, kt\u00f3re nie otrzyma\u0142y?<\/span><\/p>\n<p style=\"text-align: left;\">\n<span style=\"color: #000080;\">Dlaczego \u015bwiat nie zareagowa\u0142 kampani\u0105 \u201eJewish Lives Matter\u201d, gdy dosz\u0142o do pogrom\u00f3w w Amsterdamie? Je\u015bli chcesz twierdzi\u0107, \u017ce kibice zas\u0142uguj\u0105 na to, by by\u0107 ofiarami rasistowskich atak\u00f3w, to dlaczego przynajmniej nie pojawi\u0142o si\u0119 has\u0142o \u201eJewish Lives Matter\u201d, kiedy 12-letnia dziewczynka zosta\u0142a nazwana \u201ebrudn\u0105 \u017byd\u00f3wk\u0105\u201d i zgwa\u0142cona zbiorowo?<\/span><\/p>\n<p style=\"text-align: left;\">\n<span style=\"color: #000080;\">Dlaczego wszyscy uchod\u017acy na \u015bwiecie maj\u0105 do dyspozycji jedn\u0105 agencj\u0119 ONZ, kt\u00f3ra si\u0119 nimi zajmuje, a tylko Palesty\u0144czycy maj\u0105 swoj\u0105 w\u0142asn\u0105, odr\u0119bn\u0105 agencj\u0119 ONZ?<\/span><\/p>\n<p style=\"text-align: left;\">\n<span style=\"color: #000080;\">Dlaczego wnuki palesty\u0144skich uchod\u017ac\u00f3w maj\u0105 status uchod\u017acy, skoro nigdzie indziej na \u015bwiecie status uchod\u017acy tak nie dzia\u0142a? Dlaczego Palesty\u0144czycy, kt\u00f3rzy \u017cyj\u0105 swobodnie w miastach, w kt\u00f3rych si\u0119 urodzili, s\u0105 uwa\u017cani za uchod\u017ac\u00f3w, skoro nigdzie indziej status uchod\u017acy tak nie dzia\u0142a?<\/span><\/p>\n<p style=\"text-align: left;\">\n<span style=\"color: #000080;\">Dlaczego Izrael jest pa\u0144stwem nielegalnym, a inne pa\u0144stwa, kt\u00f3re powsta\u0142y w tym samym czasie lub p\u00f3\u017aniej, np. Pakistan, s\u0105 legalne?<\/span><\/p>\n<p style=\"text-align: left;\">\n<span style=\"color: #000080;\">Dlaczego Zgromadzenie Og\u00f3lne ONZ przyj\u0119\u0142o 154 rezolucje przeciwko Izraelowi i tylko 71 przeciwko reszcie \u015bwiata \u0142\u0105cznie w latach 2015-2023? To jest zdumiewaj\u0105co wysoki poziom dysproporcji!<\/span><\/p>\n<p style=\"text-align: left;\">\n<span style=\"color: #000080;\">Dlaczego nie by\u0142o wielkim skandalem, gdy ONZ drastycznie obni\u017cy\u0142a szacunki dotycz\u0105ce liczby kobiet i dzieci zabitych w Strefie Gazy, liczby podawanej do znudzenia przez wi\u0119kszo\u015b\u0107 \u015bwiatowych medi\u00f3w?<\/span><\/p>\n<p style=\"text-align: left;\">\n<span style=\"color: #000080;\">Dlaczego uwa\u017ca si\u0119, \u017ce komentarze idiotycznego izraelskiego polityka odzwierciedlaj\u0105 pogl\u0105dy ca\u0142ego narodu, podczas gdy g\u0142upie opinie naszych w\u0142asnych polityk\u00f3w s\u0105 wy\u0142\u0105cznie ich w\u0142asnymi g\u0142upimi opiniami?<\/span><\/p>\n<p style=\"text-align: left;\">\n<span style=\"color: #000080;\">Je\u015bli Izrael dopuszcza si\u0119 ludob\u00f3jstwa na Palesty\u0144czykach, dlaczego pozwala na przejazd tysi\u0105com ci\u0119\u017car\u00f3wek z pomoc\u0105 humanitarn\u0105? Dlaczego Hamas nie jest oskar\u017cany o ludob\u00f3jstwo za kradzie\u017c pomocy i sprzeda\u017c jej cywilom z Gazy?<\/span><\/p>\n<p style=\"text-align: left;\">\n<span style=\"color: #000080;\">Je\u015bli Izrael od dziesi\u0119cioleci dopuszcza si\u0119 ludob\u00f3jstwa na Palesty\u0144czykach, jak twierdz\u0105 niekt\u00f3rzy, to w jaki spos\u00f3b populacja Palesty\u0144czyk\u00f3w wzros\u0142a ponad dwukrotnie od pocz\u0105tku tego ludob\u00f3jstwa? Bior\u0105c pod uwag\u0119 zasoby militarne Izraela, dlaczego po prostu nie bombarduj\u0105 dywanowo oboz\u00f3w dla uchod\u017ac\u00f3w? Dlaczego ewakuowali prawie milion ludzi z Rafah?<\/span><\/p>\n<p style=\"text-align: left;\">\n<span style=\"color: #000080;\">Dlaczego odpowiedzi\u0105 na rzekome czystki etniczne Palesty\u0144czyk\u00f3w przez Izrael jest okrzyk \u201eod rzeki do morza\u201d, wezwanie do etnicznego oczyszczenia ziemi Izraelczyk\u00f3w z \u017byd\u00f3w i ta reakcja jest uwa\u017cana za akceptowaln\u0105?<\/span><\/p>\n<p style=\"text-align: left;\">\n<span style=\"color: #000080;\">Dlaczego za brak wdro\u017cenia rozwi\u0105zania dwupa\u0144stwowego zawsze obwinia si\u0119 Izrael, skoro Palestyna odrzuci\u0142a wszystkie proponowane rozwi\u0105zania dwupa\u0144stwowe?<\/span><\/p>\n<p style=\"text-align: left;\">\n<span style=\"color: #000080;\">Lista pyta\u0144 jest d\u0142uga, lecz nie wyczerpuje wszystkich kwestii.<\/span><\/p>\n<p style=\"text-align: left;\">\n<span style=\"color: #000080;\">Chocia\u017c mo\u017cna wysun\u0105\u0107 wiele s\u0142usznych zarzut\u00f3w pod adresem Izraela, na przyk\u0142ad przeciwko odra\u017caj\u0105cym dzia\u0142aniom niekt\u00f3rych osadnik\u00f3w na Zachodnim Brzegu przy wsp\u00f3\u0142udziale rz\u0105du, Jednak wiele z powy\u017cszych pyta\u0144 wydaje si\u0119 niemo\u017cliwych do odpowiedzi bez intelektualnych akrobacji. Nawet najgorsze oskar\u017cenia pod adresem Izraela i tak postawi\u0142yby go obok wielu innych narod\u00f3w, kt\u00f3re pope\u0142ni\u0142y ten sam kaliber zbrodni przeciwko ludzko\u015bci, wi\u0119c dlaczego jest tak wyj\u0105tkowo wyr\u00f3\u017cniany? Kiedy Izrael jest jedynym pa\u0144stwem \u017cydowskim na \u015bwiecie, otoczonym dyktaturami, z kt\u00f3rych wiele, jak nikt nie zaprzecza, pope\u0142ni\u0142o okrucie\u0144stwa, trudno zaakceptowa\u0107, \u017ce to zjawisko nie ma nic wsp\u00f3lnego z \u201e\u017bydami\u201d.<\/span><\/p>\n<p style=\"text-align: left;\">\n<span style=\"color: #000080;\">Efektem netto szczeg\u00f3lnego traktowania Izraela jest to, \u017ce z czasem nienawi\u015b\u0107 do Izraelczyk\u00f3w, a nawet nienawi\u015b\u0107 do \u017byd\u00f3w, dla wielu milion\u00f3w ludzi na ca\u0142ym \u015bwiecie wydaje si\u0119 uzasadniona. Doprowadzi\u0142o to do przera\u017caj\u0105cego antysemityzmu, a co najbardziej niepokoj\u0105ce, nikogo to nie obchodzi.<\/span><\/p>\n<p style=\"text-align: left;\">\n<span style=\"color: #000080;\">Globalna odpowied\u017a na t\u0119 wojn\u0119 pokaza\u0142a mi, \u017ce najstarsza nienawi\u015b\u0107 \u015bwiata pozostaje silna. Aktywi\u015bci Tik Tok i ich zwolennicy po prostu bezmy\u015blnie powtarzaj\u0105 has\u0142a i uprzedzenia rozm\u00f3w prowadzonej od pokole\u0144 kampanii propagandowej przez grupy i narody, kt\u00f3re otwarcie wzywaj\u0105 do likwidacji Izraela i zag\u0142ady \u017byd\u00f3w. Dlaczego nie ust\u0119puj\u0105, gdy pojawiaj\u0105 si\u0119 dowody na korzy\u015b\u0107 Izraela? Zamiast dostosowa\u0107 sw\u00f3j \u015bwiatopogl\u0105d, gdy natrafiaj\u0105 na odpowiedzi na kt\u00f3rekolwiek z moich powy\u017cszych pyta\u0144, ci ludzie staraj\u0105 si\u0119 dostosowa\u0107 \u015bwiat do swoich przes\u0105d\u00f3w<\/span><\/p>\n<p style=\"text-align: left;\">\n<span style=\"color: #000080;\">Nie wiedzia\u0142em tego do niedawna, ale teraz widz\u0119, \u017ce \u017bydzi nie s\u0105 bezpieczni tylko dlatego, \u017ce s\u0105 \u017bydami. Rasizm nie jest powszechnie pot\u0119piany; wydaje si\u0119, \u017ce pod tym wzgl\u0119dem niekt\u00f3re zwierz\u0119ta s\u0105 r\u00f3wniejsze od innych.<\/span><\/p>\n<p style=\"text-align: left;\">\n<span style=\"color: #000080;\">Dodajmy do tego brak reakcji na eskalacj\u0119 atak\u00f3w antysemickich i dzia\u0142ania szanowanych zachodnich medi\u00f3w, takich jak BBC, kt\u00f3re przedstawiaj\u0105 atak terrorystyczny, w kt\u00f3rym zgin\u0119\u0142o kilkana\u015bcioro izraelskich dzieci tak, aby ofiara zosta\u0142a uznana za sprawc\u0119, a wtedy naprawd\u0119 rozumiem, jak dosz\u0142o do Holokaustu.<\/span><\/p>\n<p><span style=\"color: #800000;\"><strong>Nie \u017cyj\u0119 w \u015bwiecie, w kt\u00f3rym my\u015bla\u0142em, \u017ce \u017cyj\u0119, i dlatego 7 pa\u017adziernika zmieni\u0142 moje \u017cycie.<\/strong><\/span><\/p>\n<\/div>\n<hr \/>\n<p style=\"text-align: left;\"><img decoding=\"async\" class=\"alignleft\" src=\"https:\/\/www.listyznaszegosadu.pl\/upload\/article\/bild\/9514\/1079021\/pete1_s.png\" width=\"15%\" \/><span style=\"color: #808080;\"><em><strong> Pete Malicki<\/strong> jest australijskim dramaturgiem, filmowcem i doradc\u0105. Tw\u00f3rca World Monologue Games. Wnuk emigranta z Polski.<\/em><\/span><\/p>\n<hr style=\"height: 15px; background: #d0e6fa; width: 100%;\" \/>\n<div id=\"content\" class=\"content-alignment\">\n<div id=\"watch-description\" class=\"yt-uix-button-panel\">\n<div id=\"watch-description-text\" style=\"text-align: center;\">\n<p><em>Zawarto\u015b\u0107 publikowanych artyku\u0142\u00f3w i materia\u0142\u00f3w nie reprezentuje pogl\u0105d\u00f3w ani opinii Reunion&#8217;68,<\/em><em><br \/>\nani te\u017c webmastera Blogu Reunion&#8217;68, chyba ze jest to wyra\u017anie zaznaczone.<br \/>\nTwoje uwagi, linki, w\u0142asne artyku\u0142y lub wiadomo\u015bci prze\u015blij na adres:<br \/>\n<\/em><span style=\"color: #000080;\"><strong><em><a style=\"color: #000080;\" href=\"mailto:webmaster@reunion68.com\"><span style=\"text-decoration: underline;\">webmaster@reunion68.com<\/span><\/a><\/em><\/strong><\/span><\/p>\n<\/div>\n<\/div>\n<\/div>\n<hr style=\"width: 100%;\" \/>\n","protected":false},"excerpt":{"rendered":"<p>Nie jestem \u017bydem, ale dzie\u0144 7 pa\u017adziernika 2023 roku zmieni\u0142 moje \u017cycie Pete Malicki T\u0142umaczenie: Andrzej Koraszewski To, jak \u015bwiat zareagowa\u0142 na masakr\u0119 7 pa\u017adziernika, sk\u0142oni\u0142o mnie do zainteresowania si\u0119 Izraelem, wojn\u0105 i szerszym regionem. . To nie wydarzenia, kt\u00f3re mia\u0142y miejsce tamtego dnia, cho\u0107 by\u0142y przera\u017caj\u0105ce, wywo\u0142a\u0142y t\u0119 zmian\u0119. Podczas gdy okrucie\u0144stwa pope\u0142nione przez [&hellip;]<\/p>\n","protected":false},"author":1,"featured_media":0,"comment_status":"closed","ping_status":"closed","sticky":false,"template":"","format":"standard","meta":[],"categories":[6],"tags":[26,24],"_links":{"self":[{"href":"https:\/\/www.reunion68.se\/index.php?rest_route=\/wp\/v2\/posts\/119112"}],"collection":[{"href":"https:\/\/www.reunion68.se\/index.php?rest_route=\/wp\/v2\/posts"}],"about":[{"href":"https:\/\/www.reunion68.se\/index.php?rest_route=\/wp\/v2\/types\/post"}],"author":[{"embeddable":true,"href":"https:\/\/www.reunion68.se\/index.php?rest_route=\/wp\/v2\/users\/1"}],"replies":[{"embeddable":true,"href":"https:\/\/www.reunion68.se\/index.php?rest_route=%2Fwp%2Fv2%2Fcomments&post=119112"}],"version-history":[{"count":7,"href":"https:\/\/www.reunion68.se\/index.php?rest_route=\/wp\/v2\/posts\/119112\/revisions"}],"predecessor-version":[{"id":119217,"href":"https:\/\/www.reunion68.se\/index.php?rest_route=\/wp\/v2\/posts\/119112\/revisions\/119217"}],"wp:attachment":[{"href":"https:\/\/www.reunion68.se\/index.php?rest_route=%2Fwp%2Fv2%2Fmedia&parent=119112"}],"wp:term":[{"taxonomy":"category","embeddable":true,"href":"https:\/\/www.reunion68.se\/index.php?rest_route=%2Fwp%2Fv2%2Fcategories&post=119112"},{"taxonomy":"post_tag","embeddable":true,"href":"https:\/\/www.reunion68.se\/index.php?rest_route=%2Fwp%2Fv2%2Ftags&post=119112"}],"curies":[{"name":"wp","href":"https:\/\/api.w.org\/{rel}","templated":true}]}}