{"id":119231,"date":"2025-02-14T17:09:45","date_gmt":"2025-02-14T15:09:45","guid":{"rendered":"http:\/\/www.reunion68.se\/?p=119231"},"modified":"2025-02-14T12:00:38","modified_gmt":"2025-02-14T10:00:38","slug":"16-09-95","status":"publish","type":"post","link":"https:\/\/www.reunion68.se\/?p=119231","title":{"rendered":"Ultimatum Trumpa dla Hamasu: Macie czas do soboty, a potem &#8220;piek\u0142o&#8221;"},"content":{"rendered":"<p style=\"text-align: center;\"><img decoding=\"async\" class=\"aligncenter\" src=\"https:\/\/bi.im-g.pl\/im\/fd\/37\/1e\/z31682813AMP,Izraelski-zakladnik-Or-Levy-zwolniony-przez-Hamas.jpg\" width=\"100%\" \/><span style=\"color: #808080;\"><em>Izraelski zak\u0142adnik Or Levy zwolniony przez Hamas (Fot. REUTERS\/Hatem Khaled)<\/em><\/span><\/p>\n<hr \/>\n<h5 style=\"text-align: center;\"><a href=\"https:\/\/wyborcza.pl\/\" target=\"_blank\" rel=\"noopener noreferrer\"><img decoding=\"async\" class=\"center alignleft\" src=\"http:\/\/www.reunion68.com\/Biuletyn\/img\/wyborcza.png\" alt=\"\" width=\"35%\" \/><\/a><span style=\"text-decoration: underline; color: #000080;\"><strong><a style=\"color: #000080; text-decoration: underline;\" href=\"https:\/\/wyborcza.pl\/7,75399,31682621,ultimatum-trumpa-dla-hamasu-macie-czas-do-soboty-a-potem-pieklo.html\" target=\"_blank\" rel=\"noopener noreferrer\">Ultimatum Trumpa dla Hamasu: Macie czas do soboty, a potem &#8220;piek\u0142o&#8221;<\/a><\/strong><\/span><\/h5>\n<p style=\"text-align: center;\"><span style=\"color: #000000;\"><strong>Maciej Czarnecki<\/strong><\/span><\/p>\n<hr style=\"height: 15px; background: #d0e6fa; width: 100%;\" \/>\n<p><span style=\"color: #000080;\">Losy trzytygodniowego rozejmu mi\u0119dzy Izraelem a Hamasem coraz bardziej niepewne, rodziny obawiaj\u0105 si\u0119 o bezpiecze\u0144stwo zak\u0142adnik\u00f3w.<\/span><\/p>\n<div class=\"article--underlead\"><span style=\"color: #000080;\">W serii uwag wyg\u0142oszonych w poniedzia\u0142ek wieczorem do reporter\u00f3w zgromadzonych w Gabinecie Owalnym <a style=\"color: #000080;\" href=\"https:\/\/wyborcza.pl\/0,128956.html?tag=Donald+Trump#anchorLink\">Donald Trump<\/a>\u00a0wypali\u0142, \u017ce je\u015bli Hamas nie uwolni zak\u0142adnik\u00f3w wi\u0119zionych od pami\u0119tnego rajdu na terytorium Izraela z 7 pa\u017adziernika 2023 r., to on by\u0142by za tym, \u017ceby &#8220;rozp\u0119ta\u0107 piek\u0142o&#8221;.<\/span><\/div>\n<div class=\"article--content article--content-free  \">\n<p class=\"text--paragraph\"><span style=\"color: #000080;\">Kilka godzin wcze\u015bniej przedstawiciele Hamasu og\u0142osili, \u017ce bezterminowo op\u00f3\u017aniaj\u0105 wypuszczenie kolejnej grupy przetrzymywanych z powodu &#8220;pogwa\u0142ce\u0144&#8221; warunk\u00f3w rozejmu przez stron\u0119 izraelsk\u0105.<\/span><\/p>\n<p class=\"text--paragraph\"><span style=\"color: #000080;\">Trump zasygnalizowa\u0142 te\u017c, \u017ce mo\u017ce\u00a0wstrzyma\u0107 pomoc sojusznikom USA na Bliskim Wschodzie \u2013 Jordanii i Egiptowi\u00a0\u2013 je\u015bli ci nie zgodz\u0105 si\u0119 przyj\u0105\u0107 do siebie Palesty\u0144czyk\u00f3w.<\/span><\/p>\n<\/div>\n<p><span style=\"color: #000080;\">Ameryka\u0144ski prezydent trzyma si\u0119 swojego\u00a0<a id=\"LinkArea:embed_link\" class=\"text--link \" style=\"color: #000080;\" title=\"przedstawionego tydzie\u0144 temu pomys\u0142u\" href=\"https:\/\/wyborcza.pl\/7,75399,31668767,donald-trump-ameryka-przejmie-strefe-gazy-dwa-miliony-palestynczykow.html#S.embed_link-K.C-B.1-L.1.zw\" rel=\"dofollow\" data-bd-viewability=\"1\" data-bd-viewability-id=\"embed_link\" data-bd-viewability-href=\"https:\/\/wyborcza.pl\/7,75399,31668767,donald-trump-ameryka-przejmie-strefe-gazy-dwa-miliony-palestynczykow.html#S.embed_link-K.C-B.1-L.1.zw\">przedstawionego tydzie\u0144 temu pomys\u0142u<\/a>\u00a0\u2013 karko\u0142omnego i sprzecznego z prawem mi\u0119dzynarodowym\u00a0\u2013 by wysiedli\u0107 z Gazy 2 mln mieszka\u0144c\u00f3w i zbudowa\u0107 tam &#8220;riwier\u0119 Bliskiego Wschodu&#8221;.\u00a0<\/span><\/p>\n<h4 class=\"text--title font-head-700\"><strong>Egipt i Jordania: Pomys\u0142 Trumpa zdestabilizuje region<\/strong><\/h4>\n<p class=\"text--paragraph\" style=\"text-align: left;\"><span style=\"color: #000080;\">Ten plan po raz kolejny odrzucili w poniedzia\u0142ek Egipcjanie po spotkaniu w Waszyngtonie ich szefa MSZ Badra Abdelatty&#8217;ego z ameryka\u0144skim sekretarzem stanu Marco Rubio. Egipt obawia si\u0119 destabilizacji kraju. Palesty\u0144czycy mogliby do\u0142\u0105czy\u0107 do rebelii islamskiej na Synaju albo atakowa\u0107 Izrael z egipskiego terytorium, prowokuj\u0105c odwet.<\/span><\/p>\n<p class=\"text--paragraph\" style=\"text-align: left;\"><span style=\"color: #000080;\">We wtorek Trump podejmuje w Bia\u0142ym Domu kr\u00f3la Jordanii Abdullaha II. Zdaniem komentator\u00f3w\u00a0jorda\u0144ski w\u0142adca r\u00f3wnie\u017c nie mo\u017ce przysta\u0107 na \u017c\u0105dania republikanina. Palesty\u0144czycy ju\u017c obecnie stanowi\u0105 ponad po\u0142ow\u0119 populacji jego kraju, co powoduje spore\u00a0napi\u0119cia spo\u0142eczne.<\/span><\/p>\n<p class=\"text--paragraph\" style=\"text-align: left;\"><span style=\"color: #000080;\">Trump po\u0142o\u017cy\u0142 jednak na szali pomoc zapewnian\u0105 obu krajom przez Waszyngton.<\/span><\/p>\n<blockquote class=\"text--quote font-quotation-500\"><p>&#8211;<strong> Je\u015bli si\u0119 nie zgodz\u0105, niewykluczone, \u017ce j\u0105 wstrzymam<\/strong><\/p><\/blockquote>\n<p class=\"text--paragraph\" style=\"text-align: left;\"><span style=\"color: #000080;\">\u2013 o\u015bwiadczy\u0142.<\/span><\/p>\n<p class=\"text--paragraph\" style=\"text-align: left;\"><span style=\"color: #000080;\">Przed wizyt\u0105 w Bia\u0142ym Domu jorda\u0144ski kr\u00f3l b\u0119dzie rozmawia\u0142 o tym z Rubio, specjalnym wys\u0142annikiem USA na Bliskim Wschodzie Stevem Witkoffem oraz doradc\u0105 ds. bezpiecze\u0144stwa narodowego Michaelem Waltzem.<\/span><\/p>\n<h4 class=\"text--title font-head-700\" style=\"text-align: left;\"><strong><span style=\"color: #000080;\">Ultimatum Tru<\/span>mpa dla Hamasu<\/strong><\/h4>\n<p class=\"text--paragraph\" style=\"text-align: left;\"><span style=\"color: #000080;\">Ameryka\u0144ski prezydent\u00a0zastrzeg\u0142, \u017ce w kwestii Hamasu pozostawia decyzje w r\u0119kach Izraela.<\/span><\/p>\n<p class=\"text--paragraph\" style=\"text-align: left;\"><span style=\"color: #000080;\">&#8211; Jednak je\u015bli o mnie chodzi, to je\u015bli do soboty w po\u0142udnie wszyscy zak\u0142adnicy nie zostan\u0105 wypuszczeni\u00a0\u2013 my\u015bl\u0119, \u017ce to dobry termin \u2013 powiedzia\u0142bym: ko\u0144czymy to [rozejm] i wszystko mo\u017ce si\u0119 zdarzy\u0107, niech rozp\u0119ta si\u0119 piek\u0142o\u00a0\u2013 stwierdzi\u0142.<\/span><\/p>\n<p style=\"text-align: left;\">\n<p class=\"text--paragraph\" style=\"text-align: left;\"><span style=\"color: #000080;\">Doda\u0142, \u017ce nale\u017cy sko\u0144czy\u0107 z wypuszczaniem tylko kilku os\u00f3b naraz.<\/span><\/p>\n<blockquote class=\"text--quote font-quotation-500\"><p><strong>&#8211; Chcemy ich wszystkich z powrotem. M\u00f3wi\u0119 za siebie. Izrael mo\u017ce sam postanowi\u0107 inaczej, ale je\u015bli chodzi o mnie, to sobota o godz. 12\u00a0\u2013 i je\u015bli wtedy ich nie ma, to niech rozp\u0119ta si\u0119 piek\u0142o<\/strong><\/p><\/blockquote>\n<p class=\"text--paragraph\" style=\"text-align: left;\"><span style=\"color: #000080;\">\u2013 powt\u00f3rzy\u0142 Trump.<\/span><\/p>\n<p class=\"text--paragraph\" style=\"text-align: left;\"><span style=\"color: #000080;\">Zapytany, co to konkretnie oznacza, odpar\u0142 tylko:<\/span><\/p>\n<blockquote class=\"text--quote font-quotation-500\"><p><strong>&#8211; Przekonacie si\u0119. I oni te\u017c si\u0119 przekonaj\u0105. Hamas przekona si\u0119, co mam na my\u015bli. To chorzy ludzie.<\/strong><\/p><\/blockquote>\n<p class=\"text--paragraph\" style=\"text-align: left;\"><span style=\"color: #000080;\"><a id=\"LinkArea:embed_link\" class=\"text--link \" style=\"color: #000080;\" title=\"Wypracowane trzy tygodnie temu zawieszenie broni\" href=\"https:\/\/wyborcza.pl\/7,75399,31622624,izraelski-rzad-zatwierdzil-rozejm-w-strefie-gazy-wejdzie-w.html#S.embed_link-K.C-B.1-L.2.zw\" rel=\"dofollow\" data-bd-viewability=\"1\" data-bd-viewability-id=\"embed_link\" data-bd-viewability-href=\"https:\/\/wyborcza.pl\/7,75399,31622624,izraelski-rzad-zatwierdzil-rozejm-w-strefie-gazy-wejdzie-w.html#S.embed_link-K.C-B.1-L.2.zw\">Wypracowane trzy tygodnie temu zawieszenie broni<\/a>\u00a0doprowadzi\u0142o dot\u0105d do uwolnienia w turach 16 izraelskich zak\u0142adnik\u00f3w (a przy okazji tak\u017ce pi\u0119ciu obywateli Tajlandii) w zamian za setki Palesty\u0144czyk\u00f3w wypuszczanych w izraelskich wi\u0119zie\u0144 oraz pocz\u0105tek wycofywania ze strefy izraelskich oddzia\u0142\u00f3w i powrot\u00f3w Palesty\u0144czyk\u00f3w do zrujnowanych dom\u00f3w, a tak\u017ce dostawy pomocy.<\/span><\/p>\n<p class=\"text--paragraph\" style=\"text-align: left;\"><span style=\"color: #000080;\">Druga faza rozejmu przewidywa\u0142aby powr\u00f3t do domu wszystkich zak\u0142adnik\u00f3w i ca\u0142kowite wycofanie izraelskich wojsk. Jest jednak pod du\u017cym znakiem zapytania.<\/span><\/p>\n<h4 class=\"text--title font-head-700\"><strong>Rozejm z Izraelem. W co gra Hamas<\/strong><\/h4>\n<p class=\"text--paragraph\" style=\"text-align: left;\"><span style=\"color: #000080;\">Izraelski minister obrony nakaza\u0142 wojsku pozostawanie w gotowo\u015bci i przygotowanie si\u0119 na &#8220;ka\u017cdy scenariusz w Gazie&#8221;.<\/span><\/p>\n<p class=\"text--paragraph\" style=\"text-align: left;\"><span style=\"color: #000080;\">Hamas zastrzeg\u0142 w swoim o\u015bwiadczeniu, \u017ce pozostawia &#8220;otwarte drzwi&#8221; do kolejnej wymiany wi\u0119zionych i dlatego informuje o wstrzymaniu jej ju\u017c w poniedzia\u0142ek, pi\u0119\u0107 dni przed planowan\u0105 dat\u0105.<\/span><\/p>\n<p class=\"text--paragraph\" style=\"text-align: left;\"><span style=\"color: #000080;\">O co tak naprawd\u0119 Hamasowi chodzi? Narzeka na op\u00f3\u017anianie przez izraelsk\u0105 armi\u0119 powrot\u00f3w Palesty\u0144czyk\u00f3w do dom\u00f3w, otwieranie ognia i niewpuszczanie do Gazy cz\u0119\u015bci ci\u0119\u017car\u00f3wek z pomoc\u0105.<\/span><\/p>\n<p class=\"text--paragraph\" style=\"text-align: left;\"><span style=\"color: #000080;\">Jednak patrz\u0105c szerzej, jest te\u017c coraz bardziej zaniepokojony wizjami Trumpa oraz usztywniaj\u0105cym si\u0119 stanowiskiem wspieranego przeze\u0144 Izraela. W tej sytuacji mo\u017ce postrzega\u0107 przetrzymywanie zak\u0142adnik\u00f3w jako jedn\u0105 ze swoich nielicznych pozosta\u0142ych kart przetargowych. Problemy Palesty\u0144czyk\u00f3w w powrocie na zrujnowane terytoria budz\u0105 obawy przed wysiedleniem na dobre.<\/span><\/p>\n<p class=\"text--paragraph\" style=\"text-align: left;\"><span style=\"color: #000080;\">Poza tym mo\u017cliwe, \u017ce hamasowcy po prostu boj\u0105 si\u0119 pokaza\u0107 \u015bwiatu pozosta\u0142ych przy \u017cyciu zak\u0142adnik\u00f3w. Ci uwolnieni w sobot\u0119 byli w kiepskim stanie.<\/span><\/p>\n<p class=\"text--paragraph\" style=\"text-align: left;\"><span style=\"color: #000080;\">Wed\u0142ug doniesie\u0144 izraelskiego dziennika &#8220;Haarec&#8221; Katarczycy, kt\u00f3rzy byli kluczowymi mediatorami rozejmu, w weekend ostrzegli Izrael, \u017ce &#8220;prowokacyjne&#8221; stwierdzenia premiera Beniamina Netanjahu i skrajnie prawicowych cz\u0142onk\u00f3w jego rz\u0105du na temat przysz\u0142o\u015bci Gazy podkopuj\u0105 szanse na przej\u015bcie do drugiej fazy. W podobnym duchu krytykuje rz\u0105d cz\u0119\u015b\u0107 rodzin zak\u0142adnik\u00f3w.<\/span><\/p>\n<p class=\"text--paragraph\" style=\"text-align: left;\"><span style=\"color: #000080;\">Hamas sam skorzysta\u0142 z okazji i z uwalniania zak\u0142adnik\u00f3w uczyni\u0142 pokazy si\u0142y, podczas kt\u00f3rych ukrywaj\u0105cy si\u0119 dot\u0105d w tunelach m\u0119\u017cczy\u017ani z broni\u0105 wychodzili na powierzchni\u0119, paraduj\u0105c z karabinami po ulicach.<\/span><\/p>\n<h4 class=\"text--title font-head-700\"><strong>Czystki etniczne opakowane w biznes<\/strong><\/h4>\n<p class=\"text--paragraph\" style=\"text-align: left;\"><span style=\"color: #000080;\"><a id=\"LinkArea:embed_link\" class=\"text--link \" style=\"color: #000080;\" title=\"W ostatnich dniach Rubio i inni wsp\u00f3\u0142pracownicy Trumpa pr\u00f3bowali odkr\u0119ca\u0107\" href=\"https:\/\/wyborcza.pl\/7,75399,31672153,ludzie-trumpa-odkrecaja-jego-slowa-o-gazie-kulisy-deklaracji.html#S.embed_link-K.C-B.1-L.3.zw\" rel=\"dofollow\" data-bd-viewability=\"1\" data-bd-viewability-id=\"embed_link\" data-bd-viewability-href=\"https:\/\/wyborcza.pl\/7,75399,31672153,ludzie-trumpa-odkrecaja-jego-slowa-o-gazie-kulisy-deklaracji.html#S.embed_link-K.C-B.1-L.3.zw\">W ostatnich dniach Rubio i inni wsp\u00f3\u0142pracownicy Trumpa pr\u00f3bowali odkr\u0119ca\u0107<\/a>\u00a0i \u0142agodzi\u0107 sensacyjn\u0105 propozycj\u0119 dla Gazy, kt\u00f3r\u0105 prezydent przedstawi\u0142 na konferencji prasowej z premierem Netanjahu, jak m\u00f3wi\u0105 nieoficjalnie \u017ar\u00f3d\u0142a \u2013 bez konsultacji z Pentagonem czy Departamentem Stanu.<\/span><\/p>\n<p class=\"text--paragraph\" style=\"text-align: left;\"><span style=\"color: #000080;\">Zastrzegano np., \u017ce chodzi tylko o tymczasowe przesiedlenia mieszka\u0144c\u00f3w Gazy na czas odbudowy oraz \u017ce nie zostan\u0105 tam pos\u0142ani ameryka\u0144scy \u017co\u0142nierze. Ameryka po prostu pomo\u017ce w odgruzowywaniu i odbudowie strefy.<\/span><\/p>\n<p class=\"text--paragraph\" style=\"text-align: left;\"><span style=\"color: #000080;\">Jednak w poniedzia\u0142kowym wywiadzie dla stacji Fox News Trump trzyma\u0142 si\u0119 swojej pierwotnej wizji. Zdaniem wielu ekspert\u00f3w zak\u0142ada ona wr\u0119cz czystki etniczne w opakowaniu projektu biznesowego, bo przecie\u017c wielu Palesty\u0144czyk\u00f3w odrzuca ten pomys\u0142 i deklaruje, \u017ce nie opu\u015bci strefy dobrowolnie.<\/span><\/p>\n<p class=\"text--paragraph\" style=\"text-align: left;\"><span style=\"color: #000080;\">W rozmowie z Bretem Baierem z Foxa prezydent potwierdzi\u0142, \u017ce strefa ma nale\u017ce\u0107 do USA (nie wiadomo na jakiej podstawie prawnej) i w przysz\u0142o\u015bci stanie si\u0119 &#8220;projektem deweloperskim&#8221;. Doda\u0142, \u017ce to &#8220;pi\u0119kny kawa\u0142ek ziemi&#8221;.<\/span><\/p>\n<p class=\"text--paragraph\" style=\"text-align: left;\"><span style=\"color: #000080;\">W odpowiedzi na pytanie, czy Palesty\u0144czycy b\u0119d\u0105 mogli tam wr\u00f3ci\u0107, Trump odpar\u0142:<\/span><\/p>\n<p class=\"text--paragraph\" style=\"text-align: left;\"><span style=\"color: #000080;\">&#8211; Nie, bo b\u0119d\u0105 mieli znacznie lepsze domy.<\/span><\/p>\n<blockquote class=\"text--quote font-quotation-500\"><p><strong>\u2013 Zbudujemy bezpieczne spo\u0142eczno\u015bci, troch\u0119 dalej od miejsca, w kt\u00f3rym s\u0105 teraz, gdzie jest to ca\u0142e niebezpiecze\u0144stwo<\/strong><\/p><\/blockquote>\n<p class=\"text--paragraph\" style=\"text-align: left;\"><span style=\"color: #000080;\">\u2013 powiedzia\u0142 Trump.<\/span><\/p>\n<p class=\"text--paragraph\" style=\"text-align: left;\"><span style=\"color: #000080;\">Podkre\u015bli\u0142, \u017ce my\u015bli o &#8220;budowie sta\u0142ego miejsca dla nich, bo je\u015bli wr\u00f3c\u0105 teraz, min\u0105 lata, nim b\u0119d\u0105 mogli&#8230; to si\u0119 nie nadaje do \u017cycia&#8221;.<\/span><\/p>\n<hr style=\"height: 15px; background: #d0e6fa; width: 100%;\" \/>\n<div id=\"content\" class=\"content-alignment\">\n<div id=\"watch-description\" class=\"yt-uix-button-panel\">\n<div id=\"watch-description-text\" style=\"text-align: center;\">\n<p><em>Zawarto\u015b\u0107 publikowanych artyku\u0142\u00f3w i materia\u0142\u00f3w nie reprezentuje pogl\u0105d\u00f3w ani opinii Reunion&#8217;68,<\/em><em><br \/>\nani te\u017c webmastera Blogu Reunion&#8217;68, chyba ze jest to wyra\u017anie zaznaczone.<br \/>\nTwoje uwagi, linki, w\u0142asne artyku\u0142y lub wiadomo\u015bci prze\u015blij na adres:<br \/>\n<\/em><span style=\"color: #000080;\"><strong><em><a style=\"color: #000080;\" href=\"mailto:webmaster@reunion68.com\"><span style=\"text-decoration: underline;\">webmaster@reunion68.com<\/span><\/a><\/em><\/strong><\/span><\/p>\n<\/div>\n<\/div>\n<\/div>\n<hr style=\"width: 100%;\" \/>\n","protected":false},"excerpt":{"rendered":"<p>Izraelski zak\u0142adnik Or Levy zwolniony przez Hamas (Fot. REUTERS\/Hatem Khaled) Ultimatum Trumpa dla Hamasu: Macie czas do soboty, a potem &#8220;piek\u0142o&#8221; Maciej Czarnecki Losy trzytygodniowego rozejmu mi\u0119dzy Izraelem a Hamasem coraz bardziej niepewne, rodziny obawiaj\u0105 si\u0119 o bezpiecze\u0144stwo zak\u0142adnik\u00f3w. W serii uwag wyg\u0142oszonych w poniedzia\u0142ek wieczorem do reporter\u00f3w zgromadzonych w Gabinecie Owalnym Donald Trump\u00a0wypali\u0142, \u017ce [&hellip;]<\/p>\n","protected":false},"author":1,"featured_media":0,"comment_status":"closed","ping_status":"closed","sticky":false,"template":"","format":"standard","meta":[],"categories":[6],"tags":[26,24],"_links":{"self":[{"href":"https:\/\/www.reunion68.se\/index.php?rest_route=\/wp\/v2\/posts\/119231"}],"collection":[{"href":"https:\/\/www.reunion68.se\/index.php?rest_route=\/wp\/v2\/posts"}],"about":[{"href":"https:\/\/www.reunion68.se\/index.php?rest_route=\/wp\/v2\/types\/post"}],"author":[{"embeddable":true,"href":"https:\/\/www.reunion68.se\/index.php?rest_route=\/wp\/v2\/users\/1"}],"replies":[{"embeddable":true,"href":"https:\/\/www.reunion68.se\/index.php?rest_route=%2Fwp%2Fv2%2Fcomments&post=119231"}],"version-history":[{"count":10,"href":"https:\/\/www.reunion68.se\/index.php?rest_route=\/wp\/v2\/posts\/119231\/revisions"}],"predecessor-version":[{"id":119260,"href":"https:\/\/www.reunion68.se\/index.php?rest_route=\/wp\/v2\/posts\/119231\/revisions\/119260"}],"wp:attachment":[{"href":"https:\/\/www.reunion68.se\/index.php?rest_route=%2Fwp%2Fv2%2Fmedia&parent=119231"}],"wp:term":[{"taxonomy":"category","embeddable":true,"href":"https:\/\/www.reunion68.se\/index.php?rest_route=%2Fwp%2Fv2%2Fcategories&post=119231"},{"taxonomy":"post_tag","embeddable":true,"href":"https:\/\/www.reunion68.se\/index.php?rest_route=%2Fwp%2Fv2%2Ftags&post=119231"}],"curies":[{"name":"wp","href":"https:\/\/api.w.org\/{rel}","templated":true}]}}