{"id":119235,"date":"2025-02-14T17:00:39","date_gmt":"2025-02-14T15:00:39","guid":{"rendered":"http:\/\/www.reunion68.se\/?p=119235"},"modified":"2025-02-14T12:19:29","modified_gmt":"2025-02-14T10:19:29","slug":"16-00-98","status":"publish","type":"post","link":"https:\/\/www.reunion68.se\/?p=119235","title":{"rendered":"Donald Trump nak\u0142ada sankcje na Mi\u0119dzynarodowy Trybuna\u0142 Karny"},"content":{"rendered":"<h5 style=\"text-align: center;\"><a href=\"https:\/\/wyborcza.pl\/\" target=\"_blank\" rel=\"noopener noreferrer\"><img decoding=\"async\" class=\"center alignleft\" src=\"http:\/\/www.reunion68.com\/Biuletyn\/img\/wyborcza.png\" alt=\"\" width=\"35%\" \/><\/a><span style=\"text-decoration: underline; color: #000080;\"><span><strong><a style=\"color: #000080; text-decoration: underline;\" href=\"https:\/\/wyborcza.pl\/7,75399,31674830,donald-trump-naklada-sankcje-na-miedzynarodowy-trybunal-karny.html#S.related-K.C-B.1-L.2.zw\" target=\"_blank\" rel=\"noopener noreferrer\">Donald Trump nak\u0142ada sankcje na Mi\u0119dzynarodowy Trybuna\u0142 Karny<\/a><\/strong><\/span><\/span><\/h5>\n<p style=\"text-align: center;\"><span style=\"color: #000000;\"><strong>Marta Urz\u0119dowska<\/strong><\/span><\/p>\n<hr style=\"height: 15px; background: #d0e6fa; width: 100%;\" \/>\n<p style=\"text-align: center;\"><img decoding=\"async\" class=\"aligncenter\" src=\"https:\/\/bi.im-g.pl\/im\/41\/34\/1e\/z31674177AMP,Premier-Izraela-Benjamin-Netanjahu-i-prezydent-USA.jpg\" width=\"100%\" \/><span style=\"color: #808080;\"><em>Premier Izraela Benjamin Netanjahu i prezydent USA Donald Trump (Fot. REUTERS\/Elizabeth Frantz)<\/em><\/span><\/p>\n<p style=\"text-align: left;\"><span style=\"color: #000080;\">To kara za nakaz aresztowania izraelskiego premiera i by\u0142ego ministra obrony.<\/span><\/p>\n<div class=\"article--underlead\" style=\"text-align: left;\"><span style=\"color: #000080;\">\u201eNielegalne i bezpodstawne dzia\u0142ania wymierzone w Stany Zjednoczone i ich bliskiego sojusznika, Izrael&#8221; \u2013 to pow\u00f3d, dla kt\u00f3rego prezydent USA <a style=\"color: #000080;\" href=\"https:\/\/wyborcza.pl\/0,128956.html?tag=Donald+Trump#anchorLink\">Donald Trump<\/a>\u00a0podpisa\u0142 rozporz\u0105dzenie nak\u0142adaj\u0105ce sankcje na Mi\u0119dzynarodowy Trybuna\u0142 Karny. Oznacza ono finansowe i wizowe ograniczenia wobec pracownik\u00f3w trybuna\u0142u zajmuj\u0105cych si\u0119 \u015bledztwami dotycz\u0105cymi obywateli Ameryki lub jej sojusznik\u00f3w, a tak\u017ce ich rodzin.<\/span><\/div>\n<div class=\"article--content article--content-free  \">\n<p class=\"text--paragraph\" style=\"text-align: left;\"><span style=\"color: #000080;\">Rozporz\u0105dzenie wydane 6 lutego zawiera za\u0142\u0105cznik, w kt\u00f3rym zapisano, kogo dok\u0142adnie dotycz\u0105 sankcje, jednak lista nazwisk nie zosta\u0142a podana do publicznej wiadomo\u015bci.<\/span><\/p>\n<h4 class=\"text--title font-head-700\"><strong>Kary dla pracownik\u00f3w MTK. Pow\u00f3d? Tropi\u0105 Amerykan\u00f3w i ich sojusznik\u00f3w<\/strong><\/h4>\n<p class=\"text--paragraph\" style=\"text-align: left;\"><span style=\"color: #000080;\">\u201eAmeryka zastosuje odczuwalne i znaczne \u015brodki wobec os\u00f3b odpowiedzialnych za dokonywane przez MTK naruszenia&#8221; \u2013 zapowiada Trump w rozporz\u0105dzeniu. \u015arodki, o kt\u00f3rych wspomina to g\u0142\u00f3wnie zamra\u017canie pieni\u0119dzy w ameryka\u0144skich bankach i zawieszanie prawa wjazdu do Ameryki.<\/span><\/p>\n<p class=\"text--paragraph\" style=\"text-align: left;\"><span style=\"color: #000080;\">Trump og\u0142osi\u0142, \u017ce nak\u0142ada sankcje na pracownik\u00f3w MTK tu\u017c po tym, jak Waszyngton odwiedzi\u0142 Benjamin Netanjahu. Izraelski premier nie mo\u017ce dzi\u015b podr\u00f3\u017cowa\u0107 do wielu kraj\u00f3w, bo trybuna\u0142 \u015bciga go listem go\u0144czym. S\u0119dziowie trybuna\u0142u wydali nakaz jego aresztowania w listopadzie ub. roku, bo uwa\u017caj\u0105, \u017ce premier, a tak\u017ce jego by\u0142y minister obrony, Joaw Gallant, mog\u0105 by\u0107 odpowiedzialni za zbrodnie wojenne i zbrodnie przeciwko ludzko\u015bci w Strefie Gazy. MTK jednocze\u015bnie wyda\u0142 te\u017c nakaz aresztowania jednego z wa\u017cniejszych terroryst\u00f3w Hamasu, Muhammada Dejfa, jednak hamasowiec najpewniej nie \u017cyje.<\/span><\/p>\n<p class=\"text--paragraph\" style=\"text-align: left;\"><span style=\"color: #000080;\">Nakazy wydane przez trybuna\u0142 zwi\u0105zane s\u0105 z wojn\u0105, jak\u0105 izraelska armia prowadzi\u0142a w Strefie Gazy przez ostatnich kilkana\u015bcie miesi\u0119cy, a\u017c do zako\u0144czenia jej trzy tygodnie temu rozejmem. Konflikt rozp\u0119tali palesty\u0144scy terrory\u015bci z Hamasu, kt\u00f3rzy jesieni\u0105 2023 r. zaatakowali Izrael, zabijaj\u0105c 1,2 tys. os\u00f3b, a 250 porywaj\u0105c do Gazy.<\/span><\/p>\n<p class=\"text--paragraph\" style=\"text-align: left;\"><span style=\"color: #000080;\">W odpowiedzi Izraelczycy prowadzili w enklawie naloty i operacje l\u0105dowe, w kt\u00f3rych \u2013 wed\u0142ug Hamasu \u2013 zgin\u0119\u0142o ponad 47 tys. os\u00f3b. Jednocze\u015bnie strefa zosta\u0142a zrujnowana \u2013 szacuje si\u0119, \u017ce \u015brednio 70 proc., a na p\u00f3\u0142nocy enklawy nawet 90 prob. budynk\u00f3w jest zniszczonych, a odbudowa, jak szacuje ONZ, mo\u017ce zaj\u0105\u0107 kilkana\u015bcie lat.<\/span><\/p>\n<h4 class=\"text--title font-head-700\"><strong>Trump: Zr\u00f3wnywanie Izraela z Hamasem moralnie haniebne. Izrael wojuje zgodnie z prawem<\/strong><\/h4>\n<p class=\"text--paragraph\" style=\"text-align: left;\"><span style=\"color: #000080;\">Trump od pocz\u0105tku wyra\u017ca\u0142 oburzenie nakazami aresztowania, wydanymi przez MTK przekonuj\u0105c, \u017ce oznacza on zr\u00f3wnanie pa\u0144stwa Izrael z band\u0105 terroryst\u00f3w z Hamasu. Tak\u017ce og\u0142aszaj\u0105c decyzj\u0119 o na\u0142o\u017ceniu sankcji, Amerykanin powt\u00f3rzy\u0142, \u017ce to \u201emoralnie haniebne zr\u00f3wnywanie&#8221; i podkre\u015bla\u0142, \u017ce \u201ekwitn\u0105ca demokracja&#8221;, jak\u0105 jest Izrael, prowadzi wojn\u0119, \u015bci\u015ble przestrzegaj\u0105c prawa mi\u0119dzynarodowego. Trump przekonywa\u0142 te\u017c, \u017ce wydaj\u0105c nakaz aresztowania izraelskich polityk\u00f3w trybuna\u0142 \u201enadu\u017cy\u0142 swojej w\u0142adzy&#8221; i \u201estworzy\u0142 niebezpieczny precedens&#8221;, kt\u00f3ry mo\u017ce nara\u017ca\u0107 ameryka\u0144skich obywateli i personel wojskowy.<\/span><\/p>\n<p class=\"text--paragraph\" style=\"text-align: left;\"><span style=\"color: #000080;\">\u201eTo szkodliwe post\u0119powanie grozi naruszeniem suwerenno\u015bci USA i podwa\u017caniem najwa\u017cniejszych dzia\u0142a\u0144 administracji Stan\u00f3w Zjednoczonych i jej sojusznik\u00f3w, w tym Izraela, w kwestiach bezpiecze\u0144stwa narodowego i polityki zagranicznej&#8221; \u2013 napisa\u0142 w rozporz\u0105dzeniu.<\/span><\/p>\n<p class=\"text--paragraph\" style=\"text-align: left;\"><span style=\"color: #000080;\">Trybuna\u0142 potwierdza, \u017ce sankcje nie wp\u0142yn\u0105 na jego prac\u0119. \u201eMTK pot\u0119pia rozporz\u0105dzenie wydane przez USA, kt\u00f3rego celem jest na\u0142o\u017cenie sankcji na jego urz\u0119dnik\u00f3w i zaszkodzenie jego niezale\u017cnej i bezstronnej pracy s\u0105dowej \u2013 czytamy w o\u015bwiadczeniu. \u2013\u00a0Wspieramy nasz personel i zamierzamy kontynuowa\u0107 dawanie sprawiedliwo\u015bci i nadziei milionom niewinnych ofiar okrucie\u0144stwa na ca\u0142ym \u015bwiecie&#8221;.<\/span><\/p>\n<p class=\"text--paragraph\" style=\"text-align: left;\"><span style=\"color: #000080;\">Dekret Trumpa to nie zaskoczenie, Amerykanin ju\u017c wcze\u015bniej zapowiada\u0142, \u017ce ukarze MTK, zreszt\u0105 ma w tym wpraw\u0119. Kiedy pierwszy raz by\u0142 prezydentem, r\u00f3wnie\u017c na\u0142o\u017cy\u0142 sankcje na trybuna\u0142, bo nie spodoba\u0142o mu si\u0119, \u017ce MTK sprawdza, czy ameryka\u0144scy \u017co\u0142nierze mogli dopu\u015bci\u0107 si\u0119 zbrodni wojennych w Afganistanie. Sankcje zni\u00f3s\u0142 nast\u0119pca Trumpa,\u00a0<a style=\"color: #000080;\" href=\"https:\/\/wyborcza.pl\/0,128956.html?tag=Joe+Biden#anchorLink\">Joe Biden<\/a>.<\/span><\/p>\n<h4 class=\"text--title font-head-700\"><strong>Amnesty International: To m\u015bciwy, agresywny krok. Izrael: Dzi\u0119kujemy!<\/strong><\/h4>\n<p class=\"text--paragraph\" style=\"text-align: left;\"><span style=\"color: #000080;\">Izraelczykom podoba si\u0119 decyzja Waszyngtonu. \u201eDzi\u0119kujemy, panie prezydencie za odwa\u017cne rozporz\u0105dzenie w sprawie MTK \u2013 napisa\u0142 Netanjahu w mediach spo\u0142eczno\u015bciowych. \u2013 Pomo\u017ce ono broni\u0107 Ameryki i Izraela przed antyameryka\u0144skim i antysemickim skorumpowanym trybuna\u0142em, kt\u00f3ry nie ma podstaw, ani jurysdykcji do anga\u017cowania si\u0119 w wymierzone przeciwko nam dzia\u0142ania&#8221;.<\/span><\/p>\n<p class=\"text--paragraph\" style=\"text-align: left;\"><span style=\"color: #000080;\">Oburzenie decyzj\u0105 Trumpa wyra\u017ca ONZ. \u201eG\u0142\u0119boko \u017ca\u0142ujemy og\u0142oszenia wczoraj indywidualnych sankcji wymierzonych w personel s\u0105du, wzywamy do cofni\u0119cia tego \u015brodka&#8221; \u2013 brzmi o\u015bwiadczenie przekazane przez rzeczniczk\u0119 biura ONZ ds. praw cz\u0142owieka Raviny, Shamdasani agencji AFP.<\/span><\/p>\n<p class=\"text--paragraph\" style=\"text-align: left;\"><span style=\"color: #000080;\">Na\u0142o\u017cenie kar na MTK oburza te\u017c obro\u0144c\u00f3w praw cz\u0142owieka. \u2013 To sygna\u0142, \u017ce Izrael stoi ponad prawem i uniwersalnymi zasadami mi\u0119dzynarodowej sprawiedliwo\u015bci \u2013 alarmuje w o\u015bwiadczeniu Agn\u00e8s Callamard, szefowa Amnesty International. \u2013 To m\u015bciwe, agresywne rozporz\u0105dzenie, brutalny krok, kt\u00f3rego celem jest podwa\u017canie i zniszczenie tego, co spo\u0142eczno\u015b\u0107 mi\u0119dzynarodowa z trudem zbudowa\u0142a na przestrzeni dekad, je\u015bli nie wiek\u00f3w: globalnych regu\u0142, kt\u00f3re dotycz\u0105 wszystkich i kt\u00f3rych celem jest powszechna sprawiedliwo\u015b\u0107 \u2013 dodaje.<\/span><\/p>\n<p class=\"text--paragraph\" style=\"text-align: left;\"><span style=\"color: #000080;\">Ameryka i Izrael nie uznaj\u0105 jurysdykcji trybuna\u0142u i tym samym jej nie podlegaj\u0105.<\/span><\/p>\n<div id=\"banC3\">\n<p class=\"text--paragraph\" style=\"text-align: left;\"><span style=\"color: #000080;\">Na\u0142o\u017cenie sankcji na MTK to kolejny efekt spotkania Trumpa z premierem Izraela (4.02).\u00a0<a id=\"LinkArea:embed_link\" class=\"text--link \" style=\"color: #000080;\" title=\"W trakcie wizyty Netanjahu w Waszyngtonie, Amerykanin obwie\u015bci\u0142, \u017ce USA przejm\u0105 kontrol\u0119 nad enklaw\u0105\" href=\"https:\/\/wyborcza.pl\/7,75399,31668291,trump-zapowiedzial-chec-dlugoterminowego-przejecia-kontroli.html#S.embed_link-K.C-B.1-L.1.zw\" rel=\"dofollow\" data-bd-viewability=\"1\" data-bd-viewability-id=\"embed_link\" data-bd-viewability-href=\"https:\/\/wyborcza.pl\/7,75399,31668291,trump-zapowiedzial-chec-dlugoterminowego-przejecia-kontroli.html#S.embed_link-K.C-B.1-L.1.zw\">W trakcie wizyty Netanjahu w Waszyngtonie, Amerykanin obwie\u015bci\u0142, \u017ce USA przejm\u0105 kontrol\u0119 nad enklaw\u0105<\/a>, wyp\u0119dz\u0105 z niej dwa miliony palesty\u0144skich mieszka\u0144c\u00f3w, zr\u00f3wnaj\u0105 j\u0105 z ziemi\u0105, po czym stworz\u0105 na miejscu &#8220;riwier\u0119 Bliskiego Wschodu&#8221;.<\/span><\/p>\n<p class=\"text--paragraph\" style=\"text-align: left;\"><span style=\"color: #000080;\">Cho\u0107 administracja Trumpa pr\u00f3buje niuansowa\u0107 jego s\u0142owa, \u015bwiat zareagowa\u0142 oburzeniem. Zar\u00f3wno przeciwnicy, jak i sojusznicy Ameryki tak\u017ce w \u015bwiecie arabskim, jeden przez drugiego przypominaj\u0105 ameryka\u0144skiemu prezydentowi, \u017ce zajmuj\u0105c Gaz\u0119 z\u0142ama\u0142by prawo mi\u0119dzynarodowe, a wyrzucenie z niej Palesty\u0144czyk\u00f3w stanowi\u0142oby czystki etniczne.<\/span><\/p>\n<\/div>\n<\/div>\n<hr style=\"height: 15px; background: #d0e6fa; width: 100%;\" \/>\n<div id=\"content\" class=\"content-alignment\">\n<div id=\"watch-description\" class=\"yt-uix-button-panel\">\n<div id=\"watch-description-text\" style=\"text-align: center;\">\n<p><em>Zawarto\u015b\u0107 publikowanych artyku\u0142\u00f3w i materia\u0142\u00f3w nie reprezentuje pogl\u0105d\u00f3w ani opinii Reunion&#8217;68,<\/em><em><br \/>\nani te\u017c webmastera Blogu Reunion&#8217;68, chyba ze jest to wyra\u017anie zaznaczone.<br \/>\nTwoje uwagi, linki, w\u0142asne artyku\u0142y lub wiadomo\u015bci prze\u015blij na adres:<br \/>\n<\/em><span style=\"color: #000080;\"><strong><em><a style=\"color: #000080;\" href=\"mailto:webmaster@reunion68.com\"><span style=\"text-decoration: underline;\">webmaster@reunion68.com<\/span><\/a><\/em><\/strong><\/span><\/p>\n<\/div>\n<\/div>\n<\/div>\n<hr style=\"width: 100%;\" \/>\n","protected":false},"excerpt":{"rendered":"<p>Donald Trump nak\u0142ada sankcje na Mi\u0119dzynarodowy Trybuna\u0142 Karny Marta Urz\u0119dowska Premier Izraela Benjamin Netanjahu i prezydent USA Donald Trump (Fot. REUTERS\/Elizabeth Frantz) To kara za nakaz aresztowania izraelskiego premiera i by\u0142ego ministra obrony. \u201eNielegalne i bezpodstawne dzia\u0142ania wymierzone w Stany Zjednoczone i ich bliskiego sojusznika, Izrael&#8221; \u2013 to pow\u00f3d, dla kt\u00f3rego prezydent USA Donald Trump\u00a0podpisa\u0142 [&hellip;]<\/p>\n","protected":false},"author":1,"featured_media":0,"comment_status":"closed","ping_status":"closed","sticky":false,"template":"","format":"standard","meta":[],"categories":[6],"tags":[26,24],"_links":{"self":[{"href":"https:\/\/www.reunion68.se\/index.php?rest_route=\/wp\/v2\/posts\/119235"}],"collection":[{"href":"https:\/\/www.reunion68.se\/index.php?rest_route=\/wp\/v2\/posts"}],"about":[{"href":"https:\/\/www.reunion68.se\/index.php?rest_route=\/wp\/v2\/types\/post"}],"author":[{"embeddable":true,"href":"https:\/\/www.reunion68.se\/index.php?rest_route=\/wp\/v2\/users\/1"}],"replies":[{"embeddable":true,"href":"https:\/\/www.reunion68.se\/index.php?rest_route=%2Fwp%2Fv2%2Fcomments&post=119235"}],"version-history":[{"count":8,"href":"https:\/\/www.reunion68.se\/index.php?rest_route=\/wp\/v2\/posts\/119235\/revisions"}],"predecessor-version":[{"id":119268,"href":"https:\/\/www.reunion68.se\/index.php?rest_route=\/wp\/v2\/posts\/119235\/revisions\/119268"}],"wp:attachment":[{"href":"https:\/\/www.reunion68.se\/index.php?rest_route=%2Fwp%2Fv2%2Fmedia&parent=119235"}],"wp:term":[{"taxonomy":"category","embeddable":true,"href":"https:\/\/www.reunion68.se\/index.php?rest_route=%2Fwp%2Fv2%2Fcategories&post=119235"},{"taxonomy":"post_tag","embeddable":true,"href":"https:\/\/www.reunion68.se\/index.php?rest_route=%2Fwp%2Fv2%2Ftags&post=119235"}],"curies":[{"name":"wp","href":"https:\/\/api.w.org\/{rel}","templated":true}]}}