{"id":119395,"date":"2025-02-23T17:09:16","date_gmt":"2025-02-23T15:09:16","guid":{"rendered":"http:\/\/www.reunion68.se\/?p=119395"},"modified":"2025-02-23T10:49:15","modified_gmt":"2025-02-23T08:49:15","slug":"23-09-105","status":"publish","type":"post","link":"https:\/\/www.reunion68.se\/?p=119395","title":{"rendered":"Nieunikniona konieczno\u015b\u0107 wyci\u0105gni\u0119cia wniosk\u00f3w o spo\u0142ecze\u0144stwie palesty\u0144skich Arab\u00f3w"},"content":{"rendered":"<p style=\"text-align: center;\"><img decoding=\"async\" class=\"aligncenter\" src=\"https:\/\/blazingcatfur.ca\/wp-content\/uploads\/2025\/02\/GAZA-Muslims-evil.png\" width=\"100%\" \/><span style=\"color: #808080;\"><em>Cz\u0142onkowie Brygad Al-Kassam, skrzyd\u0142a wojskowego Hamasu, stoj\u0105 na stra\u017cy, podczas gdy Palesty\u0144czycy czekaj\u0105 na przekazanie cia\u0142 czterech zabitych izraelskich zak\u0142adnik\u00f3w Czerwonemu Krzy\u017cowi w ramach porozumienia o zawieszeniu broni mi\u0119dzy Izraelem a Hamasem. Chan Junis w po\u0142udniowej Strefie Gazy, 20 lutego 2025 r. Saeed Mohammed\/Flash90.<\/em><\/span><\/p>\n<hr \/>\n<h5 style=\"text-align: center;\"><a href=\"http:\/\/www.listyznaszegosadu.pl\/\" target=\"_blank\" rel=\"noopener noreferrer\"><img decoding=\"async\" class=\"center alignleft\" src=\"http:\/\/www.reunion68.com\/Biuletyn\/img\/z-naszego.jpg\" alt=\"\" width=\"50%\" \/><\/a><span style=\"text-decoration: underline; color: #000080;\"><strong><a style=\"color: #000080; text-decoration: underline;\" href=\"http:\/\/www.listyznaszegosadu.pl\/notatki\/nieunikniona-koniecznosc-wyciagniecia-wnioskalw-o-spoleczenstwie-palestynskich-arabalw\" target=\"_blank\" rel=\"noopener noreferrer\">Nieunikniona konieczno\u015b\u0107 wyci\u0105gni\u0119cia wniosk\u00f3w o spo\u0142ecze\u0144stwie palesty\u0144skich Arab\u00f3w<\/a><\/strong><\/span><\/h5>\n<p style=\"text-align: center;\"><span style=\"color: #000000;\"><strong>Jonathan S. Tobin<br \/>\n<\/strong><span style=\"color: #808080;\"><em>T\u0142umaczenie:<\/em><\/span><strong> Ma\u0142gorzata Koraszewska<\/strong><\/span><\/p>\n<hr style=\"height: 15px; background: #d0e6fa; width: 100%;\" \/>\n<div class=\"templateArticleIngress\" style=\"text-align: left;\"><span style=\"color: #000080;\">Uroczysto\u015bci Hamasu, podczas kt\u00f3rych t\u0142umy cywil\u00f3w \u015bwi\u0119tuj\u0105 \u015bmier\u0107 porwanych kobiet i dzieci, s\u0105 nie daj\u0105c\u0105 si\u0119 obroni\u0107 kultur\u0105 nienawi\u015bci i \u015bmierci.<\/span><\/p>\n<p class=\"wp-block-paragraph\"><span style=\"color: #000080;\">Unikanie uog\u00f3lnie\u0144 o grupach ludzi jest prawie zawsze m\u0105dre. Robi\u0105c tak, unikamy pu\u0142apek, kt\u00f3re mog\u0105 prowadzi\u0107 do uprzedze\u0144, kt\u00f3re sprawiaj\u0105, \u017ce zapominamy, \u017ce nawet ci, kt\u00f3rzy r\u00f3\u017cni\u0105 si\u0119 od nas pod wieloma wzgl\u0119dami, maj\u0105 wsp\u00f3lne z nami cz\u0142owiecze\u0144stwo. Kiedy ludzie odnosz\u0105 si\u0119 do przeciwnik\u00f3w jakiegokolwiek rodzaju, m\u00f3wi\u0105c, \u017ce \u201eoni\u201d (kimkolwiek by byli) \u201es\u0105 wszyscy tacy sami\u201d i dlatego \u017ali, wiemy, \u017ce zazwyczaj m\u00f3wi\u0105 nam o sobie o wiele wi\u0119cej ni\u017c o czymkolwiek innym.<\/span><\/p>\n<p class=\"wp-block-paragraph\">\n<span style=\"color: #000080;\">A jednak, cho\u0107by\u015bmy nie chcieli, \u017ceby tak by\u0142o, zdarzaj\u0105 si\u0119 sytuacje, gdy pewne grupy zachowuj\u0105 si\u0119 w spos\u00f3b odra\u017caj\u0105cy, kt\u00f3ry jest wyra\u017an\u0105 ilustracj\u0105 ich przekona\u0144 i warto\u015bci.<\/span><\/p>\n<\/div>\n<p style=\"text-align: left;\">\n<div class=\"templateArticleBrodtext\">\n<p style=\"text-align: left;\"><span style=\"color: #000080;\">Przez ostatni miesi\u0105c Arabowie palesty\u0144scy robili dok\u0142adnie to podczas ceremonii uwolnienia zak\u0142adnik\u00f3w, kt\u00f3rych porwali 7 pa\u017adziernika 2023 r. Ich celebrowanie tej orgii masowych morderstw, gwa\u0142t\u00f3w, tortur, porwa\u0144 i bezmy\u015blnej destrukcji osi\u0105gn\u0119\u0142y nowy poziom w tym tygodniu, kiedy oddawali szcz\u0105tki czterech zamordowanych zak\u0142adnik\u00f3w: Odeda Lifszyca, 83 lata, gdy zosta\u0142 porwany; Sziri Bibas, 32 lata; i jej ma\u0142ych syn\u00f3w, Ariela, w wieku 4 lat; i Kfira, kt\u00f3ry mia\u0142 zaledwie 9 miesi\u0119cy, gdy zosta\u0142 porwany. Jednak p\u00f3\u017aniejsze badania wykaza\u0142y, \u017ce cia\u0142o, kt\u00f3re mia\u0142o nale\u017ce\u0107 do Sziri, w rzeczywisto\u015bci by\u0142o zw\u0142okami innej kobiety. To by\u0142 tylko kolejny akt okrucie\u0144stwa dorzucony do wielu innych pope\u0142nionych przez Palesty\u0144czyk\u00f3w.<\/span><\/p>\n<p class=\"wp-block-paragraph\" style=\"text-align: left;\">\n<span style=\"color: #000080;\">Przekazanie trumien, podczas kt\u00f3rego podano godzin\u0119 ich \u201earesztowania\u201d przez terroryst\u00f3w z Hamasu i cywil\u00f3w, kt\u00f3rzy w \u017c\u0105dzy mordu pod\u0105\u017cyli za nimi do spo\u0142eczno\u015bci izraelskich, by\u0142o huczn\u0105 uroczysto\u015bci\u0105, kt\u00f3rej towarzyszy\u0142a g\u0142o\u015bna, radosna muzyka i wiwatuj\u0105ce t\u0142umy<\/span><br \/>\n<span style=\"color: #000080;\">Palesty\u0144czyk\u00f3w.<\/span><\/p>\n<h5 class=\"wp-block-paragraph\" style=\"text-align: left;\"><strong><br \/>\nSzalony pokaz \u017c\u0105dzy krwi<\/strong><\/h5>\n<p class=\"wp-block-paragraph\" style=\"text-align: left;\">\n<span style=\"color: #000080;\">To by\u0142 dziwaczny, ob\u0142\u0105kany pokaz \u017c\u0105dzy krwi i nienawi\u015bci, kt\u00f3ry powinien naruszy\u0107 zdolno\u015b\u0107 nawet najbardziej oddanych apologet\u00f3w Palesty\u0144czyk\u00f3w do racjonalizowania ich zachowania. Ale w\u0105tpi\u0119, czy sk\u0142oni ich to do zmiany zdania.<\/span><\/p>\n<p class=\"wp-block-paragraph\" style=\"text-align: left;\">\n<span style=\"color: #000080;\">To samo dotyczy marginalnych element\u00f3w spo\u0142eczno\u015bci \u017cydowskiej i innych lewicowc\u00f3w, kt\u00f3rzy zjednoczyli si\u0119 przeciwko Izraelowi. W du\u017cej mierze zostali zindoktrynowani przez \u201eprzebudzone\u201d, lewicowe ideologie, takie jak krytyczna teoria rasy i intersekcjonalno\u015b\u0107, i wierz\u0105, \u017ce tylko \u017bydzi nie zas\u0142uguj\u0105 na jakiekolwiek prawa. Uwierzywszy w mit, \u017ce wojna prowadzona przez Palesty\u0144czyk\u00f3w w celu zniszczenia jedynego pa\u0144stwa \u017cydowskiego na planecie jest w jaki\u015b spos\u00f3b analogiczna do historycznej walki o prawa obywatelskie w Stanach Zjednoczonych, wierz\u0105, \u017ce nie ma niczego, co wrogowie Izraela mogliby zrobi\u0107, czego nie mo\u017cna usprawiedliwi\u0107.<\/span><\/p>\n<p class=\"wp-block-paragraph\" style=\"text-align: left;\">\n<span style=\"color: #000080;\">Pytanie dla tych, kt\u00f3rych nie za\u015blepia ideologia, brzmi, co powinni\u015bmy s\u0105dzi\u0107 o tych przedstawieniach organizowanych przez Palesty\u0144czyk\u00f3w. Wi\u0119kszo\u015b\u0107 korporacyjnych medi\u00f3w g\u0142\u00f3wnego nurtu, kt\u00f3re od czasu okrucie\u0144stw z 7 pa\u017adziernik cz\u0119sto pe\u0142ni\u0142y rol\u0119 stenograf\u00f3w Hamasu, nadal bagatelizuje lub ignoruje te popisy. Jednak te ostatnie przypadki barbarzy\u0144stwa palesty\u0144skich Arab\u00f3w nie s\u0105 jednorazowe ani wyj\u0105tkowe. W kontek\u015bcie tego, co wydarzy\u0142o si\u0119 w Czarny Szabat w po\u0142udniowym Izraelu, a tak\u017ce zamach\u00f3w samob\u00f3jczych podczas Drugiej Intifady, nie da si\u0119 usprawiedliwi\u0107 \u015bwi\u0119towania porwa\u0144 i zab\u00f3jstw dzieci jako naturalnej reakcji na izraelsk\u0105 kontrofensyw\u0119 maj\u0105c\u0105 na celu zniszczenie Hamasu.<\/span><\/p>\n<p class=\"wp-block-paragraph\" style=\"text-align: left;\">\n<span style=\"color: #000080;\">Ponadto, w ci\u0105gu ostatnich kilku dekad palesty\u0144ski system edukacji, media i kultura popularna zosta\u0142y przesi\u0105kni\u0119te nieprzejednan\u0105 i jadowit\u0105 nienawi\u015bci\u0105 do \u017byd\u00f3w i Izraela. Nadano wysok\u0105 warto\u015b\u0107 brutalnemu terroryzmowi i kultowi \u015bmierci.<\/span><\/p>\n<p class=\"wp-block-paragraph\" style=\"text-align: left;\">\n<span style=\"color: #000080;\">Wszystko to powinno sprawi\u0107, \u017ce racjonalni obserwatorzy przestan\u0105 udawa\u0107, \u017ce nie ma czego\u015b fundamentalnie z\u0142ego w Palesty\u0144czykach, co trzeba bra\u0107 pod uwag\u0119 w dyskusjach o tym, jak rozwi\u0105za\u0107 konflikt z nimi.<\/span><\/p>\n<p class=\"wp-block-paragraph\" style=\"text-align: left;\">\n<span style=\"color: #000080;\">Cho\u0107 porz\u0105dni ludzie zawsze b\u0119d\u0105 odruchowo pr\u00f3bowa\u0107 przenosi\u0107 swoje przekonania i warto\u015bci na innych, nawet tych, z kt\u00f3rymi s\u0105 w konflikcie, zdarzaj\u0105 si\u0119 sytuacje, gdy dowody nakazuj\u0105 nam przesta\u0107 udawa\u0107, \u017ce nie ma wyra\u017anych r\u00f3\u017cnic mi\u0119dzy kulturami narodowymi.<\/span><\/p>\n<p class=\"wp-block-paragraph\" style=\"text-align: left;\">\n<span style=\"color: #000080;\">Nienawistne zachowania zbiorowe, w kt\u00f3rych uczestniczy du\u017ca liczba ludzi i kt\u00f3re s\u0105 aprobowane przez ich lider\u00f3w i instytucje, to co\u015b, czego nie mo\u017cna ignorowa\u0107. W takich przypadkach nie spos\u00f3b nie wyci\u0105ga\u0107 wniosk\u00f3w na temat spo\u0142ecze\u0144stwa, kt\u00f3re je wytworzy\u0142o.<\/span><\/p>\n<h5 class=\"wp-block-paragraph\"><strong><br \/>\nSpojrzenie na kilka przyk\u0142ad\u00f3w historycznych<\/strong><\/h5>\n<p class=\"wp-block-paragraph\" style=\"text-align: left;\">\n<span style=\"color: #000080;\">W staro\u017cytnym \u015bwiecie Rzymianie \u015bwi\u0119towali upokorzenie pokonanych wrog\u00f3w podczas dzikich, zbiorowych obchod\u00f3w, kt\u00f3re ko\u0144czy\u0142y si\u0119 krwawymi pokazami i masowymi egzekucjami, co uznawano za cenion\u0105 form\u0119 popularnej rozrywki.<\/span><\/p>\n<p class=\"wp-block-paragraph\" style=\"text-align: left;\">\n<span style=\"color: #000080;\">To samo mo\u017cna powiedzie\u0107 o teatralnych procesjach i obchodach partii nazistowskiej w Niemczech \u2014 niekt\u00f3re z nich zosta\u0142y uwiecznione dla potomno\u015bci w filmach artystycznych przez zwolenniczk\u0119 Hitlera Leni Riefenstahl. Wida\u0107 by\u0142o nienawi\u015b\u0107 do \u017byd\u00f3w i cze\u015b\u0107 dla ich F\u00fchrera, co pokazywa\u0142o, jak rozbuchany nacjonalizm mo\u017ce przerodzi\u0107 si\u0119 w masow\u0105 histeri\u0119. W tamtym czasie znaczna cz\u0119\u015b\u0107 \u015bwiata albo przymyka\u0142a oczy na te karnawa\u0142y nienawi\u015bci, albo uwa\u017ca\u0142a je za dobry spektakl.<\/span><\/p>\n<p class=\"wp-block-paragraph\" style=\"text-align: left;\">\n<span style=\"color: #000080;\">Niestety, te popisy okaza\u0142y si\u0119 zbiorowym przypiecz\u0119towaniem aprobaty dla wojennej agresji i ludob\u00f3jstwa. Nie tylko doprowadzi\u0142y do najkrwawszej wojny w historii i do Holokaustu, ale tak\u017ce sprowadzi\u0142y katastrof\u0119 na nar\u00f3d niemiecki, w kt\u00f3rej zgin\u0119\u0142o a\u017c 9 milion\u00f3w ludzi, a oko\u0142o 12 milion\u00f3w zosta\u0142o zmuszonych do opuszczenia swoich dom\u00f3w, gdy po II wojnie \u015bwiatowej na nowo wytyczono granice w Europie.<\/span><\/p>\n<p class=\"wp-block-paragraph\" style=\"text-align: left;\">\n<span style=\"color: #000080;\">Cho\u0107 spowodowa\u0142o to wielkie cierpienie Niemc\u00f3w, wi\u0119kszo\u015b\u0107 cywilizowanego \u015bwiata bez wsp\u00f3\u0142czucia postrzega\u0142a t\u0119 kar\u0119 za zas\u0142u\u017con\u0105. Pami\u0119tali spos\u00f3b, w jaki Niemcy entuzjastycznie przyj\u0119li nazizm i uczestniczyli w masowych okrucie\u0144stwach dokonanych na \u017bydach, a tak\u017ce na ludno\u015bci podbitych przez nich kraj\u00f3w europejskich.<\/span><\/p>\n<p class=\"wp-block-paragraph\" style=\"text-align: left;\">\n<span style=\"color: #000080;\">Podobnie jak Palesty\u0144czycy, kt\u00f3rzy trzymaj\u0105 si\u0119 swojej\u00a0narracji o\u00a0<em>nakbie<\/em>\u00a0czyli \u201ekatastrofie\u201d \u015bci\u0105gni\u0119tej na nich przez zwyci\u0119stwo \u017byd\u00f3w w 1948 r., Niemcy r\u00f3wnie\u017c mieli swoj\u0105 histori\u0119 niesprawiedliwego traktowania przez zwyci\u0119zc\u00f3w \u00a0w I wojnie \u015bwiatowej i u\u017cywali jej do usprawiedliwiania prze\u015bladowania innych. W po\u0142\u0105czeniu z chorymi teoriami rasowymi i antysemityzmem nazist\u00f3w stworzy\u0142o to zab\u00f3jcz\u0105 mieszank\u0119 nienawi\u015bci, kt\u00f3ra doprowadzi\u0142a ich i \u015bwiat do katastrofy.<\/span><\/p>\n<p class=\"wp-block-paragraph\" style=\"text-align: left;\">\n<span style=\"color: #000080;\">Pora, by ocenia\u0107 Palesty\u0144czyk\u00f3w w podobny spos\u00f3b.<\/span><\/p>\n<h5 class=\"wp-block-paragraph\"><strong><br \/>\nBudowanie to\u017csamo\u015bci narodowej<\/strong><\/h5>\n<p class=\"wp-block-paragraph\" style=\"text-align: left;\">\n<span style=\"color: #000080;\">Nie da si\u0119 zaprzeczy\u0107, \u017ce cierpieli w ci\u0105gu ostatniego stulecia. Zamiast wsp\u00f3\u0142pracowa\u0107 z powracaj\u0105cymi \u017bydami i dzieli\u0107 kraj w spos\u00f3b, kt\u00f3ry przyni\u00f3s\u0142by korzy\u015bci obu narodom, woleli odrzuci\u0107 kompromis. Od lat 20. XX wieku trzymali si\u0119 \u017c\u0105da\u0144, aby cofn\u0105\u0107 si\u0119 do mitycznej przesz\u0142o\u015bci, w kt\u00f3rej miejscowi Arabowie sami rz\u0105dziliby ziemi\u0105 mi\u0119dzy rzek\u0105 Jordan a Morzem \u015ar\u00f3dziemnym, a \u017bydzi byliby w najlepszym razie tolerowan\u0105 i dyskryminowan\u0105 mniejszo\u015bci\u0105. Zbudowali swoj\u0105 to\u017csamo\u015b\u0107 narodow\u0105 wok\u00f3\u0142 tego mitu, chocia\u017c nigdy nie by\u0142o takiego pa\u0144stwa w si\u0119gaj\u0105cej staro\u017cytno\u015bci historii tego miejsca.<\/span><\/p>\n<p class=\"wp-block-paragraph\" style=\"text-align: left;\">\n<span style=\"color: #000080;\">Zdradzeni przez swoich przyw\u00f3dc\u00f3w i traktowani z pogard\u0105 przez inne pa\u0144stwa arabskie, kt\u00f3re odm\u00f3wi\u0142y przyj\u0119cia lub przesiedlenia uchod\u017ac\u00f3w z 1948 r., okopali si\u0119 w dziedzictwie pora\u017cki i wyw\u0142aszczenia. Zamiast zaakceptowa\u0107 rzeczywisto\u015b\u0107 pa\u0144stwa \u017cydowskiego i jego prawomocno\u015b\u0107, nie byli w stanie wyj\u015b\u0107 poza daremne d\u0105\u017cenie do zniszczenia Izraela. Zamiast tego odrzucili liczne oferty pokoju i pa\u0144stwowo\u015bci, a tak\u017ce popierali coraz bardziej ekstremistyczne grupy, takie jak islami\u015bci z Hamasu. Co gorsza, stworzyli kultur\u0119, w kt\u00f3rej rozlewanie \u017cydowskiej krwi by\u0142o jedynym sposobem zyskania wiarygodno\u015bci przez organizacje polityczne.<\/span><\/p>\n<p class=\"wp-block-paragraph\" style=\"text-align: left;\">\n<span style=\"color: #000080;\">Wszystko to jest tragiczne. Palesty\u0144czycy skrzywdzili siebie w ten spos\u00f3b o wiele bardziej ni\u017c Izraelczyk\u00f3w.<\/span><\/p>\n<p class=\"wp-block-paragraph\" style=\"text-align: left;\">\n<span style=\"color: #000080;\">Ale po ostatnich 16 miesi\u0105cach nale\u017cy odrzuci\u0107 wsp\u00f3\u0142czucie dla ich narracji o byciu ofiar\u0105. Zamiast tego nadszed\u0142 czas, aby poci\u0105gn\u0105\u0107 ich do odpowiedzialno\u015bci nie tylko za ich przera\u017caj\u0105ce czyny, ale tak\u017ce za zbiorow\u0105 mentalno\u015b\u0107, kt\u00f3ra znormalizowa\u0142a barbarzy\u0144stwo.<\/span><\/p>\n<p class=\"wp-block-paragraph\" style=\"text-align: left;\">\n<span style=\"color: #000080;\">Gdyby opinia mi\u0119dzynarodowa nie by\u0142a tak ska\u017cona tradycyjnymi postawami antysemickimi i nowoczesn\u0105 odmian\u0105 \u201eprzebudzenia\u201d, kt\u00f3ra fa\u0142szywie nazwa\u0142a Izrael pa\u0144stwem \u201eosadniczo-kolonialnym\u201d i pa\u0144stwem \u201eapartheidu\u201d, nikt nie tolerowa\u0142by Palesty\u0144czyk\u00f3w gloryfikuj\u0105cych terror ani ich pe\u0142nych nienawi\u015bci celebracji ich z\u0142ych uczynk\u00f3w. \u015awiat nie domaga\u0142by si\u0119, by pomoc\u0105 humanitarn\u0105 (nie m\u00f3wi\u0105c ju\u017c o pa\u0144stwie) nagrodzi\u0107 ich za 7 pa\u017adziernika i barbarzy\u0144skie traktowanie ich izraelskich ofiar.<\/span><\/p>\n<h5 class=\"wp-block-paragraph\"><strong><br \/>\nTrzeba poci\u0105gn\u0105\u0107 ich do odpowiedzialno\u015bci<\/strong><\/h5>\n<p class=\"wp-block-paragraph\">\n<span style=\"color: #000080;\">Jednak ostatnie wydarzenia powinny wzmocni\u0107 gotowo\u015b\u0107 administracji prezydenta Donalda Trumpa do wyobra\u017cenia sobie przysz\u0142o\u015bci dla Gazy, w kt\u00f3rej Palesty\u0144czycy \u2014 podobnie jak Niemcy 80 lat temu \u2014 s\u0105 zmuszeni do zap\u0142acenia ceny za swoje zbrodnie. Jak\u00a0niedawno\u00a0<a style=\"color: #000080;\" href=\"https:\/\/www.thefp.com\/p\/the-historical-case-for-trumps-gaza\" target=\"_blank\" rel=\"noopener noreferrer\">napisa\u0142 historyk Andrew Roberts w\u00a0<\/a><em>The Free Press<\/em>, zamiast pot\u0119pia\u0107 plan Trumpa jako \u201eczystk\u0119 etniczn\u0105\u201d, przypomnijmy wyra\u017ane precedensy tego rodzaju odpowiedzialno\u015bci, kt\u00f3re zosta\u0142y zaakceptowane przez mi\u0119dzynarodowy konsensus.<\/span><\/p>\n<p class=\"wp-block-paragraph\">\n<span style=\"color: #000080;\">Co wi\u0119cej, najnowsze palesty\u0144skie \u015bwi\u0119towanie terroru i nienawi\u015bci powinny zmusi\u0107 cz\u0142onk\u00f3w cywilizowanego \u015bwiata, aby przestali dawa\u0107 im przyzwolenie na takie zachowanie.<\/span><\/p>\n<p class=\"wp-block-paragraph\">\n<span style=\"color: #000080;\">By\u0107 mo\u017ce jest wielu Palesty\u0144czyk\u00f3w, kt\u00f3rzy s\u0105 przera\u017ceni tym, co robi ich spo\u0142ecze\u0144stwo. To prawda \u2014 nie tylko w kwestii niech\u0119ci do rezygnacji z \u201eoporu\u201d, kt\u00f3ry jest r\u00f3wnoznaczny z usprawiedliwieniem ludob\u00f3jstwa \u017byd\u00f3w, ale tak\u017ce tego, co zrobiono ich w\u0142asnemu narodowi. Ale nie uda\u0142o im si\u0119 da\u0107 o sobie zna\u0107 ani przeciwstawi\u0107 kulturze terroru.<\/span><\/p>\n<p class=\"wp-block-paragraph\">\n<span style=\"color: #000080;\">Prawd\u0105 jest r\u00f3wnie\u017c, \u017ce stawianie oporu Hamasowi i innym organizacjom terrorystycznym, w tym rzekomo \u201eumiarkowanej\u201d organizacji Fatah, kt\u00f3ra kontroluje Autonomi\u0119 Palesty\u0144sk\u0105, by\u0142oby trudne i niezwykle niebezpieczne. Jednak w przesz\u0142o\u015bci \u015bwiat nie wykazywa\u0142 opor\u00f3w przed os\u0105dzaniem narod\u00f3w i lud\u00f3w r\u00f3wnie\u017c na podstawie ich gotowo\u015bci do przeciwstawienia si\u0119 tyranii.<\/span><\/p>\n<p class=\"wp-block-paragraph\">\n<span style=\"color: #000080;\">Nawet w nazistowskich Niemczech, gdzie totalitarny rz\u0105d kontrolowa\u0142 ka\u017cdy aspekt spo\u0142ecze\u0144stwa, a strach przed re\u017cimem hitlerowskim by\u0142 uzasadniony, niekt\u00f3rzy stawiali op\u00f3r. I oczywi\u015bcie zdarza\u0142y si\u0119 przypadki \u201esprawiedliwych w\u015br\u00f3d narod\u00f3w \u015bwiata\u201d, kt\u00f3rzy starali si\u0119 ratowa\u0107 \u017byd\u00f3w przed \u015bmierci\u0105, chocia\u017c w Niemczech zdarza\u0142y si\u0119 rzadko i wi\u0119kszo\u015b\u0107 z nich okaza\u0142a si\u0119 nieskuteczna.<\/span><\/p>\n<p class=\"wp-block-paragraph\">\n<span style=\"color: #000080;\">Mimo pobliskiej obecno\u015bci si\u0142 izraelskich i wysokich nagr\u00f3d finansowych oferowanych ka\u017cdemu, kto pom\u00f3g\u0142by cho\u0107by jednemu z zak\u0142adnik\u00f3w uciec, nie znalaz\u0142 si\u0119 ani jeden ch\u0119tny w\u015br\u00f3d Palesty\u0144czyk\u00f3w w Gazie. Przyj\u0119cie tej oferty by\u0142oby niebezpieczne. Ale dowiedzieli\u015bmy si\u0119, \u017ce wielu zak\u0142adnik\u00f3w by\u0142o przetrzymywanych przez cywil\u00f3w w prywatnych domach, nie tylko w tunelach Hamasu. Zmuszano ich do gotowania, sprz\u0105tania i opieki nad dzie\u0107mi. Jednak \u017caden palesty\u0144ski Arab nie wydawa\u0142 si\u0119 by\u0107 sk\u0142onny uratowa\u0107 kt\u00f3rego\u015b z zak\u0142adnik\u00f3w, nawet tych przetrzymywanych w prywatnych domach. Jest te\u017c fakt, \u017ce niekt\u00f3re z najgorszych zbrodni z 7 pa\u017adziernika by\u0142y dokonywane przez cywil\u00f3w, a nie przez si\u0142y szturmowe Hamasu.<\/span><\/p>\n<p class=\"wp-block-paragraph\">\n<span style=\"color: #000080;\">Je\u015bli chodzi o Palesty\u0144czyk\u00f3w, ca\u0142a pe\u0142na dobrych intencji retoryka o wsp\u00f3lnym cz\u0142owiecze\u0144stwie zosta\u0142a zniweczona przez zbiorow\u0105 mentalno\u015b\u0107, kt\u00f3ra, podobnie jak w przypadku Niemc\u00f3w w czasach nazizmu, demonizuje \u017byd\u00f3w.<\/span><\/p>\n<p class=\"wp-block-paragraph\">\n<span style=\"color: #000080;\">Wyci\u0105ganie wniosk\u00f3w na temat Palesty\u0144czyk\u00f3w nie musi nas zobowi\u0105zywa\u0107 do na\u015bladowania ich nienawi\u015bci poprzez ich odcz\u0142owieczanie. Ale zobowi\u0105zuje nas do uczciwo\u015bci w sprawie ich kultury narodowej i \u017c\u0105dania jej zmiany zanim otrzymaj\u0105 pozwolenie na posiadanie jakiejkolwiek mo\u017cliwo\u015bci wyrz\u0105dzania dalszej krzywdy innym lub sobie.<\/span><\/p>\n<p class=\"wp-block-paragraph\" style=\"text-align: left;\">\n<span style=\"color: #000080;\">W obliczu ca\u0142kowitej kl\u0119ski i zrujnowanego kraju Niemcy zmienili si\u0119 i porzucili swoj\u0105 nazistowsk\u0105 przesz\u0142o\u015b\u0107, nawet je\u015bli nie wszyscy odpowiedzialni za Holokaust zostali poci\u0105gni\u0119ci do odpowiedzialno\u015bci.<\/span> <span style=\"color: #000080;\">Palesty\u0144czycy jednak nigdy si\u0119 nie zmieni\u0105, dop\u00f3ki cywilizowany \u015bwiat nie przestanie ich rozpieszcza\u0107 i szuka\u0107 wym\u00f3wek dla ich kultury \u015bmierci, nienawi\u015bci i nieprzejednanego oddania nieustannej wojnie z \u017bydami.<\/span><\/p>\n<p class=\"wp-block-paragraph\" style=\"text-align: left;\">\n<span style=\"color: #000080;\">Po ostatnich pokazach zdeprawowania \u2014 po zamordowaniu starego cz\u0142owieka, m\u0142odej matki i jej dw\u00f3jki dzieci \u2014 nale\u017cy sprawi\u0107, by zrozumieli, \u017ce niepowodzenie w przekszta\u0142ceniu ich kultury narodowej zostanie ukarane polityk\u0105, kt\u00f3ra b\u0119dzie mia\u0142a trwa\u0142e konsekwencje dla ich \u017cycia i ambicji narodowych. Alternatyw\u0105 jest skazanie zar\u00f3wno Izraelczyk\u00f3w, jak i Palesty\u0144czyk\u00f3w na kolejne stulecie bezsensownego konfliktu i wi\u0119cej chorych pokaz\u00f3w nienawi\u015bci, takich jak ten, kt\u00f3ry Hamas zorganizowa\u0142, by \u015bwi\u0119towa\u0107 \u015bmier\u0107 niewinnych.<\/span><\/p>\n<\/div>\n<hr style=\"height: 15px; background: #d0e6fa; width: 100%;\" \/>\n<div id=\"content\" class=\"content-alignment\">\n<div id=\"watch-description\" class=\"yt-uix-button-panel\">\n<div id=\"watch-description-text\" style=\"text-align: center;\">\n<p><em>Zawarto\u015b\u0107 publikowanych artyku\u0142\u00f3w i materia\u0142\u00f3w nie reprezentuje pogl\u0105d\u00f3w ani opinii Reunion&#8217;68,<\/em><em><br \/>\nani te\u017c webmastera Blogu Reunion&#8217;68, chyba ze jest to wyra\u017anie zaznaczone.<br \/>\nTwoje uwagi, linki, w\u0142asne artyku\u0142y lub wiadomo\u015bci prze\u015blij na adres:<br \/>\n<\/em><span style=\"color: #000080;\"><strong><em><a style=\"color: #000080;\" href=\"mailto:webmaster@reunion68.com\"><span style=\"text-decoration: underline;\">webmaster@reunion68.com<\/span><\/a><\/em><\/strong><\/span><\/p>\n<\/div>\n<\/div>\n<\/div>\n<hr style=\"width: 100%;\" \/>\n","protected":false},"excerpt":{"rendered":"<p>Cz\u0142onkowie Brygad Al-Kassam, skrzyd\u0142a wojskowego Hamasu, stoj\u0105 na stra\u017cy, podczas gdy Palesty\u0144czycy czekaj\u0105 na przekazanie cia\u0142 czterech zabitych izraelskich zak\u0142adnik\u00f3w Czerwonemu Krzy\u017cowi w ramach porozumienia o zawieszeniu broni mi\u0119dzy Izraelem a Hamasem. Chan Junis w po\u0142udniowej Strefie Gazy, 20 lutego 2025 r. Saeed Mohammed\/Flash90. Nieunikniona konieczno\u015b\u0107 wyci\u0105gni\u0119cia wniosk\u00f3w o spo\u0142ecze\u0144stwie palesty\u0144skich Arab\u00f3w Jonathan S. Tobin [&hellip;]<\/p>\n","protected":false},"author":1,"featured_media":0,"comment_status":"closed","ping_status":"closed","sticky":false,"template":"","format":"standard","meta":[],"categories":[6],"tags":[26,24],"_links":{"self":[{"href":"https:\/\/www.reunion68.se\/index.php?rest_route=\/wp\/v2\/posts\/119395"}],"collection":[{"href":"https:\/\/www.reunion68.se\/index.php?rest_route=\/wp\/v2\/posts"}],"about":[{"href":"https:\/\/www.reunion68.se\/index.php?rest_route=\/wp\/v2\/types\/post"}],"author":[{"embeddable":true,"href":"https:\/\/www.reunion68.se\/index.php?rest_route=\/wp\/v2\/users\/1"}],"replies":[{"embeddable":true,"href":"https:\/\/www.reunion68.se\/index.php?rest_route=%2Fwp%2Fv2%2Fcomments&post=119395"}],"version-history":[{"count":7,"href":"https:\/\/www.reunion68.se\/index.php?rest_route=\/wp\/v2\/posts\/119395\/revisions"}],"predecessor-version":[{"id":119426,"href":"https:\/\/www.reunion68.se\/index.php?rest_route=\/wp\/v2\/posts\/119395\/revisions\/119426"}],"wp:attachment":[{"href":"https:\/\/www.reunion68.se\/index.php?rest_route=%2Fwp%2Fv2%2Fmedia&parent=119395"}],"wp:term":[{"taxonomy":"category","embeddable":true,"href":"https:\/\/www.reunion68.se\/index.php?rest_route=%2Fwp%2Fv2%2Fcategories&post=119395"},{"taxonomy":"post_tag","embeddable":true,"href":"https:\/\/www.reunion68.se\/index.php?rest_route=%2Fwp%2Fv2%2Ftags&post=119395"}],"curies":[{"name":"wp","href":"https:\/\/api.w.org\/{rel}","templated":true}]}}