{"id":119459,"date":"2025-02-25T17:05:04","date_gmt":"2025-02-25T15:05:04","guid":{"rendered":"http:\/\/www.reunion68.se\/?p=119459"},"modified":"2025-02-25T10:16:56","modified_gmt":"2025-02-25T08:16:56","slug":"25-05-101","status":"publish","type":"post","link":"https:\/\/www.reunion68.se\/?p=119459","title":{"rendered":"Foreign Ministry seeks dialogue with three &#8216;right-wing&#8217; European parties"},"content":{"rendered":"<h5 style=\"text-align: center;\"><a href=\"https:\/\/www.jpost.com\/\" target=\"_blank\" rel=\"noopener noreferrer\"><img decoding=\"async\" class=\"center alignleft\" src=\"http:\/\/www.reunion68.com\/Biuletyn\/img\/jpost.png\" alt=\"\" width=\"35%\" \/><\/a><span style=\"text-decoration: underline; color: #000080;\"><strong><a style=\"color: #000080; text-decoration: underline;\" href=\"https:\/\/www.jpost.com\/breaking-news\/article-843496\" target=\"_blank\" rel=\"noopener noreferrer\">Foreign Ministry seeks dialogue with three &#8216;right-wing&#8217; European parties<\/a><\/strong><\/span><\/h5>\n<p style=\"text-align: center;\"><span style=\"color: #000000;\"><strong>AMICHAI STEIN, WALLA!<\/strong><\/span><\/p>\n<hr style=\"height: 15px; background: #d0e6fa; width: 100%;\" \/>\n<h4 style=\"text-align: center;\"><strong>The parties are the National Rally (France), the Sweden Democrats, and Vox (Spain).<\/strong><\/h4>\n<p style=\"text-align: center;\"><img decoding=\"async\" class=\"aligncenter\" src=\"https:\/\/images.jpost.com\/image\/upload\/q_auto\/c_fill,g_faces:center,h_537,w_822\/635115\" width=\"100%\" \/><span style=\"color: #808080;\"><em>Gideon Sa&#8217;ar, Foreign Affairs Minister, March 28, 2024. \/ (photo credit: OLIVIER FITOUSSI\/FLASH90)<\/em><\/span><\/p>\n<p style=\"text-align: left;\"><span style=\"color: #000080;\">The\u00a0<a style=\"color: #000080;\" href=\"https:\/\/www.jpost.com\/tags\/foreign-ministry\" target=\"_blank\" rel=\"noopener noreferrer\">Foreign Ministry<\/a>\u00a0will engage in dialogue with the three main far-right parties in <strong>France, Sweden<\/strong>, and <strong>Spain<\/strong>, Foreign Minister\u00a0<a style=\"color: #000080;\" href=\"https:\/\/www.jpost.com\/tags\/gideon-saar\" target=\"_blank\" rel=\"noopener noreferrer\">Gideon Sa\u2019ar<\/a>\u00a0said on Monday.<\/span><\/p>\n<section class=\"fake-br-for-article-body\"><\/section>\n<p style=\"text-align: left;\"><span style=\"color: #000080;\">The three parties are France\u2019s National Rally, led by Marine Le Pen, the Sweden Democrats, and the Spanish Vox party.<\/span><\/p>\n<section class=\"fake-br-for-article-body\"><\/section>\n<p style=\"text-align: left;\"><span style=\"color: #000080;\">The decision was made following a series of ministerial discussions, during which it was determined that these parties do not have antisemitic or anti-Israel elements. However, Israel will still refrain from engaging with parties tainted by\u00a0<a style=\"color: #000080;\" href=\"https:\/\/www.jpost.com\/diaspora\/antisemitism\" target=\"_blank\" rel=\"noopener noreferrer\">antisemitism<\/a>, such as the Austrian Freedom Party.<\/span><\/p>\n<p style=\"text-align: left;\"><span style=\"color: #000080;\">Discussions began in recent weeks between Foreign Ministry officials and representatives from these parties, marking a 180-degree shift in policy. Israel has consistently avoided engaging with far-right parties due to allegations of and ties to antisemitism.<\/span><\/p>\n<section class=\"fake-br-for-article-body\"><\/section>\n<p style=\"text-align: left;\"><span style=\"color: #000080;\">However, given the rise of these parties in recent years, the Foreign Ministry began deliberations on the matter last year under then-minister Israel Katz. Sa\u2019ar now finalized the decision.<\/span><\/p>\n<p style=\"text-align: center;\">\n<img decoding=\"async\" class=\"aligncenter\" src=\"https:\/\/images.jpost.com\/image\/upload\/f_auto,fl_lossy\/c_fill,g_faces:center,h_537,w_822\/474330\" width=\"100%\" \/><span style=\"color: #808080;\"><em>Marine Le Pen, member of parliament and leader of French far-right National Rally (Rassemblement National) party, delivers a speech during a debate on migration at the National Assembly in Paris, France, October 7, 2019. (credit: BENOIT TESSIER\/REUTERS)<\/em><\/span><\/p>\n<h4><strong>Classified by Israel as antisemitic<\/strong><\/h4>\n<p style=\"text-align: left;\"><span style=\"color: #000080;\">The National Rally had been officially classified by Israel as antisemitic, partly due its former leader, Jean-Marie Le Pen, who was widely considered antisemitic and infamously referred to gas chambers as a \u201cmere detail of history.\u201d<\/span><\/p>\n<section class=\"fake-br-for-article-body\"><\/section>\n<p style=\"text-align: left;\"><span style=\"color: #000080;\">The rise of the party has elicited mixed reactions from French Jews. Some have migrated more to the center-left parties as a result, while others insist that the current French political climate is unique and requires a different response.<\/span><\/p>\n<p style=\"text-align: left;\"><span style=\"color: #000080;\">\u201cThere are those who argue that the current party leader is different,\u201d said Tzvi Amar, head of the Federation of Jewish Communities in southern France. \u201cShe [Le Pen] and other party leaders support Israel, condemn Hamas, and even assist the Jewish community.\u201d<\/span><\/p>\n<section class=\"fake-br-for-article-body\"><\/section>\n<p style=\"text-align: left;\"><span style=\"color: #000080;\">Amar emphasized though that the issue remains controversial.<\/span><\/p>\n<section class=\"fake-br-for-article-body\"><\/section>\n<p style=\"text-align: left;\"><span style=\"color: #000080;\">While the main Jewish organization in France, the CRIF, still does not invite the party to its events, there is a recognition among some French Jews that today\u2019s National Rally openly presents itself as a friend of Israel.<\/span><\/p>\n<p style=\"text-align: left;\"><span style=\"color: #000080;\">\u201cThe community is not unified on this matter,\u201d Amar explained. \u201cThere are differing opinions, and some still believe that they are far-right extremists and that Israel should not engage with them.\u201d<\/span><\/p>\n<section class=\"fake-br-for-article-body\"><\/section>\n<p style=\"text-align: left;\"><span style=\"color: #000080;\">Jonathan-Simon Sellem, a French-Israeli journalist, writer, and politician, said the National Rally has significantly evolved in its stance on Israel.<\/span><\/p>\n<section class=\"fake-br-for-article-body\"><\/section>\n<p style=\"text-align: left;\"><span style=\"color: #000080;\">\u201cSince October 7, the party\u2019s support for Israel has been remarkable,\u201d he said. \u201cIts representatives in the National Assembly have consistently stood by Israel, condemned Hamas and Hezbollah, and called for the unconditional release of the hostages. Some lawmakers even wore the yellow pin advocating for the hostages\u2019 release.\u201d<\/span><\/p>\n<p style=\"text-align: left;\"><span style=\"color: #000080;\">He added that the French community in Israel is generally pleased with this development \u2013 not because they necessarily vote for the party \u2013 but because they understand what is happening in France.<\/span><\/p>\n<section class=\"fake-br-for-article-body\"><\/section>\n<p style=\"text-align: left;\"><span style=\"color: #000080;\">\u201cLabeling the party or its leaders as \u2018persona non grata\u2019 is no longer tenable under these circumstances. Even the renowned Nazi hunter Serge Klarsfeld has stated that the party is no longer antisemitic \u2013 and is far more sympathetic toward Jews than the French far Left.<\/span><\/p>\n<section class=\"fake-br-for-article-body\"><\/section>\n<p style=\"text-align: left;\"><span style=\"color: #000080;\">\u201cOf course, one does not need to agree with everything they seek to implement, but their major role in French politics, along with their strong support for Israel and their firm denunciation of Hamas, compels us to make this initial contact,\u201d he said.<\/span><\/p>\n<hr style=\"height: 15px; background: #d0e6fa; width: 100%;\" \/>\n<div id=\"content\" class=\"content-alignment\">\n<div id=\"watch-description\" class=\"yt-uix-button-panel\">\n<div id=\"watch-description-text\" style=\"text-align: center;\">\n<p><em>Zawarto\u015b\u0107 publikowanych artyku\u0142\u00f3w i materia\u0142\u00f3w nie reprezentuje pogl\u0105d\u00f3w ani opinii Reunion&#8217;68,<\/em><em><br \/>\nani te\u017c webmastera Blogu Reunion&#8217;68, chyba ze jest to wyra\u017anie zaznaczone.<br \/>\nTwoje uwagi, linki, w\u0142asne artyku\u0142y lub wiadomo\u015bci prze\u015blij na adres:<br \/>\n<\/em><span style=\"color: #000080;\"><strong><em><a style=\"color: #000080;\" href=\"mailto:webmaster@reunion68.com\"><span style=\"text-decoration: underline;\">webmaster@reunion68.com<\/span><\/a><\/em><\/strong><\/span><\/p>\n<\/div>\n<\/div>\n<\/div>\n<hr style=\"width: 100%;\" \/>\n","protected":false},"excerpt":{"rendered":"<p>Foreign Ministry seeks dialogue with three &#8216;right-wing&#8217; European parties AMICHAI STEIN, WALLA! The parties are the National Rally (France), the Sweden Democrats, and Vox (Spain). Gideon Sa&#8217;ar, Foreign Affairs Minister, March 28, 2024. \/ (photo credit: OLIVIER FITOUSSI\/FLASH90) The\u00a0Foreign Ministry\u00a0will engage in dialogue with the three main far-right parties in France, Sweden, and Spain, Foreign [&hellip;]<\/p>\n","protected":false},"author":1,"featured_media":0,"comment_status":"closed","ping_status":"closed","sticky":false,"template":"","format":"standard","meta":[],"categories":[3],"tags":[26,24],"_links":{"self":[{"href":"https:\/\/www.reunion68.se\/index.php?rest_route=\/wp\/v2\/posts\/119459"}],"collection":[{"href":"https:\/\/www.reunion68.se\/index.php?rest_route=\/wp\/v2\/posts"}],"about":[{"href":"https:\/\/www.reunion68.se\/index.php?rest_route=\/wp\/v2\/types\/post"}],"author":[{"embeddable":true,"href":"https:\/\/www.reunion68.se\/index.php?rest_route=\/wp\/v2\/users\/1"}],"replies":[{"embeddable":true,"href":"https:\/\/www.reunion68.se\/index.php?rest_route=%2Fwp%2Fv2%2Fcomments&post=119459"}],"version-history":[{"count":7,"href":"https:\/\/www.reunion68.se\/index.php?rest_route=\/wp\/v2\/posts\/119459\/revisions"}],"predecessor-version":[{"id":119468,"href":"https:\/\/www.reunion68.se\/index.php?rest_route=\/wp\/v2\/posts\/119459\/revisions\/119468"}],"wp:attachment":[{"href":"https:\/\/www.reunion68.se\/index.php?rest_route=%2Fwp%2Fv2%2Fmedia&parent=119459"}],"wp:term":[{"taxonomy":"category","embeddable":true,"href":"https:\/\/www.reunion68.se\/index.php?rest_route=%2Fwp%2Fv2%2Fcategories&post=119459"},{"taxonomy":"post_tag","embeddable":true,"href":"https:\/\/www.reunion68.se\/index.php?rest_route=%2Fwp%2Fv2%2Ftags&post=119459"}],"curies":[{"name":"wp","href":"https:\/\/api.w.org\/{rel}","templated":true}]}}