{"id":119476,"date":"2025-02-26T17:09:39","date_gmt":"2025-02-26T15:09:39","guid":{"rendered":"http:\/\/www.reunion68.se\/?p=119476"},"modified":"2025-02-26T11:25:47","modified_gmt":"2025-02-26T09:25:47","slug":"26-09-98","status":"publish","type":"post","link":"https:\/\/www.reunion68.se\/?p=119476","title":{"rendered":"Przekr\u0119canie s\u0142\u00f3w w \u015bwiadomo\u015bci spo\u0142ecznej"},"content":{"rendered":"<p style=\"text-align: center;\"><img decoding=\"async\" class=\"aligncenter\" src=\"https:\/\/cdn.jns.org\/uploads\/2025\/02\/Hamas-Terrorist-in-Gaza-Hostage-Release-1320x880.jpg\" width=\"100%\" \/><span style=\"color: #808080;\"><em>Palesty\u0144skie dzieci s\u0105 od ko\u0142yski wychowywane do roli m\u0119czennik\u00f3w (sadystycznych morderc\u00f3w). Nie wszyscy palesty\u0144scy rodzice tego chc\u0105, wielu, prawdopodobnie wi\u0119kszo\u015b\u0107, akceptuje i wspomaga ten proces. (Gaza, 8 lutego 2025. Zdj\u0119cie: Abed Rahim Khatib\/Flash90.<\/em><\/span><\/p>\n<hr \/>\n<h5 style=\"text-align: center;\"><a href=\"https:\/\/www.listyznaszegosadu.pl\/\" target=\"_blank\" rel=\"noopener noreferrer\"><img decoding=\"async\" class=\"center alignleft\" src=\"http:\/\/www.reunion68.com\/Biuletyn\/img\/z-naszego.jpg\" alt=\"\" width=\"50%\" \/><\/a><span style=\"text-decoration: underline; color: #000080;\"><strong><a style=\"color: #000080; text-decoration: underline;\" href=\"https:\/\/www.listyznaszegosadu.pl\/notatki\/przekrecanie-slalw-w-swiadomosci-spolecznej\" target=\"_blank\" rel=\"noopener noreferrer\">Przekr\u0119canie s\u0142\u00f3w w \u015bwiadomo\u015bci spo\u0142ecznej<\/a><\/strong><\/span><\/h5>\n<p style=\"text-align: center;\"><span style=\"color: #000000;\"><strong><br \/>\nAndrzej Koraszewski<\/strong><\/span><\/p>\n<hr style=\"height: 15px; background: #d0e6fa; width: 100%;\" \/>\n<div class=\"templateArticleIngress\">\n<p style=\"text-align: left;\"><span style=\"color: #000080;\">Widzimy to ka\u017cdego dnia, zauwa\u017camy okazjonalnie. W niewielu zawodach uczy si\u0119 zmienno\u015bci znaczenia s\u0142\u00f3w w zale\u017cno\u015bci od intonacji. Aktorzy si\u0119 tego ucz\u0105, w codziennym \u017cyciu wszyscy robimy to instynktownie bez szkole\u0144. Propagandy\u015bci zmieniaj\u0105 znaczenia s\u0142\u00f3w \u015bwiadomie i z premedytacj\u0105, dziennikarze na og\u00f3\u0142 nie anga\u017cuj\u0105 \u015bwiadomo\u015bci w ten proces, poniewa\u017c przetwarzaj\u0105 informacj\u0119 tak jak sztuczna inteligencja, ale maj\u0105c bardziej ograniczone zasoby pami\u0119ci.\u00a0 \u00a0\u00a0\u00a0\u00a0<\/span><\/p>\n<p style=\"text-align: left;\">\n<p style=\"text-align: left;\"><span style=\"color: #000080;\">Stare powiedzenie g\u0142osi, \u017ce s\u0142owa cz\u0119\u015bciej s\u0142u\u017c\u0105 ukrywaniu my\u015bli ni\u017c ich przekazywaniu. Jest to bardziej prawdziwe, kiedy w komunikacj\u0119 zaanga\u017cowane s\u0105 silne emocje, ni\u017c wtedy, kiedy na przyk\u0142ad kupujemy chleb lub chcemy si\u0119 dowiedzie\u0107, kt\u00f3ra godzina.<\/span><\/p>\n<\/div>\n<p style=\"text-align: left;\">\n<div class=\"templateArticleBrodtext\">\n<p style=\"text-align: left;\"><span style=\"color: #000080;\"><strong><a href=\"https:\/\/www.facebook.com\/joanna.szczepkowska53\"><span style=\"color: #000080;\">Joanna Szczepkowska<\/span><\/a><\/strong> zamie\u015bci\u0142a na swojej stronie Facebooka kilkuzdaniowy wpis o zwrocie cia\u0142 matki i dwojga dzieci Bibas. Sucha informacja sprzed dw\u00f3ch dni ma w chwili, kiedy to pisz\u0119, 440 komentarzy.<\/span><\/p>\n<p style=\"text-align: left;\"><span style=\"color: #000080;\">Na samej g\u00f3rze przypi\u0119ty jest napisany wielkimi literami komentarz Autorki:<\/span><\/p>\n<blockquote>\n<p style=\"text-align: left;\">CZYTAM POSTY POD MOIM WPISEM O ZAMORDOWANEJ MATCE I JEJ DZIECIACH. CZYTAM, \u017bE PISZAC O NICH, POPIERAM LUDOB\u00d3JSTWO. CZYTAM, \u017bE ZANIM O TYM NAPISZ\u0118 POWINNAM NAPISA\u0106 O PALESTY\u0143SKICH DZIECIACH. ZUPE\u0141NIE TAK, JAKBY SHIRI, ARIEL I KFIR BIBAS BYLI WINNI\u00a0\u015aMIERCI DZIECI Z PALESTYNY. CZYTAM, JAKBYM PISZ\u0104C O ZAMOROWANIU MATKI I DZIECI OPOWIADA\u0141A SI\u0118 ZA KIM\u015a, ALBO PRZECIWKO KOMU\u015a. ZA \u017bYDAMI I PRZECIW PALESTYNIE. CZYTAM, \u017bE JESTEM RASISTK\u0104. CZYTAM, \u017bE PISZ\u0104C O TYM &#8220;STRACI\u0141AM W OCZACH WIELU&#8221;. JE\u015aLI W\u015aR\u00d3D NICH S\u0104 TACY, KT\u00d3RZY NIE CZUJ\u0104 NIC WOBEC LUDZI ZABITYCH I PORWANYCH 7-go PA\u0179DZIERNIKA 2023 ROKU, JE\u015aLI UTO\u017bSAMIAJ\u0104 TYCH LUDZI Z POLITYK\u0104, HISTORI\u0104 I LUDOB\u00d3JSTWEM, TO CIESZ\u0118 SIE, \u017bE STRACI\u0141AM W ICH OCZACH.<\/p>\n<\/blockquote>\n<p style=\"text-align: left;\"><span style=\"color: #000080;\">Te wielkie litery s\u0105 krzykiem. W\u015br\u00f3d setek komentarzy moj\u0105 uwag\u0119 zwraca wpis Moniki Bo. Widzia\u0142em ju\u017c jej wpisy w kilku miejscach. (r\u00f3wnie\u017c w \u201eListach z naszego sadu\u201d), zagl\u0105da\u0142em kiedy\u015b na jej profil i teraz zrobi\u0142em to ponownie.<\/span><\/p>\n<p style=\"text-align: left;\"><span style=\"color: #000080;\">Monika Bo pod postem Joanny Szczepkowskiej pisze:<\/span><\/p>\n<blockquote><p>\u201eZar\u00f3wno pani jak i nasze media milcz\u0105 o palesty\u0144skich dzieciach zamordowanych przez idf, a by\u0142o ich co najmniej kilkana\u015bcie tysi\u0119cy. To tylko te udokumentowane z imienia i nazwiska, rozerwane na strz\u0119py albo z kul\u0105 w g\u0142owie.\u201d<\/p><\/blockquote>\n<p style=\"text-align: left;\"><span style=\"color: #000080;\">Monika Bo jest propagandystk\u0105, zapewne nie poinformuje nas o czym wie, a o czym nie wie. Na swoim profilu unika okazywania wyra\u017anej sympatii dla Hamasu, wi\u0119c by\u0107 mo\u017ce zna jej Kart\u0119 i jednoznacznie ludob\u00f3jcze cele. Wydaje si\u0119, \u017ce woli radzick\u0105 wersj\u0119 \u201enarodu\u201d palesty\u0144skiego jako ruchu narodowo-wyzwole\u0144czego, a nie narodu palesty\u0144skiego jako forpoczty d\u017cihadu &#8211; islamskiego podboju \u015bwiata. Tak czy inaczej, kocha nienawidzi\u0107 \u017byd\u00f3w i zniekszta\u0142ca\u0107 znaczenie s\u0142\u00f3w. Wyja\u015bnianie jej, \u017ce Izraelska Armia Obronna (IDF) nie ZAMORDOWA\u0141A ani jednego palesty\u0144skiego dziecka, to raczej utopijne przedsi\u0119wzi\u0119cie, bo to jak rozmowa z Ryszardem Gontarzem, ona zapewne nie wie, kto to by\u0142 Ryszard Gontarz, ale jego dziedzictwo piel\u0119gnuje.<\/span><\/p>\n<p style=\"text-align: left;\"><span style=\"color: #000080;\">\u015amier\u0107 palesty\u0144skiego dziecka podczas wojny jest dla Izraelczyk\u00f3w tragedi\u0105. Czasem to dziecko jest dzieckiem-\u017co\u0142nierzem, czasem to dziecko jest w miejscu, w kt\u00f3rym nie powinno by\u0107 (np. przy wyrzutni rakiet), czasem to efekt wt\u00f3rnego wybuchu palesty\u0144skiej amunicji, czasem dziecko zabite przez palesty\u0144sk\u0105 rakiet\u0119 (ok. 20 procent palesty\u0144skich rakiet spada na w\u0142asn\u0105 ludno\u015b\u0107, kilka dni temu wadliwa palesty\u0144ska rakieta zabi\u0142a palesty\u0144skiego czternastolatka). Wi\u0119c nie, Izraelczycy nie morduj\u0105 palesty\u0144skich dzieci, palesty\u0144skie dzieci gin\u0105 w wyniku wojny wywo\u0142anej przez Hamas i, jak s\u0142usznie\u00a0<a style=\"color: #000080;\" href=\"http:\/\/www.listyznaszegosadu.pl\/dysydenci\/przestancie-obwiniac-zydalw-a-hamas-glodzi-naszych-braci-i-siostry-w-gazie\">podkre\u015blaj\u0105 palesty\u0144scy dysydenci<\/a>, win\u0119 za ka\u017cd\u0105 \u015bmier\u0107 palesty\u0144skiego dziecka w tej wojnie ponosi Hamas i tylko Hamas. Monice Bo nie mo\u017cna tego wyt\u0142umaczy\u0107, bo Monika Bo udaje humanistk\u0119, traktuj\u0105c Palesty\u0144czyk\u00f3w jako narz\u0119dzie pozwalaj\u0105ce oskar\u017ca\u0107 \u017byd\u00f3w.<\/span><\/p>\n<p style=\"text-align: left;\"><span style=\"color: #000080;\">Jaka jest r\u00f3\u017cnica mi\u0119dzy zamordowaniem dziecka, a tragiczn\u0105 \u015bmierci\u0105 dziecka w wyniku wojny obronnej?<\/span><\/p>\n<p style=\"text-align: left;\"><span style=\"color: #000080;\">W 2011 roku IDF aresztowa\u0142a dw\u00f3ch palesty\u0144skich\u00a0 uczni\u00f3w, osiemnastoletniego Hakima Maazana Niuada i dziewi\u0119tnastoletniego Amjada Mahmuda Fauziu Awada pod zarzutem zamordowania pi\u0119ciu cz\u0142onk\u00f3w rodziny Fogel. Sprawcy, przyznali si\u0119 do winy. Pochodz\u0105 z wioski le\u017c\u0105cej nieopodal miejsca zbrodni i wielu mieszka\u0144c\u00f3w ich wsi pomaga\u0142o im ukrywa\u0107 si\u0119 przed poszukuj\u0105cymi ich w\u0142adzami izraelskimi.<\/span><\/p>\n<p style=\"text-align: left;\"><span style=\"color: #000080;\">Ci m\u0142odzi Palesty\u0144czycy podkradli si\u0119 do domu i zajrzeli przez okno. Zauwa\u017cyli czteroletniego Elada i 11-letniego Joava \u015bpi\u0105cych w swoich \u0142\u00f3\u017ckach i zakradli si\u0119, by ich zamordowa\u0107 no\u017cami. Nast\u0119pnie weszli do sypialni rodzic\u00f3w, gdzie zad\u017agali i zastrzelili Ehuda i Ruth Fogel. Terrory\u015bci opu\u015bcili dom. Ale us\u0142yszeli p\u0142acz dziecka, wi\u0119c wr\u00f3cili. Znale\u017ali trzymiesi\u0119czn\u0105 Hadas w jej \u0142\u00f3\u017ceczku, poder\u017cn\u0119li niemowl\u0119ciu gard\u0142o, praktycznie odcinaj\u0105c mu g\u0142\u00f3wk\u0119.<\/span><\/p>\n<p style=\"text-align: left;\"><span style=\"color: #000080;\">To by\u0142 typowy palesty\u0144ski\u00a0 mord, jaki Monika Bo, wolontariuszka sprawy palesty\u0144skiej, chcia\u0142aby zarzuci\u0107 \u017bydom. Nie mo\u017cemy jej zapyta\u0107, czy zna histori\u0119 palesty\u0144skich dzieciob\u00f3jstw, \u015bwiadomego, sadystycznego mordowania dzieci.<\/span><\/p>\n<p style=\"text-align: left;\"><span style=\"color: #000080;\">Czy ta wolontariuszka (pokazuj\u0105ca na swoim Facebooku \u201ehumanizm w ruinach\u201d), wie jak w wielu palesty\u0144skich podr\u0119cznikach jest zdj\u0119cie Dalal Mughrabi, morderczyni dzieci, prezentowanej jako wz\u00f3r osobowy ma\u0142ym Palesty\u0144czykom? W 1978 toku Mughrabi kierowa\u0142a napadem na autobus, w wyniku kt\u00f3rego zgin\u0119\u0142o 38 Izraelczyk\u00f3w, w tym trzyna\u015bcioro dzieci. W rok p\u00f3\u017aniej Samir Kuntar, cz\u0142onek Fatahu, chcia\u0142 porwa\u0107 ojca i jego czteroletni\u0105 c\u00f3rk\u0119 Einat. Poniewa\u017c okaza\u0142o si\u0119, \u017ce ponton porywaczy jest podziurawiony kulami, Kuntar zastrzeli\u0142 ojca i rozbi\u0142 dziecku czaszk\u0119 kolb\u0105 swojego karabinu. (Zwolniony z izraelskiego wi\u0119zienia w ramach \u201ewymiany\u201d, kontynuowa\u0142 terroryzm w szeregach Hezbollahu, gdzie przybra\u0142 pseudonim \u201eHitler\u201d.)<\/span><\/p>\n<p style=\"text-align: left;\"><span style=\"color: #000080;\">27 lipca 1980 roku OWP zaatakowa\u0142a w Antwerpii w Belgii grup\u0119 40 \u017cydowskich uczni\u00f3w podczas niedzielnej wycieczki, morduj\u0105c jedno z nich i rani\u0105c 17 dzieci i doros\u0142ych.<\/span><\/p>\n<p style=\"text-align: left;\"><span style=\"color: #000080;\">28 listopada 1980 r. atak na autobus szkolny pe\u0142en dzieci wracaj\u0105cych z przyj\u0119cia urodzinowego.<\/span><\/p>\n<p style=\"text-align: left;\"><span style=\"color: #000080;\">W ubieg\u0142ym tygodniu w ramach \u201ewymiany\u201d uwolniony zosta\u0142 Muhammad Naifeh, skazany za udzia\u0142 w zamordowaniu 13 Izraelczyk\u00f3w, w tym Revital i jej syn\u00f3w, w ich kibucu w 2002 roku. Podobnie jak na zdj\u0119ciach Sziri Bibas, matka pr\u00f3bowa\u0142a chroni\u0107 a swoje dzieci. Revital zosta\u0142a zamordowana, gdy pr\u00f3bowa\u0142a ucieka\u0107 ze swoimi synami Matanem i Noamem.<\/span><\/p>\n<\/div>\n<div class=\"webnewsArticleImageContainer \">\n<div>\n<div class=\"webnewsArticleImage\"><img decoding=\"async\" loading=\"lazy\" class=\"aligncenter\" src=\"https:\/\/www.listyznaszegosadu.pl\/upload\/article\/bild\/67\/1079533\/b1_s.png\" alt=\"\" width=\"300\" height=\"109\" border=\"0\" \/><\/div>\n<\/div>\n<\/div>\n<div class=\"templateArticleBrodtext\">\n<p style=\"text-align: left;\"><span style=\"color: #000080;\">W zesz\u0142ym tygodniu morderca Revital i jej syn\u00f3w \u2014 dos\u0142ownie w chwil\u0119 po wyj\u015bciu z wi\u0119zienia w zamian za izraelskich zak\u0142adnik\u00f3w i wci\u0105\u017c w autobusie wioz\u0105cym \u00a0terroryst\u00f3w \u2014\u00a0<a style=\"color: #000080;\" href=\"https:\/\/palwatch.org\/page\/36982\">zapowiedzia\u0142<\/a>\u00a0powr\u00f3t do terroru w \u201edumnym partnerstwie\u201d z terrorystami z Hamasu. Gratulowa\u0142 Hamasowi za pomy\u015blne uwolnienie towarzyszy z Fatahu.<\/span><\/p>\n<blockquote>\n<p style=\"text-align: left;\"><strong>\u201eDzi\u0119kujemy za wszystkie te po\u015bwi\u0119cenia&#8230; My, jako cz\u0142onkowie Fatahu, jeste\u015bmy dumni z tego partnerstwa [z Hamasem], kt\u00f3re w nadchodz\u0105cych dniach b\u0119dzie lepsze ni\u017c w przesz\u0142o\u015bci\u201d<\/strong><\/p>\n<\/blockquote>\n<p style=\"text-align: left;\"><span style=\"color: #000080;\">Izraelski dziennikarz\u00a0<a style=\"color: #000080;\" href=\"https:\/\/aish.com\/the-murders-of-ariel-and-kfir-bibas-were-you-paying-attention\/?src=ac\">Nissan Ratzlav-Katz na \u0142amach Aish.com<\/a>\u00a0prezentuje daleko niekompletny zestaw mord\u00f3w \u017cydowskich dzieci przez Palesty\u0144czyk\u00f3w. Te mordy s\u0105 zasadniczo r\u00f3\u017cne od tragicznych \u015bmierci dzieci w wyniku dzia\u0142a\u0144 wojennych.<\/span><\/p>\n<p style=\"text-align: left;\"><span style=\"color: #000080;\">Autor przypomina m. in. zeznania brytyjskiego oficera policji. Podczas serii masakr i atak\u00f3w na \u017byd\u00f3w w ca\u0142ym Izraelu w 1929 r. brytyjski superintendent policji Raymond Cafferata doni\u00f3s\u0142:<\/span><\/p>\n<blockquote>\n<p style=\"text-align: left;\"><strong>\u201eS\u0142ysz\u0105c krzyki w pokoju, wszed\u0142em do pewnego rodzaju tunelu i zobaczy\u0142em Araba odcinaj\u0105cego mieczem g\u0142ow\u0119 dziecka. \u2026 Za nim le\u017ca\u0142a \u017byd\u00f3wka we krwi, nad ni\u0105 sta\u0142 m\u0119\u017cczyzna, kt\u00f3rego rozpozna\u0142em jako [arabskiego] policjanta o nazwisku Issa Szeriff z Jaffy. Sta\u0142 nad kobiet\u0105 ze sztyletem w r\u0119ku\u201d.<\/strong><\/p>\n<\/blockquote>\n<p style=\"text-align: left;\"><span style=\"color: #000080;\">Mordowanie ma\u0142ych \u017cydowskich dzieci przez Palesty\u0144czyk\u00f3w jest raczej starym obyczajem ni\u017c czym\u015b nadzwyczajnym. Zarzucanie pope\u0142nianych przez nich zbrodni \u017bydom, te\u017c nie jest niczym nowym. Ciekawe, \u017ce ten zapa\u0142 oskar\u017cania \u017byd\u00f3w o takie zbrodnie, jakie Palesty\u0144czycy rutynowo pope\u0142niaj\u0105, wymaga nieustannego niedoboru stosownych materia\u0142\u00f3w zdj\u0119ciowych. W Internecie znajdujemy zalew zdj\u0119\u0107 dzieci rannych lub zabitych w Syrii i w innych miejscach z fa\u0142szywymi podpisami, \u017ce to zdj\u0119cia palesty\u0144skich dzieci zabitych przez IDF. Takie zdj\u0119cia s\u0105 przekazywane dalej przez pracownik\u00f3w ONZ, przez gwiazdy polityki takie jak Rashida Tlaib, przez dziennikarzy renomowanych medi\u00f3w.<\/span><\/p>\n<\/div>\n<div class=\"webnewsArticleImageContainer \">\n<div>\n<div class=\"webnewsArticleImage\"><img decoding=\"async\" loading=\"lazy\" class=\"aligncenter\" src=\"https:\/\/www.listyznaszegosadu.pl\/upload\/article\/bild\/6101\/1079535\/b2_s.png\" alt=\"\" width=\"300\" height=\"239\" border=\"0\" \/><\/div>\n<\/div>\n<\/div>\n<div class=\"templateArticleBrodtext\">\n<p style=\"text-align: left;\"><span style=\"color: #000080;\">Znany dziennikarz BBC, Jon Donnison, przy\u0142apany na takim przekazywaniu zdj\u0119cia syryjskiego dziecka jako ofiary izraelskiej, przeprosi\u0142, udaj\u0105c niewini\u0105tko. Kiedy jednak takie przypadki zdarzaj\u0105 si\u0119 raz za razem, taka pomy\u0142ka przestaje by\u0107 przypadkowym b\u0142\u0119dem. (Teraz dochodz\u0105 do tego fa\u0142szywe\u00a0 zdj\u0119cia masowo produkowane przez sztuczn\u0105 inteligencj\u0119.)<\/span><\/p>\n<p style=\"text-align: left;\"><span style=\"color: #000080;\">Nie, Izraelczycy nie strzelaj\u0105 pociskami przeciwczo\u0142gowymi do autobus\u00f3w szkolnych, robi\u0105 to Palesty\u0144czycy; nie, Izraelczycy nie obcinaj\u0105 g\u0142\u00f3w ma\u0142ym dzieciom, robi\u0105 to Palesty\u0144czycy; nie, Izraelczycy nie bior\u0105 ma\u0142ych dzieci do niewoli, robi\u0105 to Palesty\u0144czycy.<\/span><\/p>\n<p style=\"text-align: left;\"><span style=\"color: #000080;\">S\u0142owo mord ma bardzo konkretne znaczenie, podobnie jak s\u0142owo \u201eludob\u00f3jstwo\u201d, kt\u00f3rego definicj\u0119 uku\u0142 polski prawnik \u017cydowskiego pochodzenia Rafa\u0142 Lemkin, podobnie jak s\u0142owo apartheid, dok\u0142adnie zdefiniowane, w oparciu o system prawny RPA.<\/span><\/p>\n<p style=\"text-align: left;\"><span style=\"color: #000080;\">Internetowi wolontariusze propalesty\u0144skiego \u201ehumanizmu\u201d musz\u0105 zmienia\u0107 znaczenie wszystkich s\u0142\u00f3w, \u017ceby m\u00f3c \u017byd\u00f3w oskar\u017cy\u0107 o te zbrodnie, kt\u00f3re s\u0105 pope\u0142niane przez Palesty\u0144czyk\u00f3w. Monika Bo p\u0142awi si\u0119 w sadystycznej szlachetno\u015bci i wyra\u017ca swoje szlachetne oburzenie na kr\u00f3tk\u0105 i rzeczow\u0105 informacj\u0119 o palesty\u0144skim dzieciob\u00f3jstwie.<\/span><\/p>\n<p style=\"text-align: left;\"><span style=\"color: #000080;\">Zatrzyma\u0142em si\u0119 przy jednym komentarzu jednej wolontariuszki palesty\u0144skiej sprawy. Przegl\u0105daj\u0105c dziesi\u0105tki innych g\u0142os\u00f3w oburzonych faktem, \u017ce znana aktorka publikuje informacj\u0119, kt\u00f3ra niepokoi ich antysemick\u0105 szlachetno\u015b\u0107, pr\u00f3bowa\u0142em odgadn\u0105\u0107, kt\u00f3re z tych komentarzy to produkcja trolli \u015bwiadomie przekazuj\u0105cych hamasowsk\u0105 propagand\u0119, a kt\u00f3re s\u0105 dzie\u0142em ludzi wprowadzonych w b\u0142\u0105d i serwuj\u0105cych emocjonalne opinie, poniewa\u017c nie nauczono ich stawiania pyta\u0144, a swoj\u0105 \u201ewiedz\u0119\u201d pobrali z zaufanych medi\u00f3w i od os\u00f3b, kt\u00f3re darz\u0105 zaufaniem? Czasem trudno to rozstrzygn\u0105\u0107. Szko\u0142a nie uczy zadawania pyta\u0144, te stanowcze opinie oparte s\u0105 na silnych autorytetach. Je\u015bli zarzut ludob\u00f3jstwa pada ze strony ONZ, je\u015bli jest potwierdzony przez dwa trybuna\u0142y, przez wielkie organizacje praw cz\u0142owieka i powielany przez najbardziej renomowane \u015bwiatowe media, szary cz\u0142owiek mo\u017ce s\u0105dzi\u0107, \u017ce ma dobre podstawy do mocnych opinii. Kiedy uczony badacz Zag\u0142ady podpisuje si\u0119 pod petycj\u0105 o pilne aresztowanie izraelskiego premiera pod zarzutem ludob\u00f3jstwa, chcia\u0142bym mu zada\u0107 kilka pyta\u0144. Czy zna dok\u0142adnie brzmienie orzeczenia Mi\u0119dzynarodowego Trybuna\u0142u Sprawiedliwo\u015bci? Czy zna g\u0142os odr\u0119bny s\u0119dzi Julii Sebutinde, czy zna powi\u0105zania wysuwaj\u0105cego zarzut ludob\u00f3jstwa rz\u0105du RPA z Hamasem, czy zna histori\u0119 antyizraelskich wyst\u0105pie\u0144 \u00f3wczesnego prezesa tego trybuna\u0142u (a obecnie premiera Libanu), czy zna \u017cyciorys prokuratora Mi\u0119dzynarodowego Trybuna\u0142u Karnego? Uczony badacz Zag\u0142ady odpowiedzia\u0142, \u017ce nie zajmuje si\u0119 takimi dyskusjami. Nie mog\u0142em mu zatem powiedzie\u0107, \u017ce orzeczenie Trybuna\u0142u stanowi, \u017ce oskar\u017cenia wysuni\u0119te przez RPA by\u0107 mo\u017ce maj\u0105 jak\u0105\u015b podstaw\u0119, ale (w momencie wydawania orzeczenia), trybuna\u0142 wyra\u017ca\u0142 obawy, \u017ce\u00a0 podczas zbli\u017caj\u0105cego si\u0119 ataku na Rafah \u201emo\u017ce doj\u015b\u0107 do ludob\u00f3jstwa\u201d. Prokurator MTK, uzna\u0142 to za podstaw\u0119 do \u017c\u0105dania aresztowania izraelskiego premiera, media uzna\u0142y to za dow\u00f3d, \u017ce ludob\u00f3jstwo mia\u0142o miejsce.<\/span><\/p>\n<p style=\"text-align: left;\"><span style=\"color: #000080;\">Oburzeni internauci, kt\u00f3rzy nie s\u0105 zwyk\u0142ymi trollami, s\u0105 przekonani przez opiniotw\u00f3rc\u00f3w odmawiaj\u0105cych odpowiedzi na pytania. To nie oni zmieniaj\u0105 znaczenia s\u0142\u00f3w, robi\u0105 to za nich ludzie utrzymuj\u0105cy si\u0119 z przekazywania informacji, kt\u00f3rzy odmawiaj\u0105c rzetelno\u015bci zmieniaj\u0105 si\u0119 w niemoralne autorytety moralne.<\/span><\/p>\n<p style=\"text-align: left;\"><span style=\"color: #000080;\">Nierzadko s\u0105 to raczej z\u0142odzieje autorytetu moralnego winni wrogiego przej\u0119cia takich instytucji jak ONZ, Amnesty International czy Human Rights Watch.<\/span><\/p>\n<p style=\"text-align: left;\"><span style=\"color: #000080;\">Joanna Szczepkowska, kieruj\u0105c si\u0119 zwyk\u0142ym ludzkim odruchem, przekaza\u0142a bardzo skr\u00f3con\u0105 informacj\u0119, kt\u00f3rej jej zdaniem zabrak\u0142o w kompetentnych mediach. Ludzie ufaj\u0105cy w rzetelno\u015b\u0107 \u201ekompetentnych medi\u00f3w\u201d zareagowali oburzeniem wspartym przez wolontariat ludzi \u015bwiadomie i z premedytacj\u0105 opowiadaj\u0105cych si\u0119 po stronie k\u0142amstwa.<\/span><\/p>\n<p style=\"text-align: left;\"><span style=\"color: #800000;\">Kiedy powiedzenie najbardziej oczywistej prawdy wymaga odwagi, musimy powiedzie\u0107: Prosz\u0119 Pa\u0144stwa, powr\u00f3ci\u0142 totalitaryzm. Tym razem przyszed\u0142 z Zachodu, nie potrzebowa\u0142 czo\u0142g\u00f3w, ani si\u0142 bezpiecze\u0144stwa, trafia do serc i umys\u0142\u00f3w bardzo wielu, prawdopodobnie wi\u0119kszo\u015bci. Ta wi\u0119kszo\u015b\u0107 nie musi by\u0107 \u015bwiadoma, \u017ce powiela propagand\u0119 Hamasu, robi to jednak ochoczo, zgodnie z tradycj\u0105 chrze\u015bcija\u0144sk\u0105 i komunistyczn\u0105.<\/span><\/p>\n<\/div>\n<hr style=\"height: 15px; background: #d0e6fa; width: 100%;\" \/>\n<div id=\"content\" class=\"content-alignment\">\n<div id=\"watch-description\" class=\"yt-uix-button-panel\">\n<div id=\"watch-description-text\" style=\"text-align: center;\">\n<p><em>Zawarto\u015b\u0107 publikowanych artyku\u0142\u00f3w i materia\u0142\u00f3w nie reprezentuje pogl\u0105d\u00f3w ani opinii Reunion&#8217;68,<\/em><em><br \/>\nani te\u017c webmastera Blogu Reunion&#8217;68, chyba ze jest to wyra\u017anie zaznaczone.<br \/>\nTwoje uwagi, linki, w\u0142asne artyku\u0142y lub wiadomo\u015bci prze\u015blij na adres:<br \/>\n<\/em><span style=\"color: #000080;\"><strong><em><a style=\"color: #000080;\" href=\"mailto:webmaster@reunion68.com\"><span style=\"text-decoration: underline;\">webmaster@reunion68.com<\/span><\/a><\/em><\/strong><\/span><\/p>\n<\/div>\n<\/div>\n<\/div>\n<hr style=\"width: 100%;\" \/>\n","protected":false},"excerpt":{"rendered":"<p>Palesty\u0144skie dzieci s\u0105 od ko\u0142yski wychowywane do roli m\u0119czennik\u00f3w (sadystycznych morderc\u00f3w). Nie wszyscy palesty\u0144scy rodzice tego chc\u0105, wielu, prawdopodobnie wi\u0119kszo\u015b\u0107, akceptuje i wspomaga ten proces. (Gaza, 8 lutego 2025. Zdj\u0119cie: Abed Rahim Khatib\/Flash90. Przekr\u0119canie s\u0142\u00f3w w \u015bwiadomo\u015bci spo\u0142ecznej Andrzej Koraszewski Widzimy to ka\u017cdego dnia, zauwa\u017camy okazjonalnie. W niewielu zawodach uczy si\u0119 zmienno\u015bci znaczenia s\u0142\u00f3w w [&hellip;]<\/p>\n","protected":false},"author":1,"featured_media":0,"comment_status":"closed","ping_status":"closed","sticky":false,"template":"","format":"standard","meta":[],"categories":[6],"tags":[26,24],"_links":{"self":[{"href":"https:\/\/www.reunion68.se\/index.php?rest_route=\/wp\/v2\/posts\/119476"}],"collection":[{"href":"https:\/\/www.reunion68.se\/index.php?rest_route=\/wp\/v2\/posts"}],"about":[{"href":"https:\/\/www.reunion68.se\/index.php?rest_route=\/wp\/v2\/types\/post"}],"author":[{"embeddable":true,"href":"https:\/\/www.reunion68.se\/index.php?rest_route=\/wp\/v2\/users\/1"}],"replies":[{"embeddable":true,"href":"https:\/\/www.reunion68.se\/index.php?rest_route=%2Fwp%2Fv2%2Fcomments&post=119476"}],"version-history":[{"count":7,"href":"https:\/\/www.reunion68.se\/index.php?rest_route=\/wp\/v2\/posts\/119476\/revisions"}],"predecessor-version":[{"id":119498,"href":"https:\/\/www.reunion68.se\/index.php?rest_route=\/wp\/v2\/posts\/119476\/revisions\/119498"}],"wp:attachment":[{"href":"https:\/\/www.reunion68.se\/index.php?rest_route=%2Fwp%2Fv2%2Fmedia&parent=119476"}],"wp:term":[{"taxonomy":"category","embeddable":true,"href":"https:\/\/www.reunion68.se\/index.php?rest_route=%2Fwp%2Fv2%2Fcategories&post=119476"},{"taxonomy":"post_tag","embeddable":true,"href":"https:\/\/www.reunion68.se\/index.php?rest_route=%2Fwp%2Fv2%2Ftags&post=119476"}],"curies":[{"name":"wp","href":"https:\/\/api.w.org\/{rel}","templated":true}]}}