{"id":119604,"date":"2025-03-04T17:00:32","date_gmt":"2025-03-04T15:00:32","guid":{"rendered":"http:\/\/www.reunion68.se\/?p=119604"},"modified":"2025-03-04T12:44:26","modified_gmt":"2025-03-04T10:44:26","slug":"04-00-98","status":"publish","type":"post","link":"https:\/\/www.reunion68.se\/?p=119604","title":{"rendered":"German Authorities Reopen Probe Into Deadly 1970 Arson Attack on Jewish Elderly Home"},"content":{"rendered":"<h5 style=\"text-align: center;\"><a href=\"https:\/\/www.algemeiner.com\/\" target=\"_blank\" rel=\"noopener noreferrer\"><img decoding=\"async\" class=\"center alignleft\" src=\"http:\/\/www.reunion68.com\/Biuletyn\/img\/algem.png\" alt=\"\" width=\"35%\" \/><\/a><span style=\"text-decoration: underline; color: #000080;\"><span><strong><a style=\"color: #000080; text-decoration: underline;\" href=\"https:\/\/www.algemeiner.com\/2025\/03\/03\/german-authorities-reopen-probe-deadly-1970-arson-attack-jewish-elderly-home\/\" target=\"_blank\" rel=\"noopener noreferrer\">German Authorities Reopen Probe Into Deadly 1970 Arson Attack on Jewish Elderly Home<\/a><\/strong><\/span><\/span><\/h5>\n<p style=\"text-align: center;\"><span style=\"color: #000000;\"><strong>Ailin Vilches Arguello<\/strong><\/span><\/p>\n<hr style=\"height: 15px; background: #d0e6fa; width: 100%;\" \/>\n<p style=\"text-align: center;\"><img decoding=\"async\" class=\"aligncenter\" src=\"https:\/\/www.algemeiner.com\/wp-content\/uploads\/2020\/02\/munichhome.jpg\" width=\"100%\" \/><span style=\"color: #808080;\"><em>An installation in downtown Munich commemorating the Feb. 13, 1970, arson attack on a Jewish community center in which seven elderly people died. Photo: @springermunich\/X<\/em><\/span><\/p>\n<div id=\"post_content\">\n<p style=\"text-align: left;\"><span style=\"color: #000080;\">Law enforcement in Germany has reopened a long-dormant investigation into the 1970\u00a0<a style=\"color: #000080;\" href=\"https:\/\/www.algemeiner.com\/2020\/02\/11\/50-years-after-deadly-arson-attack-on-jewish-elderly-home-in-munich-local-activist-seeks-justice\/\" target=\"_blank\" rel=\"noopener noreferrer\">arson attack on a Jewish community center<\/a>\u00a0in the city of Munich that killed seven elderly residents, according to German media.<\/span><\/p>\n<p style=\"text-align: left;\"><span style=\"color: #000080;\"><span class=\"VIpgJd-yAWNEb-VIpgJd-fmcmS-sn54Q\">\u201cOn Jan. 31, 2025, the\u00a0<\/span><span class=\"VIpgJd-yAWNEb-VIpgJd-fmcmS-sn54Q\">Munich<\/span><span class=\"VIpgJd-yAWNEb-VIpgJd-fmcmS-sn54Q\">\u00a0Public Prosecutor\u2019s Office launched an investigation into the arson attack on the Israelite Religious Community\u2019s nursing home,\u201d senior prosecutor Andreas Franck told the German tabloid newspaper\u00a0<em>Bild<\/em>\u00a0last week.<\/span><\/span><\/p>\n<p style=\"text-align: left;\"><span style=\"color: #000080;\">Franck, who also serves as the antisemitism commissioner of the Bavarian judiciary, will be leading the probe. He was recently contacted by a witness with new and \u201ccredible\u201d information about possible perpetrators,\u00a0<em>Bild<\/em>\u00a0reported.<\/span><\/p>\n<p style=\"text-align: left;\"><span style=\"color: #000080;\">Fifty-five years later, the long-forgotten Feb. 13, 1970, attack, which took place during a wave of terrorism against Israeli and Jewish targets,\u00a0<a style=\"color: #000080;\" href=\"https:\/\/www.algemeiner.com\/2020\/02\/11\/50-years-after-deadly-arson-attack-on-jewish-elderly-home-in-munich-local-activist-seeks-justice\/\" target=\"_blank\" rel=\"noopener noreferrer\">remains unsolved<\/a>.<\/span><\/p>\n<p style=\"text-align: left;\"><span style=\"color: #000080;\">One week before the arson, Palestinian terrorists opened fire on passengers lined up for a flight to Tel Aviv at Munich Airport, killing one person and injuring 23.<\/span><\/p>\n<p style=\"text-align: left;\"><span style=\"color: #000080;\">According to a report from German police at the time, the Palestinian terrorist organization that claimed responsibility for the Munich Airport attack denied any involvement in the fire at the Jewish community center.<\/span><\/p>\n<p style=\"text-align: left;\"><span style=\"color: #000080;\">On the night of the arson attack, unknown individuals set fire to a four-story building that housed a community center, a retirement home, and a synagogue, with 50 people inside, leaving 13 injured. Police later ruled the attack as arson after finding a gasoline can in the stairwell.<\/span><\/p>\n<p style=\"text-align: left;\"><span style=\"color: #000080;\">Five men and two women were killed in the attack: Regina Rivka Becher (59), David Jakubowicz (59), Rosa Drucker (59), Georg Eljakim Pfau (63), Leopold Arie Leib Gimpel (69), Siegfried Offenbacher (71), and Meir Max Blum (71). Among the victims, Jakubowicz and Pfau were survivors of Nazi concentration camps.<\/span><\/p>\n<p style=\"text-align: left;\"><span style=\"color: #000080;\">In 2012, fresh evidence suggested that the attack may have been carried out by an anti-Zionist anarchist group. However, Munich prosecutors later determined that the information was \u201cinaccurate.\u201d<\/span><\/p>\n<p style=\"text-align: left;\"><span style=\"color: #000080;\">In 2013, an anonymous source claimed in an article for the German magazine\u00a0<em>Focus<\/em>\u00a0that a member of the far-left extremist group Tupamaros West-Berlin (TW) was responsible for the attack. The investigation was closed in November 2017.<\/span><\/p>\n<p style=\"text-align: left;\"><span style=\"color: #000080;\">At the time of the arson, the West German government offered a reward of 75,000 marks ($20,500) for information leading to the capture of the arsonists responsible for the atrocity.<\/span><\/p>\n<p style=\"text-align: left;\"><span style=\"color: #000080;\">Then-West German President Gustav Heinemann condemned the attack, saying he was especially outraged because the victims had already endured immense suffering in their lives.<\/span><\/p>\n<\/div>\n<hr style=\"height: 15px; background: #d0e6fa; width: 100%;\" \/>\n<div id=\"content\" class=\"content-alignment\">\n<div id=\"watch-description\" class=\"yt-uix-button-panel\">\n<div id=\"watch-description-text\" style=\"text-align: center;\">\n<p><em>Zawarto\u015b\u0107 publikowanych artyku\u0142\u00f3w i materia\u0142\u00f3w nie reprezentuje pogl\u0105d\u00f3w ani opinii Reunion&#8217;68,<\/em><em><br \/>\nani te\u017c webmastera Blogu Reunion&#8217;68, chyba ze jest to wyra\u017anie zaznaczone.<br \/>\nTwoje uwagi, linki, w\u0142asne artyku\u0142y lub wiadomo\u015bci prze\u015blij na adres:<br \/>\n<\/em><span style=\"color: #000080;\"><strong><em><a style=\"color: #000080;\" href=\"mailto:webmaster@reunion68.com\"><span style=\"text-decoration: underline;\">webmaster@reunion68.com<\/span><\/a><\/em><\/strong><\/span><\/p>\n<\/div>\n<\/div>\n<\/div>\n<hr style=\"width: 100%;\" \/>\n","protected":false},"excerpt":{"rendered":"<p>German Authorities Reopen Probe Into Deadly 1970 Arson Attack on Jewish Elderly Home Ailin Vilches Arguello An installation in downtown Munich commemorating the Feb. 13, 1970, arson attack on a Jewish community center in which seven elderly people died. Photo: @springermunich\/X Law enforcement in Germany has reopened a long-dormant investigation into the 1970\u00a0arson attack on [&hellip;]<\/p>\n","protected":false},"author":1,"featured_media":0,"comment_status":"closed","ping_status":"closed","sticky":false,"template":"","format":"standard","meta":[],"categories":[6],"tags":[26,24],"_links":{"self":[{"href":"https:\/\/www.reunion68.se\/index.php?rest_route=\/wp\/v2\/posts\/119604"}],"collection":[{"href":"https:\/\/www.reunion68.se\/index.php?rest_route=\/wp\/v2\/posts"}],"about":[{"href":"https:\/\/www.reunion68.se\/index.php?rest_route=\/wp\/v2\/types\/post"}],"author":[{"embeddable":true,"href":"https:\/\/www.reunion68.se\/index.php?rest_route=\/wp\/v2\/users\/1"}],"replies":[{"embeddable":true,"href":"https:\/\/www.reunion68.se\/index.php?rest_route=%2Fwp%2Fv2%2Fcomments&post=119604"}],"version-history":[{"count":4,"href":"https:\/\/www.reunion68.se\/index.php?rest_route=\/wp\/v2\/posts\/119604\/revisions"}],"predecessor-version":[{"id":119615,"href":"https:\/\/www.reunion68.se\/index.php?rest_route=\/wp\/v2\/posts\/119604\/revisions\/119615"}],"wp:attachment":[{"href":"https:\/\/www.reunion68.se\/index.php?rest_route=%2Fwp%2Fv2%2Fmedia&parent=119604"}],"wp:term":[{"taxonomy":"category","embeddable":true,"href":"https:\/\/www.reunion68.se\/index.php?rest_route=%2Fwp%2Fv2%2Fcategories&post=119604"},{"taxonomy":"post_tag","embeddable":true,"href":"https:\/\/www.reunion68.se\/index.php?rest_route=%2Fwp%2Fv2%2Ftags&post=119604"}],"curies":[{"name":"wp","href":"https:\/\/api.w.org\/{rel}","templated":true}]}}