{"id":119687,"date":"2025-03-08T17:00:24","date_gmt":"2025-03-08T15:00:24","guid":{"rendered":"http:\/\/www.reunion68.se\/?p=119687"},"modified":"2025-03-08T14:22:27","modified_gmt":"2025-03-08T12:22:27","slug":"08-00-89","status":"publish","type":"post","link":"https:\/\/www.reunion68.se\/?p=119687","title":{"rendered":"Jewish Students Face Increasing Hostility as Antisemitism Surges in France, New Report Finds"},"content":{"rendered":"<h5 style=\"text-align: center;\"><a href=\"https:\/\/www.algemeiner.com\/\" target=\"_blank\" rel=\"noopener noreferrer\"><img decoding=\"async\" class=\"center alignleft\" src=\"http:\/\/www.reunion68.com\/Biuletyn\/img\/algem.png\" alt=\"\" width=\"35%\" \/><\/a><span style=\"text-decoration: underline; color: #000080;\"><strong><a style=\"color: #000080; text-decoration: underline;\" href=\"https:\/\/www.algemeiner.com\/2025\/03\/07\/jewish-students-face-increasing-hostility-antisemitism-surges-france-new-report-finds\/\" target=\"_blank\" rel=\"noopener noreferrer\">Jewish Students Face Increasing Hostility as Antisemitism Surges in France, New Report Finds<\/a><\/strong><\/span><\/h5>\n<p style=\"text-align: center;\"><span style=\"color: #000000;\"><strong>Ailin Vilches Arguello<\/strong><\/span><\/p>\n<hr style=\"height: 15px; background: #d0e6fa; width: 100%;\" \/>\n<p style=\"text-align: center;\"><img decoding=\"async\" class=\"aligncenter\" src=\"https:\/\/www.algemeiner.com\/wp-content\/uploads\/2024\/07\/2024-06-25T184619Z_936949123_MT1HNSLCS000652AAE_RTRMADP_3_HANS-LUCAS1.jpg\" width=\"100%\" \/><span style=\"color: #808080;\"><em>Sign reading \u201c+1000% of Antisemitic Acts: These Are Not Just Numbers\u201d during a march against antisemitism, in Lyon, France, June 25, 2024. Photo: Romain Costaseca \/ Hans Lucas via Reuters Connect<\/em><\/span><\/p>\n<p style=\"text-align: left;\"><span style=\"color: #000080;\">Antisemitism in France has increasingly targeted Jewish students, exposing them to more violent rhetoric and behavior since the outbreak of the Hamas-Israel war in October 2023, according to a new bombshell report.<\/span><\/p>\n<p style=\"text-align: left;\"><span style=\"color: #000080;\">The Representative Council of Jewish Institutions of France (CRIF), the main representative body of French Jews, on Wednesday\u00a0<a style=\"color: #000080;\" href=\"https:\/\/www.crif.org\/fr\/content\/etude-lecole-de-la-republique-a-lepreuve-de-la-montee-de-lantisemitisme\" target=\"_blank\" rel=\"noopener noreferrer\">released a major study<\/a>\u00a0on the scale of hatred and violence specifically targeting Jewish students in the country due to their religion or origin. The report, compiled jointly with the Jean-Jaur\u00e8s Foundation and French media company IFOP, is based on testimonies and interviews with Jewish male and female students educated across the country.<\/span><\/p>\n<p style=\"text-align: left;\"><span style=\"color: #000080;\">The study comes amid a rise in antisemitism in France following Hamas\u2019s massacre across southern Israel on Oct. 7, 2023. According to CRIF, the study\u2019s findings highlight how everyday antisemitism, through its presence in daily language, helps legitimize more violent rhetoric and behavior.<\/span><\/p>\n<p style=\"text-align: left;\"><span style=\"color: #000080;\">During the 2023-2024 school year, the Ministry of National Education recorded 1,670 antisemitic incidents, accounting for nearly half of the total 3,630 racist and antisemitic acts reported.<\/span><\/p>\n<p style=\"text-align: left;\"><span style=\"color: #000080;\">This shows a 300 percent\u00a0<a style=\"color: #000080;\" href=\"https:\/\/www.algemeiner.com\/2024\/08\/12\/antisemitic-incidents-france-have-tripled-since-last-fall-interior-minister-warns\/\" target=\"_blank\" rel=\"noopener noreferrer\">increase in antisemitic incidents<\/a>\u00a0from the 2022-2023 school year, with 400 antisemitic acts out of 1,270 total racist and antisemitic incidents reported. The proportion of antisemitic acts has also grown from less than a third to nearly half of all recorded incidents.<\/span><\/p>\n<hr \/>\n<p><iframe loading=\"lazy\" id=\"twitter-widget-3\" class=\"\" title=\"X Post\" src=\"https:\/\/platform.twitter.com\/embed\/Tweet.html?dnt=false&amp;embedId=twitter-widget-3&amp;features=eyJ0ZndfdGltZWxpbmVfbGlzdCI6eyJidWNrZXQiOltdLCJ2ZXJzaW9uIjpudWxsfSwidGZ3X2ZvbGxvd2VyX2NvdW50X3N1bnNldCI6eyJidWNrZXQiOnRydWUsInZlcnNpb24iOm51bGx9LCJ0ZndfdHdlZXRfZWRpdF9iYWNrZW5kIjp7ImJ1Y2tldCI6Im9uIiwidmVyc2lvbiI6bnVsbH0sInRmd19yZWZzcmNfc2Vzc2lvbiI6eyJidWNrZXQiOiJvbiIsInZlcnNpb24iOm51bGx9LCJ0ZndfZm9zbnJfc29mdF9pbnRlcnZlbnRpb25zX2VuYWJsZWQiOnsiYnVja2V0Ijoib24iLCJ2ZXJzaW9uIjpudWxsfSwidGZ3X21peGVkX21lZGlhXzE1ODk3Ijp7ImJ1Y2tldCI6InRyZWF0bWVudCIsInZlcnNpb24iOm51bGx9LCJ0ZndfZXhwZXJpbWVudHNfY29va2llX2V4cGlyYXRpb24iOnsiYnVja2V0IjoxMjA5NjAwLCJ2ZXJzaW9uIjpudWxsfSwidGZ3X3Nob3dfYmlyZHdhdGNoX3Bpdm90c19lbmFibGVkIjp7ImJ1Y2tldCI6Im9uIiwidmVyc2lvbiI6bnVsbH0sInRmd19kdXBsaWNhdGVfc2NyaWJlc190b19zZXR0aW5ncyI6eyJidWNrZXQiOiJvbiIsInZlcnNpb24iOm51bGx9LCJ0ZndfdXNlX3Byb2ZpbGVfaW1hZ2Vfc2hhcGVfZW5hYmxlZCI6eyJidWNrZXQiOiJvbiIsInZlcnNpb24iOm51bGx9LCJ0ZndfdmlkZW9faGxzX2R5bmFtaWNfbWFuaWZlc3RzXzE1MDgyIjp7ImJ1Y2tldCI6InRydWVfYml0cmF0ZSIsInZlcnNpb24iOm51bGx9LCJ0ZndfbGVnYWN5X3RpbWVsaW5lX3N1bnNldCI6eyJidWNrZXQiOnRydWUsInZlcnNpb24iOm51bGx9LCJ0ZndfdHdlZXRfZWRpdF9mcm9udGVuZCI6eyJidWNrZXQiOiJvbiIsInZlcnNpb24iOm51bGx9fQ%3D%3D&amp;frame=false&amp;hideCard=false&amp;hideThread=false&amp;id=1897343178031948138&amp;lang=en&amp;origin=https%3A%2F%2Fwww.algemeiner.com%2F2025%2F03%2F07%2Fjewish-students-face-increasing-hostility-antisemitism-surges-france-new-report-finds%2F&amp;sessionId=c52794811440b0107ae32be950d214088cb4bf98&amp;siteScreenName=Algemeiner&amp;theme=light&amp;widgetsVersion=2615f7e52b7e0%3A1702314776716&amp;width=680px\" width=\"680\" height=\"550\" frameborder=\"0\" scrolling=\"yes\" allowfullscreen=\"allowfullscreen\" data-tweet-id=\"1897343178031948138\"><\/iframe><\/p>\n<hr \/>\n<p style=\"text-align: left;\"><span style=\"color: #000080;\">The study explains that the antisemitism emerging in schools stigmatizes and isolates students, particularly due to the Israeli-Palestinian conflict, making it difficult for them to \u201creport on the hostility they experience.\u201d<\/span><\/p>\n<p style=\"text-align: left;\"><span style=\"color: #000080;\">Based on the testimonies and interviews conducted, researchers found that the school experience of Jewish students is predominantly similar, chiefly marked by an \u201cinvasive anti-Jewish hostility.\u201d<\/span><\/p>\n<p style=\"text-align: left;\"><span style=\"color: #000080;\">\u201cFaced with this hostility and in order to protect themselves, students try to remain in the background: hiding their Jewish identity or their connection to Israel, and being careful not to respond to the challenges and accusations from their peers, which are often directed at them through the figure of Israel,\u201d the report says.<\/span><\/p>\n<p style=\"text-align: left;\"><span style=\"color: #000080;\">In the testimonies of Jewish students, it\u2019s not only the Gaza war that dominates everyday conversations but also a particular anti-Israel perspective. The study found that a \u201cdemonized image of Israel\u201d is brought into schools, and \u201cthis image is expressed through a division between two sides, one of good and one of evil.\u201d<\/span><\/p>\n<p style=\"text-align: left;\"><span style=\"color: #000080;\">In response, the interviewed students said they developed a sense of distrust and feel the need to conceal their Jewish identity to avoid the antisemitic hostility they believe is directed at them.<\/span><\/p>\n<p style=\"text-align: left;\"><span style=\"color: #000080;\">According to a CRIF report from January,\u00a0<a style=\"color: #000080;\" href=\"https:\/\/www.algemeiner.com\/2025\/01\/22\/antisemitism-continues-skyrocket-france-over-1500-incidents-recorded-2024-new-report-finds\/\" target=\"_blank\" rel=\"noopener noreferrer\">antisemitism in France continued to surge to alarming levels<\/a>\u00a0across the country last year, with 1,570 incidents recorded.<\/span><\/p>\n<p style=\"text-align: left;\"><span style=\"color: #000080;\">The total\u00a0<a style=\"color: #000080;\" href=\"https:\/\/www.algemeiner.com\/2024\/08\/26\/antisemitic-incidents-france-up-200-this-year-interior-minister-warns-attempted-synagogue-arson\/\" target=\"_blank\" rel=\"noopener noreferrer\">number of antisemitic outrages<\/a>\u00a0last year was a slight dip from 2023\u2019s record total of 1,676, but it marked a striking increase from the 436 antisemitic acts recorded in 2022.<\/span><\/p>\n<p style=\"text-align: left;\"><span style=\"color: #000080;\"><a style=\"color: #000080;\" href=\"https:\/\/www.algemeiner.com\/2024\/11\/22\/half-french-people-adhere-over-6-antisemitic-prejudices-12-happy-see-jews-leave-country-survey\/\" target=\"_blank\" rel=\"noopener noreferrer\">Antisemitism skyrocketed in France<\/a>\u00a0following the Palestinian terrorist group Hamas\u2019s invasion of and massacre across southern Israel on Oct. 7, 2023, amid the ensuing war in Gaza. In late May and early June, antisemitic acts rose by more than 140 percent, far surpassing the weekly average of slightly more than 30 incidents.<\/span><\/p>\n<p style=\"text-align: left;\"><span style=\"color: #000080;\">The report also found that 65.2 percent of antisemitic acts last year targeted individuals, with more than 10 percent of these offenses\u00a0<a style=\"color: #000080;\" href=\"https:\/\/www.algemeiner.com\/2024\/06\/19\/french-president-denounces-scourge-antisemitism-after-12-year-old-jewish-girl-raped\/\" target=\"_blank\" rel=\"noopener noreferrer\">involving physical violence<\/a>.<\/span><\/p>\n<p style=\"text-align: left;\"><span style=\"color: #000080;\">One such incident occurred in late June, when an\u00a0<a style=\"color: #000080;\" href=\"https:\/\/www.algemeiner.com\/2024\/07\/04\/dirty-jew-this-is-what-you-deserve-elderly-french-jewish-woman-assaulted-paris-suburb\/\" target=\"_blank\" rel=\"noopener noreferrer\">elderly Jewish woman was attacked<\/a>\u00a0in a Paris suburb by two assailants who punched her in the face, pushed her to the ground, and kicked her while hurling antisemitic slurs, including \u201cdirty Jew, this is what you deserve.\u201d<\/span><\/p>\n<p style=\"text-align: left;\"><span style=\"color: #000080;\">CRIF\u2019s data also showed that 192 antisemitic acts were committed in schools, which accounted for 12.2 percent of all such incidents recorded last year.<\/span><\/p>\n<hr style=\"height: 15px; background: #d0e6fa; width: 100%;\" \/>\n<div id=\"content\" class=\"content-alignment\">\n<div id=\"watch-description\" class=\"yt-uix-button-panel\">\n<div id=\"watch-description-text\" style=\"text-align: center;\">\n<p><em>Zawarto\u015b\u0107 publikowanych artyku\u0142\u00f3w i materia\u0142\u00f3w nie reprezentuje pogl\u0105d\u00f3w ani opinii Reunion&#8217;68,<\/em><em><br \/>\nani te\u017c webmastera Blogu Reunion&#8217;68, chyba ze jest to wyra\u017anie zaznaczone.<br \/>\nTwoje uwagi, linki, w\u0142asne artyku\u0142y lub wiadomo\u015bci prze\u015blij na adres:<br \/>\n<\/em><span style=\"color: #000080;\"><strong><em><a style=\"color: #000080;\" href=\"mailto:webmaster@reunion68.com\"><span style=\"text-decoration: underline;\">webmaster@reunion68.com<\/span><\/a><\/em><\/strong><\/span><\/p>\n<\/div>\n<\/div>\n<\/div>\n<hr style=\"width: 100%;\" \/>\n","protected":false},"excerpt":{"rendered":"<p>Jewish Students Face Increasing Hostility as Antisemitism Surges in France, New Report Finds Ailin Vilches Arguello Sign reading \u201c+1000% of Antisemitic Acts: These Are Not Just Numbers\u201d during a march against antisemitism, in Lyon, France, June 25, 2024. Photo: Romain Costaseca \/ Hans Lucas via Reuters Connect Antisemitism in France has increasingly targeted Jewish students, [&hellip;]<\/p>\n","protected":false},"author":1,"featured_media":0,"comment_status":"closed","ping_status":"closed","sticky":false,"template":"","format":"standard","meta":[],"categories":[6],"tags":[26,24],"_links":{"self":[{"href":"https:\/\/www.reunion68.se\/index.php?rest_route=\/wp\/v2\/posts\/119687"}],"collection":[{"href":"https:\/\/www.reunion68.se\/index.php?rest_route=\/wp\/v2\/posts"}],"about":[{"href":"https:\/\/www.reunion68.se\/index.php?rest_route=\/wp\/v2\/types\/post"}],"author":[{"embeddable":true,"href":"https:\/\/www.reunion68.se\/index.php?rest_route=\/wp\/v2\/users\/1"}],"replies":[{"embeddable":true,"href":"https:\/\/www.reunion68.se\/index.php?rest_route=%2Fwp%2Fv2%2Fcomments&post=119687"}],"version-history":[{"count":8,"href":"https:\/\/www.reunion68.se\/index.php?rest_route=\/wp\/v2\/posts\/119687\/revisions"}],"predecessor-version":[{"id":119708,"href":"https:\/\/www.reunion68.se\/index.php?rest_route=\/wp\/v2\/posts\/119687\/revisions\/119708"}],"wp:attachment":[{"href":"https:\/\/www.reunion68.se\/index.php?rest_route=%2Fwp%2Fv2%2Fmedia&parent=119687"}],"wp:term":[{"taxonomy":"category","embeddable":true,"href":"https:\/\/www.reunion68.se\/index.php?rest_route=%2Fwp%2Fv2%2Fcategories&post=119687"},{"taxonomy":"post_tag","embeddable":true,"href":"https:\/\/www.reunion68.se\/index.php?rest_route=%2Fwp%2Fv2%2Ftags&post=119687"}],"curies":[{"name":"wp","href":"https:\/\/api.w.org\/{rel}","templated":true}]}}