{"id":119731,"date":"2025-03-10T17:05:30","date_gmt":"2025-03-10T15:05:30","guid":{"rendered":"http:\/\/www.reunion68.se\/?p=119731"},"modified":"2025-03-10T14:50:18","modified_gmt":"2025-03-10T12:50:18","slug":"10-05-107","status":"publish","type":"post","link":"https:\/\/www.reunion68.se\/?p=119731","title":{"rendered":"Federal agents arrest former Columbia student, who led protests"},"content":{"rendered":"<h5 style=\"text-align: center;\"><a href=\"\/\/www.jns.org\/\" target=\"_blank\" rel=\"noopener noreferrer\"><img decoding=\"async\" class=\"center alignleft\" src=\"http:\/\/www.reunion68.com\/Biuletyn\/img\/jns-1.png\" alt=\"\" width=\"35%\" \/><\/a><span style=\"text-decoration: underline; color: #000080;\"><strong><a style=\"color: #000080; text-decoration: underline;\" href=\"https:\/\/www.jns.org\/federal-agents-arrest-revoke-visa-of-former-columbia-student-who-led-protests\/\" target=\"_blank\" rel=\"noopener noreferrer\">Federal agents arrest former Columbia student, who led protests<\/a><\/strong><\/span><\/h5>\n<p style=\"text-align: center;\"><span style=\"color: #000000;\"><strong>JNS Staff<\/strong><\/span><\/p>\n<hr style=\"height: 15px; background: #d0e6fa; width: 100%;\" \/>\n<div>\n<h4 style=\"text-align: center;\"><strong>&#8220;We will be revoking the visas and\/or green cards of Hamas supporters in America so they can be deported,&#8221; U.S. Secretary of State Marco Rubio stated.<\/strong><\/h4>\n<\/div>\n<p style=\"text-align: center;\"><img decoding=\"async\" class=\"aligncenter\" src=\"https:\/\/cdn-jns.org\/uploads\/2025\/01\/53168840989_299cba4072_o-1320x880.jpg\" width=\"100%\" \/><span style=\"color: #808080;\"><em>Credit: ICE\/U.S. Department of Homeland Security.<\/em><\/span><\/p>\n<p class=\"wp-block-paragraph\" style=\"text-align: left;\"><span style=\"color: #000080;\">U.S. Immigration and Customs Enforcement officers, coordinating with the U.S. State Department, arrested Mahmoud Khalil, who completed his graduate studies at Columbia University in December, \u201cin support of President Trump\u2019s executive orders prohibiting antisemitism,\u201d the U.S. Department of Homeland Security\u00a0<a style=\"color: #000080;\" href=\"https:\/\/x.com\/DHSgov\/status\/1898908955675357314\">stated<\/a>\u00a0on Sunday.<\/span><\/p>\n<p class=\"wp-block-paragraph\" style=\"text-align: left;\"><span style=\"color: #000080;\">\u201cKhalil led activities aligned to Hamas, a designated terrorist organization,\u201d the department added. \u201cICE and the Department of State are committed to enforcing President Trump\u2019s executive orders and to protecting U.S. national security.\u201d<\/span><\/p>\n<p class=\"wp-block-paragraph\" style=\"text-align: left;\"><span style=\"color: #000080;\">\u201cWe will be revoking the visas and\/or green cards of Hamas supporters in America so they can be deported,\u201d\u00a0<a style=\"color: #000080;\" href=\"https:\/\/x.com\/marcorubio\/status\/1898858967532441945\">wrote<\/a>\u00a0Marco Rubio, the U.S. secretary of state, in response to an\u00a0<em>Associated Press<\/em>\u00a0story about the arrest.<\/span><\/p>\n<p style=\"text-align: left;\">\n<p class=\"wp-block-paragraph\" style=\"text-align: left;\"><span style=\"color: #000080;\">According to the ICE website, a Mahmoud Khalil, who is from Syria, is in the custody at Elizabeth Contract Detention Facility in New Jersey.<\/span><\/p>\n<p class=\"wp-block-paragraph\" style=\"text-align: left;\"><span style=\"color: #000080;\">Several senators supported Rubio\u2019s statement.<\/span><\/p>\n<p class=\"wp-block-paragraph\" style=\"text-align: left;\"><span style=\"color: #000080;\">\u201cTerrorist sympathizers have no place in our country,\u201d\u00a0<a style=\"color: #000080;\" href=\"https:\/\/x.com\/SenRickScott\/status\/1898868353827000473\">stated<\/a>\u00a0Sen. Rick Scott (R-Fla.).<\/span><\/p>\n<p class=\"wp-block-paragraph\" style=\"text-align: left;\"><span style=\"color: #000080;\">\u201cWho else is glad this pro-Hamas agent of antisemitism has been detained?\u201d\u00a0<a style=\"color: #000080;\" href=\"https:\/\/x.com\/BasedMikeLee\/status\/1898869353778753631\">wrote<\/a>\u00a0Sen. Mike Lee (R-Utah). \u201cSo many people want to immigrate to America,\u201d he\u00a0<a style=\"color: #000080;\" href=\"https:\/\/x.com\/BasedMikeLee\/status\/1898860409815465984\">added<\/a>. \u201cWe don\u2019t need those who support genocidal war criminals.\u201d<\/span><\/p>\n<p class=\"wp-block-paragraph\" style=\"text-align: left;\"><span style=\"color: #000080;\">\u201cPresident Donald Trump and Secretary of State Marco Rubio are sending a clear message to terrorist sympathizers,\u201d\u00a0<a style=\"color: #000080;\" href=\"https:\/\/x.com\/votetimscott\/status\/1898873838626029947\">wrote<\/a>\u00a0Sen. Tim Scott (R-S.C.). \u201cI\u2019ve been calling for this in the Senate, and I\u2019m thankful we have leadership in this new administration that is standing up for what is right.\u201d<\/span><\/p>\n<p class=\"wp-block-paragraph\" style=\"text-align: left;\"><span style=\"color: #000080;\">\u201cObtaining a U.S. visa is a privilege, not a right,\u201d\u00a0<a style=\"color: #000080;\" href=\"https:\/\/x.com\/SenMullin\/status\/1898861722963730476\">stated<\/a>\u00a0Sen. Markwayne Mullin (R-Okla.). \u201cFriends of Hamas\u2014don\u2019t let the door hit you on the way out.\u201d<\/span><\/p>\n<p class=\"wp-block-paragraph\" style=\"text-align: left;\"><span style=\"color: #000080;\">Khalil\u2019s lawyer said that he was arrested in Columbia housing at about 8:30 p.m. on Saturday night, the\u00a0<em>Columbia Spectator<\/em>, a student paper,\u00a0<a style=\"color: #000080;\" href=\"https:\/\/www.columbiaspectator.com\/news\/2025\/03\/09\/palestinian-activist-mahmoud-khalil-sipa-24-detained-by-immigration-and-customs-enforcement-lawyer-says\/\">reported<\/a>. \u201cThe agents said they were detaining him because the State Department had revoked his student visa, but Khalil is a green card holder and a lawful permanent resident,\u201d his lawyer told the\u00a0<em>Spectator<\/em>.<\/span><\/p>\n<p class=\"wp-block-paragraph\" style=\"text-align: left;\"><span style=\"color: #000080;\">Columbia stated on Sunday that \u201cthere have been reports of ICE around campus.\u201d<\/span><\/p>\n<p style=\"text-align: center;\"><img decoding=\"async\" class=\"aligncenter\" src=\"https:\/\/cdn-jns.org\/uploads\/2024\/05\/UN815432_010976_.jpg\" width=\"100%\" \/><span style=\"color: #808080;\"><em>A view of protesters demonstrating outside the campus of Columbia University in New York City on April 25, 2024. Credit: Evan Schneider\/U.N. Photo.<\/em><\/span><\/p>\n<p class=\"wp-block-paragraph\" style=\"text-align: left;\"><span style=\"color: #000080;\">\u201cColumbia has and will continue to follow the law. Consistent with our longstanding practice and the practice of cities and institutions throughout the country, law enforcement must have a judicial warrant to enter non-public university areas, including university buildings,\u201d the university\u00a0<a style=\"color: #000080;\" href=\"https:\/\/communications.news.columbia.edu\/news\/statement-ice-reports\">stated<\/a>. \u201cColumbia is committed to complying with all legal obligations and supporting our student body and campus community.\u201d<\/span><\/p>\n<p class=\"wp-block-paragraph\" style=\"text-align: left;\"><span style=\"color: #000080;\">The university also released a \u201cfurther\u201d\u00a0<a style=\"color: #000080;\" href=\"https:\/\/communications.news.columbia.edu\/news\/further-statement-ice-reports\">statement<\/a>\u00a0on Sunday, in which it stated that \u201cthere have been reports of ICE in the streets around campus. Columbia has and will continue to follow the law. We want to again communicate to our campus community that we have a\u00a0protocol\u00a0in place, which includes\u00a0phone numbers to call in case you are approached on or off campus.\u201d<\/span><\/p>\n<p class=\"wp-block-paragraph\" style=\"text-align: left;\"><span style=\"color: #000080;\">\u201cConsistent with this protocol, and consistent with our longstanding practice and the practice of cities and institutions throughout the country, law enforcement must have a judicial warrant to enter non-public university areas, including residential university buildings,\u201d it stated.<\/span><\/p>\n<p class=\"wp-block-paragraph\" style=\"text-align: left;\"><span style=\"color: #000080;\">\u201cColumbia is committed to complying with all legal obligations and supporting our student body and campus community,\u201d it added. \u201cWe are also committed to the legal rights of our students and urge all members of the community to be respectful of those rights.\u201d<\/span><\/p>\n<p class=\"wp-block-paragraph\" style=\"text-align: left;\"><span style=\"color: #000080;\">Khalil\u2019s lawyer\u00a0<a style=\"color: #000080;\" href=\"https:\/\/apnews.com\/article\/columbia-university-mahmoud-khalil-ice-15014bcbb921f21a9f704d5acdcae7a8\">told<\/a>\u00a0the\u00a0<em>Associated Press<\/em>\u00a0that ICE agents also sought to arrest Khalil\u2019s wife, \u201can American citizen who is eight months pregnant,\u201d per the news wire.<\/span><\/p>\n<p class=\"wp-block-paragraph\" style=\"text-align: left;\"><span style=\"color: #000080;\">\u201cThe Trump admin is going after students, who have used their First Amendment, constitutional rights. This is unacceptable,\u201d\u00a0<a style=\"color: #000080;\" href=\"https:\/\/x.com\/RepJayapal\/status\/1898894410152100185\">wrote<\/a>\u00a0Rep. Pramila Jayapal (D-Wash.), who has a long history of criticizing Israel. \u201cDeporting legal residents solely for expressing their political opinions is a violation of free speech rights. Who\u2019s next? Citizens?\u201d<\/span><\/p>\n<p class=\"wp-block-paragraph\" style=\"text-align: left;\"><span style=\"color: #000080;\">\u201cFinally! An anti-Jewish activist Mahmoud Khalil, who led the pro-Hamas mobs at both Columbia University and Barnard College, has been arrested by ICE agents at his campus apartment,\u201d\u00a0<a style=\"color: #000080;\" href=\"https:\/\/x.com\/GoldsteinBrooke\/status\/1898822687742390587\">wrote<\/a>\u00a0Brooke Goldstein, executive director of the Lawfare Project.<\/span><\/p>\n<p class=\"wp-block-paragraph\" style=\"text-align: left;\"><span style=\"color: #000080;\">\u201cKhalil faces having his visa revoked and his green card canceled following President Trump\u2019s long overdue crackdown on unrest at colleges,\u201d Goldstein wrote. \u201cGodspeed. Good riddance.\u201d<\/span><\/p>\n<hr style=\"height: 15px; background: #d0e6fa; width: 100%;\" \/>\n<div id=\"content\" class=\"content-alignment\">\n<div id=\"watch-description\" class=\"yt-uix-button-panel\">\n<div id=\"watch-description-text\" style=\"text-align: center;\">\n<p><em>Zawarto\u015b\u0107 publikowanych artyku\u0142\u00f3w i materia\u0142\u00f3w nie reprezentuje pogl\u0105d\u00f3w ani opinii Reunion&#8217;68,<\/em><em><br \/>\nani te\u017c webmastera Blogu Reunion&#8217;68, chyba ze jest to wyra\u017anie zaznaczone.<br \/>\nTwoje uwagi, linki, w\u0142asne artyku\u0142y lub wiadomo\u015bci prze\u015blij na adres:<br \/>\n<\/em><span style=\"color: #000080;\"><strong><em><a style=\"color: #000080;\" href=\"mailto:webmaster@reunion68.com\"><span style=\"text-decoration: underline;\">webmaster@reunion68.com<\/span><\/a><\/em><\/strong><\/span><\/p>\n<\/div>\n<\/div>\n<\/div>\n<hr style=\"width: 100%;\" \/>\n","protected":false},"excerpt":{"rendered":"<p>Federal agents arrest former Columbia student, who led protests JNS Staff &#8220;We will be revoking the visas and\/or green cards of Hamas supporters in America so they can be deported,&#8221; U.S. Secretary of State Marco Rubio stated. Credit: ICE\/U.S. Department of Homeland Security. U.S. Immigration and Customs Enforcement officers, coordinating with the U.S. State Department, [&hellip;]<\/p>\n","protected":false},"author":1,"featured_media":0,"comment_status":"closed","ping_status":"closed","sticky":false,"template":"","format":"standard","meta":[],"categories":[6],"tags":[26,24],"_links":{"self":[{"href":"https:\/\/www.reunion68.se\/index.php?rest_route=\/wp\/v2\/posts\/119731"}],"collection":[{"href":"https:\/\/www.reunion68.se\/index.php?rest_route=\/wp\/v2\/posts"}],"about":[{"href":"https:\/\/www.reunion68.se\/index.php?rest_route=\/wp\/v2\/types\/post"}],"author":[{"embeddable":true,"href":"https:\/\/www.reunion68.se\/index.php?rest_route=\/wp\/v2\/users\/1"}],"replies":[{"embeddable":true,"href":"https:\/\/www.reunion68.se\/index.php?rest_route=%2Fwp%2Fv2%2Fcomments&post=119731"}],"version-history":[{"count":8,"href":"https:\/\/www.reunion68.se\/index.php?rest_route=\/wp\/v2\/posts\/119731\/revisions"}],"predecessor-version":[{"id":119747,"href":"https:\/\/www.reunion68.se\/index.php?rest_route=\/wp\/v2\/posts\/119731\/revisions\/119747"}],"wp:attachment":[{"href":"https:\/\/www.reunion68.se\/index.php?rest_route=%2Fwp%2Fv2%2Fmedia&parent=119731"}],"wp:term":[{"taxonomy":"category","embeddable":true,"href":"https:\/\/www.reunion68.se\/index.php?rest_route=%2Fwp%2Fv2%2Fcategories&post=119731"},{"taxonomy":"post_tag","embeddable":true,"href":"https:\/\/www.reunion68.se\/index.php?rest_route=%2Fwp%2Fv2%2Ftags&post=119731"}],"curies":[{"name":"wp","href":"https:\/\/api.w.org\/{rel}","templated":true}]}}