{"id":119813,"date":"2025-03-14T17:00:45","date_gmt":"2025-03-14T15:00:45","guid":{"rendered":"http:\/\/www.reunion68.se\/?p=119813"},"modified":"2025-03-14T10:48:33","modified_gmt":"2025-03-14T08:48:33","slug":"14-05-52","status":"publish","type":"post","link":"https:\/\/www.reunion68.se\/?p=119813","title":{"rendered":"Netanyahu compares Purim story to fight against today\u2019s \u2018Persian axis\u2019"},"content":{"rendered":"<h5 style=\"text-align: center;\"><a href=\"https:\/\/www.jns.org\/\" target=\"_blank\" rel=\"noopener noreferrer\"><img decoding=\"async\" class=\"center alignleft\" src=\"http:\/\/www.reunion68.com\/Biuletyn\/img\/jns-1.png\" alt=\"\" width=\"35%\" \/><\/a><span style=\"text-decoration: underline; color: #000080;\"><strong><a style=\"color: #000080; text-decoration: underline;\" href=\"https:\/\/www.jns.org\/netanyahu-compares-purim-story-to-fight-against-todays-persian-axis\/\" target=\"_blank\" rel=\"noopener noreferrer\">Netanyahu compares Purim story to fight against today\u2019s \u2018Persian axis\u2019<\/a><\/strong><\/span><\/h5>\n<p style=\"text-align: center;\"><span style=\"color: #000000;\"><strong>JNS Staff<\/strong><\/span><\/p>\n<hr style=\"height: 15px; background: #d0e6fa; width: 100%;\" \/>\n<div>\n<h4 style=\"text-align: center;\"><strong>&#8220;2,500 years later an enemy of the Jewish people arose in that land. He, too, wants to destroy and annihilate the seed of the Jews from the face of the earth.&#8221;<\/strong><\/h4>\n<\/div>\n<p style=\"text-align: center;\"><img decoding=\"async\" class=\"aligncenter\" src=\"https:\/\/cdn-jns.org\/uploads\/2025\/03\/Netanyahu-1320x880.jpg\" width=\"100%\" \/><span style=\"color: #808080;\"><em>Prime Minister Benjamin Netanyahu at the National Police Academy, Beit Shemesh, March 13, 2025. Credit: Omer Meron, video, Yehezkel Kandil, sound\/GPO.<\/em><\/span><\/p>\n<p class=\"wp-block-paragraph\" style=\"text-align: left;\"><span style=\"color: #000080;\">Israeli Prime Minister Benjamin Netanyahu participated in the traditional reading of the Book of Esther during the holiday of Purim at the National Police Academy in Beit Shemesh, west of Jerusalem, on Thursday evening.<\/span><\/p>\n<p class=\"wp-block-paragraph\" style=\"text-align: left;\"><span style=\"color: #000080;\">Addressing the police officers, the prime minister drew a comparison to the story of Purim, in which the Jewish people were saved from annihilation in Persia, now present-day Iran, to the modern Jewish state\u2019s conflict with the Islamic Republic.<\/span><\/p>\n<p class=\"wp-block-paragraph\" style=\"text-align: left;\"><span style=\"color: #000080;\">\u201cTwo thousand five hundred years later an enemy of the Jewish people arose in that land. He, too, wants to destroy and annihilate the seed of the Jews from the face of the earth,\u201d Netanyahu said.<\/span><\/p>\n<p class=\"wp-block-paragraph\" style=\"text-align: left;\"><span style=\"color: #000080;\">\u201cHeroes like you have arisen\u2014the heroes of our people. And with stratagem, heroism and courage we turned the tables upside down, and we are breaking the Persian axis,\u201d he said, referring to Iran.<\/span><\/p>\n<p class=\"wp-block-paragraph\" style=\"text-align: left;\"><span style=\"color: #000080;\">\u201cThat\u2019s what\u2019s happening these days. If history repeats itself, at least the people are the same people. This is the new miracle of Purim. This miracle is thanks to you; thanks to our heroic soldiers, our heroic fighters, the policemen and women, who stopped the disaster with endless heroism, and fought back,\u201d he said, referring to the actions of the police on Oct. 7, 2023, when Hamas-led terrorists invaded the western Negev.<\/span><\/p>\n<p style=\"text-align: left;\"><span style=\"color: #000080;\">\u201cWe won our state; we won it with you. I am sure that each and every one of you will do your duty in performing the new miracle of Purim in our days. Happy Purim to all of you,\u201d Netanyahu said.<\/span><\/p>\n<div id=\"content\" class=\"content-alignment\">\n<div id=\"watch-description\" class=\"yt-uix-button-panel\">\n<div id=\"watch-description-text\" style=\"text-align: center;\">\n<p><iframe loading=\"lazy\" title=\"\u05e8\u05d0\u05e9 \u05d4\u05de\u05de\u05e9\u05dc\u05d4 \u05e0\u05ea\u05e0\u05d9\u05d4\u05d5 \u05d1\u05e7\u05e8\u05d9\u05d0\u05ea \u05de\u05d2\u05d9\u05dc\u05d4 \u05d1\u05de\u05db\u05dc\u05dc\u05d4 \u05d4\u05dc\u05d0\u05d5\u05de\u05d9\u05ea \u05dc\u05e9\u05d5\u05d8\u05e8\u05d9\u05dd\" src=\"https:\/\/www.youtube.com\/embed\/Qe2qPR2C_EI\" width=\"680\" height=\"400\" frameborder=\"0\" allowfullscreen=\"allowfullscreen\"><\/iframe><\/p>\n<\/div>\n<\/div>\n<\/div>\n<hr style=\"height: 15px; background: #d0e6fa; width: 100%;\" \/>\n<div id=\"content\" class=\"content-alignment\">\n<div id=\"watch-description\" class=\"yt-uix-button-panel\">\n<div id=\"watch-description-text\" style=\"text-align: center;\">\n<p><em>Zawarto\u015b\u0107 publikowanych artyku\u0142\u00f3w i materia\u0142\u00f3w nie reprezentuje pogl\u0105d\u00f3w ani opinii Reunion&#8217;68,<\/em><em><br \/>\nani te\u017c webmastera Blogu Reunion&#8217;68, chyba ze jest to wyra\u017anie zaznaczone.<br \/>\nTwoje uwagi, linki, w\u0142asne artyku\u0142y lub wiadomo\u015bci prze\u015blij na adres:<br \/>\n<\/em><span style=\"color: #000080;\"><strong><em><a style=\"color: #000080;\" href=\"mailto:webmaster@reunion68.com\"><span style=\"text-decoration: underline;\">webmaster@reunion68.com<\/span><\/a><\/em><\/strong><\/span><\/p>\n<\/div>\n<\/div>\n<\/div>\n<hr style=\"width: 100%;\" \/>\n","protected":false},"excerpt":{"rendered":"<p>Netanyahu compares Purim story to fight against today\u2019s \u2018Persian axis\u2019 JNS Staff &#8220;2,500 years later an enemy of the Jewish people arose in that land. He, too, wants to destroy and annihilate the seed of the Jews from the face of the earth.&#8221; Prime Minister Benjamin Netanyahu at the National Police Academy, Beit Shemesh, March [&hellip;]<\/p>\n","protected":false},"author":1,"featured_media":0,"comment_status":"closed","ping_status":"closed","sticky":false,"template":"","format":"standard","meta":[],"categories":[3,6],"tags":[26,24],"_links":{"self":[{"href":"https:\/\/www.reunion68.se\/index.php?rest_route=\/wp\/v2\/posts\/119813"}],"collection":[{"href":"https:\/\/www.reunion68.se\/index.php?rest_route=\/wp\/v2\/posts"}],"about":[{"href":"https:\/\/www.reunion68.se\/index.php?rest_route=\/wp\/v2\/types\/post"}],"author":[{"embeddable":true,"href":"https:\/\/www.reunion68.se\/index.php?rest_route=\/wp\/v2\/users\/1"}],"replies":[{"embeddable":true,"href":"https:\/\/www.reunion68.se\/index.php?rest_route=%2Fwp%2Fv2%2Fcomments&post=119813"}],"version-history":[{"count":7,"href":"https:\/\/www.reunion68.se\/index.php?rest_route=\/wp\/v2\/posts\/119813\/revisions"}],"predecessor-version":[{"id":119829,"href":"https:\/\/www.reunion68.se\/index.php?rest_route=\/wp\/v2\/posts\/119813\/revisions\/119829"}],"wp:attachment":[{"href":"https:\/\/www.reunion68.se\/index.php?rest_route=%2Fwp%2Fv2%2Fmedia&parent=119813"}],"wp:term":[{"taxonomy":"category","embeddable":true,"href":"https:\/\/www.reunion68.se\/index.php?rest_route=%2Fwp%2Fv2%2Fcategories&post=119813"},{"taxonomy":"post_tag","embeddable":true,"href":"https:\/\/www.reunion68.se\/index.php?rest_route=%2Fwp%2Fv2%2Ftags&post=119813"}],"curies":[{"name":"wp","href":"https:\/\/api.w.org\/{rel}","templated":true}]}}