{"id":119856,"date":"2025-03-16T17:00:08","date_gmt":"2025-03-16T15:00:08","guid":{"rendered":"http:\/\/www.reunion68.se\/?p=119856"},"modified":"2025-03-16T11:05:11","modified_gmt":"2025-03-16T09:05:11","slug":"16-00-99","status":"publish","type":"post","link":"https:\/\/www.reunion68.se\/?p=119856","title":{"rendered":"New York Times Cheerleads for \u2018Pro-Hamas\u2019 Mahmoud Khalil"},"content":{"rendered":"<h5 style=\"text-align: center;\"><a href=\"https:\/\/www.algemeiner.com\/\" target=\"_blank\" rel=\"noopener noreferrer\"><img decoding=\"async\" class=\"center alignleft\" src=\"http:\/\/www.reunion68.com\/Biuletyn\/img\/algem.png\" alt=\"\" width=\"35%\" \/><\/a><span style=\"text-decoration: underline; color: #000080;\"><span><strong><a style=\"color: #000080; text-decoration: underline;\" href=\"https:\/\/www.algemeiner.com\/2025\/03\/14\/new-york-times-cheerleads-for-pro-hamas-mahmoud-khalil\/\" target=\"_blank\" rel=\"noopener noreferrer\">New York Times Cheerleads for \u2018Pro-Hamas\u2019 Mahmoud Khalil<\/a><\/strong><\/span><\/span><\/h5>\n<p style=\"text-align: center;\"><span style=\"color: #000000;\"><strong>Ira Stoll<\/strong><\/span><\/p>\n<hr style=\"height: 15px; background: #d0e6fa; width: 100%;\" \/>\n<p style=\"text-align: center;\"><img decoding=\"async\" class=\"aligncenter\" src=\"https:\/\/www.algemeiner.com\/wp-content\/uploads\/2020\/02\/New-York-Times.jpg\" width=\"100%\" \/><span style=\"color: #808080;\"><em>A taxi passes by in front of The New York Times head office, Feb. 7, 2013. Photo: Reuters \/ Carlo Allegri<\/em><\/span><\/p>\n<p style=\"text-align: left;\"><span style=\"color: #000080;\">On March 9, US Immigration and Customs Enforcement arrested Mahmoud Khalil, a former Columbia University graduate student. Secretary of State Rubio posted on X, \u201cWe will be revoking the visas and\/or green cards of Hamas supporters in America so they can be deported.\u201d President Trump himself posted, \u201cICE proudly apprehended and detained Mahmoud Khalil, a Radical Foreign Pro-Hamas Student on the campus of @Columbia University. This is the first arrest of many to come.\u201d<\/span><\/p>\n<p style=\"text-align: left;\"><span style=\"color: #000080;\">Anyone who expected straight-down-the-middle, impartial coverage of this issue from the\u00a0<em>New York Times<\/em>\u00a0would be disappointed. Instead, the paper\u2019s news columns have turned themselves into cheerleaders for Khalil and his supporters, portraying him as a free-speech martyr.<\/span><\/p>\n<p style=\"text-align: left;\"><span style=\"color: #000080;\">In the four-and-a-half days since Khalil\u2019s arrest, the\u00a0<em>Times<\/em>\u00a0has published at least 11 articles about it, with credits to no fewer than 13 reporters and two opinion columnists. The opinion columns set the tone with hyperbolic alarmism. \u201cThis Is The Greatest Threat to Free Speech Since the Red Scare,\u201d one opinion headline put it, overlooking the McCain-Feingold campaign speech restriction legislation championed by the\u00a0<em>Times<\/em>\u00a0itself, signed into law by President George W. Bush, and eventually found unconstitutional by the Supreme Court.<\/span><\/p>\n<p style=\"text-align: left;\"><span style=\"color: #000080;\">The news articles read pretty much the same. One piece was by Eliza Shapiro, who last attracted\u00a0<a style=\"color: #000080;\" href=\"https:\/\/www.algemeiner.com\/2023\/03\/09\/new-york-state-senator-salazar-punctures-new-york-times-hype-on-corporal-punishment-in-yeshivas\/\" target=\"_blank\" rel=\"noopener noreferrer\">notice<\/a>\u00a0for a\u00a0<a style=\"color: #000080;\" href=\"https:\/\/www.algemeiner.com\/2023\/01\/11\/a-letter-to-the-pulitzer-prize-committee-dont-give-award-for-new-york-times-yeshiva-series\/\" target=\"_blank\" rel=\"noopener noreferrer\">flawed investigative series that targeted Orthodox Jewish schools<\/a>\u00a0in New York. Shapiro\u2019s latest article included this passage: \u201cThe Columbia Jewish Alumni Association, which has been calling for aggressive action against pro-Palestinian demonstrators, praised Mr. Khalil\u2019s detention in a series of social media posts, calling Mr. Khalil, without evidence, a \u2018ringleader\u2019 of the chaos at Columbia.\u201d<\/span><\/p>\n<p style=\"text-align: left;\"><span style=\"color: #000080;\">These Columbia protesters are not \u201cpro-Palestinian.\u201d They are anti-Israel, pro-terrorism, and pro-Hamas. Likewise, it\u2019s loaded to say the Columbia Jewish Alumni Association has been \u201ccalling for aggressive action\u201d against the students who have been disrupting campus activities, including classes. The Jewish alumni have been calling for defensive action to protect the Jewish and Israeli students from the violent assaults, harassment, and social ostracism that has interfered with their education.<\/span><\/p>\n<p style=\"text-align: left;\"><span style=\"color: #000080;\">In the same sentence, the \u201cwithout evidence\u201d is such garbage \u2014 a classic tell of\u00a0<em>Times<\/em>\u00a0aggression toward whomever the phrase is applied to. The Senate Judiciary Committee Republicans offered up\u00a0<a style=\"color: #000080;\" href=\"https:\/\/x.com\/SenJudiciaryGOP\/status\/1899869051771388019\" target=\"_blank\" rel=\"noopener noreferrer\">evidence<\/a>\u00a0including a\u00a0<em>New York<\/em>\u00a0magazine article describing Khalil as a \u201clead negotiator for Columbia University Apartheid Divest,\u201d a group that has called for \u201ctotal eradication of Western Civilization\u201d and that the\u00a0<em>New York Times<\/em>\u00a0itself, in a brief moment of lucidity,\u00a0<a style=\"color: #000080;\" href=\"https:\/\/www.nytimes.com\/2024\/10\/09\/nyregion\/columbia-pro-palestinian-group-hamas.html\" target=\"_blank\" rel=\"noopener noreferrer\">acknowledged in an October 2024 headline<\/a>\u00a0\u201cPro-Palestinian Group at Columbia Now Backs \u2018Armed Resistance\u2019 by Hamas.\u201d<\/span><\/p>\n<p style=\"text-align: left;\"><span style=\"color: #000080;\">Another\u00a0<em>Times<\/em>\u00a0reporter whose slant was clearly visible was Ana Ley. Her\u00a0<a style=\"color: #000080;\" href=\"https:\/\/www.nytimes.com\/2025\/03\/10\/nyregion\/mahmoud-khalil-ice-louisiana.html\" target=\"_blank\" rel=\"noopener noreferrer\">article<\/a>\u00a0acknowledged, \u201cMahmoud Khalil, 30, emerged as a public face of students opposed to the war, leading demonstrations and granting interviews.\u201d So much for \u201cwithout evidence.\u201d But there, too, the bias shows; the students weren\u2019t actually \u201copposed to the war\u201d; they support Hamas\u2019s war against Israel, that is, \u201carmed resistance.\u201d What they oppose is Israel fighting back in self-defense, with American assistance. A print version of Ley\u2019s article included quotes from\u00a0<a style=\"color: #000080;\" href=\"https:\/\/x.com\/EgSophie\/status\/1790958525360800011\" target=\"_blank\" rel=\"noopener noreferrer\">Israel boycott advocate<\/a>\u00a0\u201cSophie Ellman-Golan, the communications director of Jews for Racial &amp; Economic Justice\u201d; Ben Wizner of the ACLU; and a Columbia professor supportive of Mahmoud Khalil. That\u2019s three sources on Mahmoud Khalil\u2019s side, and virtually no representation of the point of view that supports deporting disruptive student protesters who are non-citizens. Perhaps the\u00a0<em>Times<\/em>\u00a0newsroom thinks this point of view is so reprehensible that\u00a0<em>Times<\/em>\u00a0readers need to be protected from exposure to it.<\/span><\/p>\n<p style=\"text-align: left;\"><span style=\"color: #000080;\">Columbia gives out the Pulitzer Prizes, which are a key to career advancement at the\u00a0<em>New York Times<\/em>. Maybe the\u00a0<em>Times<\/em>\u00a0is hoping for a Pulitzer for its all-hands-on-deck defense of free-speech martyr Mahmoud Khalil? The free-speech aspect of the issue seemed somehow less salient to the\u00a0<em>Times<\/em>\u00a0newsroom when the Israel-haters at Columbia were disrupting the class of an Israeli professor, preventing him from speaking. It is almost enough to make a reader wonder whether the\u00a0<em>Times\u2019<\/em>\u00a0cause is really free speech, as a universally applied principle, or if what they are really dug in committedly in favor of is the ability of Columbia students and graduates to cheer on Hamas without any significant adverse consequences.<\/span><\/p>\n<hr \/>\n<p style=\"text-align: left;\"><span style=\"color: #808080;\"><i><strong>Ira Stoll<\/strong> was managing editor of\u00a0<\/i>The Forward<i>\u00a0and North American editor of\u00a0<\/i>The Jerusalem Post<i>. His media critique, a regular\u00a0<\/i>Algemeiner<i>\u00a0feature, can be found\u00a0<\/i><a style=\"color: #808080;\" href=\"https:\/\/www.algemeiner.com\/author\/ira-stoll\/\" target=\"_blank\" rel=\"noopener noreferrer\">here<\/a><i>.<\/i><\/span><\/p>\n<hr style=\"height: 15px; background: #d0e6fa; width: 100%;\" \/>\n<div id=\"content\" class=\"content-alignment\">\n<div id=\"watch-description\" class=\"yt-uix-button-panel\">\n<div id=\"watch-description-text\" style=\"text-align: center;\">\n<p><em>Zawarto\u015b\u0107 publikowanych artyku\u0142\u00f3w i materia\u0142\u00f3w nie reprezentuje pogl\u0105d\u00f3w ani opinii Reunion&#8217;68,<\/em><em><br \/>\nani te\u017c webmastera Blogu Reunion&#8217;68, chyba ze jest to wyra\u017anie zaznaczone.<br \/>\nTwoje uwagi, linki, w\u0142asne artyku\u0142y lub wiadomo\u015bci prze\u015blij na adres:<br \/>\n<\/em><span style=\"color: #000080;\"><strong><em><a style=\"color: #000080;\" href=\"mailto:webmaster@reunion68.com\"><span style=\"text-decoration: underline;\">webmaster@reunion68.com<\/span><\/a><\/em><\/strong><\/span><\/p>\n<\/div>\n<\/div>\n<\/div>\n<hr style=\"width: 100%;\" \/>\n","protected":false},"excerpt":{"rendered":"<p>New York Times Cheerleads for \u2018Pro-Hamas\u2019 Mahmoud Khalil Ira Stoll A taxi passes by in front of The New York Times head office, Feb. 7, 2013. Photo: Reuters \/ Carlo Allegri On March 9, US Immigration and Customs Enforcement arrested Mahmoud Khalil, a former Columbia University graduate student. Secretary of State Rubio posted on X, [&hellip;]<\/p>\n","protected":false},"author":1,"featured_media":0,"comment_status":"closed","ping_status":"closed","sticky":false,"template":"","format":"standard","meta":[],"categories":[6],"tags":[26,24],"_links":{"self":[{"href":"https:\/\/www.reunion68.se\/index.php?rest_route=\/wp\/v2\/posts\/119856"}],"collection":[{"href":"https:\/\/www.reunion68.se\/index.php?rest_route=\/wp\/v2\/posts"}],"about":[{"href":"https:\/\/www.reunion68.se\/index.php?rest_route=\/wp\/v2\/types\/post"}],"author":[{"embeddable":true,"href":"https:\/\/www.reunion68.se\/index.php?rest_route=\/wp\/v2\/users\/1"}],"replies":[{"embeddable":true,"href":"https:\/\/www.reunion68.se\/index.php?rest_route=%2Fwp%2Fv2%2Fcomments&post=119856"}],"version-history":[{"count":4,"href":"https:\/\/www.reunion68.se\/index.php?rest_route=\/wp\/v2\/posts\/119856\/revisions"}],"predecessor-version":[{"id":119871,"href":"https:\/\/www.reunion68.se\/index.php?rest_route=\/wp\/v2\/posts\/119856\/revisions\/119871"}],"wp:attachment":[{"href":"https:\/\/www.reunion68.se\/index.php?rest_route=%2Fwp%2Fv2%2Fmedia&parent=119856"}],"wp:term":[{"taxonomy":"category","embeddable":true,"href":"https:\/\/www.reunion68.se\/index.php?rest_route=%2Fwp%2Fv2%2Fcategories&post=119856"},{"taxonomy":"post_tag","embeddable":true,"href":"https:\/\/www.reunion68.se\/index.php?rest_route=%2Fwp%2Fv2%2Ftags&post=119856"}],"curies":[{"name":"wp","href":"https:\/\/api.w.org\/{rel}","templated":true}]}}