{"id":119892,"date":"2025-03-18T17:00:58","date_gmt":"2025-03-18T15:00:58","guid":{"rendered":"http:\/\/www.reunion68.se\/?p=119892"},"modified":"2025-03-18T10:18:18","modified_gmt":"2025-03-18T08:18:18","slug":"18-00-98","status":"publish","type":"post","link":"https:\/\/www.reunion68.se\/?p=119892","title":{"rendered":"Education minister threatens to defund Tel Aviv school that urged students to skip class in protest"},"content":{"rendered":"<h5 style=\"text-align: center;\"><a href=\"https:\/\/www.jns.org\/\" target=\"_blank\" rel=\"noopener noreferrer\"><img decoding=\"async\" class=\"center alignleft\" src=\"http:\/\/www.reunion68.com\/Biuletyn\/img\/jns-1.png\" alt=\"\" width=\"35%\" \/><\/a><span style=\"text-decoration: underline; color: #000080;\"><span><strong><a style=\"color: #000080; text-decoration: underline;\" href=\"https:\/\/www.jns.org\/education-minister-threatens-to-defund-tel-aviv-school-that-urged-students-to-skip-class-in-protest\/\" target=\"_blank\" rel=\"noopener noreferrer\">Education minister threatens to defund Tel Aviv school that urged students to skip class in protest<\/a><\/strong><\/span><\/span><\/h5>\n<p style=\"text-align: center;\"><span style=\"color: #000000;\"><strong>JNS Staff<\/strong><\/span><\/p>\n<hr style=\"height: 15px; background: #d0e6fa; width: 100%;\" \/>\n<h4 style=\"text-align: center;\"><strong>&#8220;Ze&#8217;ev Degani is a criminal,&#8221; Kisch said of the Herzliya Hebrew Gymnasium&#8217;s principal.<\/strong><\/h4>\n<p style=\"text-align: center;\">.<br \/>\n<img decoding=\"async\" class=\"aligncenter\" src=\"https:\/\/cdn-jns.org\/uploads\/2025\/03\/F230904AVS207-1320x880.jpg\" width=\"100%\" \/><span style=\"color: #808080;\"><em>Ze&#8217;ev Degani, principal of the Herzliya Hebrew Gymnasium in Tel Aviv, Sept. 4, 2023. Photo by Avshalom Sassoni\/Flash90.<\/em><\/span><\/p>\n<p class=\"wp-block-paragraph\" style=\"text-align: left;\"><span style=\"color: #000080;\">Israeli\u00a0Education Minister\u00a0Yoav Kisch vowed Monday to \u201cimmediately\u201d suspend the funding of the Herzliya Hebrew Gymnasium if the Tel Aviv high school would follow through on threats to cancel class to allow pupils to protest the pending firing of Shin Bet chief Ronen Bar.<\/span><\/p>\n<p class=\"wp-block-paragraph\" style=\"text-align: left;\"><span style=\"color: #000080;\">\u201cZe\u2019ev Degani is a criminal,\u201d Kisch said of the school\u2019s headmaster. He noted that Degani\u2019s decision \u201cto shut down class and dispatch students to a political protest is a serious and direct violation of the Compulsory Education Law,\u201d which mandates\u00a0school attendance until the age of 17.<\/span><\/p>\n<p class=\"wp-block-paragraph\" style=\"text-align: left;\"><span style=\"color: #000080;\">\u201cThe education system is not a free-for-all, and we will not allow schools to become battlegrounds for political conflicts,\u201d continued the minister.<\/span><\/p>\n<p class=\"wp-block-paragraph\" style=\"text-align: left;\"><span style=\"color: #000080;\">\u201cFor this reason, Degani and the Herzliya Gymnasium\u2019s executive board were summoned for an urgent hearing on Wednesday. If the school is indeed shut down, the funding that the Herzliya Gymnasium receives from the education system will be immediately halted,\u201d he added.<\/span><\/p>\n<p class=\"wp-block-paragraph\" style=\"text-align: left;\"><span style=\"color: #000080;\">\u201cSchools are places for learning, not platforms for political propaganda. Politics will remain with the politicians,\u201d concluded Kisch\u2019s statement.<\/span><\/p>\n<p class=\"wp-block-paragraph\" style=\"text-align: left;\"><span style=\"color: #000080;\">In a missive sent to his staff earlier on Monday, Degani reportedly wrote that the Jewish state\u2019s democracy was \u201con the verge of collapse\u201d due to Prime Minister Benjamin Netanyahu\u2019s announcement he would seek the dismissal of Israel Security Agency (Shin Bet) chief Ronen Bar.<\/span><\/p>\n<p class=\"wp-block-paragraph\" style=\"text-align: left;\"><span style=\"color: #000080;\">\u201cWe can no longer remain silent. The prime minister is turning the country into a dictatorship by acting against the law,\u201d said Degani. \u201cOn Wednesday, it will be impossible to teach history and math at school.\u201d<\/span><\/p>\n<p class=\"wp-block-paragraph\" style=\"text-align: left;\"><span style=\"color: #000080;\">Netanyahu summoned\u00a0<a style=\"color: #000080;\" href=\"https:\/\/www.jns.org\/netanyahu-to-seek-dismissal-of-shin-bet-director\/\" target=\"_blank\" rel=\"noreferrer noopener\">Bar<\/a>\u00a0for an urgent meeting on Sunday evening, where he informed him that the government would consider his firing later this week due to a lack of confidence and \u201congoing distrust.\u201d The Cabinet vote is reportedly scheduled to take place on Wednesday.<\/span><\/p>\n<p class=\"wp-block-paragraph\" style=\"text-align: left;\"><span style=\"color: #000080;\">In August 2023, Kisch vowed to \u201cdeal with\u201d Degani after the Herzliya Gymnasium was found to encourage its students to evade mandatory military service in the Israel Defense Forces.<\/span><\/p>\n<p class=\"wp-block-paragraph\" style=\"text-align: left;\"><span style=\"color: #000080;\">The far-left Youth Against Dictatorship group, which had been rallying teens to refuse army service, that month took over the school in protest against Netanyahu\u2019s now-largely-shelved\u00a0judicial reform\u00a0plans. Degani was said to have officially approved the event before it took place.<\/span><\/p>\n<p class=\"wp-block-paragraph\" style=\"text-align: left;\"><span style=\"color: #000080;\">Among other speakers, students heard from\u00a0<a style=\"color: #000080;\" href=\"https:\/\/www.jns.org\/israel-news\/tel-aviv\/23\/8\/30\/314462\/\" target=\"_blank\" rel=\"noreferrer noopener\">Saleh Diab<\/a>, a violent terror supporter from eastern Jerusalem\u2019s Shimon HaTzadik\u00a0neighborhood.<\/span><\/p>\n<p class=\"wp-block-paragraph\" style=\"text-align: left;\"><span style=\"color: #000080;\">Diab has been arrested numerous times for attacking Jews, including on suspicion of attacking Shabbat worshippers with an iron rod. In 2014, he served months in prison for aggravated assault on a Jewish neighbor.<\/span><\/p>\n<hr style=\"height: 15px; background: #d0e6fa; width: 100%;\" \/>\n<div id=\"content\" class=\"content-alignment\">\n<div id=\"watch-description\" class=\"yt-uix-button-panel\">\n<div id=\"watch-description-text\" style=\"text-align: center;\">\n<p><em>Zawarto\u015b\u0107 publikowanych artyku\u0142\u00f3w i materia\u0142\u00f3w nie reprezentuje pogl\u0105d\u00f3w ani opinii Reunion&#8217;68,<\/em><em><br \/>\nani te\u017c webmastera Blogu Reunion&#8217;68, chyba ze jest to wyra\u017anie zaznaczone.<br \/>\nTwoje uwagi, linki, w\u0142asne artyku\u0142y lub wiadomo\u015bci prze\u015blij na adres:<br \/>\n<\/em><span style=\"color: #000080;\"><strong><em><a style=\"color: #000080;\" href=\"mailto:webmaster@reunion68.com\"><span style=\"text-decoration: underline;\">webmaster@reunion68.com<\/span><\/a><\/em><\/strong><\/span><\/p>\n<\/div>\n<\/div>\n<\/div>\n<hr style=\"width: 100%;\" \/>\n","protected":false},"excerpt":{"rendered":"<p>Education minister threatens to defund Tel Aviv school that urged students to skip class in protest JNS Staff &#8220;Ze&#8217;ev Degani is a criminal,&#8221; Kisch said of the Herzliya Hebrew Gymnasium&#8217;s principal. . Ze&#8217;ev Degani, principal of the Herzliya Hebrew Gymnasium in Tel Aviv, Sept. 4, 2023. Photo by Avshalom Sassoni\/Flash90. Israeli\u00a0Education Minister\u00a0Yoav Kisch vowed Monday [&hellip;]<\/p>\n","protected":false},"author":1,"featured_media":0,"comment_status":"closed","ping_status":"closed","sticky":false,"template":"","format":"standard","meta":[],"categories":[3],"tags":[26,24],"_links":{"self":[{"href":"https:\/\/www.reunion68.se\/index.php?rest_route=\/wp\/v2\/posts\/119892"}],"collection":[{"href":"https:\/\/www.reunion68.se\/index.php?rest_route=\/wp\/v2\/posts"}],"about":[{"href":"https:\/\/www.reunion68.se\/index.php?rest_route=\/wp\/v2\/types\/post"}],"author":[{"embeddable":true,"href":"https:\/\/www.reunion68.se\/index.php?rest_route=\/wp\/v2\/users\/1"}],"replies":[{"embeddable":true,"href":"https:\/\/www.reunion68.se\/index.php?rest_route=%2Fwp%2Fv2%2Fcomments&post=119892"}],"version-history":[{"count":6,"href":"https:\/\/www.reunion68.se\/index.php?rest_route=\/wp\/v2\/posts\/119892\/revisions"}],"predecessor-version":[{"id":119903,"href":"https:\/\/www.reunion68.se\/index.php?rest_route=\/wp\/v2\/posts\/119892\/revisions\/119903"}],"wp:attachment":[{"href":"https:\/\/www.reunion68.se\/index.php?rest_route=%2Fwp%2Fv2%2Fmedia&parent=119892"}],"wp:term":[{"taxonomy":"category","embeddable":true,"href":"https:\/\/www.reunion68.se\/index.php?rest_route=%2Fwp%2Fv2%2Fcategories&post=119892"},{"taxonomy":"post_tag","embeddable":true,"href":"https:\/\/www.reunion68.se\/index.php?rest_route=%2Fwp%2Fv2%2Ftags&post=119892"}],"curies":[{"name":"wp","href":"https:\/\/api.w.org\/{rel}","templated":true}]}}