{"id":119911,"date":"2025-03-19T17:09:58","date_gmt":"2025-03-19T15:09:58","guid":{"rendered":"http:\/\/www.reunion68.se\/?p=119911"},"modified":"2025-03-19T08:42:23","modified_gmt":"2025-03-19T06:42:23","slug":"19-09-107","status":"publish","type":"post","link":"https:\/\/www.reunion68.se\/?p=119911","title":{"rendered":"Wiele m\u00f3wi\u0105ca dziura pami\u0119ci"},"content":{"rendered":"<p style=\"text-align: center;\"><img decoding=\"async\" class=\"aligncenter\" src=\"https:\/\/image.hurimg.com\/i\/hurriyet\/75\/0x0\/67324a3c920a5e186b5f767f.jpg\" width=\"100%\" \/><span style=\"color: #808080;\"><em>Polowanie na \u017byd\u00f3w w Amsterdamie w listopadzie ubieg\u0142ego roku by\u0142o jeszcze gorsze, ni\u017c my\u015bleli\u015bmy.<\/em><\/span><\/p>\n<hr \/>\n<h5 style=\"text-align: center;\"><a href=\"http:\/\/www.listyznaszegosadu.pl\" target=\"_blank\" rel=\"noopener noreferrer\"><img decoding=\"async\" class=\"center alignleft\" src=\"http:\/\/www.reunion68.com\/Biuletyn\/img\/z-naszego.jpg\" alt=\"\" width=\"50%\" \/><\/a><\/h5>\n<p style=\"text-align: center;\"><span style=\"color: #000000;\"><strong><br \/>\nBrendan O&#8217;Neill T\u0142umaczenie: Ma\u0142gorzata Koraszewska<\/strong><\/span><\/p>\n<hr style=\"height: 15px; background: #d0e6fa; width: 100%;\" \/>\n<h5 style=\"text-align: left;\"><strong>Polowanie na \u017byd\u00f3w w Amsterdamie w listopadzie ubieg\u0142ego roku by\u0142o jeszcze gorsze, ni\u017c my\u015bleli\u015bmy<\/strong>.<\/h5>\n<div class=\"templateArticleIngress\" style=\"text-align: left;\"><span style=\"color: #000080;\">Nazywali to szale\u0144stwo\u00a0<a style=\"color: #000080;\" href=\"https:\/\/www.bbc.co.uk\/news\/articles\/cwy81qvn7gjo\" target=\"_blank\" rel=\"noopener noreferrer\">\u201epolowaniem na \u017byd\u00f3w\u201d<\/a>. Pod\u017cegali si\u0119 nawzajem do przemocy,\u00a0<a style=\"color: #000080;\" href=\"https:\/\/www.thetimes.com\/world\/europe\/article\/amsterdam-football-violence-trial-jew-hunt-israel-gzjflgqv7\" target=\"_blank\" rel=\"noopener noreferrer\">m\u00f3wi\u0105c<\/a>\u00a0\u201emo\u017cemy ju\u017c nigdy nie mie\u0107 takiej okazji, \u017ceby pobi\u0107 paru pieprzonych \u017byd\u00f3w\u201d. Wzywali do og\u00f3lnokrajowego \u201ew\u015bciek\u0142ego\u201d ataku na \u201erakowatych \u017byd\u00f3w\u201d i \u201erakowatych syjonist\u00f3w\u201d. Pot\u0119piali \u017byd\u00f3w jako \u201etch\u00f3rzliwy\u201d nar\u00f3d. Wymieniali si\u0119 informacjami o przyje\u017adzie\u00a0<a style=\"color: #000080;\" href=\"https:\/\/www.parool.nl\/amsterdam\/in-groepsapp-buurthuis-2-werd-opgeroepen-maccabifans-uit-te-lokken-en-ze-daarna-aan-te-vallen-om-eist-drie-maanden-cel-tegen-beheerder~bcf67de2\/?referrer=https:\/\/www.google.com\/\" target=\"_blank\" rel=\"noopener noreferrer\">\u201epoci\u0105gu pe\u0142nego \u017byd\u00f3w\u201d<\/a>\u00a0i m\u00f3wili, \u017ce ka\u017cdy powinien by\u0107 tam, aby go powita\u0107, poniewa\u017c\u00a0<a style=\"color: #000080;\" href=\"https:\/\/www.jns.org\/trials-expose-logistics-planning-behind-amsterdam-pogrom\/\" target=\"_blank\" rel=\"noopener noreferrer\">\u201emusimy sprawi\u0107, aby ci rakowaci \u017bydzi poczuli to, co zrobili naszym braciom\u201d<\/a>. Poci\u0105g m\u00f3g\u0142 si\u0119 sp\u00f3\u017ani\u0107, za\u017cartowa\u0142 jeden z nich, poniewa\u017c m\u00f3g\u0142 to by\u0107 \u201epoci\u0105g specjalny\u201d przygotowany przez Hitlera, \u201ez gazem dla [\u017byd\u00f3w]\u201d.<\/span><\/div>\n<p style=\"text-align: left;\">\n<div class=\"templateArticleBrodtext\">\n<p style=\"text-align: left;\"><span style=\"color: #000080;\">Gdzie wypowiedziano te rasistowskie plugastwa? Gdzie przeprowadzono to brutalne polowanie na \u017byd\u00f3w? Mo\u017ce w Niemczech w 1938 roku? Nie, to by\u0142o w Amsterdamie, w zesz\u0142ym roku. To by\u0142\u00a0<em>jodenjacht<\/em>\u00a0z listopada 2024 roku, kiedy na odwiedzaj\u0105cych izraelskich kibic\u00f3w Maccabi Tel Aviv na ulicach Amsterdamu \u201epolowa\u0142y\u201d t\u0142umy, g\u0142\u00f3wnie Arab\u00f3w. Wi\u0119cej szczeg\u00f3\u0142\u00f3w na temat tego pogromu pojawi\u0142o si\u0119 podczas rozpraw s\u0105dowych w zesz\u0142ym tygodniu i okry\u0142o jeszcze wi\u0119ksz\u0105 ha\u0144b\u0105 negacjonist\u00f3w pogrom\u00f3w z zachodniej lewicy, kt\u00f3rzy upierali si\u0119, \u017ce by\u0142y to tylko uliczne starcia mi\u0119dzy kibicami, a nie polowanie na \u017byd\u00f3w.<\/span><\/p>\n<p style=\"text-align: left;\">\n<p style=\"text-align: left;\"><span style=\"color: #000080;\">Pi\u0119ciu kolejnych domniemanych \u0142owc\u00f3w \u017byd\u00f3w z Amsterdamu znalaz\u0142o si\u0119 na \u0142awie oskar\u017conych w zesz\u0142ym tygodniu. Jeden z nich \u2013 32-letni Mounir M. \u2013 jest\u00a0<a style=\"color: #000080;\" href=\"https:\/\/www.parool.nl\/amsterdam\/in-groepsapp-buurthuis-2-werd-opgeroepen-maccabifans-uit-te-lokken-en-ze-daarna-aan-te-vallen-om-eist-drie-maanden-cel-tegen-beheerder~bcf67de2\/?referrer=https:\/\/www.google.com\/\" target=\"_blank\" rel=\"noopener noreferrer\">oskar\u017cony o administrowanie<\/a>\u00a0grupy WhatsApp, w kt\u00f3rej pod\u017cegano i organizowano przemoc. Pocz\u0105tkowo grupa nazywa\u0142a si\u0119 \u201eFree Palstine\u201d (sic), p\u00f3\u017aniej zmieni\u0142a nazw\u0119 na \u201eBuurthuis 2\u201d (po holendersku \u201eDom Kultury 2\u201d). Wrogo\u015b\u0107 rasowa i otwarte wezwania do przemocy\u00a0<a style=\"color: #000080;\" href=\"https:\/\/www.jpost.com\/diaspora\/antisemitism\/article-833376\" target=\"_blank\" rel=\"noopener noreferrer\">k\u0142\u0119bi\u0142y si\u0119 na tym z\u0142owrogim czacie<\/a>. \u201eNajed\u017a samochodem \u2018na tych ludzi\u2019\u201d, powiedzia\u0142 jeden z uczestnik\u00f3w. \u201eUderz ich mocno\u201d, powiedzia\u0142 inny. Musi by\u0107 \u201eprzynajmniej jedna \u015bmier\u0107\u201d, marzy jeden z pisz\u0105cych. By\u0142y te\u017c wskaz\u00f3wki, jak prowokowa\u0107 fan\u00f3w Maccabi. Krzycz do nich \u201eFree Palestine\u201d, doradzono t\u0142umowi.<\/span><\/p>\n<p style=\"text-align: left;\">\n<p style=\"text-align: left;\"><span style=\"color: #000080;\">M\u00f3wi si\u0119, \u017ce Mounir M. pomaga\u0142 nadzorowa\u0107 t\u0119 grup\u0119, kt\u00f3ra kipia\u0142a nienawi\u015bci\u0105 do \u017byd\u00f3w. Jak\u00a0<a style=\"color: #000080;\" href=\"https:\/\/www.parool.nl\/amsterdam\/in-groepsapp-buurthuis-2-werd-opgeroepen-maccabifans-uit-te-lokken-en-ze-daarna-aan-te-vallen-om-eist-drie-maanden-cel-tegen-beheerder~bcf67de2\/?referrer=https:\/\/www.google.com\/\" target=\"_blank\" rel=\"noopener noreferrer\">donosi\u0142a holenderska gazeta<\/a><em>\u00a0\u201eHet Parool\u201d<\/em>, zesz\u0142otygodniowe post\u0119powanie s\u0105dowe \u201enie pozostawia\u0142o wiele miejsca dla wyobra\u017ani: uczestnicy grupy\u2026 pod\u017cegali si\u0119 nawzajem do polowania na \u017byd\u00f3w\u201d. S\u0105d us\u0142ysza\u0142, \u017ce w grupa by\u0142o pe\u0142no \u201eobra\u017aliwych s\u0142\u00f3w o \u017bydach\u201d, obok wezwa\u0144 do dzia\u0142ania. By\u0142y te\u017c \u201e\u017carty\u201d, jak ten o specjalnym poci\u0105gu Hitlera, w kt\u00f3rym gazowano \u017byd\u00f3w. Mounir M. jest oskar\u017cony o najbardziej przera\u017caj\u0105c\u0105 reakcj\u0119 na wiadomo\u015b\u0107 o hotelu, w kt\u00f3rym fani Maccabi schronili si\u0119 przed atakami \u0142owc\u00f3w \u017byd\u00f3w. \u201eZlikwidujcie go\u201d, napisa\u0142 podobno.<\/span><\/p>\n<p style=\"text-align: left;\">\n<p style=\"text-align: left;\"><span style=\"color: #000080;\">Inny podejrzany w obecnym procesie \u2013 Mahmoud A., palesty\u0144ski azylant \u2013 stoi przed powa\u017cniejszym zarzutem:\u00a0<a style=\"color: #000080;\" href=\"https:\/\/www.dutchnews.nl\/2025\/03\/refugee-suspected-of-attacking-maccabi-fans-released-from-jail\/\" target=\"_blank\" rel=\"noopener noreferrer\">usi\u0142owanie zab\u00f3jstwa<\/a>. Na nagraniu wideo wida\u0107, jak kopie zwolennika Maccabi w g\u0142ow\u0119 cztery razy, gdy ten le\u017cy na ziemi.\u00a0<a style=\"color: #000080;\" href=\"https:\/\/www.om.nl\/actueel\/nieuws\/2025\/03\/05\/celstraffen-geeist-tegen-drie-verdachten-van-betrokkenheid-bij-ongeregeldheden-rond-wedstrijd-ajax---maccabi-tel-aviv\" target=\"_blank\" rel=\"noopener noreferrer\">Trzech pozosta\u0142ych podejrzanych<\/a>\u00a0oskar\u017ca si\u0119 o \u201eudzielanie informacji w celu pope\u0142nienia przemocy\u201d, trywializacj\u0119 i przyzwolenie na Holokaust oraz u\u017cycie pasa do wych\u0142ostania starszego Izraelczyka odwiedzaj\u0105cego kraj. Holenderska gazeta\u00a0\u201e<em>De Telegraaf\u201d\u00a0<\/em><a style=\"color: #000080;\" href=\"https:\/\/www.telegraaf.nl\/watuzegt\/112713415\/berechting-jodenjagers-lijkt-uit-te-draaien-op-een-farce#:~:text=Het%20opjagen%20en%20mishandelen%20van,de%20plank%20mis%20te%20slaan.\" target=\"_blank\" rel=\"noopener noreferrer\">napisa\u0142a pod koniec zesz\u0142ego tygodnia,<\/a>\u00a0\u017ce ten ostatni \u201eproces \u0142owc\u00f3w \u017byd\u00f3w\u201d \u201epowa\u017cnie wstrz\u0105sn\u0105\u0142\u201d mieszka\u0144cami Holandii. To przera\u017caj\u0105ce, jak stwierdzi\u0142a, \u017ce wydarzenie o tak \u201ewyra\u017anie antysemickim charakterze\u201d mog\u0142o mie\u0107 miejsce we wsp\u00f3\u0142czesnym Amsterdamie.<\/span><\/p>\n<p style=\"text-align: left;\">\n<p style=\"text-align: left;\"><span style=\"color: #000080;\">Czy poza Holandi\u0105 jest r\u00f3wnie\u017c \u201eszok\u201d z powodu tego procesu podejrzanych \u0142owc\u00f3w \u017byd\u00f3w? Z powodu tego mro\u017c\u0105cego krew w \u017cy\u0142ach pogromu, kt\u00f3ry s\u0105d bada w 2025 roku? Co ciekawe, nie. Panuje cisza. Na pr\u00f3\u017cno b\u0119dziesz szuka\u0107 relacji w prasie nieholenderskiej o rozwoju sprawy pogromu w Amsterdamie. Czy europejska prasa jest znudzona t\u0105 histori\u0105 o \u017bydach \u015bciganych na ulicach europejskiej stolicy? Tak, c\u00f3\u017c za uci\u0105\u017cliwo\u015b\u0107, \u017ce mo\u017cemy mie\u0107 do czynienia z faktem, \u017ce na naszym kontynencie w XXI wieku mia\u0142o miejsce zorganizowane i brutalne polowanie na \u201erakowatych \u017byd\u00f3w\u201d. W ko\u0144cu Europa ma by\u0107 wzorem liberalizmu i r\u00f3\u017cnorodno\u015bci, a tak\u017ce jest o wiele bardziej moralnie wy\u017csza od tych populistycznych g\u0142upc\u00f3w, kt\u00f3rzy przej\u0119li w\u0142adz\u0119 w Ameryce. Nie mo\u017cemy pozwoli\u0107, aby taka uprzykrzona drobnostka jak polowanie na \u017byd\u00f3w zak\u0142\u00f3ci\u0142a t\u0119 narracj\u0119.<\/span><\/p>\n<p style=\"text-align: left;\">\n<p style=\"text-align: left;\"><span style=\"color: #000080;\">Istnieje jeszcze bardziej z\u0142owrogi pow\u00f3d milczenia Europy w sprawie tego \u201eprocesu \u0142owc\u00f3w \u017byd\u00f3w\u201d w jednym z naszych najbardziej o\u015bwieconych miast. Wielu wyra\u017anie uwierzy\u0142o w negacjonizm pogrom\u00f3w, kt\u00f3ry rozprzestrzeni\u0142 si\u0119 jak zaraza w kr\u0119gach opiniotw\u00f3rczych tu\u017c po ulicznym polowaniu na \u017byd\u00f3w. Zachodni lewicowcy po\u015bwi\u0119cili tyle samo energii moralnej na zaprzeczanie prawdzie o pogromie w Amsterdamie, ile zwykle po\u015bwi\u0119caj\u0105 na ujawnianie rasizmu absolutnie wsz\u0119dzie. Ci sami ludzie, kt\u00f3rzy przez lata pot\u0119piali wszystko, od bia\u0142ych kobiet nosz\u0105cych afryka\u0144skie warkoczyki po poplamienia strony w Koranie, jako \u201erasizm\u201d, teraz wzruszaj\u0105 ramionami nad autentycznym polowaniem na \u017byd\u00f3w. W zasadzie powiedzieli: \u201eMo\u017ce kibice Maccabi sami to na siebie \u015bci\u0105gn\u0119li\u201d.<\/span><\/p>\n<p style=\"text-align: left;\">\n<p style=\"text-align: left;\"><span style=\"color: #000080;\">Dla racjonalnego obserwatora od pocz\u0105tku by\u0142o jasne, \u017ce to, co wydarzy\u0142o si\u0119 w Amsterdamie, by\u0142o pogromem. Pierwszy \u201eproces \u0142owc\u00f3w \u017byd\u00f3w\u201d odby\u0142 si\u0119 w grudniu. Pi\u0119ciu m\u0119\u017cczyzn skazano za przemoc. Jeden z nich chwali\u0142 si\u0119 w grupie WhatsApp,\u00a0<a style=\"color: #000080;\" href=\"https:\/\/www.bbc.co.uk\/news\/articles\/cwy81qvn7gjo\" target=\"_blank\" rel=\"noopener noreferrer\">\u017ce do\u0142\u0105czy\u0142 do \u201epolowania na \u017byd\u00f3w\u201d<\/a>\u00a0\u2013 jego s\u0142owa. P\u00f3\u017aniej kopa\u0142 fan\u00f3w Maccabi i z\u0142apa\u0142 jednego za gard\u0142o. Inny opisa\u0142 swoje ofiary jako\u00a0<a style=\"color: #000080;\" href=\"https:\/\/www.bbc.co.uk\/news\/articles\/cwy81qvn7gjo\" target=\"_blank\" rel=\"noopener noreferrer\">\u201etch\u00f3rzliwych [\u017byd\u00f3w]\u201d<\/a>. M\u0119\u017cczy\u017ani ci, wraz z oko\u0142o 900 innymi, brali udzia\u0142 w wirtualnym czacie, kt\u00f3ry, jak us\u0142ysza\u0142 s\u0105d, dzieli\u0142 si\u0119 informacjami w celu \u201eprzemocy wobec os\u00f3b pochodzenia \u017cydowskiego i\/lub zwolennik\u00f3w Maccabi Tel Awiw\u201d. Czterech z pi\u0119ciu m\u0119\u017cczyzn skazano na kar\u0119 wi\u0119zienia, jeden otrzyma\u0142 nakaz prac spo\u0142ecznych.<\/span><\/p>\n<p style=\"text-align: left;\">\n<p style=\"text-align: left;\"><span style=\"color: #000080;\">Wi\u0119c wiemy od ko\u0144ca zesz\u0142ego roku, \u017ce t\u0142um w Amsterdamie nazwa\u0142 swoje nikczemne przedsi\u0119wzi\u0119cie \u201epolowaniem na \u017byd\u00f3w\u201d. Wiemy, \u017ce pod\u017cegali si\u0119 nawzajem do\u00a0<a style=\"color: #000080;\" href=\"https:\/\/www.thetimes.com\/world\/europe\/article\/amsterdam-football-violence-trial-jew-hunt-israel-gzjflgqv7\" target=\"_blank\" rel=\"noopener noreferrer\">\u201epobicia paru pieprzonych \u017byd\u00f3w\u201d<\/a>\u00a0. Wiemy, \u017ce paplali o oczyszczeniu Amsterdamu z tego \u201eraka\u201d \u017byd\u00f3w. Wiemy z proces\u00f3w z zesz\u0142ego tygodnia, \u017ce \u017cartowali te\u017c z Holokaustu, przywo\u0142ywali Hitlera, \u015bmiali si\u0119 z u\u015bmiercania gazem, podobno pobili Izraelczyka pasem i podobno przeprowadzili pr\u00f3b\u0119 zab\u00f3jstwa. Wszystko to z \u201ewyra\u017anie antysemickim charakterem\u201d, jak napisa\u0142a gazeta\u00a0\u201e<em>De Telegraaf\u201d.<\/em><\/span><\/p>\n<p style=\"text-align: left;\">\n<p style=\"text-align: left;\"><span style=\"color: #000080;\">A mimo to lewicowcy nadal twierdzili, \u017ce to nie by\u0142 pogrom. Nadal widzieli\u015bmy nag\u0142\u00f3wki takie jak\u00a0<a style=\"color: #000080;\" href=\"https:\/\/www.aljazeera.com\/opinions\/2024\/11\/20\/the-pogrom-that\" target=\"_blank\" rel=\"noopener noreferrer\">\u201ePogrom w Amsterdamie, kt\u00f3rego nie by\u0142o\u201d<\/a>. Nadal m\u00f3wiono nam, \u017ce kibice Maccabi mieli na to zas\u0142u\u017cy\u0107, poniewa\u017c krzyczeli obra\u017aliwe has\u0142a i zerwali flag\u0119 Palestyny. Ci kibice przynie\u015bli\u00a0<a style=\"color: #000080;\" href=\"https:\/\/www.spiked-online.com\/2024\/11\/20\/why-they-refuse-to-see-jews-as-victims\/\" target=\"_blank\" rel=\"noopener noreferrer\">\u201educha izraelskiego faszyzmu\u201d<\/a>\u00a0do Holandii, powiedzia\u0142 jeden z obserwator\u00f3w, a ludzie w Amsterdamie po prostu si\u0119 bronili. To by\u0142o obwinianie ofiar na sterydach, tak groteskowe, jak wtedy, gdy antysemici m\u00f3wili, \u017ce \u017bydzi z Niemiec sami sprowadzili na siebie\u00a0<em>Kristallnacht<\/em>, bo destabilizowali gospodark\u0119. Nic lepiej nie podsumowuje turbo-zadowolenia z rasizmu wsp\u00f3\u0142czesnej lewicy ni\u017c fakt, \u017ce gangi m\u0119\u017cczyzn powiedzia\u0142y \u201ePrzeprowadzili\u015bmy polowanie na \u017byd\u00f3w!\u201d, a ci ludzie po prostu odpowiedzieli: \u201eNie, nie zrobili tego. Oni tylko protestowali. Chwa\u0142a im\u201d. Oni nie tylko wiedz\u0105 lepiej ni\u017c \u017bydzi, wyra\u017anie wiedz\u0105 tak\u017ce lepiej ni\u017c sami sprawcy.<\/span><\/p>\n<p style=\"text-align: left;\">\n<p style=\"text-align: left;\"><span style=\"color: #000080;\">Bezlitosny cynizm tak wielu obserwator\u00f3w po pogromie w Amsterdamie obna\u017cy\u0142 neorasistowskie okrucie\u0144stwo polityki to\u017csamo\u015bci. Ich wypaczone przekonanie, \u017ce \u017bydzi nigdy nie mog\u0105 by\u0107 ofiarami, podsyca\u0142o ich zaprzeczenia, \u017ce by\u0142o to polowanie na \u017byd\u00f3w. W ko\u0144cu \u017bydzi nale\u017c\u0105 do \u201euprzywilejowanych\u201d, a arabscy migranci nale\u017c\u0105 do \u201euci\u015bnionych\u201d. I jak \u201euprzywilejowani\u201d mog\u0105 cierpie\u0107 z powodu pogromu z r\u0105k \u201euci\u015bnionych\u201d? Po\u015bwi\u0119cili prawd\u0119 o polowaniu na \u017byd\u00f3w w Amsterdamie na o\u0142tarzu ideologii. Rzucili \u017byd\u00f3w wilkom na po\u017carcie w s\u0142u\u017cbie w\u0142asnego pe\u0142nego samouwielbienia \u015bwiatopogl\u0105du. Wyparli ten pogrom z w\u0142asnej pami\u0119ci, aby zachowa\u0107 swoj\u0105 cnot\u0119. Inni ludzie zrobili to samo w Europie 80 lat temu. Nie byli ani uczciwymi ani dobrymi lud\u017ami.<\/span><\/p>\n<\/div>\n<hr style=\"height: 15px; background: #d0e6fa; width: 100%;\" \/>\n<div id=\"content\" class=\"content-alignment\">\n<div id=\"watch-description\" class=\"yt-uix-button-panel\">\n<div id=\"watch-description-text\" style=\"text-align: center;\">\n<p><em>Zawarto\u015b\u0107 publikowanych artyku\u0142\u00f3w i materia\u0142\u00f3w nie reprezentuje pogl\u0105d\u00f3w ani opinii Reunion&#8217;68,<\/em><em><br \/>\nani te\u017c webmastera Blogu Reunion&#8217;68, chyba ze jest to wyra\u017anie zaznaczone.<br \/>\nTwoje uwagi, linki, w\u0142asne artyku\u0142y lub wiadomo\u015bci prze\u015blij na adres:<br \/>\n<\/em><span style=\"color: #000080;\"><strong><em><a style=\"color: #000080;\" href=\"mailto:webmaster@reunion68.com\"><span style=\"text-decoration: underline;\">webmaster@reunion68.com<\/span><\/a><\/em><\/strong><\/span><\/p>\n<\/div>\n<\/div>\n<\/div>\n<hr style=\"width: 100%;\" \/>\n","protected":false},"excerpt":{"rendered":"<p>Polowanie na \u017byd\u00f3w w Amsterdamie w listopadzie ubieg\u0142ego roku by\u0142o jeszcze gorsze, ni\u017c my\u015bleli\u015bmy. Brendan O&#8217;Neill T\u0142umaczenie: Ma\u0142gorzata Koraszewska Polowanie na \u017byd\u00f3w w Amsterdamie w listopadzie ubieg\u0142ego roku by\u0142o jeszcze gorsze, ni\u017c my\u015bleli\u015bmy. Nazywali to szale\u0144stwo\u00a0\u201epolowaniem na \u017byd\u00f3w\u201d. Pod\u017cegali si\u0119 nawzajem do przemocy,\u00a0m\u00f3wi\u0105c\u00a0\u201emo\u017cemy ju\u017c nigdy nie mie\u0107 takiej okazji, \u017ceby pobi\u0107 paru pieprzonych \u017byd\u00f3w\u201d. Wzywali [&hellip;]<\/p>\n","protected":false},"author":1,"featured_media":0,"comment_status":"closed","ping_status":"closed","sticky":false,"template":"","format":"standard","meta":[],"categories":[6],"tags":[26,24],"_links":{"self":[{"href":"https:\/\/www.reunion68.se\/index.php?rest_route=\/wp\/v2\/posts\/119911"}],"collection":[{"href":"https:\/\/www.reunion68.se\/index.php?rest_route=\/wp\/v2\/posts"}],"about":[{"href":"https:\/\/www.reunion68.se\/index.php?rest_route=\/wp\/v2\/types\/post"}],"author":[{"embeddable":true,"href":"https:\/\/www.reunion68.se\/index.php?rest_route=\/wp\/v2\/users\/1"}],"replies":[{"embeddable":true,"href":"https:\/\/www.reunion68.se\/index.php?rest_route=%2Fwp%2Fv2%2Fcomments&post=119911"}],"version-history":[{"count":6,"href":"https:\/\/www.reunion68.se\/index.php?rest_route=\/wp\/v2\/posts\/119911\/revisions"}],"predecessor-version":[{"id":119922,"href":"https:\/\/www.reunion68.se\/index.php?rest_route=\/wp\/v2\/posts\/119911\/revisions\/119922"}],"wp:attachment":[{"href":"https:\/\/www.reunion68.se\/index.php?rest_route=%2Fwp%2Fv2%2Fmedia&parent=119911"}],"wp:term":[{"taxonomy":"category","embeddable":true,"href":"https:\/\/www.reunion68.se\/index.php?rest_route=%2Fwp%2Fv2%2Fcategories&post=119911"},{"taxonomy":"post_tag","embeddable":true,"href":"https:\/\/www.reunion68.se\/index.php?rest_route=%2Fwp%2Fv2%2Ftags&post=119911"}],"curies":[{"name":"wp","href":"https:\/\/api.w.org\/{rel}","templated":true}]}}