{"id":119935,"date":"2025-03-20T17:09:59","date_gmt":"2025-03-20T15:09:59","guid":{"rendered":"http:\/\/www.reunion68.se\/?p=119935"},"modified":"2025-03-20T10:17:36","modified_gmt":"2025-03-20T08:17:36","slug":"20-09-8","status":"publish","type":"post","link":"https:\/\/www.reunion68.se\/?p=119935","title":{"rendered":"Dziwaczne zainteresowanie Mahmoudem Khalilem"},"content":{"rendered":"<p><img decoding=\"async\" src=\"https:\/\/cdn.kpbs.org\/dims4\/default\/71d1795\/2147483647\/strip\/true\/crop\/6616x4075+0+444\/resize\/1760x1084!\/format\/webp\/quality\/90\/?url=https%3A%2F%2Fnpr.brightspotcdn.com%2Fdims3%2Fdefault%2Fstrip%2Ffalse%2Fcrop%2F6616x4962%200%200%2Fresize%2F6616x4962%21%2F%3Furl%3Dhttp%3A%2F%2Fnpr-brightspot.s3.amazonaws.com%2F11%2F00%2Fcc12f4464e198cccf45d6fbc50c5%2Fap25069542664857.jpg\" width=\"100%\" \/>Mahmoud Khalil to ten w \u015brodku, z w\u0105sami.<\/p>\n<hr \/>\n<h5 style=\"text-align: center;\"><a href=\"https:\/\/www.listyznaszegosadu.pl\/\" target=\"_blank\" rel=\"noopener noreferrer\"><img decoding=\"async\" class=\"center alignleft\" src=\"http:\/\/www.reunion68.com\/Biuletyn\/img\/z-naszego.jpg\" alt=\"\" width=\"50%\" \/><\/a><span style=\"text-decoration: underline; color: #000080;\"><strong><a style=\"color: #000080; text-decoration: underline;\" href=\"https:\/\/www.listyznaszegosadu.pl\/notatki\/dziwaczne-zainteresowanie-mahmoudem-khalilem\" target=\"_blank\" rel=\"noopener noreferrer\">Dziwaczne zainteresowanie Mahmoudem Khalilem<\/a><\/strong><\/span><\/h5>\n<p style=\"text-align: center;\"><span style=\"color: #000000;\"><strong>Hugh Fitzgerald<br \/>\n<\/strong><span style=\"color: #808080;\"><em>T\u0142umaczenie:<\/em> <\/span><strong>Ma\u0142gorzata Koraszewska<\/strong><\/span><\/p>\n<hr style=\"height: 15px; background: #d0e6fa; width: 100%;\" \/>\n<div class=\"templateArticleIngress\">\n<p style=\"text-align: left;\"><span style=\"color: #000080;\">By\u0142em zdumiony, gdy 10 marca s\u0142ucha\u0142em radia\u00a0<em>NPR<\/em>, poniewa\u017c w ka\u017cdym wydaniu wiadomo\u015bci przez ca\u0142y dzie\u0144 a\u017c do godziny 16:00 (w\u0142\u0105cza\u0142em\u00a0<em>NPR<\/em>\u00a0co godzin\u0119, \u017ceby sprawdzi\u0107}, pierwsza lub druga wiadomo\u015b\u0107 nie dotyczy\u0142a ponad 1000 alawickich cywil\u00f3w zamordowanych w Latakii, ani masakr w Sudanie, ani rosyjskich rakiet wystrzelonych w\u0142a\u015bnie na Ukrain\u0119, ani batalii bud\u017cetowej w Kongresie, ani wyboru Marka Carneya na premiera Kanady, ani ce\u0142 na Meksyk, Chiny i Kanad\u0119.<\/span><\/p>\n<p style=\"text-align: left;\">\n<span style=\"color: #000080;\">Nie, ta pierwsza (lub druga) wiadomo\u015b\u0107 dotyczy\u0142a Mahmuda Khalila, palesty\u0144skiego studenta uniwersytetu Columbia, kt\u00f3remu w\u0142a\u015bnie odebrano zielon\u0105 kart\u0119 i kt\u00f3ry zosta\u0142 zatrzymany przez ICE z zamiarem deportowania go.<\/span><\/p>\n<\/div>\n<p style=\"text-align: left;\">\n<div class=\"templateArticleBrodtext\">\n<p style=\"text-align: left;\"><span style=\"color: #000080;\">Zastanawia\u0142em si\u0119, sk\u0105d to przesadne zainteresowanie statusem tego raczej ma\u0142o atrakcyjnego osobnika.<\/span><\/p>\n<p style=\"text-align: left;\">\n<span style=\"color: #000080;\">Cho\u0107 w\u0142a\u015bciwie nie zastanawia\u0142em si\u0119, poniewa\u017c historia niewinnego cz\u0142owieka schwytanego przez przera\u017caj\u0105cych agent\u00f3w ICE (buty wojskowe, brunatne koszule, wstaw sw\u00f3j ulubiony str\u00f3j nazistowski) \u0142\u0105czy w sobie kilka modnych w\u0105tk\u00f3w: po pierwsze, prze\u015bladowany Palesty\u0144czyk odwa\u017cnie m\u00f3wi\u0105cy prawd\u0119 w\u0142adzy, czyli wszechmocnemu lobby syjonistycznemu; ludzki aspekt, kt\u00f3ry porusza nasze serca \u2014 Khalil ma \u017con\u0119, kt\u00f3ra jest w \u00f3smym miesi\u0105cu ci\u0105\u017cy, a teraz, podczas gdy ona pozostaje w akademiku Uniwersytetu Columbia, jej m\u0105\u017c znajduje si\u0119 w areszcie ICE w o\u015brodku internowania La Salle w Luizjanie; po trzecie, kolejny przyk\u0142ad czystej okropno\u015bci okrutnej i despotycznej administracji Trumpa.<\/span><\/p>\n<p style=\"text-align: left;\">\n<span style=\"color: #000080;\">Ci sami, co zwykle, byli oburzeni tym \u201eatakiem na wolno\u015b\u0107 s\u0142owa\u201d. Oto kilku oburzonych:\u00a0<em>Knight Institute, NYCLU pot\u0119piaj\u0105 aresztowanie Mahmouda Khalila, SIPA &#8217;24, wzywaj\u0105 uniwersytety do ochrony student\u00f3w i wyk\u0142adowc\u00f3w<\/em>, autorstwa Mirandy Lu,\u00a0\u201eColumbia Spectator\u201d, 10 marca 2025 r.:<\/span><\/p>\n<blockquote><p><strong>\u201eAresztowanie i gro\u017cenie deportacj\u0105 student\u00f3w z powodu ich udzia\u0142u w protestach politycznych to rodzaj dzia\u0142a\u0144, kt\u00f3re zazwyczaj kojarzy si\u0119 z najbardziej represyjnymi re\u017cimami \u015bwiata \u2013 napisa\u0142 Jameel Jaffer, dyrektor wykonawczy Knight Institute, w niedzielnym o\u015bwiadczeniu. &#8211; To naprawd\u0119 szokuj\u0105ce, \u017ce to dzieje si\u0119 w\u0142a\u015bnie tutaj\u201d.<\/strong><\/p><\/blockquote>\n<p style=\"text-align: left;\"><span style=\"color: #000080;\">Nie, \u201enajbardziej represyjne re\u017cimy \u015bwiata\u201d nie tylko cofaj\u0105 wizy dysydentom. Dokonuj\u0105 egzekucji tych, kt\u00f3rzy anga\u017cuj\u0105 si\u0119 w protesty polityczne: patrz Iran, Chiny, Rosja, Syria pod rz\u0105dami Assada jako przyk\u0142ady.<\/span><\/p>\n<blockquote>\n<p style=\"text-align: left;\"><strong>Donna Lieberman, dyrektor wykonawcza NYCLU, okre\u015bli\u0142a zatrzymanie Khalila jako \u201ecelowy, odwetowy i skrajny atak na jego prawa gwarantowane Pierwsz\u0105 Poprawk\u0105\u201d i w niedzielnym o\u015bwiadczeniu pot\u0119pi\u0142a administracj\u0119 Trumpa.<\/strong><\/p>\n<p style=\"text-align: left;\">\n<strong>\u201eNielegalne zatrzymanie pana Khalila \u015bmierdzi maccartyzmem \u2013 napisa\u0142a Lieberman. &#8211; Jasne jest, \u017ce administracja Trumpa wybi\u00f3rczo karze pana Khalila za wyra\u017canie pogl\u0105d\u00f3w, kt\u00f3re nie s\u0105 zatwierdzone przez MAGA \u2013 co jest przera\u017caj\u0105c\u0105 eskalacj\u0105 represji Trumpa wobec wypowiedzi propalesty\u0144skich i agresywnym nadu\u017cyciem prawa imigracyjnego\u201d.<\/strong><\/p>\n<\/blockquote>\n<p style=\"text-align: left;\"><span style=\"color: #000080;\">By\u0142y te\u017c o\u015bwiadczenia Ilhan Omar (D-Mogadiszu), kt\u00f3ra napisa\u0142a na Twitterze: \u201eabsolutnie oburzaj\u0105ce. To jest nie-ameryka\u0144skie. Przymusowe zagini\u0119cie Mahmouda Khalila tylko za konstytucyjnie chronion\u0105 mow\u0119\u201d.<\/span><\/p>\n<p style=\"text-align: left;\">\n<span style=\"color: #000080;\">\u201ePrzymusowe zagini\u0119cie\u201d Mahmouda Khalila? Omar chcia\u0142a tym okre\u015bleniem przypomnie\u0107 nam o studentach zamordowanych przez argenty\u0144skie wojsko; stali si\u0119 znani jako \u201e<em>los deparecidos<\/em>\u201d, \u201ezaginieni\u201d.<\/span><\/p>\n<p style=\"text-align: left;\">\n<span style=\"color: #000080;\">\u201eZagini\u0119cie\u201d kogo\u015b oznacza zabicie go. Mahmoud Khalil nie zosta\u0142 zabity. Nikt nie tkn\u0105\u0142 ani jednego w\u0142osa na jego g\u0142owie. Po prostu odm\u00f3wiono mu wielkiego przywileju posiadania ameryka\u0144skiej zielonej karty. B\u0119dzie mia\u0142 r\u00f3wnie\u017c nale\u017cyty proces \u2014 przes\u0142uchanie przed s\u0119dzi\u0105 imigracyjnym.<\/span><\/p>\n<p style=\"text-align: left;\">\n<span style=\"color: #000080;\">Potem by\u0142a Rashida Tlaib (D-Jenin), kt\u00f3ra wtr\u0105ci\u0142a swoje histeryczne uwagi:<\/span><\/p>\n<blockquote>\n<p style=\"text-align: left;\"><strong>Uwolni\u0107 Mahmouda Khalila. To jest wzi\u0119te prosto z faszystowskiego podr\u0119cznika. Kryminalizacja sprzeciwu jest atakiem na nasz\u0105 Pierwsz\u0105 Poprawk\u0119 i wolno\u015b\u0107 s\u0142owa &#8211; powiedzia\u0142a Tlaib, kt\u00f3ry reprezentuje Michigan. &#8211; Uniewa\u017cnienie czyjej\u015b zielonej karty za wyra\u017cenie pogl\u0105d\u00f3w politycznych jest nielegalne. Protestowanie przeciwko ludob\u00f3jstwu nie jest przest\u0119pstwem.<\/strong><\/p>\n<\/blockquote>\n<p style=\"text-align: left;\"><span style=\"color: #000080;\">A inna cz\u0142onkini Szwadronu, przedstawicielka Nowego Jorku Alexandria Ocasio-Cortez (D-Jack Daniels) powiedzia\u0142a, \u017ce aresztowanie mo\u017ce stworzy\u0107 niebezpieczny precedens. Wiecie, od kamyczka do rzemyczka: najpierw przyszli po Mahmouda Khalila, a wkr\u00f3tce przyjd\u0105 po wszystkich muzu\u0142man\u00f3w, a potem, na koniec, przyjd\u0105 po ciebie i mnie. Jest zaniepokojona zdolno\u015bci\u0105 rz\u0105du do \u201eznikania obywateli USA\u201d:<\/span><\/p>\n<blockquote>\n<p style=\"text-align: left;\"><strong>Je\u015bli rz\u0105d federalny mo\u017ce pozbawi\u0107 sta\u0142ego rezydenta USA statusu legalnego rezydenta bez powodu lub nakazu, to mo\u017ce r\u00f3wnie\u017c przymusowo porywa\u0107 obywateli USA &#8211; napisa\u0142a na X Ocasio-Cortez \u2013 Ka\u017cdy, z lewicy, prawicy lub centrum, kto podkre\u015bla znaczenie praw konstytucyjnych + wolno\u015bci s\u0142owa, powinien teraz bi\u0107 na alarm.<\/strong><\/p>\n<\/blockquote>\n<p style=\"text-align: left;\"><span style=\"color: #000080;\">CAIR utworzy\u0142 specjaln\u0105 stron\u0119 po\u015bwi\u0119con\u0105 Mahmudowi Khalilowi i list protestacyjny, kt\u00f3ry mo\u017cesz podpisa\u0107 przeciwko jego brutalnemu traktowaniu:<\/span><\/p>\n<blockquote>\n<p style=\"text-align: left;\"><strong>Aresztowanie Mahmouda Khalila, kt\u00f3ry ma zielon\u0105 kart\u0119, stanowi szokuj\u0105c\u0105 eskalacj\u0119 obietnicy prezydenta Trumpa, \u017ce b\u0119dzie kara\u0142 chronione konstytucyjnie wypowiedzi i aktywizm. To aresztowanie i zatrzymanie z powodu or\u0119downictwa Khalila na rzecz praw Palesty\u0144czyk\u00f3w stanowi niebezpieczny precedens i zagra\u017ca wolno\u015bciom obywatelskim nas wszystkich. Wzywamy do natychmiastowego uwolnienia Khalila i pot\u0119piamy wszelkie pr\u00f3by zagro\u017cenia \u015brodk\u00f3w utrzymania jednostek z powodu ich sprzeciwu.<\/strong><\/p>\n<p style=\"text-align: left;\">\n<strong>CAIR-NY solidaryzuje si\u0119 z Mahmoudem Khalilem i wszystkimi, kt\u00f3rzy korzystaj\u0105 z prawa do walki o sprawiedliwo\u015b\u0107 i prawa cz\u0142owieka, i przy\u0142\u0105cza si\u0119 do apeli domagaj\u0105cych si\u0119 natychmiastowego uwolnienia<\/strong><\/p>\n<p style=\"text-align: left;\">\n<strong>Szokuj\u0105ca eskalacja&#8230; kara za korzystanie z wolno\u015bci s\u0142owa chronionej konstytucyjnie&#8230; niebezpieczny precedens&#8230; zagra\u017ca wolno\u015bciom obywatelskim wszystkich&#8230; itd., itd.<\/strong><\/p>\n<\/blockquote>\n<p style=\"text-align: left;\"><span style=\"color: #000080;\">O straszne, straszne, najstraszniejsze!<\/span><\/p>\n<p style=\"text-align: left;\">\n<span style=\"color: #000080;\">Ale pomijaj\u0105c histeri\u0119, jakie s\u0105 powody deportacji Mahmouda Khalila?<\/span><\/p>\n<p style=\"text-align: left;\">\n<span style=\"color: #000080;\">Elder of Ziyon ma kilka uwag na ten temat tutaj:\u00a0<em>The legal case to deport Mahmoud Khalil of \u2018Columbia University Apartheid Divest\u2019 is airtight<\/em>, Elder of Ziyon, 10 marca 2025 r.:<\/span><\/p>\n<blockquote>\n<p style=\"text-align: left;\"><strong>Gdy zapoznamy si\u0119 z odpowiednimi przepisami USA, sprawa deportacji Mahmouda Khalila staje si\u0119 niepodwa\u017calna\u2026<\/strong><\/p>\n<p style=\"text-align: left;\">\n<strong>Departament Bezpiecze\u0144stwa Krajowego (DHS) o\u015bwiadczy\u0142, \u017ce Khalil zosta\u0142 zatrzymany \u201ew oparciu o dekrety prezydenta Trumpa zakazuj\u0105ce antysemityzmu\u201d, zarzucaj\u0105c mu udzia\u0142 w \u201edzia\u0142aniach powi\u0105zanych z Hamasem, uznanym za organizacj\u0119 terrorystyczn\u0105\u201d.<\/strong><\/p>\n<p style=\"text-align: left;\">\n<strong>Jakie s\u0105 podstawy prawne aresztowania?<\/strong><\/p>\n<p style=\"text-align: left;\"><strong>Khalil jest sta\u0142ym rezydentem USA i posiada zielon\u0105 kart\u0119.<\/strong><\/p>\n<p style=\"text-align: left;\"><strong>Zgodnie z 8 Kodeksem Stan\u00f3w Zjednoczonych \u00a7 1227 \u2013 Cudzoziemcy podlegaj\u0105cy deportacji, \u201eKa\u017cdy cudzoziemiec opisany w podpunkcie (B) lub (F) sekcji 1182(a)(3) niniejszego tytu\u0142u podlega deportacji\u201d\u2026<\/strong><\/p>\n<p style=\"text-align: left;\">\n<strong>Nie ma te\u017c w\u0105tpliwo\u015bci, \u017ce CUAD opowiada si\u0119 za i popiera dzia\u0142alno\u015b\u0107 terrorystyczn\u0105. Na przyk\u0142ad w pierwsz\u0105 rocznic\u0119 7 pa\u017adziernika rozdawa\u0142 na terenie kampusu gazety zatytu\u0142owane \u201eThe New York War Crimes\u201d, kt\u00f3re zawiera\u0142y t\u0119 ca\u0142ostronicowe \u201eog\u0142oszenie\u201d.<\/strong><\/p>\n<\/blockquote>\n<\/div>\n<p><a name=\"block2\"><\/a><br \/>\n<img decoding=\"async\" class=\"aligncenter\" src=\"https:\/\/www.listyznaszegosadu.pl\/upload\/article\/bild\/2758\/1080179\/alice_s.png\" \/><\/p>\n<blockquote>\n<p style=\"text-align: left;\"><strong>Opr\u00f3cz tego, skandowane okrzyki CUAD zawieraj\u0105 wyra\u017ane poparcie dla Hamasu (\u201eTak, wszyscy jeste\u015bmy Hamasem, \u015bwinio!\u201d i \u201eAl-Kassam, sprawiasz, \u017ce jeste\u015bmy dumni, zabij teraz kolejnego \u017co\u0142nierza\u201d).<\/strong><\/p>\n<p style=\"text-align: left;\">\n<strong>Jednak nawet bez wyra\u017anego poparcia dla Hamasu, CUAD wielokrotnie chwali\u0142 \u201eop\u00f3r\u201d, a \u201eop\u00f3r\u201d ten jest terroryzmem.<\/strong><\/p>\n<p style=\"text-align: left;\">\n<strong>Jednym z przyk\u0142ad\u00f3w jest to, \u017ce chwalili strzelanin\u0119 z 1 pa\u017adziernika w Tel Awiwie, w kt\u00f3rej zgin\u0119\u0142o siedmiu cywil\u00f3w, m\u00f3wi\u0105c: \u201e1 pa\u017adziernika w Tel Awiwie dosz\u0142o do strzelaniny, kt\u00f3rej celem by\u0142y izraelskie si\u0142y bezpiecze\u0144stwa i osadnicy. Ten \u015bmia\u0142y atak ma miejsce w trakcie trwaj\u0105cej eskalacji przemocy w regionie i podkre\u015bla rosn\u0105c\u0105 determinacj\u0119 tych, kt\u00f3rzy stawiaj\u0105 op\u00f3r izraelskiej okupacji\u201d.<\/strong><\/p>\n<p style=\"text-align: left;\">\n<strong>Apologeci palesty\u0144skiego terroru udaj\u0105, \u017ce to kwestia wolno\u015bci s\u0142owa. New York Civil Liberties Union pot\u0119pi\u0142 jego zatrzymanie:<\/strong><\/p>\n<p style=\"text-align: left;\">\n<strong>\u201eZatrzymanie przez administracj\u0119 Trumpa Mahmouda Khalila \u2013 posiadacza zielonej karty studiuj\u0105cego w tym kraju legalnie \u2013 jest celowe, odwetowe i stanowi skrajny atak na jego prawa wynikaj\u0105ce z Pierwszej Poprawki\u201d.<\/strong><\/p>\n<p style=\"text-align: left;\">\n<strong>Pierwsza Poprawka jest w tym przypadku nieistotna.<\/strong><\/p>\n<p style=\"text-align: left;\">\n<strong>W kontek\u015bcie przytoczonych przeze mnie kodeks\u00f3w prawnych CUAD mo\u017ce mie\u0107 lub nie mie\u0107 prawa do chwalenia terroryzmu w ramach wolno\u015bci s\u0142owa, ale fakt, \u017ce chwali terroryzm i akty terrorystyczne, a tak\u017ce pozycja Khalila jako ich przedstawiciela, to jedyne kwestie, kt\u00f3re maj\u0105 tu znaczenie.<\/strong><\/p>\n<p style=\"text-align: left;\">\n<strong>Innymi s\u0142owy, to w\u0142a\u015bnie Pierwsza Poprawka, kt\u00f3ra mo\u017ce pozwoli\u0107 CUAD na publiczne chwalenie terroru Hamasu, dowodzi, \u017ce Khalil z\u0142ama\u0142 prawo\u2026<\/strong><\/p>\n<\/blockquote>\n<p style=\"text-align: left;\"><span style=\"color: #000080;\">Teraz kolej na was, Jameel, Ilhan, Rashida, Alexandria, Nihad, Donna i wielu innych \u2014 jaka jest wasza odpowied\u017a?<\/span><\/p>\n<hr style=\"height: 15px; background: #d0e6fa; width: 100%;\" \/>\n<div id=\"content\" class=\"content-alignment\">\n<div id=\"watch-description\" class=\"yt-uix-button-panel\">\n<div id=\"watch-description-text\" style=\"text-align: center;\">\n<p><em>Zawarto\u015b\u0107 publikowanych artyku\u0142\u00f3w i materia\u0142\u00f3w nie reprezentuje pogl\u0105d\u00f3w ani opinii Reunion&#8217;68,<\/em><em><br \/>\nani te\u017c webmastera Blogu Reunion&#8217;68, chyba ze jest to wyra\u017anie zaznaczone.<br \/>\nTwoje uwagi, linki, w\u0142asne artyku\u0142y lub wiadomo\u015bci prze\u015blij na adres:<br \/>\n<\/em><span style=\"color: #000080;\"><strong><em><a style=\"color: #000080;\" href=\"mailto:webmaster@reunion68.com\"><span style=\"text-decoration: underline;\">webmaster@reunion68.com<\/span><\/a><\/em><\/strong><\/span><\/p>\n<\/div>\n<\/div>\n<\/div>\n<hr style=\"width: 100%;\" \/>\n","protected":false},"excerpt":{"rendered":"<p>Mahmoud Khalil to ten w \u015brodku, z w\u0105sami. Dziwaczne zainteresowanie Mahmoudem Khalilem Hugh Fitzgerald T\u0142umaczenie: Ma\u0142gorzata Koraszewska By\u0142em zdumiony, gdy 10 marca s\u0142ucha\u0142em radia\u00a0NPR, poniewa\u017c w ka\u017cdym wydaniu wiadomo\u015bci przez ca\u0142y dzie\u0144 a\u017c do godziny 16:00 (w\u0142\u0105cza\u0142em\u00a0NPR\u00a0co godzin\u0119, \u017ceby sprawdzi\u0107}, pierwsza lub druga wiadomo\u015b\u0107 nie dotyczy\u0142a ponad 1000 alawickich cywil\u00f3w zamordowanych w Latakii, ani masakr [&hellip;]<\/p>\n","protected":false},"author":1,"featured_media":0,"comment_status":"closed","ping_status":"closed","sticky":false,"template":"","format":"standard","meta":[],"categories":[6],"tags":[26,24],"_links":{"self":[{"href":"https:\/\/www.reunion68.se\/index.php?rest_route=\/wp\/v2\/posts\/119935"}],"collection":[{"href":"https:\/\/www.reunion68.se\/index.php?rest_route=\/wp\/v2\/posts"}],"about":[{"href":"https:\/\/www.reunion68.se\/index.php?rest_route=\/wp\/v2\/types\/post"}],"author":[{"embeddable":true,"href":"https:\/\/www.reunion68.se\/index.php?rest_route=\/wp\/v2\/users\/1"}],"replies":[{"embeddable":true,"href":"https:\/\/www.reunion68.se\/index.php?rest_route=%2Fwp%2Fv2%2Fcomments&post=119935"}],"version-history":[{"count":5,"href":"https:\/\/www.reunion68.se\/index.php?rest_route=\/wp\/v2\/posts\/119935\/revisions"}],"predecessor-version":[{"id":119944,"href":"https:\/\/www.reunion68.se\/index.php?rest_route=\/wp\/v2\/posts\/119935\/revisions\/119944"}],"wp:attachment":[{"href":"https:\/\/www.reunion68.se\/index.php?rest_route=%2Fwp%2Fv2%2Fmedia&parent=119935"}],"wp:term":[{"taxonomy":"category","embeddable":true,"href":"https:\/\/www.reunion68.se\/index.php?rest_route=%2Fwp%2Fv2%2Fcategories&post=119935"},{"taxonomy":"post_tag","embeddable":true,"href":"https:\/\/www.reunion68.se\/index.php?rest_route=%2Fwp%2Fv2%2Ftags&post=119935"}],"curies":[{"name":"wp","href":"https:\/\/api.w.org\/{rel}","templated":true}]}}