{"id":119994,"date":"2025-03-23T17:09:13","date_gmt":"2025-03-23T15:09:13","guid":{"rendered":"http:\/\/www.reunion68.se\/?p=119994"},"modified":"2025-03-23T14:56:01","modified_gmt":"2025-03-23T12:56:01","slug":"23-09-106","status":"publish","type":"post","link":"https:\/\/www.reunion68.se\/?p=119994","title":{"rendered":"Izrael zaatakowa\u0142 cele w Libanie. To odpowied\u017a na przechwycone rakiety"},"content":{"rendered":"<p style=\"text-align: center;\"><img decoding=\"async\" class=\"aligncenter\" src=\"https:\/\/bi.im-g.pl\/im\/33\/51\/1e\/z31792179AMP,22-03-2025--atak-Izraela-na-Liban.jpg\" width=\"100%\" \/><span style=\"color: #808080;\"><em>22.03.2025, atak Izraela na Liban (Fot. REUTERS\/Karamallah Daher)<\/em><\/span><\/p>\n<hr \/>\n<h5 style=\"text-align: center;\"><a href=\"https:\/\/wyborcza.pl\/\" target=\"_blank\" rel=\"noopener noreferrer\"><img decoding=\"async\" class=\"center alignleft\" src=\"http:\/\/www.reunion68.com\/Biuletyn\/img\/wyborcza.png\" alt=\"\" width=\"35%\" \/><\/a><span style=\"text-decoration: underline; color: #000080;\"><strong><a style=\"color: #000080; text-decoration: underline;\" href=\"https:\/\/wyborcza.pl\/7,75399,31791858,rzad-izraela-rozkazal-armii-zaatakowanie-celow-terrorystycznych.html#S.index-K.C-B.1-L.1.duzy\" target=\"_blank\" rel=\"noopener noreferrer\">Izrael zaatakowa\u0142 cele w Libanie. To odpowied\u017a na przechwycone rakiety<\/a><\/strong><\/span><\/h5>\n<p style=\"text-align: center;\"><span style=\"color: #000000;\"><strong>Wojciech Podg\u00f3rski\/PAP<\/strong><\/span><\/p>\n<hr style=\"height: 15px; background: #d0e6fa; width: 100%;\" \/>\n<div class=\"text--lead \" style=\"text-align: left;\" data-progress-bar-content=\"\"><span style=\"color: #000080;\">Izraelski rz\u0105d rozkaza\u0142 si\u0142om zbrojnym przeprowadzenie atak\u00f3w na kilkadziesi\u0105t cel\u00f3w w Libanie &#8211; poda\u0142a w sobot\u0119 agencja Reutera. Izraelska armia poinformowa\u0142a nast\u0119pnie o atakowaniu cel\u00f3w Hezbollahu na po\u0142udniu tego kraju.<\/span><\/div>\n<div class=\"article--content article--content-free  \">\n<p class=\"text--paragraph\" style=\"text-align: left;\"><span style=\"color: #000080;\">&#8220;W odpowiedzi na poranny ostrza\u0142 rakietowy (wymierzony w)\u00a0Izrael\u00a0premier Benjamin Netanjahu i minister obrony Israel\u00a0<a style=\"color: #000080;\" href=\"https:\/\/wyborcza.pl\/TylkoZdrowie\/7,137474,25554681,jak-nie-miec-kaca.html#anchorLink\">Kac<\/a>\u00a0rozkazali Si\u0142om Obronnym\u00a0Izraela, by podj\u0119\u0142y silne dzia\u0142ania przeciwko dziesi\u0105tkom cel\u00f3w terrorystycznych w Libanie&#8221; &#8211; powiadomi\u0142 szef\u00a0izraelskiego rz\u0105du w o\u015bwiadczeniu.<\/span><\/p>\n<p class=\"text--paragraph\" style=\"text-align: left;\"><span style=\"color: #000080;\">Po wydaniu tego komunikatu armia poinformowa\u0142a o atakowaniu cel\u00f3w Hezbollahu na po\u0142udniu Libanu. Jak poda\u0142a liba\u0144ska telewizja pa\u0144stwowa, w wyniku\u00a0izraelskiego ostrza\u0142u miejscowo\u015bci Touline na po\u0142udniu kraju zgin\u0119\u0142a jedna osoba, a trzy zosta\u0142y ranne.<\/span><\/p>\n<p class=\"text--paragraph\" style=\"text-align: left;\"><span style=\"color: #000080;\">Si\u0142y pokojowe ONZ (UNIFIL) w Libanie ostrzeg\u0142y, \u017ce eskalacja na granicy liba\u0144sko-izraelskiej mo\u017ce mie\u0107 &#8220;powa\u017cne konsekwencje dla regionu&#8221;.<\/span><\/p>\n<div class=\"text--embed\" style=\"text-align: left;\"><\/div>\n<p class=\"text--paragraph\" style=\"text-align: left;\"><span style=\"color: #000080;\">Wcze\u015bniej tego dnia izraelska armia przekaza\u0142a, \u017ce obrona przeciwlotnicza przechwyci\u0142a rakiety nad przygranicznym miasteczkiem Metulla, zanim zd\u0105\u017cy\u0142y spowodowa\u0107 jakiekolwiek straty. Podkre\u015blono, \u017ce ataku dokonano mimo obowi\u0105zuj\u0105cego zawieszenia broni w konflikcie z liba\u0144skim ugrupowaniem terrorystycznym Hezbollah.<\/span><\/p>\n<h4 class=\"text--title font-head-700\"><strong>Premier Libanu ostrzeg\u0142 przed wznowieniem dzia\u0142a\u0144 militarnych na po\u0142udniu kraju<\/strong><\/h4>\n<p class=\"text--paragraph\" style=\"text-align: left;\"><span style=\"color: #000080;\">Dotychczas nikt nie przyzna\u0142 si\u0119 do przeprowadzenia uderze\u0144 na\u00a0Izrael. Izraelski minister obrony powiedzia\u0142, \u017ce rz\u0105d Libanu ponosi odpowiedzialno\u015b\u0107 za wszelkie wystrzeliwane z jego terytorium rakiety.\u00a0Doda\u0142, \u017ce rozkaza\u0142 wojsku, aby &#8220;odpowiednio&#8221; zareagowa\u0142o na ostrza\u0142.<\/span><\/p>\n<p class=\"text--paragraph\" style=\"text-align: left;\"><span style=\"color: #000080;\">Z kolei premier Libanu Nawaf Salam ostrzeg\u0142 przed wznowieniem dzia\u0142a\u0144 militarnych. &#8211; Trzeba podj\u0105\u0107 wszystkie \u015brodki bezpiecze\u0144stwa i \u015brodki militarne, by pokaza\u0107, \u017ce to Liban decyduje o wojnie i pokoju &#8211; o\u015bwiadczy\u0142.<\/span><\/p>\n<\/div>\n<p style=\"text-align: left;\"><span style=\"color: #000080;\">Wczesnym popo\u0142udniem si\u0142y zbrojne Libanu powiadomi\u0142y o zlokalizowaniu i zniszczeniu trzech prowizorycznych wyrzutni rakietowych, kt\u00f3re zosta\u0142y wykorzystane podczas porannego ataku na\u00a0Izrael.<\/span><\/p>\n<p class=\"text--paragraph\" style=\"text-align: left;\"><span style=\"color: #000080;\"><a id=\"LinkArea:embed_link\" class=\"text--link \" style=\"color: #000080;\" title=\"Od ko\u0144ca listopada 2024 r. obowi\u0105zuje rozejm, kt\u00f3ry zak\u0142ada wycofanie si\u0119 z po\u0142udnia Libanu zar\u00f3wno wojsk\u00a0izraelskich, jak i si\u0142 Hezbollahu\" href=\"https:\/\/wyborcza.pl\/7,75399,31497265,rozejm-miedzy-izraelem-i-hezbollahem-co-oznacza-dla-regionu.html#S.embed_link-K.C-B.1-L.1.zw\" rel=\"dofollow\" data-bd-viewability=\"1\" data-bd-viewability-id=\"embed_link\" data-bd-viewability-href=\"https:\/\/wyborcza.pl\/7,75399,31497265,rozejm-miedzy-izraelem-i-hezbollahem-co-oznacza-dla-regionu.html#S.embed_link-K.C-B.1-L.1.zw\">Od ko\u0144ca listopada 2024 r. obowi\u0105zuje rozejm, kt\u00f3ry zak\u0142ada wycofanie si\u0119 z po\u0142udnia Libanu zar\u00f3wno wojsk\u00a0izraelskich, jak i si\u0142 Hezbollahu<\/a>\u00a0oraz przej\u0119cie kontroli nad tym terenem przez regularn\u0105 armi\u0119 liba\u0144sk\u0105. Mimo to cz\u0119\u015b\u0107\u00a0izraelskich oddzia\u0142\u00f3w pozosta\u0142a na kilku przygranicznych posterunkach. Lotnictwo\u00a0Izraela wielokrotnie atakowa\u0142o te\u017c cele na terytorium Libanu, zastrzegaj\u0105c, \u017ce by\u0142y to operacje wymierzone w si\u0142y Hezbollahu naruszaj\u0105ce rozejm.<\/span><\/p>\n<p class=\"text--paragraph\" style=\"text-align: left;\"><span style=\"color: #000080;\">W ubieg\u0142ym tygodniu rz\u0105dy\u00a0Izraela i Libanu zgodzi\u0142y si\u0119 na rozpocz\u0119cie rozm\u00f3w w sprawie wytyczenia granicy l\u0105dowej mi\u0119dzy oboma pa\u0144stwami. Obecnie oddziela je tzw. Niebieska Linia, uznawana za faktyczn\u0105 granic\u0119, ale wci\u0105\u017c tocz\u0105 si\u0119 spory o jej dok\u0142adny przebieg. W rozmowach na ten temat, obok zainteresowanych stron, uczestnicz\u0105 te\u017c przedstawiciele USA i\u00a0<a style=\"color: #000080;\" href=\"https:\/\/wyborcza.pl\/0,128956.html?tag=francja#anchorLink\">Francji<\/a>.<\/span><\/p>\n<hr style=\"height: 15px; background: #d0e6fa; width: 100%;\" \/>\n<div id=\"content\" class=\"content-alignment\">\n<div id=\"watch-description\" class=\"yt-uix-button-panel\">\n<div id=\"watch-description-text\" style=\"text-align: center;\">\n<p><em>Zawarto\u015b\u0107 publikowanych artyku\u0142\u00f3w i materia\u0142\u00f3w nie reprezentuje pogl\u0105d\u00f3w ani opinii Reunion&#8217;68,<\/em><em><br \/>\nani te\u017c webmastera Blogu Reunion&#8217;68, chyba ze jest to wyra\u017anie zaznaczone.<br \/>\nTwoje uwagi, linki, w\u0142asne artyku\u0142y lub wiadomo\u015bci prze\u015blij na adres:<br \/>\n<\/em><span style=\"color: #000080;\"><strong><em><a style=\"color: #000080;\" href=\"mailto:webmaster@reunion68.com\"><span style=\"text-decoration: underline;\">webmaster@reunion68.com<\/span><\/a><\/em><\/strong><\/span><\/p>\n<\/div>\n<\/div>\n<\/div>\n<hr style=\"width: 100%;\" \/>\n","protected":false},"excerpt":{"rendered":"<p>22.03.2025, atak Izraela na Liban (Fot. REUTERS\/Karamallah Daher) Izrael zaatakowa\u0142 cele w Libanie. To odpowied\u017a na przechwycone rakiety Wojciech Podg\u00f3rski\/PAP Izraelski rz\u0105d rozkaza\u0142 si\u0142om zbrojnym przeprowadzenie atak\u00f3w na kilkadziesi\u0105t cel\u00f3w w Libanie &#8211; poda\u0142a w sobot\u0119 agencja Reutera. Izraelska armia poinformowa\u0142a nast\u0119pnie o atakowaniu cel\u00f3w Hezbollahu na po\u0142udniu tego kraju. &#8220;W odpowiedzi na poranny ostrza\u0142 [&hellip;]<\/p>\n","protected":false},"author":1,"featured_media":0,"comment_status":"closed","ping_status":"closed","sticky":false,"template":"","format":"standard","meta":[],"categories":[6],"tags":[26,24],"_links":{"self":[{"href":"https:\/\/www.reunion68.se\/index.php?rest_route=\/wp\/v2\/posts\/119994"}],"collection":[{"href":"https:\/\/www.reunion68.se\/index.php?rest_route=\/wp\/v2\/posts"}],"about":[{"href":"https:\/\/www.reunion68.se\/index.php?rest_route=\/wp\/v2\/types\/post"}],"author":[{"embeddable":true,"href":"https:\/\/www.reunion68.se\/index.php?rest_route=\/wp\/v2\/users\/1"}],"replies":[{"embeddable":true,"href":"https:\/\/www.reunion68.se\/index.php?rest_route=%2Fwp%2Fv2%2Fcomments&post=119994"}],"version-history":[{"count":4,"href":"https:\/\/www.reunion68.se\/index.php?rest_route=\/wp\/v2\/posts\/119994\/revisions"}],"predecessor-version":[{"id":120002,"href":"https:\/\/www.reunion68.se\/index.php?rest_route=\/wp\/v2\/posts\/119994\/revisions\/120002"}],"wp:attachment":[{"href":"https:\/\/www.reunion68.se\/index.php?rest_route=%2Fwp%2Fv2%2Fmedia&parent=119994"}],"wp:term":[{"taxonomy":"category","embeddable":true,"href":"https:\/\/www.reunion68.se\/index.php?rest_route=%2Fwp%2Fv2%2Fcategories&post=119994"},{"taxonomy":"post_tag","embeddable":true,"href":"https:\/\/www.reunion68.se\/index.php?rest_route=%2Fwp%2Fv2%2Ftags&post=119994"}],"curies":[{"name":"wp","href":"https:\/\/api.w.org\/{rel}","templated":true}]}}