{"id":120036,"date":"2025-03-25T17:00:06","date_gmt":"2025-03-25T15:00:06","guid":{"rendered":"http:\/\/www.reunion68.se\/?p=120036"},"modified":"2025-03-25T10:27:44","modified_gmt":"2025-03-25T08:27:44","slug":"25-00-99","status":"publish","type":"post","link":"https:\/\/www.reunion68.se\/?p=120036","title":{"rendered":"16-Year-Old Arrested in Connection With Antisemitic Attack on Rabbi in France"},"content":{"rendered":"<h5 style=\"text-align: center;\"><a href=\"https:\/\/www.algemeiner.com\/\" target=\"_blank\" rel=\"noopener noreferrer\"><img decoding=\"async\" class=\"center alignleft\" src=\"http:\/\/www.reunion68.com\/Biuletyn\/img\/algem.png\" alt=\"\" width=\"35%\" \/><\/a><span style=\"text-decoration: underline; color: #000080;\"><strong><a style=\"color: #000080; text-decoration: underline;\" href=\"https:\/\/www.algemeiner.com\/2025\/03\/24\/16-year-old-arrested-connection-antisemitic-attack-rabbi-france\/\" target=\"_blank\" rel=\"noopener noreferrer\">16-Year-Old Arrested in Connection With Antisemitic Attack on Rabbi in France<\/a><\/strong><\/span><\/h5>\n<p style=\"text-align: center;\"><span style=\"color: #000000;\"><strong> Ailin Vilches Arguello<\/strong><\/span><\/p>\n<hr style=\"height: 15px; background: #d0e6fa; width: 100%;\" \/>\n<p style=\"text-align: center;\"><img decoding=\"async\" class=\"aligncenter\" src=\"https:\/\/www.algemeiner.com\/wp-content\/uploads\/2018\/03\/2018-03-28T181849Z_1_LYNXMPEE2R1UP_RTROPTP_4_FRANCE-CRIME-MARCH-1.jpg\" \/><span style=\"color: #808080;\"><em>Demonstrators in Paris gather in memory of Mireille Knoll, a Holocaust survivor brutally murdered in an antisemitic assault. Photo: Reuters\/Gonzalo Fuentes.<\/em><\/span><\/p>\n<p style=\"text-align: left;\"><span style=\"color: #000080;\">Authorities in France have arrested a 16-year-old teenager in connection with the antisemitic attack on the Rabbi of Orl\u00e9ans, local media reported, as\u00a0<a style=\"color: #000080;\" href=\"https:\/\/www.algemeiner.com\/2025\/01\/22\/antisemitism-continues-skyrocket-france-over-1500-incidents-recorded-2024-new-report-finds\/\" target=\"_blank\" rel=\"noopener noreferrer\">the country continues to face a rise in antisemitic incidents<\/a>\u00a0since the outbreak of the Israel-Hamas war in 2023.<\/span><\/p>\n<p style=\"text-align: left;\"><span style=\"color: #000080;\">Arie Engelberg, the rabbi of Orl\u00e9ans, was attacked on Saturday afternoon while walking home with his nine-year-old son from the synagogue in the city, located south of Paris.<\/span><\/p>\n<p style=\"text-align: left;\"><span style=\"color: #000080;\">According to Engelberg, the attacker asked if he was Jewish, and when the rabbi replied yes, the assailant began hurling antisemitic insults, including \u201call Jews are sons of \u2014,\u201d and attempted to film him.<\/span><\/p>\n<p style=\"text-align: left;\"><span style=\"color: #000080;\">\u201cI decided to act, and I pushed his telephone away,\u201d the rabbi told BFM television. The attacker then allegedly started punching Engelberg and bit him until several people stepped in to help.<\/span><\/p>\n<p style=\"text-align: left;\"><span style=\"color: #000080;\">\u201cI\u2019m OK, thank God, my son, I\u2019m getting better and better,\u201d the victim said. \u201cWe\u2019ve had an enormous amount of support.\u201d<\/span><\/p>\n<p><iframe loading=\"lazy\" id=\"twitter-widget-3\" class=\"\" title=\"X Post\" src=\"https:\/\/platform.twitter.com\/embed\/Tweet.html?dnt=false&amp;embedId=twitter-widget-3&amp;features=eyJ0ZndfdGltZWxpbmVfbGlzdCI6eyJidWNrZXQiOltdLCJ2ZXJzaW9uIjpudWxsfSwidGZ3X2ZvbGxvd2VyX2NvdW50X3N1bnNldCI6eyJidWNrZXQiOnRydWUsInZlcnNpb24iOm51bGx9LCJ0ZndfdHdlZXRfZWRpdF9iYWNrZW5kIjp7ImJ1Y2tldCI6Im9uIiwidmVyc2lvbiI6bnVsbH0sInRmd19yZWZzcmNfc2Vzc2lvbiI6eyJidWNrZXQiOiJvbiIsInZlcnNpb24iOm51bGx9LCJ0ZndfZm9zbnJfc29mdF9pbnRlcnZlbnRpb25zX2VuYWJsZWQiOnsiYnVja2V0Ijoib24iLCJ2ZXJzaW9uIjpudWxsfSwidGZ3X21peGVkX21lZGlhXzE1ODk3Ijp7ImJ1Y2tldCI6InRyZWF0bWVudCIsInZlcnNpb24iOm51bGx9LCJ0ZndfZXhwZXJpbWVudHNfY29va2llX2V4cGlyYXRpb24iOnsiYnVja2V0IjoxMjA5NjAwLCJ2ZXJzaW9uIjpudWxsfSwidGZ3X3Nob3dfYmlyZHdhdGNoX3Bpdm90c19lbmFibGVkIjp7ImJ1Y2tldCI6Im9uIiwidmVyc2lvbiI6bnVsbH0sInRmd19kdXBsaWNhdGVfc2NyaWJlc190b19zZXR0aW5ncyI6eyJidWNrZXQiOiJvbiIsInZlcnNpb24iOm51bGx9LCJ0ZndfdXNlX3Byb2ZpbGVfaW1hZ2Vfc2hhcGVfZW5hYmxlZCI6eyJidWNrZXQiOiJvbiIsInZlcnNpb24iOm51bGx9LCJ0ZndfdmlkZW9faGxzX2R5bmFtaWNfbWFuaWZlc3RzXzE1MDgyIjp7ImJ1Y2tldCI6InRydWVfYml0cmF0ZSIsInZlcnNpb24iOm51bGx9LCJ0ZndfbGVnYWN5X3RpbWVsaW5lX3N1bnNldCI6eyJidWNrZXQiOnRydWUsInZlcnNpb24iOm51bGx9LCJ0ZndfdHdlZXRfZWRpdF9mcm9udGVuZCI6eyJidWNrZXQiOiJvbiIsInZlcnNpb24iOm51bGx9fQ%3D%3D&amp;frame=false&amp;hideCard=false&amp;hideThread=false&amp;id=1903813297935155526&amp;lang=en&amp;origin=https%3A%2F%2Fwww.algemeiner.com%2F2025%2F03%2F24%2F16-year-old-arrested-connection-antisemitic-attack-rabbi-france%2F&amp;sessionId=562eebebaf7f9147a923eb641b2329547f5ee08b&amp;siteScreenName=Algemeiner&amp;theme=light&amp;widgetsVersion=2615f7e52b7e0%3A1702314776716&amp;width=550px\" width=\"550\" height=\"550\" frameborder=\"0\" scrolling=\"yes\" allowfullscreen=\"allowfullscreen\" data-tweet-id=\"1903813297935155526\"><\/iframe><\/p>\n<hr \/>\n<p style=\"text-align: left;\"><span style=\"color: #000080;\">French authorities are treating the incident as an antisemitic hate crime. According to local media, the suspect, arrested on Saturday night, was known under at least three identities \u2013 including one Moroccan and two Palestinian \u2013 but police are still verifying the assailant\u2019s identity, as he was not carrying any documents when detained.<\/span><\/p>\n<p style=\"text-align: left;\"><span style=\"color: #000080;\">French Interior Minister G\u00e9rald Darmanin confirmed the suspect was transferred to a psychiatric facility shortly after being arrested.<\/span><\/p>\n<p style=\"text-align: left;\"><span style=\"color: #000080;\">Over the weekend, approximately 300 people gathered at Bastille Square in Paris to denounce the attack. A silent march is also planned for Tuesday evening in Orl\u00e9ans.<\/span><\/p>\n<p style=\"text-align: left;\"><span style=\"color: #000080;\">In an interview with BDM, Engelberg said \u201cit was just a question of time before suffering an antisemitic attack.\u201d<\/span><\/p>\n<p style=\"text-align: left;\"><span style=\"color: #000080;\">But he explained that what matters is \u201chow we react and to what degree.\u201d<\/span><\/p>\n<p style=\"text-align: left;\"><span style=\"color: #000080;\">\u201cI won\u2019t change anything \u2013 actually the opposite,\u201d he said. \u201cI will continue to walk with pride, to express my Judaism with pride and to direct the Jewish community of Orleans.\u201d<\/span><\/p>\n<p style=\"text-align: left;\"><span style=\"color: #000080;\">France is home to the largest Jewish population after Israel and the United States, as well as the largest Muslim community in the European Union.<\/span><\/p>\n<p style=\"text-align: left;\"><span style=\"color: #000080;\">French President Emmanuel Macron condemned the attack, calling antisemitism \u201ca poison,\u201d and expressed his solidarity with the rabbi\u2019s family.<\/span><\/p>\n<p style=\"text-align: left;\"><span style=\"color: #000080;\">\u201cThe attack on Rabbi Ari\u00e9 Engelberg in Orl\u00e9ans shocks us all,\u201d Macron wrote in a post on X. \u201cI offer him, his son, and all our fellow citizens of the Jewish faith my full support and that of the nation. We will not give in to silence or inaction.\u201d<\/span><\/p>\n<p><iframe loading=\"lazy\" id=\"twitter-widget-4\" class=\"\" title=\"X Post\" src=\"https:\/\/platform.twitter.com\/embed\/Tweet.html?dnt=false&amp;embedId=twitter-widget-4&amp;features=eyJ0ZndfdGltZWxpbmVfbGlzdCI6eyJidWNrZXQiOltdLCJ2ZXJzaW9uIjpudWxsfSwidGZ3X2ZvbGxvd2VyX2NvdW50X3N1bnNldCI6eyJidWNrZXQiOnRydWUsInZlcnNpb24iOm51bGx9LCJ0ZndfdHdlZXRfZWRpdF9iYWNrZW5kIjp7ImJ1Y2tldCI6Im9uIiwidmVyc2lvbiI6bnVsbH0sInRmd19yZWZzcmNfc2Vzc2lvbiI6eyJidWNrZXQiOiJvbiIsInZlcnNpb24iOm51bGx9LCJ0ZndfZm9zbnJfc29mdF9pbnRlcnZlbnRpb25zX2VuYWJsZWQiOnsiYnVja2V0Ijoib24iLCJ2ZXJzaW9uIjpudWxsfSwidGZ3X21peGVkX21lZGlhXzE1ODk3Ijp7ImJ1Y2tldCI6InRyZWF0bWVudCIsInZlcnNpb24iOm51bGx9LCJ0ZndfZXhwZXJpbWVudHNfY29va2llX2V4cGlyYXRpb24iOnsiYnVja2V0IjoxMjA5NjAwLCJ2ZXJzaW9uIjpudWxsfSwidGZ3X3Nob3dfYmlyZHdhdGNoX3Bpdm90c19lbmFibGVkIjp7ImJ1Y2tldCI6Im9uIiwidmVyc2lvbiI6bnVsbH0sInRmd19kdXBsaWNhdGVfc2NyaWJlc190b19zZXR0aW5ncyI6eyJidWNrZXQiOiJvbiIsInZlcnNpb24iOm51bGx9LCJ0ZndfdXNlX3Byb2ZpbGVfaW1hZ2Vfc2hhcGVfZW5hYmxlZCI6eyJidWNrZXQiOiJvbiIsInZlcnNpb24iOm51bGx9LCJ0ZndfdmlkZW9faGxzX2R5bmFtaWNfbWFuaWZlc3RzXzE1MDgyIjp7ImJ1Y2tldCI6InRydWVfYml0cmF0ZSIsInZlcnNpb24iOm51bGx9LCJ0ZndfbGVnYWN5X3RpbWVsaW5lX3N1bnNldCI6eyJidWNrZXQiOnRydWUsInZlcnNpb24iOm51bGx9LCJ0ZndfdHdlZXRfZWRpdF9mcm9udGVuZCI6eyJidWNrZXQiOiJvbiIsInZlcnNpb24iOm51bGx9fQ%3D%3D&amp;frame=false&amp;hideCard=false&amp;hideThread=false&amp;id=1903760123954090071&amp;lang=en&amp;origin=https%3A%2F%2Fwww.algemeiner.com%2F2025%2F03%2F24%2F16-year-old-arrested-connection-antisemitic-attack-rabbi-france%2F&amp;sessionId=562eebebaf7f9147a923eb641b2329547f5ee08b&amp;siteScreenName=Algemeiner&amp;theme=light&amp;widgetsVersion=2615f7e52b7e0%3A1702314776716&amp;width=550px\" width=\"550\" height=\"350\" frameborder=\"0\" scrolling=\"yes\" allowfullscreen=\"allowfullscreen\" data-tweet-id=\"1903760123954090071\" data-mce-fragment=\"1\"><\/iframe><\/p>\n<hr \/>\n<p style=\"text-align: left;\"><span style=\"color: #000080;\"><br \/>\nIsraeli Foreign Minister Gideon Saar also condemned the attack, calling for \u201czero tolerance for antisemitism.\u201d<\/span><\/p>\n<p style=\"text-align: left;\"><span style=\"color: #000080;\">\u201cThis is a vile and intolerable act,\u201d Saar wrote in a post on X. \u201cThe resurgence of antisemitism in France and across Europe is not only alarming \u2013 it is a wake-up call to European governments, leaders, and civil society. Antisemitism is dangerous, and it demands an uncompromising response<\/span>.<\/p>\n<hr \/>\n<p><iframe loading=\"lazy\" id=\"twitter-widget-5\" class=\"\" title=\"X Post\" src=\"https:\/\/platform.twitter.com\/embed\/Tweet.html?dnt=false&amp;embedId=twitter-widget-5&amp;features=eyJ0ZndfdGltZWxpbmVfbGlzdCI6eyJidWNrZXQiOltdLCJ2ZXJzaW9uIjpudWxsfSwidGZ3X2ZvbGxvd2VyX2NvdW50X3N1bnNldCI6eyJidWNrZXQiOnRydWUsInZlcnNpb24iOm51bGx9LCJ0ZndfdHdlZXRfZWRpdF9iYWNrZW5kIjp7ImJ1Y2tldCI6Im9uIiwidmVyc2lvbiI6bnVsbH0sInRmd19yZWZzcmNfc2Vzc2lvbiI6eyJidWNrZXQiOiJvbiIsInZlcnNpb24iOm51bGx9LCJ0ZndfZm9zbnJfc29mdF9pbnRlcnZlbnRpb25zX2VuYWJsZWQiOnsiYnVja2V0Ijoib24iLCJ2ZXJzaW9uIjpudWxsfSwidGZ3X21peGVkX21lZGlhXzE1ODk3Ijp7ImJ1Y2tldCI6InRyZWF0bWVudCIsInZlcnNpb24iOm51bGx9LCJ0ZndfZXhwZXJpbWVudHNfY29va2llX2V4cGlyYXRpb24iOnsiYnVja2V0IjoxMjA5NjAwLCJ2ZXJzaW9uIjpudWxsfSwidGZ3X3Nob3dfYmlyZHdhdGNoX3Bpdm90c19lbmFibGVkIjp7ImJ1Y2tldCI6Im9uIiwidmVyc2lvbiI6bnVsbH0sInRmd19kdXBsaWNhdGVfc2NyaWJlc190b19zZXR0aW5ncyI6eyJidWNrZXQiOiJvbiIsInZlcnNpb24iOm51bGx9LCJ0ZndfdXNlX3Byb2ZpbGVfaW1hZ2Vfc2hhcGVfZW5hYmxlZCI6eyJidWNrZXQiOiJvbiIsInZlcnNpb24iOm51bGx9LCJ0ZndfdmlkZW9faGxzX2R5bmFtaWNfbWFuaWZlc3RzXzE1MDgyIjp7ImJ1Y2tldCI6InRydWVfYml0cmF0ZSIsInZlcnNpb24iOm51bGx9LCJ0ZndfbGVnYWN5X3RpbWVsaW5lX3N1bnNldCI6eyJidWNrZXQiOnRydWUsInZlcnNpb24iOm51bGx9LCJ0ZndfdHdlZXRfZWRpdF9mcm9udGVuZCI6eyJidWNrZXQiOiJvbiIsInZlcnNpb24iOm51bGx9fQ%3D%3D&amp;frame=false&amp;hideCard=false&amp;hideThread=false&amp;id=1903792633396314398&amp;lang=en&amp;origin=https%3A%2F%2Fwww.algemeiner.com%2F2025%2F03%2F24%2F16-year-old-arrested-connection-antisemitic-attack-rabbi-france%2F&amp;sessionId=562eebebaf7f9147a923eb641b2329547f5ee08b&amp;siteScreenName=Algemeiner&amp;theme=light&amp;widgetsVersion=2615f7e52b7e0%3A1702314776716&amp;width=550px\" width=\"550\" height=\"350\" frameborder=\"0\" scrolling=\"yes\" allowfullscreen=\"allowfullscreen\" data-tweet-id=\"1903792633396314398\" data-mce-fragment=\"1\"><\/iframe><\/p>\n<hr \/>\n<p style=\"text-align: left;\"><span style=\"color: #000080;\">Yonathan Arfi, president of the Representative Council of Jewish Institutions of France (CRIF) \u2013 the main representative body of French Jews \u2013 denounced the attack, saying that \u201cantisemitism is not \u2018residual.&#8217;\u201d<\/span><\/p>\n<p style=\"text-align: left;\"><span style=\"color: #000080;\">\u201cThose who minimize, relativize, or justify hatred of Jews by a conflict 4,000 km away bear an immense responsibility,\u201d Arfi posted on social media, referring to those targeting Jews over the war in Gaza.<\/span><\/p>\n<p style=\"text-align: left;\"><span style=\"color: #000080;\">Antisemitism in France\u00a0<a style=\"color: #000080;\" href=\"https:\/\/www.algemeiner.com\/2024\/11\/22\/half-french-people-adhere-over-6-antisemitic-prejudices-12-happy-see-jews-leave-country-survey\/\" target=\"_blank\" rel=\"noopener noreferrer\">continued to surge to alarming levels<\/a>\u00a0across the country last year, with 1,570 incidents recorded, according to a report by CRIF.<\/span><\/p>\n<p style=\"text-align: left;\"><span style=\"color: #000080;\">The\u00a0<a style=\"color: #000080;\" href=\"https:\/\/www.algemeiner.com\/2025\/01\/22\/antisemitism-continues-skyrocket-france-over-1500-incidents-recorded-2024-new-report-finds\/\" target=\"_blank\" rel=\"noopener noreferrer\">total number of antisemitic outrages<\/a>\u00a0last year was a slight dip from 2023\u2019s record total of 1,676, but it marked a striking increase from the 436 antisemitic acts recorded in 2022.<\/span><\/p>\n<p style=\"text-align: left;\"><span style=\"color: #000080;\">In late May and early June,\u00a0<a style=\"color: #000080;\" href=\"https:\/\/www.algemeiner.com\/2024\/08\/26\/antisemitic-incidents-france-up-200-this-year-interior-minister-warns-attempted-synagogue-arson\/\" target=\"_blank\" rel=\"noopener noreferrer\">antisemitic acts rose by more than 140 percent<\/a>, far surpassing the weekly average of slightly more than 30 incidents.<\/span><\/p>\n<p style=\"text-align: left;\"><span style=\"color: #000080;\">The report also found that 65.2 percent of antisemitic acts last year targeted individuals, with more than 10 percent of these offenses\u00a0<a style=\"color: #000080;\" href=\"https:\/\/www.algemeiner.com\/2024\/07\/04\/dirty-jew-this-is-what-you-deserve-elderly-french-jewish-woman-assaulted-paris-suburb\/\" target=\"_blank\" rel=\"noopener noreferrer\">involving physical violence<\/a>.<\/span><\/p>\n<p style=\"text-align: left;\"><span style=\"color: #000080;\">One such incident occurred in June, when a\u00a0<a style=\"color: #000080;\" href=\"https:\/\/www.algemeiner.com\/2024\/06\/19\/french-president-denounces-scourge-antisemitism-after-12-year-old-jewish-girl-raped\/\" target=\"_blank\" rel=\"noopener noreferrer\">12-year-old Jewish girl was raped<\/a>\u00a0by three Muslim boys in a Paris suburb. The child told investigators that the assailants called her a \u201cdirty Jew\u201d and hurled other antisemitic comments at her during the attack.<\/span><\/p>\n<p style=\"text-align: left;\"><span style=\"color: #000080;\">Antisemitism skyrocketed in France following the Palestinian terrorist group Hamas\u2019s invasion of and massacre across southern Israel on Oct. 7, 2023, amid the ensuing war in Gaza.<\/span><\/p>\n<hr style=\"height: 15px; background: #d0e6fa; width: 100%;\" \/>\n<div id=\"content\" class=\"content-alignment\">\n<div id=\"watch-description\" class=\"yt-uix-button-panel\">\n<div id=\"watch-description-text\" style=\"text-align: center;\">\n<p><em>Zawarto\u015b\u0107 publikowanych artyku\u0142\u00f3w i materia\u0142\u00f3w nie reprezentuje pogl\u0105d\u00f3w ani opinii Reunion&#8217;68,<\/em><em><br \/>\nani te\u017c webmastera Blogu Reunion&#8217;68, chyba ze jest to wyra\u017anie zaznaczone.<br \/>\nTwoje uwagi, linki, w\u0142asne artyku\u0142y lub wiadomo\u015bci prze\u015blij na adres:<br \/>\n<\/em><span style=\"color: #000080;\"><strong><em><a style=\"color: #000080;\" href=\"mailto:webmaster@reunion68.com\"><span style=\"text-decoration: underline;\">webmaster@reunion68.com<\/span><\/a><\/em><\/strong><\/span><\/p>\n<\/div>\n<\/div>\n<\/div>\n<hr style=\"width: 100%;\" \/>\n","protected":false},"excerpt":{"rendered":"<p>16-Year-Old Arrested in Connection With Antisemitic Attack on Rabbi in France Ailin Vilches Arguello Demonstrators in Paris gather in memory of Mireille Knoll, a Holocaust survivor brutally murdered in an antisemitic assault. Photo: Reuters\/Gonzalo Fuentes. Authorities in France have arrested a 16-year-old teenager in connection with the antisemitic attack on the Rabbi of Orl\u00e9ans, local [&hellip;]<\/p>\n","protected":false},"author":1,"featured_media":0,"comment_status":"closed","ping_status":"closed","sticky":false,"template":"","format":"standard","meta":[],"categories":[6],"tags":[26,24],"_links":{"self":[{"href":"https:\/\/www.reunion68.se\/index.php?rest_route=\/wp\/v2\/posts\/120036"}],"collection":[{"href":"https:\/\/www.reunion68.se\/index.php?rest_route=\/wp\/v2\/posts"}],"about":[{"href":"https:\/\/www.reunion68.se\/index.php?rest_route=\/wp\/v2\/types\/post"}],"author":[{"embeddable":true,"href":"https:\/\/www.reunion68.se\/index.php?rest_route=\/wp\/v2\/users\/1"}],"replies":[{"embeddable":true,"href":"https:\/\/www.reunion68.se\/index.php?rest_route=%2Fwp%2Fv2%2Fcomments&post=120036"}],"version-history":[{"count":12,"href":"https:\/\/www.reunion68.se\/index.php?rest_route=\/wp\/v2\/posts\/120036\/revisions"}],"predecessor-version":[{"id":120071,"href":"https:\/\/www.reunion68.se\/index.php?rest_route=\/wp\/v2\/posts\/120036\/revisions\/120071"}],"wp:attachment":[{"href":"https:\/\/www.reunion68.se\/index.php?rest_route=%2Fwp%2Fv2%2Fmedia&parent=120036"}],"wp:term":[{"taxonomy":"category","embeddable":true,"href":"https:\/\/www.reunion68.se\/index.php?rest_route=%2Fwp%2Fv2%2Fcategories&post=120036"},{"taxonomy":"post_tag","embeddable":true,"href":"https:\/\/www.reunion68.se\/index.php?rest_route=%2Fwp%2Fv2%2Ftags&post=120036"}],"curies":[{"name":"wp","href":"https:\/\/api.w.org\/{rel}","templated":true}]}}