{"id":120137,"date":"2025-03-29T17:00:41","date_gmt":"2025-03-29T15:00:41","guid":{"rendered":"http:\/\/www.reunion68.se\/?p=120137"},"modified":"2025-03-29T09:26:07","modified_gmt":"2025-03-29T07:26:07","slug":"29-00-99","status":"publish","type":"post","link":"https:\/\/www.reunion68.se\/?p=120137","title":{"rendered":"Annual \u2018Quds Day\u2019 March in Frankfurt Despite Authorities\u2019 Antisemitism Concerns"},"content":{"rendered":"<h5 style=\"text-align: center;\"><a href=\"https:\/\/www.algemeiner.com\/\" target=\"_blank\" rel=\"noopener noreferrer\"><img decoding=\"async\" class=\"center alignleft\" src=\"http:\/\/www.reunion68.com\/Biuletyn\/img\/algem.png\" alt=\"\" width=\"35%\" \/><\/a><span style=\"text-decoration: underline; color: #000080;\"><strong><a style=\"color: #000080; text-decoration: underline;\" href=\"https:\/\/www.algemeiner.com\/2025\/03\/28\/german-court-overturns-ban-annual-quds-day-march-frankfurt-despite-authorities-antisemitism-concerns\/\" target=\"_blank\" rel=\"noopener noreferrer\">Annual \u2018Quds Day\u2019 March in Frankfurt Despite Authorities\u2019 Antisemitism Concerns<\/a><\/strong><\/span><\/h5>\n<p style=\"text-align: center;\"><span style=\"color: #000000;\"><strong>Ailin Vilches Arguello<\/strong><\/span><\/p>\n<hr style=\"height: 15px; background: #d0e6fa; width: 100%;\" \/>\n<p style=\"text-align: center;\"><img decoding=\"async\" class=\"aligncenter\" src=\"https:\/\/www.algemeiner.com\/wp-content\/uploads\/2025\/03\/Quds-Day-Germany.jpg\" width=\"100%\" \/><span style=\"color: #808080;\"><em>Quds Day march in Hannover, Germany in 2024. Photo: Screenshot<\/em><\/span><\/p>\n<p style=\"text-align: left;\"><span style=\"color: #000080;\">A demonstration calling for Israel\u2019s destruction will be allowed to take place in the German city of Frankfurt this weekend after an administrative court overturned the city\u2019s ban on the rally, which had been put in place due to expected displays of antisemitism.<\/span><\/p>\n<p style=\"text-align: left;\"><span style=\"color: #000080;\">The Frankfurt Administrative Court on Friday ruled that the ban on the march, which was scheduled to take place on Saturday, was unlawful.<\/span><\/p>\n<p style=\"text-align: left;\"><span style=\"color: #000080;\">German authorities on Thursday had banned the annual \u201cQuds Day\u201d rally in Frankfurt, citing public safety concerns and its antisemitic symbolism, local media reported.<\/span><\/p>\n<p style=\"text-align: left;\"><span style=\"color: #000080;\">According to the city\u2019s assembly authority, the decision was based on the \u201chigh probability\u201d that the gathering \u201cwould serve as an openly visible symbol of antisemitism related to Israel\u201d and that public safety would be immediately at risk.<\/span><\/p>\n<p style=\"text-align: left;\"><span style=\"color: #000080;\">Sponsored by the Iranian regime, the\u00a0<a style=\"color: #000080;\" href=\"https:\/\/www.algemeiner.com\/2025\/03\/27\/irans-quds-force-chief-praises-hamass-oct-7-attack-vows-continued-support-resistance-front\/\" target=\"_blank\" rel=\"noopener noreferrer\">annual Quds Day commemorations event<\/a>\u00a0is held in Tehran and several other cities, where Iran and its allies organize marches in support of the Palestinians and call for Israel\u2019s annihilation.<\/span><\/p>\n<p style=\"text-align: left;\"><span style=\"color: #000080;\">\u201cThe end of Ramadan is actually a celebration of inner contemplation and also of hope,\u201d Josef Schuster, the president of the Central Council of Jews in Germany, said in a statement, as reported by German media. \u201cIt is almost tragic that Muslim fanatics \u2013 incited by Iran \u2013 repeatedly use this occasion to propagate hatred against Israel and Jews.\u201d<\/span><\/p>\n<p style=\"text-align: left;\"><span style=\"color: #000080;\">He called on Muslim groups to \u201cactively position themselves against this abuse of their faith,\u201d adding, \u201cEveryone knows what to expect from Al-Quds marches. They should be banned.\u201d<\/span><\/p>\n<p style=\"text-align: left;\"><span style=\"color: #000080;\">Iran is\u00a0<a style=\"color: #000080;\" href=\"https:\/\/www.algemeiner.com\/2024\/07\/31\/symbolic-achievement-haniyehs-death-blow-hamas-will-not-change-terror-group-significantly-analysts-say\/\" target=\"_blank\" rel=\"noopener noreferrer\">the chief international backer of Hamas<\/a>, providing the Palestinian terrorist group with weapons, funding, and training. According to media reports based on documents seized by the Israeli military in Gaza last year, Iran had been informed about Hamas\u2019s plan to invade and perpetrate a massacre across southern Israel on Oct. 7, 2023, months in advance.<\/span><\/p>\n<p style=\"text-align: left;\"><span style=\"color: #000080;\">Since 2015, demonstrations have been held on the streets of Frankfurt every year during the last weekend of Ramadan, marking the so-called \u201cAl-Quds [Arabic name for Jerusalem] Day.\u201d The event was introduced by Iran\u2019s then-nascent Islamist regime in 1979 as the \u201cDay of the Liberation of the Holy City of Jerusalem from Zionist Occupation.\u201d<\/span><\/p>\n<p style=\"text-align: left;\"><span style=\"color: #000080;\">Frankfurt\u2019s Public Order office said that between 500 and 1,000 people were expected to participate in the events this weekend.<\/span><\/p>\n<p style=\"text-align: left;\"><span style=\"color: #000080;\">Since last year, the official slogan of the event has been \u201cStop the War\u201d \u2014 referring to the Gaza war, which began after the Hamas-led Oct. 7, 2023, invasion of and massacre across southern Israel, during which Palestinian terrorists murdered 1,200 people and kidnapped 251 hostages.<\/span><\/p>\n<p><iframe loading=\"lazy\" id=\"twitter-widget-3\" class=\"\" title=\"X Post\" src=\"https:\/\/platform.twitter.com\/embed\/Tweet.html?dnt=false&amp;embedId=twitter-widget-3&amp;features=eyJ0ZndfdGltZWxpbmVfbGlzdCI6eyJidWNrZXQiOltdLCJ2ZXJzaW9uIjpudWxsfSwidGZ3X2ZvbGxvd2VyX2NvdW50X3N1bnNldCI6eyJidWNrZXQiOnRydWUsInZlcnNpb24iOm51bGx9LCJ0ZndfdHdlZXRfZWRpdF9iYWNrZW5kIjp7ImJ1Y2tldCI6Im9uIiwidmVyc2lvbiI6bnVsbH0sInRmd19yZWZzcmNfc2Vzc2lvbiI6eyJidWNrZXQiOiJvbiIsInZlcnNpb24iOm51bGx9LCJ0ZndfZm9zbnJfc29mdF9pbnRlcnZlbnRpb25zX2VuYWJsZWQiOnsiYnVja2V0Ijoib24iLCJ2ZXJzaW9uIjpudWxsfSwidGZ3X21peGVkX21lZGlhXzE1ODk3Ijp7ImJ1Y2tldCI6InRyZWF0bWVudCIsInZlcnNpb24iOm51bGx9LCJ0ZndfZXhwZXJpbWVudHNfY29va2llX2V4cGlyYXRpb24iOnsiYnVja2V0IjoxMjA5NjAwLCJ2ZXJzaW9uIjpudWxsfSwidGZ3X3Nob3dfYmlyZHdhdGNoX3Bpdm90c19lbmFibGVkIjp7ImJ1Y2tldCI6Im9uIiwidmVyc2lvbiI6bnVsbH0sInRmd19kdXBsaWNhdGVfc2NyaWJlc190b19zZXR0aW5ncyI6eyJidWNrZXQiOiJvbiIsInZlcnNpb24iOm51bGx9LCJ0ZndfdXNlX3Byb2ZpbGVfaW1hZ2Vfc2hhcGVfZW5hYmxlZCI6eyJidWNrZXQiOiJvbiIsInZlcnNpb24iOm51bGx9LCJ0ZndfdmlkZW9faGxzX2R5bmFtaWNfbWFuaWZlc3RzXzE1MDgyIjp7ImJ1Y2tldCI6InRydWVfYml0cmF0ZSIsInZlcnNpb24iOm51bGx9LCJ0ZndfbGVnYWN5X3RpbWVsaW5lX3N1bnNldCI6eyJidWNrZXQiOnRydWUsInZlcnNpb24iOm51bGx9LCJ0ZndfdHdlZXRfZWRpdF9mcm9udGVuZCI6eyJidWNrZXQiOiJvbiIsInZlcnNpb24iOm51bGx9fQ%3D%3D&amp;frame=false&amp;hideCard=false&amp;hideThread=false&amp;id=1777273954182258727&amp;lang=en&amp;origin=https%3A%2F%2Fwww.algemeiner.com%2F2025%2F03%2F28%2Fgerman-court-overturns-ban-annual-quds-day-march-frankfurt-despite-authorities-antisemitism-concerns%2F&amp;sessionId=e6cb695f41b00d895cfa10ce4c75d3eb7d920671&amp;siteScreenName=Algemeiner&amp;theme=light&amp;widgetsVersion=2615f7e52b7e0%3A1702314776716&amp;width=550px\" width=\"550\" height=\"500\" frameborder=\"0\" scrolling=\"yes\" allowfullscreen=\"allowfullscreen\" data-tweet-id=\"1777273954182258727\" data-mce-fragment=\"1\"><\/iframe><\/p>\n<p style=\"text-align: left;\"><span style=\"color: #000080;\">Frankfurt\u2019s mayor, Nargess Eskandari-Gr\u00fcnberg, criticized the event last year as a \u201cpropaganda day for the [Iranian] regime,\u201d stating that demonstrations with \u201cclearly antisemitic slogans\u201d and the display of images of terrorists should be banned.<\/span><\/p>\n<p style=\"text-align: left;\"><span style=\"color: #000080;\">During the rally last year, participants chanted slogans such as \u201cIsrael, child killer\u201d and \u201cGermany finances, Israel bombs.\u201d<\/span><\/p>\n<p style=\"text-align: left;\"><span style=\"color: #000080;\">\u201cDemonstrations that deny a state\u2019s right to exist and call for its destruction cannot be peaceful,\u201d Frankfurt\u2019s Commissioner of Public Order, Annette Rinn, said in a statement. \u201cTherefore, the decision to officially ban this year\u2019s Al-Quds Day in Frankfurt is the only appropriate action.\u201d<\/span><\/p>\n<p style=\"text-align: left;\"><span style=\"color: #000080;\">Rinn later said she accepted the court\u2019s decision to overturn the ban, adding, \u201cOur goal is now to ensure an orderly course of the assembly through appropriate conditions, especially with regard to possible counter-demonstrations.\u201d<\/span><\/p>\n<p style=\"text-align: left;\"><span style=\"color: #000080;\">In 2021, Berlin became the first jurisdiction in Germany to allow the prohibition of gatherings promoting hate speech. It is one of eight federal states that have adopted this measure.<\/span><\/p>\n<p style=\"text-align: left;\"><span style=\"color: #000080;\">In recent years, \u201cAl-Quds\u201d demonstrations in the German capital have been canceled.<\/span><\/p>\n<p style=\"text-align: left;\"><span style=\"color: #000080;\">Ulrike Becker, director of research at the Berlin Middle East Freedom Forum, has called for a general ban on \u201cthis celebration of antisemitism.\u201d<\/span><\/p>\n<p style=\"text-align: left;\"><span style=\"color: #000080;\">\u201cIt is a mistake to allow demonstrations that call for the destruction of Israel on the streets of Germany, whether in Frankfurt, Berlin, or anywhere else,\u201d Becker said.<\/span><\/p>\n<p style=\"text-align: left;\"><span style=\"color: #000080;\">It is not \u201ca peaceful protest,\u201d but rather \u201ca call for the destruction of the Jewish state,\u201d a demand that \u201ccannot be protected by the right to freedom of expression or the right to protest,\u201d Becker added.<\/span><\/p>\n<p style=\"text-align: left;\"><span style=\"color: #000080;\">She also said the event is \u201cnot a legitimate expression of opinion\u201d but \u201can instrument of the Islamist regime [of Iran] to spread hatred and hostile imagery.\u201d<\/span><\/p>\n<hr style=\"height: 15px; background: #d0e6fa; width: 100%;\" \/>\n<div id=\"content\" class=\"content-alignment\">\n<div id=\"watch-description\" class=\"yt-uix-button-panel\">\n<div id=\"watch-description-text\" style=\"text-align: center;\">\n<p><em>Zawarto\u015b\u0107 publikowanych artyku\u0142\u00f3w i materia\u0142\u00f3w nie reprezentuje pogl\u0105d\u00f3w ani opinii Reunion&#8217;68,<\/em><em><br \/>\nani te\u017c webmastera Blogu Reunion&#8217;68, chyba ze jest to wyra\u017anie zaznaczone.<br \/>\nTwoje uwagi, linki, w\u0142asne artyku\u0142y lub wiadomo\u015bci prze\u015blij na adres:<br \/>\n<\/em><span style=\"color: #000080;\"><strong><em><a style=\"color: #000080;\" href=\"mailto:webmaster@reunion68.com\"><span style=\"text-decoration: underline;\">webmaster@reunion68.com<\/span><\/a><\/em><\/strong><\/span><\/p>\n<\/div>\n<\/div>\n<\/div>\n<hr style=\"width: 100%;\" \/>\n","protected":false},"excerpt":{"rendered":"<p>Annual \u2018Quds Day\u2019 March in Frankfurt Despite Authorities\u2019 Antisemitism Concerns Ailin Vilches Arguello Quds Day march in Hannover, Germany in 2024. Photo: Screenshot A demonstration calling for Israel\u2019s destruction will be allowed to take place in the German city of Frankfurt this weekend after an administrative court overturned the city\u2019s ban on the rally, which [&hellip;]<\/p>\n","protected":false},"author":1,"featured_media":0,"comment_status":"closed","ping_status":"closed","sticky":false,"template":"","format":"standard","meta":[],"categories":[6],"tags":[26,24],"_links":{"self":[{"href":"https:\/\/www.reunion68.se\/index.php?rest_route=\/wp\/v2\/posts\/120137"}],"collection":[{"href":"https:\/\/www.reunion68.se\/index.php?rest_route=\/wp\/v2\/posts"}],"about":[{"href":"https:\/\/www.reunion68.se\/index.php?rest_route=\/wp\/v2\/types\/post"}],"author":[{"embeddable":true,"href":"https:\/\/www.reunion68.se\/index.php?rest_route=\/wp\/v2\/users\/1"}],"replies":[{"embeddable":true,"href":"https:\/\/www.reunion68.se\/index.php?rest_route=%2Fwp%2Fv2%2Fcomments&post=120137"}],"version-history":[{"count":7,"href":"https:\/\/www.reunion68.se\/index.php?rest_route=\/wp\/v2\/posts\/120137\/revisions"}],"predecessor-version":[{"id":120159,"href":"https:\/\/www.reunion68.se\/index.php?rest_route=\/wp\/v2\/posts\/120137\/revisions\/120159"}],"wp:attachment":[{"href":"https:\/\/www.reunion68.se\/index.php?rest_route=%2Fwp%2Fv2%2Fmedia&parent=120137"}],"wp:term":[{"taxonomy":"category","embeddable":true,"href":"https:\/\/www.reunion68.se\/index.php?rest_route=%2Fwp%2Fv2%2Fcategories&post=120137"},{"taxonomy":"post_tag","embeddable":true,"href":"https:\/\/www.reunion68.se\/index.php?rest_route=%2Fwp%2Fv2%2Ftags&post=120137"}],"curies":[{"name":"wp","href":"https:\/\/api.w.org\/{rel}","templated":true}]}}