{"id":120180,"date":"2025-03-31T17:05:44","date_gmt":"2025-03-31T15:05:44","guid":{"rendered":"http:\/\/www.reunion68.se\/?p=120180"},"modified":"2025-03-31T10:38:51","modified_gmt":"2025-03-31T08:38:51","slug":"31-00-55","status":"publish","type":"post","link":"https:\/\/www.reunion68.se\/?p=120180","title":{"rendered":"A Bad Week for the Muslim Brotherhood"},"content":{"rendered":"<h5 style=\"text-align: center;\"><a href=\"https:\/\/www.algemeiner.com\/\" target=\"_blank\" rel=\"noopener noreferrer\"><img decoding=\"async\" class=\"center alignleft\" src=\"http:\/\/www.reunion68.com\/Biuletyn\/img\/algem.png\" alt=\"\" width=\"35%\" \/><\/a><span style=\"text-decoration: underline; color: #000080;\"><span><strong><a style=\"color: #000080; text-decoration: underline;\" href=\"https:\/\/www.algemeiner.com\/2025\/03\/30\/a-bad-week-for-the-muslim-brotherhood\/\" target=\"_blank\" rel=\"noopener noreferrer\">A Bad Week for the Muslim Brotherhood<\/a><\/strong><\/span><\/span><\/h5>\n<p style=\"text-align: center;\"><span style=\"color: #000000;\"><strong> Ben Cohen \/ JNS.org<\/strong><\/span><\/p>\n<hr style=\"height: 15px; background: #d0e6fa; width: 100%;\" \/>\n<p style=\"text-align: center;\"><img decoding=\"async\" class=\"aligncenter\" src=\"https:\/\/www.algemeiner.com\/wp-content\/uploads\/2019\/05\/Ekrem-Imamoglu.jpg\" width=\"100%\" \/><span style=\"color: #808080;\"><em>Ekrem Imamoglu, ousted Istanbul Mayor from the main opposition Republican People\u2019s Party (CHP), speaks during an interview with Reuters in Istanbul, Turkey, May 9, 2019. Photo: REUTERS\/Murad Sezer.<\/em><\/span><\/p>\n<p style=\"text-align: left;\"><span style=\"color: #000080;\">It\u2019s not been a good week for two of the Muslim Brotherhood\u2019s most prominent affiliates. In Gaza and in Turkey, the final days of the holy month of Ramadan have been marked by angry demonstrations calling for an end to the rule of, respectively, Hamas and the Justice and Development (AKP) Party.<\/span><\/p>\n<p class=\"wp-block-paragraph\" style=\"text-align: left;\"><span style=\"color: #000080;\">The demonstrations are not connected and are not referencing each other. Their targets, however, are intimately connected\u2014through their ideological fealty to the Muslim Brotherhood, a pan-Islamist movement that emerged nearly a century ago seeking to impose Sharia law, and, more immediately, through the energetic backing for Hamas provided by Turkish President Recep Tayyip Erdo\u011fan\u2019s regime.<\/span><\/p>\n<p class=\"wp-block-paragraph\" style=\"text-align: left;\"><span style=\"color: #000080;\">In the Turkish case, the protests were sparked by the regime\u2019s arrest of Ekrem Imamoglu\u2014the mayor of Istanbul who had planned to challenge Erdo\u011fan for the presidency\u2014on fabricated charges of corruption. A member of the secular Republican People\u2019s Party who has said that he considers Hamas to be a terrorist organization, Imamoglu has been vilified by the regime, to the point of having his Istanbul University degree annulled. Under Turkey\u2019s constitution, presidential candidates must possess a college degree, so Erdo\u011fan\u2019s move was an effective if slimy way of shifting his most credible opponent out of the running\u2014for now, at least.<\/span><\/p>\n<p class=\"wp-block-paragraph\" style=\"text-align: left;\"><span style=\"color: #000080;\">The Turkish authorities have responded violently to the protests, arresting nearly 2,000 people. Such behavior is consistent with Erdo\u011fan\u2019s record, particularly since he overcame an alleged coup attempt a decade ago. According to the US State Department\u2019s most recent report on the woeful state of human rights in Turkey, Erdo\u011fan\u2019s regime is guilty of such crimes as torture, enforced disappearance, pursuing and harassing opponents based abroad, gender-based violence and persecution of the Kurdish minority. Media freedom is heavily restricted, with Turkey prominently listed among those countries where journalists are routinely imprisoned.<\/span><\/p>\n<p class=\"wp-block-paragraph\" style=\"text-align: left;\"><span style=\"color: #000080;\">Despite its dreadful domestic record, its support for terrorist proxies in neighboring Syria and its lionizing of Hamas, Turkey remains a member of NATO and a candidate member of the European Union. Should the threat posed by Iran to the Middle East eventually be neutralized, Turkey stands ready to assume Tehran\u2019s mantle, with the notable advantage that, unlike Iran\u2019s rulers, Erdo\u011fan shamelessly participates in the institutions created by Western democracies while decrying and undermining the values and policies these same institutions represent.<\/span><\/p>\n<p class=\"wp-block-paragraph\" style=\"text-align: left;\"><span style=\"color: #000080;\">Over in Gaza, Hamas\u2014lauded by Erdo\u011fan as a \u201cresistance organization that strives to protect its lands\u201d\u2014is separately facing the wrath of its own people. During its long reign in Gaza since 2007, Hamas has periodically faced local opposition over its corruption and the brutal character of its rule. Yet the current demonstrations, which began after Israel issued evacuation orders for the northern part of the enclave following the resumption of rocket attacks against Israeli communities adjacent to the Gaza border, are unprecedented. Protestors are calling for an end to Hamas rule during a time of war no less. Their chants include \u201cOut, out Hamas,\u201d \u201cOur children\u2019s blood is not cheap\u201d and the simple \u201cStop the war.\u201d<\/span><\/p>\n<p class=\"wp-block-paragraph\" style=\"text-align: left;\"><span style=\"color: #000080;\">As I\u00a0<a style=\"color: #000080;\" href=\"https:\/\/www.jns.org\/war-fatigue-settles-among-palestinians\/\" target=\"_blank\" rel=\"noreferrer noopener\">noted<\/a>\u00a0on the first anniversary of the Oct. 7 Hamas pogrom in southern Israel, a distinct sense of war fatigue was already settling in among many ordinary Palestinians. Even so, fatigue at being relentlessly bombed by Israel has not translated into serious regret for the Oct. 7 atrocities, during which thousands of Palestinian civilians crossed the border alongside Hamas to take part in the slaughter and the mass rapes. Quite a few commentators have pointed out that, even under Nazi rule, there were many Europeans who risked their lives to save beleaguered Jews, yet in Gaza\u2014as borne out in the testimonies of some of the freed hostages\u2014not a single Palestinian has done the same on behalf of the abducted Israelis. Even now, as the current wave of protests highlights widespread dissatisfaction with their Hamas rulers, Palestinians have refrained from demanding the release of the remaining hostages and a definitive end to terrorist provocations and attacks upon Israel. Doing so would, of course, secure an end to the war that has destroyed their homes and livelihoods.<\/span><\/p>\n<p class=\"wp-block-paragraph\" style=\"text-align: left;\"><span style=\"color: #000080;\">Even at this stage, it\u2019s possible to draw two conclusions from the Gaza protests.<\/span><\/p>\n<p class=\"wp-block-paragraph\" style=\"text-align: left;\"><span style=\"color: #000080;\">First, the very fact that they are taking place at all demonstrates the degree to which Israel\u2019s military campaign has degraded Hamas\u2019s enforcement capabilities. As a result, Hamas has been compelled to issue contradictory messages regarding its view of the protests. On the one hand, Hamas spokesman Bassem Naim tried to spin them as demonstrations of anger against Israel. But on the other\u2014and perhaps this is a more truthful reflection of the terror group\u2019s view\u2014a statement issued by the \u201cFactions of Resistance,\u201d which includes Hamas, claimed that the protests \u201cpersist in blaming the resistance and absolving the occupation, ignoring that the Zionist extermination machine operates nonstop,\u201d\u00a0threatening that \u201cthese suspicious individuals are as responsible as the occupation for the bloodshed of our people and will be treated accordingly.\u201d<\/span><\/p>\n<p class=\"wp-block-paragraph\" style=\"text-align: left;\"><span style=\"color: #000080;\">Second, the protests are an acknowledgment by the exhausted Gazans that Israel cannot be defeated militarily and that any future attempts at a pogrom will be met with a similarly devastating response. If Israel cannot be defeated on the battlefield, then how will Hamas fulfill its goal of eliminating the Jewish state as a sovereign entity? Through democratic means? It\u2019s hard to see many Israelis voting for the dissolution of their own state to live under the rule of those who would rape their daughters and murder their babies.<\/span><\/p>\n<p class=\"wp-block-paragraph\" style=\"text-align: left;\"><span style=\"color: #000080;\">The realization is dawning among Palestinians that the Oct. 7 pogrom was a tactical success but a long-term failure. Israel isn\u2019t disappearing. And maybe that\u2019s the best we can hope for at this juncture\u2014a peace based on grudging acceptance of Israel\u2019s reality, combined with the fear that any attempt to undo that reality will result in the kind of military campaign that we have witnessed over the last 17 months. In a Middle East without Hamas and without Erdo\u011fan\u2014neither an easily attainable prospect, but far more so than the aim of wiping Israel from the map\u2014that cold peace could blossom into something with more meaningful value.<\/span><\/p>\n<hr style=\"height: 15px; background: #d0e6fa; width: 100%;\" \/>\n<div id=\"content\" class=\"content-alignment\">\n<div id=\"watch-description\" class=\"yt-uix-button-panel\">\n<div id=\"watch-description-text\" style=\"text-align: center;\">\n<p><em>Zawarto\u015b\u0107 publikowanych artyku\u0142\u00f3w i materia\u0142\u00f3w nie reprezentuje pogl\u0105d\u00f3w ani opinii Reunion&#8217;68,<\/em><em><br \/>\nani te\u017c webmastera Blogu Reunion&#8217;68, chyba ze jest to wyra\u017anie zaznaczone.<br \/>\nTwoje uwagi, linki, w\u0142asne artyku\u0142y lub wiadomo\u015bci prze\u015blij na adres:<br \/>\n<\/em><span style=\"color: #000080;\"><strong><em><a style=\"color: #000080;\" href=\"mailto:webmaster@reunion68.com\"><span style=\"text-decoration: underline;\">webmaster@reunion68.com<\/span><\/a><\/em><\/strong><\/span><\/p>\n<\/div>\n<\/div>\n<\/div>\n<hr style=\"width: 100%;\" \/>\n","protected":false},"excerpt":{"rendered":"<p>A Bad Week for the Muslim Brotherhood Ben Cohen \/ JNS.org Ekrem Imamoglu, ousted Istanbul Mayor from the main opposition Republican People\u2019s Party (CHP), speaks during an interview with Reuters in Istanbul, Turkey, May 9, 2019. Photo: REUTERS\/Murad Sezer. It\u2019s not been a good week for two of the Muslim Brotherhood\u2019s most prominent affiliates. In [&hellip;]<\/p>\n","protected":false},"author":1,"featured_media":0,"comment_status":"closed","ping_status":"closed","sticky":false,"template":"","format":"standard","meta":[],"categories":[6],"tags":[26,24],"_links":{"self":[{"href":"https:\/\/www.reunion68.se\/index.php?rest_route=\/wp\/v2\/posts\/120180"}],"collection":[{"href":"https:\/\/www.reunion68.se\/index.php?rest_route=\/wp\/v2\/posts"}],"about":[{"href":"https:\/\/www.reunion68.se\/index.php?rest_route=\/wp\/v2\/types\/post"}],"author":[{"embeddable":true,"href":"https:\/\/www.reunion68.se\/index.php?rest_route=\/wp\/v2\/users\/1"}],"replies":[{"embeddable":true,"href":"https:\/\/www.reunion68.se\/index.php?rest_route=%2Fwp%2Fv2%2Fcomments&post=120180"}],"version-history":[{"count":4,"href":"https:\/\/www.reunion68.se\/index.php?rest_route=\/wp\/v2\/posts\/120180\/revisions"}],"predecessor-version":[{"id":120188,"href":"https:\/\/www.reunion68.se\/index.php?rest_route=\/wp\/v2\/posts\/120180\/revisions\/120188"}],"wp:attachment":[{"href":"https:\/\/www.reunion68.se\/index.php?rest_route=%2Fwp%2Fv2%2Fmedia&parent=120180"}],"wp:term":[{"taxonomy":"category","embeddable":true,"href":"https:\/\/www.reunion68.se\/index.php?rest_route=%2Fwp%2Fv2%2Fcategories&post=120180"},{"taxonomy":"post_tag","embeddable":true,"href":"https:\/\/www.reunion68.se\/index.php?rest_route=%2Fwp%2Fv2%2Ftags&post=120180"}],"curies":[{"name":"wp","href":"https:\/\/api.w.org\/{rel}","templated":true}]}}