{"id":120194,"date":"2025-04-01T17:00:06","date_gmt":"2025-04-01T15:00:06","guid":{"rendered":"http:\/\/www.reunion68.se\/?p=120194"},"modified":"2025-04-01T09:55:48","modified_gmt":"2025-04-01T07:55:48","slug":"01-00-97","status":"publish","type":"post","link":"https:\/\/www.reunion68.se\/?p=120194","title":{"rendered":"\u2018Revealed His Antisemitic Face\u2019: Erdogan\u2019s Call to \u2018Destroy Israel\u2019 Prompts Feud With Top Israeli Diplomat"},"content":{"rendered":"<h5 style=\"text-align: center;\"><a href=\"https:\/\/www.algemeiner.com\/\" target=\"_blank\" rel=\"noopener noreferrer\"><img decoding=\"async\" class=\"center alignleft\" src=\"http:\/\/www.reunion68.com\/Biuletyn\/img\/algem.png\" alt=\"\" width=\"35%\" \/><\/a><span style=\"text-decoration: underline; color: #000080;\"><strong><a style=\"color: #000080; text-decoration: underline;\" href=\"https:\/\/www.algemeiner.com\/2025\/03\/31\/revealed-his-antisemitic-face-erdogans-call-destroy-israel-prompts-feud-top-israeli-diplomat\/\" target=\"_blank\" rel=\"noopener noreferrer\">\u2018Revealed His Antisemitic Face\u2019: Erdogan\u2019s Call to \u2018Destroy Israel\u2019 Prompts Feud With Top Israeli Diplomat<\/a><\/strong><\/span><\/h5>\n<p style=\"text-align: center;\"><span style=\"color: #000000;\"><strong>Ailin Vilches Arguello<\/strong><\/span><\/p>\n<hr style=\"height: 15px; background: #d0e6fa; width: 100%;\" \/>\n<p style=\"text-align: center;\"><img decoding=\"async\" class=\"aligncenter\" src=\"https:\/\/www.algemeiner.com\/wp-content\/uploads\/2024\/03\/2023-10-28T155747Z_2102090942_RC2P14AKH6AY_RTRMADP_3_ISRAEL-PALESTINIANS-PROTESTS-TURKEY.jpeg\" width=\"100%\" \/><span style=\"color: #808080;\"><em>Turkish President Recep Tayyip Erdogan addressing a pro-Hamas rally in Istanbul. Photo: Reuters\/Dilara Senkaya<\/em><\/span><\/p>\n<p style=\"text-align: left;\"><span style=\"color: #000080;\">Turkish President\u00a0<a style=\"color: #000080;\" href=\"https:\/\/www.algemeiner.com\/2025\/02\/12\/turkeys-erdogan-demands-israel-pay-reparations-gaza-says-palestinian-state-must-not-be-delayed\/\" target=\"_blank\" rel=\"noopener noreferrer\">Recep Tayyip Erdogan<\/a>\u00a0called for Israel\u2019s destruction over the weekend while accusing the Jewish state of perpetrating \u201cgenocidal policies\u201d in the Middle East, sparking a war of words with Israeli Foreign Minister Gideon Sa\u2019ar.<\/span><\/p>\n<p style=\"text-align: left;\"><span style=\"color: #000080;\">\u201cWe see what is happening in Palestine. May Allah destroy Zionist Israel in his holy name,\u201d Erdogan said during a speech after visiting a mosque to commemorate the end of the Muslim holy month of Ramadan.<\/span><\/p>\n<p style=\"text-align: left;\"><span style=\"color: #000080;\">\u201cWe must see what is happening there, and therefore, we must unite, be strong, and be brothers here. May Allah always strengthen our unity,\u201d he continued in remarks reported by Turkish media.<\/span><\/p>\n<p style=\"text-align: left;\"><span style=\"color: #000080;\">Israel\u00a0<a style=\"color: #000080;\" href=\"https:\/\/www.algemeiner.com\/2025\/03\/18\/hamas-learn-hard-way-it-cant-bring-israel-its-knees-fm-saar-says-amid-renewed-gaza-fighting\/\" target=\"_blank\" rel=\"noopener noreferrer\">resumed its military operations against Hamas<\/a>\u00a0in Gaza earlier this month, saying the Palestinian terrorist group refused to release more Israeli hostages kidnapped during its October 2023 invasion of the Jewish state and rebuffed proposals to extend the ceasefire between them.<\/span><\/p>\n<p style=\"text-align: left;\"><span style=\"color: #000080;\">In response, Sa\u2019ar on Sunday accused Erdogan of being antisemitic and warned the countries in the NATO alliance, of which Turkey is a member, to recognize him as a threat.<\/span><\/p>\n<p style=\"text-align: left;\"><span style=\"color: #000080;\">\u201cThe dictator Erdogan has revealed his antisemitic face,\u201d Sa\u2019ar posted on the X social media platform. \u201cErdogan is dangerous for both the region and his own people, as has been proven in recent days. We hope that the\u00a0<a style=\"color: #000080;\" href=\"https:\/\/www.algemeiner.com\/2024\/08\/01\/turkey-blocks-nato-israel-cooperation-gaza-war\/\" target=\"_blank\" rel=\"noopener noreferrer\">countries in the NATO alliance<\/a>\u00a0understand this, and hopefully sooner rather than later.\u201d<\/span><\/p>\n<p style=\"text-align: left;\"><span style=\"color: #000080;\">Hours later, Turkey\u2019s foreign ministry lambasted Sa\u2019ar\u2019s comments as \u201cdisrespectful and baseless\u201d before once against criticizing the Israeli military campaign in Gaza.<\/span><\/p>\n<p style=\"text-align: left;\"><span style=\"color: #000080;\">\u201cWe categorically reject the outrageous statement made by the Foreign Minister of the Netanyahu government,\u201d the statement read, referring to Israeli Prime Minister Benjamin Netanyahu.<\/span><\/p>\n<p style=\"text-align: left;\"><span style=\"color: #000080;\">\u201cThese disrespectful and baseless allegations are part of an effort to cover up the crimes committed by Netanyahu and his associates,\u201d the Turkish foreign ministry added, expressing concern that Israel will intensify its military campaign in Gaza and accusing Jerusalem of seeking to \u201cdestabilize\u201d the region.<\/span><\/p>\n<p style=\"text-align: left;\"><span style=\"color: #000080;\">Turkey has long been\u00a0<a style=\"color: #000080;\" href=\"https:\/\/www.algemeiner.com\/2024\/08\/01\/erdogan-declares-aug-2-day-national-mourning-killing-hamas-chief-turkey-continues-anti-israel-stance\/\" target=\"_blank\" rel=\"noopener noreferrer\">one of Hamas\u2019s top international backers<\/a>, hosting members of the Palestinian terrorist group.<\/span><\/p>\n<p style=\"text-align: left;\"><span style=\"color: #000080;\">Israel\u2019s foreign ministry responded to the Turkish statement with a social media post of its own calling Erdogan a \u201cdictator\u201d and an \u201cantisemite\u201d while referencing recent domestic opposition he has faced.<\/span><\/p>\n<p style=\"text-align: left;\"><span style=\"color: #000080;\">\u201cWhat bothered the Turkish Foreign Ministry? Here\u2019s a way to clarify the dictator\u2019s words: Clearly state that Erdo\u011fan is not an antisemite, that he is not an obsessive hater of the Jewish state,\u201d the statement said. \u201cEveryone knows what Erdogan has done to nations and peoples in the region \u2014 from Cyprus to Syria. Everyone sees what he does to his own people (and to Pikachu). And everyone hears what he wants to do to the Jewish state. The true face has been exposed to all.<\/span>\u201d<\/p>\n<p style=\"text-align: left;\">\n<iframe loading=\"lazy\" id=\"twitter-widget-3\" class=\"\" title=\"X Post\" src=\"https:\/\/platform.twitter.com\/embed\/Tweet.html?dnt=false&amp;embedId=twitter-widget-3&amp;features=eyJ0ZndfdGltZWxpbmVfbGlzdCI6eyJidWNrZXQiOltdLCJ2ZXJzaW9uIjpudWxsfSwidGZ3X2ZvbGxvd2VyX2NvdW50X3N1bnNldCI6eyJidWNrZXQiOnRydWUsInZlcnNpb24iOm51bGx9LCJ0ZndfdHdlZXRfZWRpdF9iYWNrZW5kIjp7ImJ1Y2tldCI6Im9uIiwidmVyc2lvbiI6bnVsbH0sInRmd19yZWZzcmNfc2Vzc2lvbiI6eyJidWNrZXQiOiJvbiIsInZlcnNpb24iOm51bGx9LCJ0ZndfZm9zbnJfc29mdF9pbnRlcnZlbnRpb25zX2VuYWJsZWQiOnsiYnVja2V0Ijoib24iLCJ2ZXJzaW9uIjpudWxsfSwidGZ3X21peGVkX21lZGlhXzE1ODk3Ijp7ImJ1Y2tldCI6InRyZWF0bWVudCIsInZlcnNpb24iOm51bGx9LCJ0ZndfZXhwZXJpbWVudHNfY29va2llX2V4cGlyYXRpb24iOnsiYnVja2V0IjoxMjA5NjAwLCJ2ZXJzaW9uIjpudWxsfSwidGZ3X3Nob3dfYmlyZHdhdGNoX3Bpdm90c19lbmFibGVkIjp7ImJ1Y2tldCI6Im9uIiwidmVyc2lvbiI6bnVsbH0sInRmd19kdXBsaWNhdGVfc2NyaWJlc190b19zZXR0aW5ncyI6eyJidWNrZXQiOiJvbiIsInZlcnNpb24iOm51bGx9LCJ0ZndfdXNlX3Byb2ZpbGVfaW1hZ2Vfc2hhcGVfZW5hYmxlZCI6eyJidWNrZXQiOiJvbiIsInZlcnNpb24iOm51bGx9LCJ0ZndfdmlkZW9faGxzX2R5bmFtaWNfbWFuaWZlc3RzXzE1MDgyIjp7ImJ1Y2tldCI6InRydWVfYml0cmF0ZSIsInZlcnNpb24iOm51bGx9LCJ0ZndfbGVnYWN5X3RpbWVsaW5lX3N1bnNldCI6eyJidWNrZXQiOnRydWUsInZlcnNpb24iOm51bGx9LCJ0ZndfdHdlZXRfZWRpdF9mcm9udGVuZCI6eyJidWNrZXQiOiJvbiIsInZlcnNpb24iOm51bGx9fQ%3D%3D&amp;frame=false&amp;hideCard=false&amp;hideThread=false&amp;id=1906425707548332192&amp;lang=en&amp;origin=https%3A%2F%2Fwww.algemeiner.com%2F2025%2F03%2F31%2Frevealed-his-antisemitic-face-erdogans-call-destroy-israel-prompts-feud-top-israeli-diplomat%2F&amp;sessionId=1ea36c6c19d21a787473a4cea0384e7c301d4b36&amp;siteScreenName=Algemeiner&amp;theme=light&amp;widgetsVersion=2615f7e52b7e0%3A1702314776716&amp;width=550px\" width=\"550\" height=\"600\" frameborder=\"0\" scrolling=\"yes\" allowfullscreen=\"allowfullscreen\" data-tweet-id=\"1906425707548332192\" data-mce-fragment=\"1\"><\/iframe><br \/>\n<span style=\"color: #000080;\">Erdogan has faced widespread criticism abroad and large protests inside Turkey for the jailing of Istanbul\u2019s mayor and a top figure in the political opposition, Ekrem Imamoglu, who is believed to be the only Turkish politician capable of challenging Erdogan in a presidential election. Imamoglu was arrested on contested corruption and terrorism charges<\/span><\/p>\n<p><span style=\"color: #000080;\">Turkey and Israel also had a spat over the weekend over the latter\u2019s military actions against the terrorist organization Hezbollah in Lebanon.<\/span><\/p>\n<p><span style=\"color: #000080;\">\u201cWe condemn Israel\u2019s strikes against Lebanon in violation of the ceasefire agreement,\u201d Turkey\u2019s foreign ministry said in a statement. \u201cWe stand firmly by the people of Lebanon.\u201d<\/span><\/p>\n<p><span style=\"color: #000080;\">\u201cThese attacks have once again exposed Israel\u2019s flagrant disregard for international law and its ongoing threat to the region\u2019s security and stability,\u201d the statement continued. \u201cThe international community must stand united against Israel\u2019s efforts to create a perpetual state of conflict in the region.\u201d<\/span><\/p>\n<p><span style=\"color: #000080;\">In a post on X over the weekend, Israel\u2019s foreign ministry responded by slamming Erdogan\u2019s government, stating that Turkey does not need his \u201cridiculous moral sermons.\u201d<\/span><\/p>\n<p><span style=\"color: #000080;\">\u201cWhile violently suppressing his own citizens and carrying out mass arrests of political opponents, Erdogan presumes to preach lofty values to the international community,\u201d the statement read. \u201cIn Erdogan\u2019s Turkey, there is no justice, no law, and no freedom.\u201d<\/span><\/p>\n<p><span style=\"color: #000080;\">\u201cIsrael acts to defend itself and its citizens against real threats and actual attacks \u2014 and it will continue to do so.\u201d<\/span><\/p>\n<p><iframe loading=\"lazy\" id=\"twitter-widget-4\" class=\"\" title=\"X Post\" src=\"https:\/\/platform.twitter.com\/embed\/Tweet.html?dnt=false&amp;embedId=twitter-widget-4&amp;features=eyJ0ZndfdGltZWxpbmVfbGlzdCI6eyJidWNrZXQiOltdLCJ2ZXJzaW9uIjpudWxsfSwidGZ3X2ZvbGxvd2VyX2NvdW50X3N1bnNldCI6eyJidWNrZXQiOnRydWUsInZlcnNpb24iOm51bGx9LCJ0ZndfdHdlZXRfZWRpdF9iYWNrZW5kIjp7ImJ1Y2tldCI6Im9uIiwidmVyc2lvbiI6bnVsbH0sInRmd19yZWZzcmNfc2Vzc2lvbiI6eyJidWNrZXQiOiJvbiIsInZlcnNpb24iOm51bGx9LCJ0ZndfZm9zbnJfc29mdF9pbnRlcnZlbnRpb25zX2VuYWJsZWQiOnsiYnVja2V0Ijoib24iLCJ2ZXJzaW9uIjpudWxsfSwidGZ3X21peGVkX21lZGlhXzE1ODk3Ijp7ImJ1Y2tldCI6InRyZWF0bWVudCIsInZlcnNpb24iOm51bGx9LCJ0ZndfZXhwZXJpbWVudHNfY29va2llX2V4cGlyYXRpb24iOnsiYnVja2V0IjoxMjA5NjAwLCJ2ZXJzaW9uIjpudWxsfSwidGZ3X3Nob3dfYmlyZHdhdGNoX3Bpdm90c19lbmFibGVkIjp7ImJ1Y2tldCI6Im9uIiwidmVyc2lvbiI6bnVsbH0sInRmd19kdXBsaWNhdGVfc2NyaWJlc190b19zZXR0aW5ncyI6eyJidWNrZXQiOiJvbiIsInZlcnNpb24iOm51bGx9LCJ0ZndfdXNlX3Byb2ZpbGVfaW1hZ2Vfc2hhcGVfZW5hYmxlZCI6eyJidWNrZXQiOiJvbiIsInZlcnNpb24iOm51bGx9LCJ0ZndfdmlkZW9faGxzX2R5bmFtaWNfbWFuaWZlc3RzXzE1MDgyIjp7ImJ1Y2tldCI6InRydWVfYml0cmF0ZSIsInZlcnNpb24iOm51bGx9LCJ0ZndfbGVnYWN5X3RpbWVsaW5lX3N1bnNldCI6eyJidWNrZXQiOnRydWUsInZlcnNpb24iOm51bGx9LCJ0ZndfdHdlZXRfZWRpdF9mcm9udGVuZCI6eyJidWNrZXQiOiJvbiIsInZlcnNpb24iOm51bGx9fQ%3D%3D&amp;frame=false&amp;hideCard=false&amp;hideThread=false&amp;id=1906028954617557097&amp;lang=en&amp;origin=https%3A%2F%2Fwww.algemeiner.com%2F2025%2F03%2F31%2Frevealed-his-antisemitic-face-erdogans-call-destroy-israel-prompts-feud-top-israeli-diplomat%2F&amp;sessionId=1ea36c6c19d21a787473a4cea0384e7c301d4b36&amp;siteScreenName=Algemeiner&amp;theme=light&amp;widgetsVersion=2615f7e52b7e0%3A1702314776716&amp;width=550px\" width=\"550\" height=\"600\" frameborder=\"0\" scrolling=\"yes\" allowfullscreen=\"allowfullscreen\" data-tweet-id=\"1906028954617557097\" data-mce-fragment=\"1\"><\/iframe><\/p>\n<p style=\"text-align: left;\"><span style=\"color: #000080;\">Last week, Israel carried out its first major airstrike on Beirut\u2019s southern suburbs in months,\u00a0<a style=\"color: #000080;\" href=\"https:\/\/www.algemeiner.com\/2025\/03\/30\/lebanese-army-arrests-operatives-responsible-for-rockets-launched-at-israel\/\" target=\"_blank\" rel=\"noopener noreferrer\">retaliating for an earlier rocket launch<\/a>\u00a0from Lebanon. The Israeli strike targeted a building in the southern suburbs of the Lebanese capital, a Hezbollah stronghold, which Israel said was a drone storage facility belonging to the Iranian-backed Shi\u2019ite Muslim terrorist group.<\/span><\/p>\n<p style=\"text-align: left;\"><span style=\"color: #000080;\">In November, Lebanon and Israel reached a US-brokered ceasefire agreement that ended a year of fighting between the Jewish state and Hezbollah. Under the agreement,\u00a0<a style=\"color: #000080;\" href=\"https:\/\/www.algemeiner.com\/2025\/02\/17\/israel-will-leave-troops-5-locations-lebanon-after-tuesday-deadline-military-says\/\" target=\"_blank\" rel=\"noopener noreferrer\">Israel was given 60 days to withdraw from southern Lebanon<\/a>, allowing the Lebanese army and UN forces to take over security as Hezbollah disarms and moves away from Israel\u2019s northern border.<\/span><\/p>\n<p style=\"text-align: left;\"><span style=\"color: #000080;\">Last month, however, Israel announced it would keep troops in five posts in southern Lebanon past a Feb. 18 deadline for its military forces to withdraw, as Israeli leaders sought to reassure northern residents that they can return home safely after evacuating due to relentless Hezbollah bombardments.<\/span><\/p>\n<p style=\"text-align: left;\"><span style=\"color: #000080;\">Meanwhile, Turkey has been\u00a0<a style=\"color: #000080;\" href=\"https:\/\/www.algemeiner.com\/2024\/08\/01\/erdogan-declares-aug-2-day-national-mourning-killing-hamas-chief-turkey-continues-anti-israel-stance\/\" target=\"_blank\" rel=\"noopener noreferrer\">one of the fiercest critics of Israel<\/a>\u00a0\u2014 and defenders of Hamas \u2014 since the outbreak of the Gaza war last October.<\/span><\/p>\n<p style=\"text-align: left;\"><span style=\"color: #000080;\">Last year, for example, Erdogan made an\u00a0<a style=\"color: #000080;\" href=\"https:\/\/www.algemeiner.com\/2024\/07\/29\/turkeys-foreign-ministry-compares-netanyahu-hitler-erdogan-threatens-invade-israel\/\" target=\"_blank\" rel=\"noopener noreferrer\">explicit threat to invade Israel<\/a>, leading Israel\u2019s top diplomat to call on NATO to expel Turkey, which has the alliance\u2019s second largest military.<\/span><\/p>\n<p style=\"text-align: left;\"><span style=\"color: #000080;\">That followed Erdogan in March threatening to \u201csend Netanyahu to Allah to take care of him, make him miserable, and curse him.\u201d He previously\u00a0<a style=\"color: #000080;\" href=\"https:\/\/www.algemeiner.com\/2023\/12\/27\/turkish-president-erdogan-calls-netanyahu-worse-than-hitler-angry-speech-attacking-israel\/\" target=\"_blank\" rel=\"noopener noreferrer\">accused Israel of operating \u201cNazi\u201d concentration camps<\/a>\u00a0and compared Netanyahu with Adolf Hitler.<\/span><\/p>\n<p style=\"text-align: left;\"><span style=\"color: #000080;\">Weeks earlier, Erdogan said that Netanyahu was a \u201cbutcher\u201d who would be tried as a \u201cwar criminal\u201d over Israel\u2019s defensive military operations in Gaza. He has also called Israel a \u201c<a style=\"color: #000080;\" href=\"https:\/\/www.algemeiner.com\/2023\/11\/15\/turkeys-president-erdogan-calls-israel-terror-state-latest-attack-amid-gaza-war\/\" target=\"_blank\" rel=\"noopener noreferrer\">terror state<\/a>\u201d and\u00a0<a style=\"color: #000080;\" href=\"https:\/\/www.algemeiner.com\/2025\/03\/31\/revealed-his-antisemitic-face-erdogans-call-destroy-israel-prompts-feud-top-israeli-diplomat\/his%20%E2%80%9Cbest%20wishes%E2%80%9D%20to%20Iran\" target=\"_blank\" rel=\"noopener noreferrer\">expressed solidarity with Iran<\/a>, which also supports Hamas, after it attacked the Jewish state with a barrage of ballistic missiles.<\/span><\/p>\n<hr style=\"height: 15px; background: #d0e6fa; width: 100%;\" \/>\n<div id=\"content\" class=\"content-alignment\">\n<div id=\"watch-description\" class=\"yt-uix-button-panel\">\n<div id=\"watch-description-text\" style=\"text-align: center;\">\n<p><em>Zawarto\u015b\u0107 publikowanych artyku\u0142\u00f3w i materia\u0142\u00f3w nie reprezentuje pogl\u0105d\u00f3w ani opinii Reunion&#8217;68,<\/em><em><br \/>\nani te\u017c webmastera Blogu Reunion&#8217;68, chyba ze jest to wyra\u017anie zaznaczone.<br \/>\nTwoje uwagi, linki, w\u0142asne artyku\u0142y lub wiadomo\u015bci prze\u015blij na adres:<br \/>\n<\/em><span style=\"color: #000080;\"><strong><em><a style=\"color: #000080;\" href=\"mailto:webmaster@reunion68.com\"><span style=\"text-decoration: underline;\">webmaster@reunion68.com<\/span><\/a><\/em><\/strong><\/span><\/p>\n<\/div>\n<\/div>\n<\/div>\n<hr style=\"width: 100%;\" \/>\n","protected":false},"excerpt":{"rendered":"<p>\u2018Revealed His Antisemitic Face\u2019: Erdogan\u2019s Call to \u2018Destroy Israel\u2019 Prompts Feud With Top Israeli Diplomat Ailin Vilches Arguello Turkish President Recep Tayyip Erdogan addressing a pro-Hamas rally in Istanbul. Photo: Reuters\/Dilara Senkaya Turkish President\u00a0Recep Tayyip Erdogan\u00a0called for Israel\u2019s destruction over the weekend while accusing the Jewish state of perpetrating \u201cgenocidal policies\u201d in the Middle East, [&hellip;]<\/p>\n","protected":false},"author":1,"featured_media":0,"comment_status":"closed","ping_status":"closed","sticky":false,"template":"","format":"standard","meta":[],"categories":[6],"tags":[26,24],"_links":{"self":[{"href":"https:\/\/www.reunion68.se\/index.php?rest_route=\/wp\/v2\/posts\/120194"}],"collection":[{"href":"https:\/\/www.reunion68.se\/index.php?rest_route=\/wp\/v2\/posts"}],"about":[{"href":"https:\/\/www.reunion68.se\/index.php?rest_route=\/wp\/v2\/types\/post"}],"author":[{"embeddable":true,"href":"https:\/\/www.reunion68.se\/index.php?rest_route=\/wp\/v2\/users\/1"}],"replies":[{"embeddable":true,"href":"https:\/\/www.reunion68.se\/index.php?rest_route=%2Fwp%2Fv2%2Fcomments&post=120194"}],"version-history":[{"count":8,"href":"https:\/\/www.reunion68.se\/index.php?rest_route=\/wp\/v2\/posts\/120194\/revisions"}],"predecessor-version":[{"id":120213,"href":"https:\/\/www.reunion68.se\/index.php?rest_route=\/wp\/v2\/posts\/120194\/revisions\/120213"}],"wp:attachment":[{"href":"https:\/\/www.reunion68.se\/index.php?rest_route=%2Fwp%2Fv2%2Fmedia&parent=120194"}],"wp:term":[{"taxonomy":"category","embeddable":true,"href":"https:\/\/www.reunion68.se\/index.php?rest_route=%2Fwp%2Fv2%2Fcategories&post=120194"},{"taxonomy":"post_tag","embeddable":true,"href":"https:\/\/www.reunion68.se\/index.php?rest_route=%2Fwp%2Fv2%2Ftags&post=120194"}],"curies":[{"name":"wp","href":"https:\/\/api.w.org\/{rel}","templated":true}]}}