{"id":120240,"date":"2025-04-03T17:09:36","date_gmt":"2025-04-03T15:09:36","guid":{"rendered":"http:\/\/www.reunion68.se\/?p=120240"},"modified":"2025-04-03T08:44:58","modified_gmt":"2025-04-03T06:44:58","slug":"03-05-109","status":"publish","type":"post","link":"https:\/\/www.reunion68.se\/?p=120240","title":{"rendered":"D\u0142ugi cie\u0144 nazistowskiej twierdzy"},"content":{"rendered":"<p style=\"text-align: center;\"><img decoding=\"async\" class=\"aligncenter\" src=\"https:\/\/i0.wp.com\/www.cfns.org\/wp-content\/uploads\/2006-8-8-hzzz51391586.jpg\" width=\"100%\" \/><span style=\"color: #808080;\"><em>Hamas, cz\u0119\u015b\u0107 Bractwa Muzu\u0142ma\u0144skiego, organizacja zbrojona przez Katar, Turcj\u0119 i Iran i wspomagana finansowo przez Uni\u0119 Europejsk\u0105, Ameryk\u0119 i ONZ<\/em><\/span><\/p>\n<hr \/>\n<h5 style=\"text-align: center;\"><a href=\"https:\/\/www.listyznaszegosadu.pl\/\" target=\"_blank\" rel=\"noopener noreferrer\"><img decoding=\"async\" class=\"center alignleft\" src=\"http:\/\/www.reunion68.com\/Biuletyn\/img\/z-naszego.jpg\" alt=\"\" width=\"50%\" \/><\/a><span style=\"text-decoration: underline; color: #000080;\"><strong><a style=\"color: #000080; text-decoration: underline;\" href=\"https:\/\/www.listyznaszegosadu.pl\/brunatna-fala\/dlugi-cien-nazistowskiej-twierdzy\" target=\"_blank\" rel=\"noopener noreferrer\">D\u0142ugi cie\u0144 nazistowskiej twierdzy<\/a><\/strong><\/span><\/h5>\n<p style=\"text-align: center;\"><span style=\"color: #000000;\"><strong>Andrzej Koraszewski<\/strong><\/span><\/p>\n<hr style=\"height: 15px; background: #d0e6fa; width: 100%;\" \/>\n<p class=\"templateArticleIngress\" style=\"text-align: left;\"><span style=\"color: #000080;\">Znana aktorka, do kt\u00f3rej mam sentyment i kt\u00f3r\u0105 darz\u0119 du\u017cym szacunkiem, zamie\u015bci\u0142a na swojej stronie apel o datki organizacji<span style=\"color: #800000;\"><strong> \u201eLekarzy bez granic\u201d<\/strong><\/span>. Apel traktuje o tragicznej sytuacji w Gazie i potrzebie dostarczenia pomocy medycznej. Aktorka prosi o powstrzymanie si\u0119 od komentarzy politycznych, obawiaj\u0105c si\u0119 uwag rasistowskich i antysemickich. Tego samego dnia w innym miejscu czyta\u0142em sprawozdanie z rozmowy brytyjskiego dziennikarza z lekarzem, kt\u00f3ry jako cz\u0142onek tej organizacji pracuje w Gazie. Lekarz m\u00f3wi\u0142 swojemu rozm\u00f3wcy, \u017ce oczywi\u015bcie wszyscy lekarze i inny personel jego organizacji doskonale od lat wiedzieli o obecno\u015bci Hamasu w szpitalach, o wydzielonych i zamkni\u0119tych cz\u0119\u015bciach plac\u00f3wek medycznych, o tunelach, o wyrzutniach, o tym, \u017ce Gaza jest praktycznie militarn\u0105 twierdz\u0105. Na pytanie, dlaczego m\u00f3wi o tym tylko anonimowo, lekarz odpowiada, \u017ce ujawnienie jego nazwiska oznacza\u0142oby utrat\u0119 pracy.<\/span><\/p>\n<p style=\"text-align: left;\">\n<div class=\"templateArticleBrodtext\">\n<p style=\"text-align: left;\"><span style=\"color: #000080;\">Podobne anonimowe g\u0142osy s\u0142yszeli\u015bmy od pracuj\u0105cych na terenie Gazy dziennikarzy wielkich medialnych korporacji, co oznacza, \u017ce \u201eLekarze bez Granic\u201d, wielkie redakcje, Czerwony Krzy\u017c, UNRWA i inni z jakiego\u015b powodu ukrywaj\u0105 swoj\u0105 wiedz\u0119 i \u015bwiadomie wsp\u00f3\u0142pracuj\u0105 z Hamasem.<\/span><\/p>\n<p style=\"text-align: left;\">\n<span style=\"color: #000080;\">Jedni ludzie pot\u0119piaj\u0105 Hamas, wiedz\u0105c o jego okrucie\u0144stwach i wsp\u00f3\u0142czuj\u0105 mieszka\u0144com Gazy z powodu \u201enieproporcjonalnych\u201d reakcji Izraela. Inni solidaryzuj\u0105 si\u0119 z \u201ePalesty\u0144czykami\u201d uwa\u017caj\u0105c, \u017ce faszystowski rz\u0105d Izraela pope\u0142nia ludob\u00f3jstwo. Jeszcze inni identyfikuj\u0105 si\u0119 z Hamasem i nie kryj\u0105 swoich nadziei, \u017ce Hamas pewnego dnia zlikwiduje Izrael wraz z jego ludno\u015bci\u0105.<\/span><\/p>\n<p style=\"text-align: left;\">\n<span style=\"color: #000080;\">Mam wra\u017cenie, \u017ce najwa\u017cniejsze s\u0105 postawy i pogl\u0105dy ludzi dobrych i inteligentnych, ludzi budz\u0105cych sympati\u0119 i szacunek, kt\u00f3rzy ze zrozumia\u0142ych powod\u00f3w i maj\u0105c najlepsze intencje nie rozumiej\u0105 i nie mog\u0105 zrozumie\u0107, z czym w\u0142a\u015bciwie walczy Izrael.<\/span><\/p>\n<p style=\"text-align: left;\">\n<span style=\"color: #000080;\">S\u0142owa takie jak faszyzm i nazizm cz\u0119\u015bciej s\u0142u\u017c\u0105 jako wyzwiska ni\u017c s\u0105 narz\u0119dziem analizy. Ilekro\u0107 u\u017cywam okre\u015blenia \u201eislamonazizm\u201d nara\u017cam si\u0119 na zarzut przesady, obsesji, islamofobii. Czasem mam wra\u017cenie, \u017ce cz\u0119\u015bciej spotykam ten termin w publikacjach autor\u00f3w ze \u015bwiata arabskiego ni\u017c u autor\u00f3w zachodnich (w zachodnich mediach g\u0142\u00f3wnego nurtu nigdy tego terminu nie widzia\u0142em).<\/span><\/p>\n<p style=\"text-align: left;\">\n<span style=\"color: #000080;\">W listopadzie 2015 saudyjski dziennikarz Abd Al-Rahman Al-Rashed pisa\u0142:<\/span><\/p>\n<blockquote>\n<p style=\"text-align: left;\"><strong><span style=\"color: #000000;\">\u201eUwa\u017cam, \u017ce problem zwi\u0105zany jest z wadliw\u0105 diagnoz\u0105 pierwotnego \u017ar\u00f3d\u0142a. W terroryzmie nie chodzi\u0142o ani o przyw\u00f3dc\u00f3w, ani o ich osobiste motywy, ale o ideologi\u0119 szerzon\u0105 przez kaznodziej\u00f3w, osobisto\u015bci medialne, nauczycieli i wierz\u0105cych g\u0142\u0119boko w ekstremizm, kt\u00f3rzy s\u0105 bardziej niebezpieczni ni\u017c bin Laden i Zarkawi. Ci ludzie zdolni s\u0105 do stworzenia alternatywnego przyw\u00f3dztwa i organizacji pod innymi has\u0142ami i na innych obszarach. Oni wynale\u017ali Abu Bakra Al-Bagdadiego jako alternatyw\u0119 dla bin Ladena i Pa\u0144stwo Islamskie Iraku i Syrii (ISIS) jako alternatyw\u0119 dla Al-Kaidy. Syria sta\u0142a si\u0119 nowym polem bitwy i filmy wideo bin Ladena zosta\u0142y zast\u0105pione przez Twittera, Facebooka i WhatsApp. Stali si\u0119 jeszcze bardziej niebezpieczni.\u201d<\/span><\/strong><\/p>\n<\/blockquote>\n<p style=\"text-align: left;\"><span style=\"color: #000080;\">Saudyjski dziennikarz bez \u017cadnych zastrze\u017ce\u0144 pisa\u0142, \u017ce dzisiejszy ekstremistyczny islam ma powiazania z faszyzmem i nazizmem, \u017ce jest oparty na koncepcjach dyskryminacji i eliminacji, \u017ce podobnie jak europejski nazizm wymaga od spo\u0142ecze\u0144stwa absolutnej lojalno\u015bci wobec ideologii i wrogo\u015bci wobec innych, zar\u00f3wno muzu\u0142man\u00f3w, jak i nie-muzu\u0142man\u00f3w. Pisze, \u017ce nie mo\u017cna zniszczy\u0107 islamskiego terroryzmu bez zakazania ich ideologii.<\/span><\/p>\n<p style=\"text-align: left;\">\n<span style=\"color: #000080;\">O historycznych i wsp\u00f3\u0142czesnych powi\u0105zaniach islamskiego ekstremizmu z nazizmem jest ogromna literatura, ale ci, kt\u00f3rzy j\u0105 znaj\u0105, wydaj\u0105 si\u0119 by\u0107 bardzo nieliczni. Ci, kt\u00f3rzy powinni j\u0105 zna\u0107, czyli eksperci z uniwersytet\u00f3w i dostarczaj\u0105cy nam informacji dziennikarze wydaj\u0105 si\u0119 starannie unika\u0107 tej literatury.<\/span><\/p>\n<p style=\"text-align: left;\">\n<span style=\"color: #000080;\">Powi\u0105zania r\u00f3\u017cnych ekstremistycznych grup islamskich z Bractwem Muzu\u0142ma\u0144skim s\u0105 bardzo wyra\u017ane, albo jak Hamas, partie polityczne rz\u0105dz\u0105ce w takich krajach jak Turcja czy Katar s\u0105 otwarcie cz\u0119\u015bci\u0105 Bractwa Muzu\u0142ma\u0144skiego, albo jak Talibowie, ekstremistyczne grupy w Pakistanie, Bangladeszu, czy w Afryce czerpi\u0105 z ideologii Bractwa, podobnie jak re\u017cim Islamskiej Republiki Iranu.<\/span><\/p>\n<p style=\"text-align: left;\">\n<span style=\"color: #000080;\">Samo Bractwo Muzu\u0142ma\u0144skie nie kry\u0142o swoich powi\u0105za\u0144 z niemieckim nazizmem i nigdy nie odci\u0119\u0142o si\u0119 od tej tradycji. Z inicjatywy tej organizacji pojawi\u0142o si\u0119 kilka t\u0142umacze\u0144\u00a0<em>Mein Kampf<\/em>\u00a0na arabski, turecki, urdu i perski. Duchow\u0105 wsp\u00f3lnot\u0119 tych ideologii postrzegano w odrzuceniu demokracji, w systemie w\u0142adzy podporz\u0105dkowanej jednemu przyw\u00f3dcy, antyjudaizmie jako g\u0142\u00f3wnym zworniku ideologicznej wsp\u00f3lnoty z za\u0142o\u017ceniem, \u017ce dehumanizacja \u017byd\u00f3w, jest punktem wyj\u015bciowym do dehumanizacji pozosta\u0142ych \u201ewrog\u00f3w Allaha\u201d. (Dlatego te\u017c obok\u00a0<em>Mein Kampf<\/em>\u00a0najcz\u0119\u015bciej czytan\u0105 przez muzu\u0142ma\u0144skich ekstremist\u00f3w ksi\u0105\u017ck\u0105 z zachodniego \u015bwiata s\u0105\u00a0<em>Protoko\u0142y M\u0119drc\u00f3w Syjonu<\/em>.)<\/span><\/p>\n<p style=\"text-align: left;\">\n<span style=\"color: #000080;\">Mogliby\u015bmy tu przypomnie\u0107 jak Adolf Eichmann w 1956 roku wyra\u017ca\u0142 swoje nadzieje, \u017ce jego dokonania zostan\u0105 ostatecznie docenione przez muzu\u0142man\u00f3w, lub jak Amin al-Husajni zosta\u0142 powitany w Kairze po \u201eucieczce\u201d po wojnie z aresztu we Francji. Gdzie znalaz\u0142y schronienie setki oficer\u00f3w SS. To wszystko jednak jest odleg\u0142a historia, kt\u00f3rej zwykli ludzie mog\u0105 nie zna\u0107. Czy ktokolwiek obserwuj\u0105cy wiadomo\u015bci m\u00f3g\u0142 nie zauwa\u017cy\u0107 wrzawy wok\u00f3\u0142 rzekomego nazistowskiego salutu Elona Muska? Zapytaj dziesi\u0119\u0107 dowolnych os\u00f3b ze swojego otoczenia, czy pami\u0119taj\u0105 t\u0119 wrzaw\u0119. Zapytaj te same osoby, czy kiedykolwiek widzia\u0142y w mediach, kt\u00f3re codziennie ogl\u0105daj\u0105, zdj\u0119cia terroryst\u00f3w Hamasu, Hezbollahu, Huti oddaj\u0105cych nazistowski salut i to tak, \u017ce nie ma najmniejszych w\u0105tpliwo\u015bci, czy to jest nazistowski salut czy nie? Podejrzewam, \u017ce rezultat na pr\u00f3bie dziesi\u0119ciu os\u00f3b, tysi\u0105ca, czy stu tysi\u0119cy badanych by\u0142by dok\u0142adnie ten sam.<\/span><\/p>\n<p style=\"text-align: left;\">\n<span style=\"color: #000080;\">Nazistowskie powi\u0105zania islamskich ekstremist\u00f3w s\u0105 \u015bwiadomie i z premedytacj\u0105 ukrywane, co mo\u017ce powa\u017cnie zniekszta\u0142ca\u0107 wa\u017cne s\u0105dy moralne normalnych, sympatycznych ludzi.<\/span><\/p>\n<p style=\"text-align: left;\">\n<span style=\"color: #000080;\">Taki zarzut brzmi podejrzanie, mo\u017ce zakrawa\u0107 na teori\u0119 spiskow\u0105. Warto si\u0119 zastanowi\u0107 nad tym, co si\u0119 nigdy nie przebija przez pancerz ochronny cenzury, (czy raczej autocenzury, bo przecie\u017c nie ma zakazu informowania, ani o nazistowskich salutach, ani o pochwa\u0142ach Hitlera, ani o otwartych i zapisanych w konstytucjach zamiarach likwidacji Izraela i eksterminacji jego ludno\u015bci, ani o programach nauki w szko\u0142ach, ani o indoktrynacji i szkoleniu Hamasjugend na letnich obozach, ani o kazaniach wzywaj\u0105cych w \u015bwi\u0105tek i pi\u0105tek do m\u0119cze\u0144stwa).<\/span><\/p>\n<p><span style=\"color: #000080;\">Ostatnio s\u0142yszeli\u015bcie (pewnie wiele razy), \u017ce Izrael zabija Palesty\u0144czyk\u00f3w na Zachodnim Brzegu, czy widzieli\u015bcie gdzie\u015b przypomnienie s\u0142\u00f3w Alego Chameneiego z czerwca 2023 roku, \u017ce poniewa\u017c re\u017cim syjonistyczny jest w biernej i reaktywnej pozycji, a grupy oporu s\u0105 silniejsze ni\u017c kiedykolwiek, zbli\u017ca si\u0119 kres Izraela. To by\u0142o na niespe\u0142na cztery miesi\u0105ce przed ludob\u00f3jczym atakiem Hamasu na Izrael. Wcze\u015bniej od kilku lat powtarza\u0142 , \u017ce trzeba uzbroi\u0107 Palesty\u0144czyk\u00f3w na Zachodnim Brzegu tak jak ju\u017c uzbrojono Palesty\u0144czyk\u00f3w w Gazie. To nie by\u0142a \u017cadna tajemnica, te informacje podawa\u0142a najwi\u0119ksza ira\u0144ska gazeta. Jej g\u0142\u00f3wn\u0105 cz\u0119\u015b\u0107 niekt\u00f3rzy mogli zobaczy\u0107 w postaci memu w mediach spo\u0142eczno\u015bciowych, ale nie w mediach g\u0142\u00f3wnego nurtu.<\/span><span style=\"color: #000080;\"><a style=\"color: #000080;\" name=\"block2\"><\/a><\/span><\/div>\n<div class=\"webnewsArticleImageContainer \">\n<div>\n<div class=\"webnewsArticleImage\"><img decoding=\"async\" loading=\"lazy\" class=\"aligncenter\" src=\"https:\/\/www.listyznaszegosadu.pl\/upload\/article\/bild\/2755\/1080641\/4_s.png\" alt=\"\" width=\"300\" height=\"169\" border=\"0\" \/><\/div>\n<\/div>\n<\/div>\n<div class=\"templateArticleBrodtext\">\n<p style=\"text-align: left;\"><span style=\"color: #000080;\">Gaza by\u0142a uzbrojona po z\u0119by i zmieniona w nazistowsk\u0105 twierdz\u0119. Fakt, \u017ce to jest nazistowska twierdza z sieci\u0105 tuneli, fabrykami broni i zmilitaryzowanym spo\u0142ecze\u0144stwem, nie powinien by\u0107 tajemnic\u0105 i nie by\u0142 tajemnic\u0105, albo ujmuj\u0105c to inaczej, ten fakt by\u0142 tajemnic\u0105 wy\u0142\u0105cznie dla zachodnich odbiorc\u00f3w wiadomo\u015bci przekazywanych przez renomowane \u017ar\u00f3d\u0142a.<\/span><\/p>\n<p style=\"text-align: left;\">\n<span style=\"color: #000080;\">Gaza by\u0142a nie tylko najwi\u0119kszym na g\u0142ow\u0119 ludno\u015bci odbiorc\u0105 zachodniej pomocy \u201ehumanitarnej\u201d, a spo\u0142ecze\u0144stwa zachodnie by\u0142y sta\u0142ymi bywalcami nieustannych koncert\u00f3w Wielkiej Palesty\u0144skiej Orkiestry Symfonicznej pod batut\u0105 Antonio Manuela Guterresa.<\/span><\/p>\n<p style=\"text-align: left;\">\n<span style=\"color: #000080;\">W tej symfonicznej orkiestrze \u201eLekarze bez granic\u201d to zaledwie piccolo, instrument d\u017awi\u0119czny, z charakterystycznym brzmieniem, dra\u017cni\u0105cym ckliwo\u015bci\u0105 koniuszki naszych nerw\u00f3w.<\/span><\/p>\n<p><span style=\"color: #000080;\">Gaza sta\u0142a si\u0119 symbolem naszej wi\u0119zi z islamonazizmem, naszej empatii dla \u201eniewinnych ofiar ludob\u00f3jczych izraelskich atak\u00f3w\u201d. Zapomnia\u0142e\u015b ju\u017c o wszechobecnym plakacie \u201eWszystkie oczy na Rafah\u201d?<\/span><\/div>\n<div><\/div>\n<div><\/div>\n<div class=\"webnewsArticleImageContainer \">\n<div>\n<div class=\"webnewsArticleImage\"><img decoding=\"async\" loading=\"lazy\" class=\"aligncenter\" src=\"https:\/\/www.listyznaszegosadu.pl\/upload\/article\/bild\/1725\/1080643\/5_s.png\" alt=\"\" width=\"300\" height=\"200\" border=\"0\" \/><\/div>\n<\/div>\n<\/div>\n<div class=\"templateArticleBrodtext\">\n<p style=\"text-align: left;\"><span style=\"color: #000080;\">Dlaczego kazano nam wszystkim patrze\u0107 na Rafah? Mo\u017ce dla tego, \u017ce Mi\u0119dzynarodowy Trybuna\u0142 Sprawiedliwo\u015bci nigdy nie orzek\u0142, \u017ce Izrael pope\u0142ni\u0142 ludob\u00f3jstwo, ale, \u017ce wkraczaj\u0105c do Rafah, gdzie schroni\u0142y si\u0119 setki tysi\u0119cy uchod\u017ac\u00f3w \u00a0z innych cz\u0119\u015bci Gazy \u201eIzrael mo\u017ce pope\u0142ni\u0107 ludob\u00f3jstwo\u201d.<\/span><\/p>\n<p style=\"text-align: left;\">\n<span style=\"color: #000080;\">Wielka Palesty\u0144ska Orkiestra Symfoniczna nigdy nie fa\u0142szuje, swoj\u0105 muzyk\u0105 zawsze wywo\u0142uje w\u0142a\u015bciwe nastroje, budzi w\u0142a\u015bciwe uczucia. Nie dowiedzia\u0142e\u015b si\u0119 ju\u017c, \u017ce sam atak na Rafah nie spowodowa\u0142 praktycznie \u017cadnych strat w\u015br\u00f3d cywil\u00f3w.<\/span><\/p>\n<p style=\"text-align: left;\">\n<span style=\"color: #000080;\">Czy s\u0142yszeli\u015bcie o Alice Wairimu Nderitu, kt\u00f3ra straci\u0142a prac\u0119 w ONZ, poniewa\u017c odm\u00f3wi\u0142a nazwania wojny Izraela z Hamasem ludob\u00f3jstwem?<\/span><\/p>\n<p style=\"text-align: left;\">\n<span style=\"color: #000080;\">Pochodz\u0105ca z Kenii Nderitu, zosta\u0142a w 2020 roku zatrudniona na stanowisku przewodnicz\u0105cej zespo\u0142u do spraw zapobiegania ludob\u00f3jstwom. Jej czteroletni kontrakt nie zosta\u0142 odnowiony, poniewa\u017c \u2013 jak sama twierdzi &#8211; przeciwstawi\u0142a si\u0119 naciskom, \u017ceby powiedzie\u0107, \u017ce w Gazie Izrael pope\u0142nia ludob\u00f3jstwo, a jak twierdzi ONZ, nie przed\u0142u\u017cono kontraktu z innych bli\u017cej nieokre\u015blonych powod\u00f3w, ale z pewno\u015bci\u0105 nie dlatego, \u017ce odm\u00f3wi\u0142a powiedzenia, \u017ce Izraele pope\u0142ni\u0142 ludob\u00f3jstwo, bo przecie\u017c ONZ nigdy tego nie powiedzia\u0142.<\/span><\/p>\n<p style=\"text-align: left;\">\n<span style=\"color: #000080;\">Wielka Palesty\u0144ska Orkiestra Symfoniczna, szybko pozbywa si\u0119 muzyk\u00f3w, kt\u00f3rych ton narusza harmoni\u0119. Do szarych odbiorc\u00f3w wiadomo\u015bci ze \u015bwiata takie drobiazgi nie docieraj\u0105, nic nie zak\u0142\u00f3ca doskona\u0142ego brzmienia. Ta historia jest ciekawsza od wezwa\u0144 \u201eLekarzy bez granic\u201d do datk\u00f3w na cierpi\u0105cych mieszka\u0144c\u00f3w Gazy. Urz\u0119dnik Biura Praw Cz\u0142owieka ONZ, (kt\u00f3ry w lutym 2023 roku o\u015bwiadczy\u0142 w wywiadzie dla Sky New, \u017ce \u201eHamas nie jest dla ONZ organizacj\u0105 terrorystyczn\u0105\u201d), kiedy Alice Wairimu Nderitu wyda\u0142a o\u015bwiadczenie, \u017ce Izrael nie pope\u0142nia ludob\u00f3jstwa w Gazie, wys\u0142a\u0142 do niej e-mail stwierdzaj\u0105cy, \u017ce jej o\u015bwiadczenie jest \u201ejednostronne i mo\u017ce ono spowodowa\u0107 ryzyko utraty reputacji Organizacji Narod\u00f3w Zjednoczonych jako niezale\u017cnego, neutralnego i bezstronnego organu\u201d. Mail wys\u0142any z kopiami do wszystkich \u015bwi\u0119tych w orkiestrze spowodowa\u0142 burz\u0119 nie tylko wyzwisk, ale i zorganizowanych nacisk\u00f3w ze zbiorowymi domaganiami si\u0119 zwolnienia czarnej owcy.<\/span><\/p>\n<p style=\"text-align: left;\">\n<span style=\"color: #000080;\">Nie powinni\u015bmy si\u0119 dziwi\u0107 lekarzowi z organizacji \u201eLekarzy bez granic\u201d, \u017ce o powszechnej wiedzy o zbrodniach Hamasu zdecydowa\u0142 si\u0119 m\u00f3wi\u0107 tylko zastrzegaj\u0105c sobie anonimowo\u015b\u0107.<\/span><\/p>\n<p style=\"text-align: left;\">\n<span style=\"color: #000080;\">Cie\u0144 nazistowskiej twierdzy, kt\u00f3rej w\u0142adcy przysi\u0119gaj\u0105, \u017ce nigdy nie przestan\u0105 zabija\u0107 \u017byd\u00f3w, oskar\u017caj\u0105 Izrael o faszyzm i pozdrawiaj\u0105 si\u0119 nazistowskim salutem, jest g\u0142\u0119bszy i d\u0142u\u017cszy ni\u017c normalny odbiorca wiadomo\u015bci mo\u017ce podejrzewa\u0107.<\/span><\/p>\n<p style=\"text-align: left;\">\n<span style=\"color: #000080;\">Mo\u017cemy si\u0119 d\u0142ugo zastanawia\u0107 nad pytaniem, co jest tego powodem, mo\u017cemy zauwa\u017ca\u0107 mizerne zainteresowanie medi\u00f3w setkami tysi\u0119cy protestuj\u0105cych przeciw nazizmowi w Turcji, czy jeszcze s\u0142absze zainteresowanie protestuj\u0105cymi od lat przeciw nazizmowi w Iranie, czy dyskretne pomini\u0119cie faktu, \u017ce po dw\u00f3ch skromnych demonstracjach przeciw Hamasowi w Gazie co najmniej jeden z jej uczestnik\u00f3w zosta\u0142 zadr\u0119czony na \u015bmier\u0107, a jego zmaltretowane zw\u0142oki podrzucono pod drzwi jego rodzinnego domu.<\/span><\/p>\n<p style=\"text-align: left;\">\n<span style=\"color: #000080;\">W cieniu nazistowskiej twierdzy te obrazy s\u0105 publiczno\u015bci oszcz\u0119dzane. Kultura wielkiej empatii wymaga niezale\u017cnego, neutralnego i bezstronnego podej\u015bcia do ideologii dziedzic\u00f3w nazizmu.<\/span><\/p>\n<p style=\"text-align: left;\">\n<span style=\"color: #000080;\">Nie dziwmy si\u0119 znakomitej aktorce, \u017ce publikuj\u0105c apel o datki dla \u201eLekarzy bez granic\u201d obawia\u0142a si\u0119 antysemickich komentarzy.<\/span><\/p>\n<\/div>\n<hr style=\"height: 15px; background: #d0e6fa; width: 100%;\" \/>\n<div id=\"content\" class=\"content-alignment\">\n<div id=\"watch-description\" class=\"yt-uix-button-panel\">\n<div id=\"watch-description-text\" style=\"text-align: center;\">\n<p><em>Zawarto\u015b\u0107 publikowanych artyku\u0142\u00f3w i materia\u0142\u00f3w nie reprezentuje pogl\u0105d\u00f3w ani opinii Reunion&#8217;68,<\/em><em><br \/>\nani te\u017c webmastera Blogu Reunion&#8217;68, chyba ze jest to wyra\u017anie zaznaczone.<br \/>\nTwoje uwagi, linki, w\u0142asne artyku\u0142y lub wiadomo\u015bci prze\u015blij na adres:<br \/>\n<\/em><span style=\"color: #000080;\"><strong><em><a style=\"color: #000080;\" href=\"mailto:webmaster@reunion68.com\"><span style=\"text-decoration: underline;\">webmaster@reunion68.com<\/span><\/a><\/em><\/strong><\/span><\/p>\n<\/div>\n<\/div>\n<\/div>\n<hr style=\"width: 100%;\" \/>\n","protected":false},"excerpt":{"rendered":"<p>Hamas, cz\u0119\u015b\u0107 Bractwa Muzu\u0142ma\u0144skiego, organizacja zbrojona przez Katar, Turcj\u0119 i Iran i wspomagana finansowo przez Uni\u0119 Europejsk\u0105, Ameryk\u0119 i ONZ D\u0142ugi cie\u0144 nazistowskiej twierdzy Andrzej Koraszewski Znana aktorka, do kt\u00f3rej mam sentyment i kt\u00f3r\u0105 darz\u0119 du\u017cym szacunkiem, zamie\u015bci\u0142a na swojej stronie apel o datki organizacji \u201eLekarzy bez granic\u201d. Apel traktuje o tragicznej sytuacji w Gazie [&hellip;]<\/p>\n","protected":false},"author":1,"featured_media":0,"comment_status":"closed","ping_status":"closed","sticky":false,"template":"","format":"standard","meta":[],"categories":[6],"tags":[26,24],"_links":{"self":[{"href":"https:\/\/www.reunion68.se\/index.php?rest_route=\/wp\/v2\/posts\/120240"}],"collection":[{"href":"https:\/\/www.reunion68.se\/index.php?rest_route=\/wp\/v2\/posts"}],"about":[{"href":"https:\/\/www.reunion68.se\/index.php?rest_route=\/wp\/v2\/types\/post"}],"author":[{"embeddable":true,"href":"https:\/\/www.reunion68.se\/index.php?rest_route=\/wp\/v2\/users\/1"}],"replies":[{"embeddable":true,"href":"https:\/\/www.reunion68.se\/index.php?rest_route=%2Fwp%2Fv2%2Fcomments&post=120240"}],"version-history":[{"count":6,"href":"https:\/\/www.reunion68.se\/index.php?rest_route=\/wp\/v2\/posts\/120240\/revisions"}],"predecessor-version":[{"id":120248,"href":"https:\/\/www.reunion68.se\/index.php?rest_route=\/wp\/v2\/posts\/120240\/revisions\/120248"}],"wp:attachment":[{"href":"https:\/\/www.reunion68.se\/index.php?rest_route=%2Fwp%2Fv2%2Fmedia&parent=120240"}],"wp:term":[{"taxonomy":"category","embeddable":true,"href":"https:\/\/www.reunion68.se\/index.php?rest_route=%2Fwp%2Fv2%2Fcategories&post=120240"},{"taxonomy":"post_tag","embeddable":true,"href":"https:\/\/www.reunion68.se\/index.php?rest_route=%2Fwp%2Fv2%2Ftags&post=120240"}],"curies":[{"name":"wp","href":"https:\/\/api.w.org\/{rel}","templated":true}]}}