{"id":120363,"date":"2025-04-08T17:05:46","date_gmt":"2025-04-08T15:05:46","guid":{"rendered":"http:\/\/www.reunion68.se\/?p=120363"},"modified":"2025-04-08T10:36:27","modified_gmt":"2025-04-08T08:36:27","slug":"08-05-116","status":"publish","type":"post","link":"https:\/\/www.reunion68.se\/?p=120363","title":{"rendered":"A University of Florida Teacher Promotes Hatred for Israel; Will the State Act?"},"content":{"rendered":"<h5 style=\"text-align: center;\"><a href=\"https:\/\/www.algemeiner.com\/\" target=\"_blank\" rel=\"noopener noreferrer\"><img decoding=\"async\" class=\"center alignleft\" src=\"http:\/\/www.reunion68.com\/Biuletyn\/img\/algem.png\" alt=\"\" width=\"35%\" \/><\/a><span style=\"text-decoration: underline; color: #000080;\"><span style=\"text-decoration: underline;\"><strong><a style=\"color: #000080; text-decoration: underline;\" href=\"https:\/\/www.algemeiner.com\/2025\/04\/07\/university-florida-teacher-promotes-hatred-israel-will-state-act\/\" target=\"_blank\" rel=\"noopener noreferrer\">A University of Florida Teacher Promotes Hatred for Israel; Will the State Act?<\/a><\/strong><\/span><\/span><\/h5>\n<p style=\"text-align: center;\"><span style=\"color: #000000;\"><strong>Molly Seghi<\/strong><\/span><\/p>\n<hr style=\"height: 15px; background: #d0e6fa; width: 100%;\" \/>\n<p style=\"text-align: center;\"><img decoding=\"async\" class=\"aligncenter\" src=\"https:\/\/www.algemeiner.com\/wp-content\/uploads\/2025\/04\/UFlorida-2.jpg\" width=\"100%\" \/><span style=\"color: #808080;\"><em>The University of Florida campus. Photo: Wiki Commons.<\/em><\/span><\/p>\n<div id=\"post_content\">\n<p style=\"text-align: left;\"><span style=\"color: #000080;\">Despite the University of Florida (UF)\u2019s strong administrative support for Zionist students post-Oct. 7, the concerns highlighted in a recent American Jewish Committee (AJC) report \u2014 finding that nearly one-third of American Jewish college students have encountered\u00a0<a style=\"color: #000080;\" href=\"https:\/\/www.ajc.org\/news\/nearly-one-third-of-american-jewish-college-students-feel-faculty-members-have-promoted-antisemitism\" target=\"_blank\" rel=\"noopener noreferrer\" data-saferedirecturl=\"https:\/\/www.google.com\/url?q=https:\/\/www.ajc.org\/news\/nearly-one-third-of-american-jewish-college-students-feel-faculty-members-have-promoted-antisemitism&amp;source=gmail&amp;ust=1743655179538000&amp;usg=AOvVaw1hidR86oFBLgNZelBV4kap\">faculty-promoted antisemitism<\/a>\u00a0\u2014 remain relevant on campus.<\/span><\/p>\n<p style=\"text-align: left;\"><span style=\"color: #000080;\">Malini Johar Schueller, a professor in UF\u2019s English department, is the faculty adviser for the school\u2019s chapters of Students for Justice in Palestine (SJP) and, more recently, Jewish Voice for Peace (JVP). Schueller regularly uses her academic position to spread her anti-Israel ideology, fostering and fueling a hostile atmosphere on campus.<\/span><\/p>\n<p style=\"text-align: left;\"><span style=\"color: #000080;\">Schueller is listed as the\u00a0<a style=\"color: #000080;\" href=\"https:\/\/drive.google.com\/file\/d\/12QkoFlubE9yqO1olkJ9vKRvG28pe67Dk\/view?usp=sharing\" target=\"_blank\" rel=\"noopener noreferrer\" data-saferedirecturl=\"https:\/\/www.google.com\/url?q=https:\/\/drive.google.com\/file\/d\/12QkoFlubE9yqO1olkJ9vKRvG28pe67Dk\/view?usp%3Dsharing&amp;source=gmail&amp;ust=1743655179538000&amp;usg=AOvVaw2TvpbPAI5E0K8_hwAeHmIg\">#1395 endorser<\/a>\u00a0of the US Campaign for the Academic and Cultural Boycott of Israel Organizing Collective and the\u00a0<a style=\"color: #000080;\" href=\"https:\/\/drive.google.com\/file\/d\/1ailCuvNqKeD0kTZkSM8MzJWpdLDw4Hn1\/view?usp=sharing\" target=\"_blank\" rel=\"noopener noreferrer\" data-saferedirecturl=\"https:\/\/www.google.com\/url?q=https:\/\/drive.google.com\/file\/d\/1ailCuvNqKeD0kTZkSM8MzJWpdLDw4Hn1\/view?usp%3Dsharing&amp;source=gmail&amp;ust=1743655179538000&amp;usg=AOvVaw2kCYJWGvpCtNOft7HylDiu\">#2259 signer<\/a>\u00a0of the only publicly-made signed statement of the Scholars Against the War on Palestine. She is also a member of\u00a0Faculty &amp; Staff for Justice in Palestine at UF.<\/span><\/p>\n<p style=\"text-align: left;\"><span style=\"color: #000080;\">A little over a month after the Oct. 7 massacre carried out by Palestinian terrorists, Schueller\u00a0<a style=\"color: #000080;\" href=\"https:\/\/drive.google.com\/file\/d\/1pAN6QMsHxZeoPX1wzjZdNxSWjtb5a5L-\/view?usp=drive_link\" target=\"_blank\" rel=\"noopener noreferrer\" data-saferedirecturl=\"https:\/\/www.google.com\/url?q=https:\/\/drive.google.com\/file\/d\/1pAN6QMsHxZeoPX1wzjZdNxSWjtb5a5L-\/view?usp%3Ddrive_link&amp;source=gmail&amp;ust=1743655179538000&amp;usg=AOvVaw0KcABcMjg50nRtknERK7dO\">changed her cover photo on Facebook<\/a>\u00a0from a photo of her and her husband to the Palestinian flag. In\u00a0<a style=\"color: #000080;\" href=\"https:\/\/drive.google.com\/file\/d\/1ihdsogT_Emnd47lJveH-aPUBEOt9yG2i\/view?usp=drive_link\" target=\"_blank\" rel=\"noopener noreferrer\" data-saferedirecturl=\"https:\/\/www.google.com\/url?q=https:\/\/drive.google.com\/file\/d\/1ihdsogT_Emnd47lJveH-aPUBEOt9yG2i\/view?usp%3Ddrive_link&amp;source=gmail&amp;ust=1743655179538000&amp;usg=AOvVaw2xNAfUyyAAw03L0W3a_wvk\">December 2023, she shared a photo<\/a>\u00a0of a bus advertisement originally posted by\u00a0<a style=\"color: #000080;\" href=\"https:\/\/www.camera.org\/article\/video-reveals-how-ny-times-egregiously-misinformed-readers\/\" target=\"_blank\" rel=\"noopener noreferrer\" data-saferedirecturl=\"https:\/\/www.google.com\/url?q=https:\/\/www.camera.org\/article\/video-reveals-how-ny-times-egregiously-misinformed-readers\/&amp;source=gmail&amp;ust=1743655179538000&amp;usg=AOvVaw16kKIwlUq-Hl0gSv-EUkSq\">Refaat Alareer<\/a>\u00a0in 2021 reading \u201cNORMAL PEOPLE BOYCOTT ISRAEL.\u201d The caption claimed that \u201cyou do not have to be a Muslim or Arab to support Palestine, you just need not be an asshole,\u201d to which she responded, \u201cSo true.\u201d<\/span><\/p>\n<p style=\"text-align: left;\"><span style=\"color: #000080;\">A few months later, Schueller\u00a0<a style=\"color: #000080;\" href=\"https:\/\/drive.google.com\/file\/d\/1noKuFHvqEfXJE7fiHxumeDFDNMrZ658p\/view?usp=sharing\" target=\"_blank\" rel=\"noopener noreferrer\" data-saferedirecturl=\"https:\/\/www.google.com\/url?q=https:\/\/drive.google.com\/file\/d\/1noKuFHvqEfXJE7fiHxumeDFDNMrZ658p\/view?usp%3Dsharing&amp;source=gmail&amp;ust=1743655179538000&amp;usg=AOvVaw3uP6fZzxZ5ZOwrk7ArpOs7\">shared sentiments<\/a>\u00a0amidst the rise of encampments that swept the nation in late April 2024, hoping that UF faculty would follow in the footsteps of NYU faculty who \u201cprotected\u201d protesters from arrest threats.<\/span><\/p>\n<p style=\"text-align: left;\"><span style=\"color: #000080;\">Schueller\u2019s activism escalated beyond merely pro-Palestinian or anti-Israel sentiments and made statements supporting Palestinian \u201cresistance\u201d \u2014 a term that has been often used by Palestinians themselves to justify violence against Israelis and Jews.<\/span><\/p>\n<p style=\"text-align: left;\"><span style=\"color: #000080;\">For example, on the anniversary of the Oct. 7 massacre, Schueller proclaimed:\u00a0<a style=\"color: #000080;\" href=\"https:\/\/drive.google.com\/file\/d\/1IzT6MlQQ4hn44q_FPhBAj57_JWeQaZ92\/view?usp=sharing\" target=\"_blank\" rel=\"noopener noreferrer\" data-saferedirecturl=\"https:\/\/www.google.com\/url?q=https:\/\/drive.google.com\/file\/d\/1IzT6MlQQ4hn44q_FPhBAj57_JWeQaZ92\/view?usp%3Dsharing&amp;source=gmail&amp;ust=1743655179538000&amp;usg=AOvVaw2_BrTo94AIVqec7sXij9cI\">\u201cResistance is justified when people are occupied,\u201d<\/a>\u00a0a commonly used\u00a0<a style=\"color: #000080;\" href=\"https:\/\/www.camera.org\/article\/a-dictionary-of-hamas-supporters-chants-and-slogans\/\" target=\"_blank\" rel=\"noopener noreferrer\" data-saferedirecturl=\"https:\/\/www.google.com\/url?q=https:\/\/www.camera.org\/article\/a-dictionary-of-hamas-supporters-chants-and-slogans\/&amp;source=gmail&amp;ust=1743655179538000&amp;usg=AOvVaw2Nsnoplvz-Gc65ODzJcrvQ\">chant to excuse violence<\/a>\u00a0against Israelis and Jews, according to CAMERA\u2019s Dictionary of Hamas Supporters\u2019 Chants and Slogans.<\/span><\/p>\n<p style=\"text-align: left;\"><span style=\"color: #000080;\">Schueller\u2019s O<em>rlando Sentinel\u00a0<\/em>piece, \u201c<a style=\"color: #000080;\" href=\"https:\/\/www.orlandosentinel.com\/2014\/02\/09\/false-anti-semitism-charges-blind-us-to-real-bigotry\/\" target=\"_blank\" rel=\"noopener noreferrer\" data-saferedirecturl=\"https:\/\/www.google.com\/url?q=https:\/\/www.orlandosentinel.com\/2014\/02\/09\/false-anti-semitism-charges-blind-us-to-real-bigotry\/&amp;source=gmail&amp;ust=1743655179538000&amp;usg=AOvVaw2hp6QLO8QNsVlgCnbjnovD\">False anti-Semitism charges blind us to real bigotry<\/a><em>,\u201d<\/em>\u00a0accuses Israel of being a settler-colonial and apartheid state, claims disputed by groups like the\u00a0<a style=\"color: #000080;\" href=\"https:\/\/www.adl.org\/resources\/backgrounder\/allegation-israel-settler-colonialist-enterprise\" target=\"_blank\" rel=\"noopener noreferrer\" data-saferedirecturl=\"https:\/\/www.google.com\/url?q=https:\/\/www.adl.org\/resources\/backgrounder\/allegation-israel-settler-colonialist-enterprise&amp;source=gmail&amp;ust=1743655179538000&amp;usg=AOvVaw3trMIJQ5Bb4BMsYFhuKIIb\">Anti-Defamation League<\/a>\u00a0and\u00a0<a style=\"color: #000080;\" href=\"https:\/\/www.ajc.org\/why-israel-is-not-a-settler-colonial-state\" target=\"_blank\" rel=\"noopener noreferrer\" data-saferedirecturl=\"https:\/\/www.google.com\/url?q=https:\/\/www.ajc.org\/why-israel-is-not-a-settler-colonial-state&amp;source=gmail&amp;ust=1743655179538000&amp;usg=AOvVaw133CSx-PgM6SUEr3K_zhKw\">American Jewish Committee<\/a>\u00a0\u2014 as well as by many non-Jewish organizations and scholars. She further asserts that accusations of antisemitism wrongly portray all Jews as monolithic supporters of Israel, but a Pew Research Center report contradicts her claim, showing that\u00a0<a style=\"color: #000080;\" href=\"https:\/\/www.pewresearch.org\/religion\/2021\/05\/11\/u-s-jews-connections-with-and-attitudes-toward-israel\/\" target=\"_blank\" rel=\"noopener noreferrer\" data-saferedirecturl=\"https:\/\/www.google.com\/url?q=https:\/\/www.pewresearch.org\/religion\/2021\/05\/11\/u-s-jews-connections-with-and-attitudes-toward-israel\/&amp;source=gmail&amp;ust=1743655179538000&amp;usg=AOvVaw038DlOmgJsxH6Ye24gsm2c\">most Jewish people oppose BDS<\/a>, highlighting her tendency to amplify minority viewpoints at the expense of the majority.<\/span><\/p>\n<p style=\"text-align: left;\"><span style=\"color: #000080;\">As an educator, Schueller is positioned to teach the next generation of leaders, yet she openly boasts of using her academic position to advance her unacademic activism. Her teaching methods are outlined in her 2024 research article titled\u00a0<a style=\"color: #000080;\" href=\"https:\/\/muse.jhu.edu\/pub\/4\/article\/932659\/pdf\" target=\"_blank\" rel=\"noopener noreferrer\" data-saferedirecturl=\"https:\/\/www.google.com\/url?q=https:\/\/muse.jhu.edu\/pub\/4\/article\/932659\/pdf&amp;source=gmail&amp;ust=1743655179538000&amp;usg=AOvVaw1iZaEU934i1eQUiwGR7Dg7\">\u201cTeaching Palestine: Challenges of Identification and Alliance.\u201d<\/a>\u00a0In it, she advocates for an \u201cactivist reading\u201d of Palestinian literature. She pushes students to see Palestinians through a \u201cradical alterity\u201d framework. She also uses and cites the work of authors, such as\u00a0<a style=\"color: #000080;\" href=\"https:\/\/www.timesofisrael.com\/australian-literary-fest-hosts-palestinian-writers-who-peddle-antisemitic-tropes\/\" target=\"_blank\" rel=\"noopener noreferrer\">Susan Abulhawa<\/a>, who\u00a0<a style=\"color: #000080;\" href=\"https:\/\/www.camera.org\/article\/u-penn-palestine-writes-organizer-susan-abulhawa-cheers-gaza-massacre\/\" target=\"_blank\" rel=\"noopener noreferrer\" data-saferedirecturl=\"https:\/\/www.google.com\/url?q=https:\/\/www.camera.org\/article\/u-penn-palestine-writes-organizer-susan-abulhawa-cheers-gaza-massacre\/&amp;source=gmail&amp;ust=1743655179538000&amp;usg=AOvVaw18BGPVCCVX71dTR3MSulUV\">reject<\/a>\u00a0the Jewish indigenous connection to the land of Israel and\u00a0<a style=\"color: #000080;\" href=\"https:\/\/www.camera.org\/article\/u-penn-palestine-writes-organizer-susan-abulhawa-cheers-gaza-massacre\/\" target=\"_blank\" rel=\"noopener noreferrer\" data-saferedirecturl=\"https:\/\/www.google.com\/url?q=https:\/\/www.camera.org\/article\/u-penn-palestine-writes-organizer-susan-abulhawa-cheers-gaza-massacre\/&amp;source=gmail&amp;ust=1743655179538000&amp;usg=AOvVaw18BGPVCCVX71dTR3MSulUV\">laud<\/a>\u00a0Hamas\u2019s Oct. 7 massacre.<\/span><\/p>\n<p style=\"text-align: left;\"><span style=\"color: #000080;\">Schueller\u2019s courses include\u00a0<a style=\"color: #000080;\" href=\"https:\/\/english.ufl.edu\/wp-content\/uploads\/sites\/45\/LIT-6236-9129-23740-Schueller.pdf\" target=\"_blank\" rel=\"noopener noreferrer\" data-saferedirecturl=\"https:\/\/www.google.com\/url?q=https:\/\/english.ufl.edu\/wp-content\/uploads\/sites\/45\/LIT-6236-9129-23740-Schueller.pdf&amp;source=gmail&amp;ust=1743655179538000&amp;usg=AOvVaw2zdCCVHcn1votkXoqoHcjh\"><em>Introduction to Postcolonial Theory<\/em><\/a>\u00a0and\u00a0<a style=\"color: #000080;\" href=\"https:\/\/english.ufl.edu\/wp-content\/uploads\/sites\/45\/LIT4233-8MS1-27675-Schueller.pdf\" target=\"_blank\" rel=\"noopener noreferrer\" data-saferedirecturl=\"https:\/\/www.google.com\/url?q=https:\/\/english.ufl.edu\/wp-content\/uploads\/sites\/45\/LIT4233-8MS1-27675-Schueller.pdf&amp;source=gmail&amp;ust=1743655179538000&amp;usg=AOvVaw3ImeY1PpHbSlr5JMf8zr8U\"><em>Comparative Settler Colonialisms<\/em><\/a>. Required readings are heavily one-sided, relying on activists and ideologues such as Frantz Fanon,\u00a0<a style=\"color: #000080;\" href=\"https:\/\/www.camera.org\/people\/edward-said\/\" target=\"_blank\" rel=\"noopener noreferrer\" data-saferedirecturl=\"https:\/\/www.google.com\/url?q=https:\/\/www.camera.org\/people\/edward-said\/&amp;source=gmail&amp;ust=1743655179538000&amp;usg=AOvVaw0OF__8m33hsMIV0ha8x6os\">Edward Said<\/a>, and Abuhawa. Among the other readings is a text by\u00a0<a style=\"color: #000080;\" href=\"https:\/\/camera-uk.org\/2020\/12\/13\/financial-times-corrects-article-omitting-ghassan-kanafanis-terror-affiliation\/\" target=\"_blank\" rel=\"noopener noreferrer\" data-saferedirecturl=\"https:\/\/www.google.com\/url?q=https:\/\/camera-uk.org\/2020\/12\/13\/financial-times-corrects-article-omitting-ghassan-kanafanis-terror-affiliation\/&amp;source=gmail&amp;ust=1743655179538000&amp;usg=AOvVaw0kMbF1OSf1SrvArM-5L5fS\">Ghassan Kanafani<\/a>, a former senior member of the US-designated Popular Front for Liberation of Palestine.<\/span><\/p>\n<p style=\"text-align: left;\"><span style=\"color: #000080;\">The student groups she advises, UF Students for Justice in Palestine (SJP) and Jewish Voice for Peace (JVP), champion the same anti-Zionist rhetoric she promotes.<\/span><\/p>\n<p style=\"text-align: left;\"><span style=\"color: #000080;\">UF SJP, for example, regularly posts similarly ideological messaging that crosses into antisemitic conspiracy theorizing, such as depicting \u201c<a style=\"color: #000080;\" href=\"https:\/\/www.instagram.com\/p\/DFO1N7eN3pg\/?img_index=1\" target=\"_blank\" rel=\"noopener noreferrer\" data-saferedirecturl=\"https:\/\/www.google.com\/url?q=https:\/\/www.instagram.com\/p\/DFO1N7eN3pg\/?img_index%3D1&amp;source=gmail&amp;ust=1743655179538000&amp;usg=AOvVaw0prpGhkC4SCD_FkP_HFf2t\">Zionist colonialism<\/a>\u201d as a profit-making conspiracy. They have erected displays repeating the antisemitic \u201c<a style=\"color: #000080;\" href=\"https:\/\/beyond-the-borders.com\/2024\/10\/23\/installationorindoctrination\/\" target=\"_blank\" rel=\"noopener noreferrer\" data-saferedirecturl=\"https:\/\/www.google.com\/url?q=https:\/\/beyond-the-borders.com\/2024\/10\/23\/installationorindoctrination\/&amp;source=gmail&amp;ust=1743655179538000&amp;usg=AOvVaw3b0c9_vMPBJVKlKCiyfCYu\">Zionism is racism<\/a>\u201d canard, famously rejected by the United States and rescinded by the United Nations. UF SJP is\u00a0<a style=\"color: #000080;\" href=\"https:\/\/drive.google.com\/file\/d\/1zZildpe-eqqDBNG74OdLNXrAbr1ufb3L\/view?usp=sharing\" target=\"_blank\" rel=\"noopener noreferrer\" data-saferedirecturl=\"https:\/\/www.google.com\/url?q=https:\/\/drive.google.com\/file\/d\/1zZildpe-eqqDBNG74OdLNXrAbr1ufb3L\/view?usp%3Dsharing&amp;source=gmail&amp;ust=1743655179538000&amp;usg=AOvVaw1p3Ckg9SWkh7XsYJN_zeXj\">intolerant of opposing viewpoints<\/a>\u00a0and has led harassment\u00a0<a style=\"color: #000080;\" href=\"https:\/\/www.instagram.com\/p\/DCGTMkKxbVO\/?img_index=4\" target=\"_blank\" rel=\"noopener noreferrer\" data-saferedirecturl=\"https:\/\/www.google.com\/url?q=https:\/\/www.instagram.com\/p\/DCGTMkKxbVO\/?img_index%3D4&amp;source=gmail&amp;ust=1743655179538000&amp;usg=AOvVaw1eGrBbbGlNzpBCNWJXyggR\">campaigns to shut down events<\/a>\u00a0featuring Israeli speakers.<\/span><\/p>\n<p style=\"text-align: left;\"><span style=\"color: #000080;\">Both the state government and university administration have been steadfast on their policies defending Jewish students and academic freedom.\u00a0And as the Fall 2024 semester approached, Ray Rodrigues, the chancellor of the state university system, directed a\u00a0<a style=\"color: #000080;\" href=\"https:\/\/www.miamiherald.com\/news\/politics-government\/state-politics\/article290809204.html\" target=\"_blank\" rel=\"noopener noreferrer\" data-saferedirecturl=\"https:\/\/www.google.com\/url?q=https:\/\/www.miamiherald.com\/news\/politics-government\/state-politics\/article290809204.html&amp;source=gmail&amp;ust=1743655179538000&amp;usg=AOvVaw0dlB4jamCwG6-eUwVYN-BQ\">state-mandated course syllabi evaluation<\/a>\u00a0for courses related to antisemitism for Florida\u2019s 12 public universities.<\/span><\/p>\n<p style=\"text-align: left;\"><span style=\"color: #000080;\">But courses like Schueller\u2019s fell through the cracks because they lacked specified keywords.<\/span><\/p>\n<p style=\"text-align: left;\"><span style=\"color: #000080;\">UF must take decisive action to continue to protect academic integrity and ensure that its classrooms remain spaces for genuine intellectual inquiry, not platforms for political indoctrination. Schueller\u2019s teaching and activism may have violated UF\u2019s\u00a0<a style=\"color: #000080;\" href=\"https:\/\/policy.ufl.edu\/regulation\/7-018\/\" target=\"_blank\" rel=\"noopener noreferrer\" data-saferedirecturl=\"https:\/\/www.google.com\/url?q=https:\/\/policy.ufl.edu\/regulation\/7-018\/&amp;source=gmail&amp;ust=1743655179538000&amp;usg=AOvVaw1-2L4gMFASHhUvFAsrI4Ji\">Academic Freedom and Responsibility regulation<\/a>. The university must conduct a thorough review of her course materials to ensure academia is disparate from activism. By demanding transparency, upholding academic standards, and rejecting the misuse of university resources for activism, UF can reaffirm its commitment to fostering a campus where all students can engage in open, respectful discourse without fear of discrimination.<\/span><\/p>\n<hr \/>\n<p style=\"text-align: left;\"><span style=\"color: #808080;\"><em><strong>Molly Seghi<\/strong> is a sophomore journalism student at the University of Florida. She is also the 2024-2025 CAMERA on Campus fellow.<\/em><\/span><\/p>\n<\/div>\n<hr style=\"height: 15px; background: #d0e6fa; width: 100%;\" \/>\n<div id=\"content\" class=\"content-alignment\">\n<div id=\"watch-description\" class=\"yt-uix-button-panel\">\n<div id=\"watch-description-text\" style=\"text-align: center;\">\n<p><em>Zawarto\u015b\u0107 publikowanych artyku\u0142\u00f3w i materia\u0142\u00f3w nie reprezentuje pogl\u0105d\u00f3w ani opinii Reunion&#8217;68,<\/em><em><br \/>\nani te\u017c webmastera Blogu Reunion&#8217;68, chyba ze jest to wyra\u017anie zaznaczone.<br \/>\nTwoje uwagi, linki, w\u0142asne artyku\u0142y lub wiadomo\u015bci prze\u015blij na adres:<br \/>\n<\/em><span style=\"color: #000080;\"><strong><em><a style=\"color: #000080;\" href=\"mailto:webmaster@reunion68.com\"><span style=\"text-decoration: underline;\">webmaster@reunion68.com<\/span><\/a><\/em><\/strong><\/span><\/p>\n<\/div>\n<\/div>\n<\/div>\n<hr style=\"width: 100%;\" \/>\n","protected":false},"excerpt":{"rendered":"<p>A University of Florida Teacher Promotes Hatred for Israel; Will the State Act? Molly Seghi The University of Florida campus. Photo: Wiki Commons. Despite the University of Florida (UF)\u2019s strong administrative support for Zionist students post-Oct. 7, the concerns highlighted in a recent American Jewish Committee (AJC) report \u2014 finding that nearly one-third of American [&hellip;]<\/p>\n","protected":false},"author":1,"featured_media":0,"comment_status":"closed","ping_status":"closed","sticky":false,"template":"","format":"standard","meta":[],"categories":[6],"tags":[26,24],"_links":{"self":[{"href":"https:\/\/www.reunion68.se\/index.php?rest_route=\/wp\/v2\/posts\/120363"}],"collection":[{"href":"https:\/\/www.reunion68.se\/index.php?rest_route=\/wp\/v2\/posts"}],"about":[{"href":"https:\/\/www.reunion68.se\/index.php?rest_route=\/wp\/v2\/types\/post"}],"author":[{"embeddable":true,"href":"https:\/\/www.reunion68.se\/index.php?rest_route=\/wp\/v2\/users\/1"}],"replies":[{"embeddable":true,"href":"https:\/\/www.reunion68.se\/index.php?rest_route=%2Fwp%2Fv2%2Fcomments&post=120363"}],"version-history":[{"count":4,"href":"https:\/\/www.reunion68.se\/index.php?rest_route=\/wp\/v2\/posts\/120363\/revisions"}],"predecessor-version":[{"id":120370,"href":"https:\/\/www.reunion68.se\/index.php?rest_route=\/wp\/v2\/posts\/120363\/revisions\/120370"}],"wp:attachment":[{"href":"https:\/\/www.reunion68.se\/index.php?rest_route=%2Fwp%2Fv2%2Fmedia&parent=120363"}],"wp:term":[{"taxonomy":"category","embeddable":true,"href":"https:\/\/www.reunion68.se\/index.php?rest_route=%2Fwp%2Fv2%2Fcategories&post=120363"},{"taxonomy":"post_tag","embeddable":true,"href":"https:\/\/www.reunion68.se\/index.php?rest_route=%2Fwp%2Fv2%2Ftags&post=120363"}],"curies":[{"name":"wp","href":"https:\/\/api.w.org\/{rel}","templated":true}]}}