{"id":120379,"date":"2026-04-12T17:09:00","date_gmt":"2026-04-12T15:09:00","guid":{"rendered":"http:\/\/www.reunion68.se\/?p=120379"},"modified":"2026-04-07T13:20:56","modified_gmt":"2026-04-07T11:20:56","slug":"09-09-96","status":"publish","type":"post","link":"https:\/\/www.reunion68.se\/?p=120379","title":{"rendered":"Trzydzie\u015bci lat temu Izrael deportowa\u0142 przyw\u00f3dc\u00f3w Hamasu. \u015awiat zmusi\u0142 Izrael do przyj\u0119cia ich z powrotem"},"content":{"rendered":"<p><img decoding=\"async\" class=\"aligncenter\" src=\"https:\/\/blogger.googleusercontent.com\/img\/b\/R29vZ2xl\/AVvXsEhd1GtBL_PGCHYhhD4tMi90MvJjgSYco2V6I8BGU3XfMJlx2qP44EcphJ_Gcnp6WFRyjLOCX4Xu4rJoqzZ7IaSBN-XCfHVb_k9LPqACTKI4VEwSCAvR06V2SbSArBuNx53uy-RWjo6QYtXXlA_5dE9eGTtbLM4JJ-kOqzBvLkF1TWmVocPlGTbtXA\/w640-h446\/hamas%20deportees.png\" width=\"100%\"><\/p>\n<hr>\n<h5 style=\"text-align: center;\"><a href=\"https:\/\/www.listyznaszegosadu.pl\/\" target=\"_blank\" rel=\"noopener noreferrer\"><img decoding=\"async\" class=\"center alignleft\" src=\"http:\/\/www.reunion68.com\/Biuletyn\/img\/z-naszego.jpg\" alt=\"\" width=\"50%\"><\/a><span style=\"text-decoration: underline; color: #000080;\"><span><strong><a style=\"color: #000080; text-decoration: underline;\" href=\"https:\/\/www.listyznaszegosadu.pl\/notatki\/trzydziesci-lat-temu-izrael-deportowal-przywaldcalw-hamasu-swiat-zmusil-izrael-do-przyjecia-ich-z-powrotem\" target=\"_blank\" rel=\"noopener noreferrer\">Trzydzie\u015bci lat temu Izrael deportowa\u0142 przyw\u00f3dc\u00f3w Hamasu. \u015awiat zmusi\u0142 Izrael do przyj\u0119cia ich z powrotem<\/a><\/strong><\/span><\/span><\/h5>\n<p style=\"text-align: center;\"><span style=\"color: #000000;\"><strong>Daniel Greenfield<br \/>\n<\/strong><span style=\"color: #808080;\"><em>T\u0142umaczenie:<\/em><\/span><strong> Ma\u0142gorzata Koraszewska<\/strong><\/span><\/p>\n<hr style=\"height: 15px; background: #d0e6fa; width: 100%;\">\n<div class=\"templateArticleIngress\">\n<p style=\"text-align: left;\"><span style=\"color: #000080;\">\u201eDeportowa\u0107 nadziej\u0119 na pok\u00f3j?\u201d \u2013 zdumiewa\u0142 si\u0119 \u201dNewsweek\u201d. Ich nadziej\u0105 na pok\u00f3j by\u0142 Hamas.<\/span><\/p>\n<p style=\"text-align: left;\"><span style=\"color: #000080;\">By\u0142 rok 1992. Administracja Clintona pr\u00f3bowa\u0142a nak\u0142oni\u0107 premiera Izraela Icchaka Rabina do podpisania porozumienia o procesie pokojowym w celu utworzenia pa\u0144stwa \u201epalesty\u0144skiego\u201d, ale terrory\u015bci z Hamasu nie przestali zabija\u0107 Izraelczyk\u00f3w.<\/span><\/p>\n<p style=\"text-align: left;\"><span style=\"color: #000080;\">15-letnia <a style=\"color: #000080;\" href=\"https:\/\/www.blogger.com\/blog\/post\/edit\/11368628\/7822955079031381577\" target=\"_blank\" rel=\"noopener noreferrer\">Helena Rapp<\/a>&nbsp;zosta\u0142a \u015bmiertelnie d\u017agni\u0119ta no\u017cem na przystanku autobusowym w drodze do szko\u0142y. Kilka dni p\u00f3\u017aniej islamski terrorysta zamordowa\u0142 rabina Szimona Birana, ojca czw\u00f3rki dzieci.<\/span><\/p>\n<p><span style=\"color: #000080;\">Zirytowany ostatnimi zab\u00f3jstwami premier Rabin wsadzi\u0142 417 islamistycznych terroryst\u00f3w, w tym czo\u0142owych przyw\u00f3dc\u00f3w Hamasu, do autobus\u00f3w i wyrzuci\u0142 ich po liba\u0144skiej stronie granicy.<\/span><\/p>\n<\/div>\n<p style=\"text-align: left;\"><span style=\"color: #000080;\">Autobus\u00f3w by\u0142o sze\u015b\u0107 i byli w nich przyw\u00f3dca Hamasu Ismael Hanija, wsp\u00f3\u0142za\u0142o\u017cyciel Hamasu Abdel Aziz al-Rantisi, kt\u00f3ry mia\u0142 \u015blubowa\u0107, \u201ena Allaha, nie zostawimy ani jednego \u017byda w Palestynie\u201d, Abu Osama, kt\u00f3ry pom\u00f3g\u0142 opracowa\u0107 kart\u0119 Hamasu wzywaj\u0105c\u0105 do eksterminacji \u017byd\u00f3w, wsp\u00f3\u0142za\u0142o\u017cyciele Hamasu Mohammed Taha, Hammad Al-Hasanat i Mahmoud Zahar, kt\u00f3rzy g\u0142osi\u0142 \u201eZalegalizowali zabijanie ich ludzi na ca\u0142ym \u015bwiecie przez zabijanie naszych ludzi\u201d, Hamad Al-Bitawi, kt\u00f3ry twierdzi\u0142, \u017ce \u201ed\u017cihad jest zbiorowym obowi\u0105zkiem\u201d wraz z Abdullahem al-Szamim, przyw\u00f3dc\u0105 Islamskiego D\u017cihadu, i wieloma innymi obecnymi i przesz\u0142ymi islamskimi przyw\u00f3dcami terrorystycznymi deportowanymi do Libanu.<\/span><\/p>\n<div class=\"templateArticleBrodtext\">\n<p style=\"text-align: left;\">\n<span style=\"color: #000080;\">\u201eNew York Times\u201d&nbsp;<a style=\"color: #000080;\" href=\"https:\/\/www.blogger.com\/blog\/post\/edit\/11368628\/7822955079031381577\" target=\"_blank\" rel=\"noopener noreferrer\">zatytu\u0142owa\u0142<\/a>&nbsp;swoje relacje&nbsp;<em>Ousted Arabs Shiver and Wait in Lebanese Limbo<\/em>&nbsp;[Wyp\u0119dzeni Arabowie dr\u017c\u0105 i czekaj\u0105 w liba\u0144skim limbo]. \u201eNewsweek\u201d r\u00f3wnie\u017c&nbsp;<a style=\"color: #000080;\" href=\"https:\/\/www.blogger.com\/blog\/post\/edit\/11368628\/7822955079031381577\" target=\"_blank\" rel=\"noopener noreferrer\">ze wsp\u00f3\u0142czuciem<\/a>&nbsp;opisa\u0142, jak terrory\u015bci z Hamasu \u201edr\u017celi z zimna\u201d. \u201eWashington Post\u201d starannie opisywa\u0142 \u201e\u015blady na sk\u00f3rze\u201d po kajdankach. Associated Press szczeg\u00f3\u0142owo relacjonowa\u0142a przypadki biegunki, kt\u00f3ra zamieni\u0142a wypr\u00f3\u017cnienia islamskich terroryst\u00f3w w temat godny mi\u0119dzynarodowego nag\u0142o\u015bnienia.<\/span><\/p>\n<p><span style=\"color: #000080;\">W rzeczywisto\u015bci terrory\u015bci z Hamasu i Islamskiego D\u017cihadu zostali wyposa\u017ceni przez Izrael w p\u0142aszcze, koce, jedzenie i po 50 dolar\u00f3w na osob\u0119: wi\u0119cej ni\u017c wystarczaj\u0105co, aby kupi\u0107 wszystko, czego potrzebowali w Libanie.<\/span><\/p>\n<p><span style=\"color: #000080;\">\u201eJeste\u015bmy spragnieni, zmarzni\u0119ci i g\u0142odni\u201d \u2014 powiedzia\u0142 dr Abdul-Aziz Rantisi \u2014 tak \u201eTimes\u201d rozpocz\u0105\u0142 sw\u00f3j artyku\u0142. Wspomnia\u0142, \u017ce Rantisi planuje strajk g\u0142odowy, a nie, \u017ce jest przyw\u00f3dc\u0105 terroryst\u00f3w.<\/span><\/p>\n<p><span style=\"color: #000080;\">\u201eLos Angeles Times\u201d pisa\u0142, \u017ce naruszono \u201ewolno\u015b\u0107 s\u0142owa\u201d terroryst\u00f3w. Pytali ich o \u201eokre\u015blenie warunk\u00f3w cz\u0142onkostwa w Hamasie\u201d i poinformowali, \u017ce \u201ewielu z nich odpowiedzia\u0142o: &#8216;Modli\u0107 si\u0119 i by\u0107 dobrymi muzu\u0142manami&#8217;\u201d.<\/span><\/p>\n<p style=\"text-align: left;\"><span style=\"color: #000080;\">W ten spos\u00f3b media przedstawi\u0142y Amerykanom islamsk\u0105 organizacj\u0119 terrorystyczn\u0105.<\/span><\/p>\n<p style=\"text-align: left;\"><span style=\"color: #000080;\">Czerwony Krzy\u017c, kt\u00f3ry po 7 pa\u017adziernika 2023 r. nie odwiedzi\u0142 izraelskich zak\u0142adnik\u00f3w, w tym dzieci i starszych kobiet przetrzymywanych przez Hamas, szybko pojawi\u0142 si\u0119 na miejscu z \u201etrzema ci\u0119\u017car\u00f3wkami namiot\u00f3w, \u017cywno\u015bci, koc\u00f3w i po\u015bcieli\u201d. Organizacja pomocowa rozstawi\u0142a namioty dla terroryst\u00f3w z Hamasu, kt\u00f3rzy najwyra\u017aniej byli zbyt leniwi lub niekompetentni, \u017ceby rozstawi\u0107 w\u0142asne namioty.<\/span><\/p>\n<p><span style=\"color: #000080;\">Szef UNRWA wyruszy\u0142 z Wiednia, aby odwiedzi\u0107 wyp\u0119dzonych terroryst\u00f3w z Hamasu.<\/span><\/p>\n<p style=\"text-align: left;\">\n<span style=\"color: #000080;\">Bernard Pfefferle, lokalny g\u0142\u00f3wny delegat Mi\u0119dzynarodowego Komitetu Czerwonego Krzy\u017ca, szlocha\u0142: \u201eOni nie przetrwaj\u0105 zimy w ten spos\u00f3b\u201d.<\/span><\/p>\n<p style=\"text-align: left;\"><span style=\"color: #000080;\">W rzeczywisto\u015bci przetrwali ca\u0142kiem nie\u017ale.<\/span><\/p>\n<p style=\"text-align: left;\"><span style=\"color: #000080;\">Podsekretarz generalny ONZ James OC Jonah, Bernard Kouchner, francuski minister ds. humanitarnych i wielu innych zagranicznych dygnitarzy odwiedzi\u0142o terroryst\u00f3w z Hamasu.<\/span><\/p>\n<p><span style=\"color: #000080;\">Ambasador Francji Daniel Husson poprosi\u0142 o spotkanie z terrorystami z Hamasu, by \u201ewyrazi\u0107 wsp\u00f3\u0142czucie Francji dla ich sprawy\u201d.<\/span><\/p>\n<p style=\"text-align: left;\"><span style=\"color: #000080;\">Amnesty International zorganizowa\u0142a kampani\u0119 pisania list\u00f3w, w kt\u00f3rej narzekano, \u017ce deportowani z Hamasu \u201e\u017cyj\u0105 w namiotach w mro\u017anych warunkach\u201d i domagano si\u0119 \u201ebezpiecznego powrotu deportowanych do Izraela\u201d. B&#8217;Tselem, proterrorystyczna grupa \u201epraw cz\u0142owieka\u201d dzia\u0142aj\u0105ca w Izraelu, pot\u0119pi\u0142a deportacje jako \u201era\u017c\u0105ce naruszenie praw cz\u0142owieka\u201d. Podczas atak\u00f3w 7 pa\u017adziernika Vivian Silver, cz\u0142onkini zarz\u0105du B&#8217;Tselem, zosta\u0142a zabita przez terroryst\u00f3w, obronie kt\u00f3rych po\u015bwi\u0119ci\u0142a ca\u0142e swoje \u017cycie.<\/span><\/p>\n<p><span style=\"color: #000080;\">B&#8217;Tselem by\u0142a jedn\u0105 z proterrorystycznych grup, kt\u00f3re pierwotnie zaskar\u017cy\u0142y deportacje do S\u0105du Najwy\u017cszego Izraela, pr\u00f3buj\u0105c zatrzyma\u0107 Hamas w Izraelu.<\/span><\/p>\n<p><span style=\"color: #000080;\">Media nieustannie relacjonowa\u0142y o sprawie deportowanych z Hamasu w spos\u00f3b, w jaki nie relacjonowa\u0142y o ich ofiarach. W sumie Abdel Aziz al-Rantisi zorganizowa\u0142 rekordowe 1500 konferencji prasowych. Za ka\u017cdym razem, gdy islamscy terrory\u015bci kichn\u0119li, by\u0142 tam korespondent, kt\u00f3ry o tym pisa\u0142, fotograf, kt\u00f3ry robi\u0142 zdj\u0119cia i aktywista praw cz\u0142owieka, kt\u00f3ry pot\u0119pia\u0142 Izrael.<\/span><\/p>\n<p><span style=\"color: #000080;\">Nawet je\u015bli wszystko, co m\u00f3wili, by\u0142o k\u0142amstwem.<\/span><\/p>\n<p><span style=\"color: #000080;\">\u201eWYDALONYM PALESTY\u0143CZYKOM BRAKUJE WODY\u201d, krzycza\u0142 nag\u0142\u00f3wek w \u201eWashington Post\u201d. W tym samym artykule gazeta wspomnia\u0142a, \u017ce czerpi\u0105 wod\u0119 ze strumienia. Autorzy innych artyku\u0142\u00f3w narzekali, \u017ce ko\u0144czy im si\u0119 woda, podczas gdy byli otoczeni \u015bniegiem.<\/span><\/p>\n<p style=\"text-align: left;\"><span style=\"color: #000080;\">W jednym z artyku\u0142\u00f3w Associated Press opisano deportowanego, kt\u00f3ry jad\u0142 \u015bniadanie sk\u0142adaj\u0105ce si\u0119 z d\u017cemu, sera i chleba lub fasoli i ciecierzycy z sosem cytrynowym, a nast\u0119pnie lunch sk\u0142adaj\u0105cy si\u0119 z tu\u0144czyka lub sardynek, po czym narzeka\u0142: \u201eMam ju\u017c do\u015b\u0107 tego jedzenia. Jem tylko po to, \u017ceby prze\u017cy\u0107\u201d.<\/span><\/p>\n<p><span style=\"color: #000080;\">W rzeczywisto\u015bci Hamas i islamscy terrory\u015bci mieli mn\u00f3stwo jedzenia i wody. W pewnym momencie nawet artyku\u0142 w \u201eNew York Times\u201d przyzna\u0142, \u017ce \u201ew czwartek Palesty\u0144czycy powiedzieli, \u017ce po\u015bcili w ci\u0105gu dnia, aby zachowa\u0107 zapasy \u017cywno\u015bci, kt\u00f3re skurczy\u0142y si\u0119 do makaronu i ziemniak\u00f3w, a woda pitna ca\u0142kowicie znikn\u0119\u0142a. Jednak dzisiaj reporter Associated Press powiedzia\u0142, \u017ce deportowani m\u0119\u017cczy\u017ani gotowali ry\u017c, ciecierzyc\u0119 i konserwy mi\u0119sne, a niekt\u00f3rzy jedli jajka\u201d.<\/span><\/p>\n<p><span style=\"color: #000080;\">Tydzie\u0144 po deportacji \u201eNew York Times\u201d twierdzi\u0142, \u017ce terrory\u015bci z Hamasu za kilka dni zaczn\u0105 \u201eumiera\u0107 na zapalenie p\u0142uc\u201d. &nbsp;\u017baden z nich jako\u015b nie umar\u0142 nawet po siedmiu miesi\u0105cach.<\/span><\/p>\n<p><span style=\"color: #000080;\">W rzeczywisto\u015bci organizowali wystawne uczty religijne z terrorystami z Hezbollahu i ira\u0144skiego IRGC. Miasteczko namiotowe sta\u0142o si\u0119 enklaw\u0105 pe\u0142n\u0105 telewizor\u00f3w, faks\u00f3w, kserokopiarek, telefon\u00f3w kom\u00f3rkowych, lod\u00f3wek wype\u0142nionych napojami gazowanymi i z anten\u0105 satelitarn\u0105, z pomoc\u0105 kt\u00f3rej odbierane by\u0142y ira\u0144skie programy telewizyjne.<\/span><\/p>\n<p style=\"text-align: left;\"><span style=\"color: #000080;\">Izrael wydali\u0142 terroryst\u00f3w z Hamasu do Libanu, ale liba\u0144ski rz\u0105d sprzymierzony z &nbsp;Hezbollahem odm\u00f3wi\u0142 ich przyj\u0119cia i zablokowa\u0142 drog\u0119 czo\u0142gami, aby uniemo\u017cliwi\u0107 im wyjazd. Liba\u0144ski nie pozwala\u0142 na wjazd terroryst\u00f3w z Hamasu, ale pozwala\u0142 reporterom i ekipom filmowym udokumentowa\u0107 \u201edr\u017cenie z zimna\u201d przyw\u00f3dc\u00f3w Hamasu.<\/span><\/p>\n<p><span style=\"color: #000080;\">W obliczu zapowiedzi egipskiej polityki blokady Gazy, Liban uniemo\u017cliwi\u0142 terrorystom z Hamasu wjazd do Libanu. A spo\u0142eczno\u015b\u0107 mi\u0119dzynarodowa i media zrzuci\u0142y win\u0119 na Izrael, a nie na Liban, kt\u00f3ry uniemo\u017cliwia\u0142 im wjazd na swoje terytorium.<\/span><\/p>\n<p style=\"text-align: left;\"><span style=\"color: #000080;\">Rada Bezpiecze\u0144stwa ONZ jednog\u0142o\u015bnie przyj\u0119\u0142a rezolucj\u0119 nr 799 pot\u0119piaj\u0105c\u0105 deportacje terroryst\u00f3w z Hamasu i domagaj\u0105c\u0105 si\u0119, aby Izrael \u201ezapewni\u0142 bezpieczny i natychmiastowy powr\u00f3t na okupowane terytoria wszystkim deportowanym\u201d.<\/span><\/p>\n<p><span style=\"color: #000080;\">Pierwsza administracja Busha zag\u0142osowa\u0142a za rezolucj\u0105, mimo \u017ce wzruszy\u0142a ramionami, gdy rok wcze\u015bniej Kuwejtczycy&nbsp;<a style=\"color: #000080;\" href=\"https:\/\/www.blogger.com\/blog\/post\/edit\/11368628\/7822955079031381577\" target=\"_blank\" rel=\"noopener noreferrer\">wydalili<\/a>&nbsp;200 tysi\u0119cy \u201ePalesty\u0144czyk\u00f3w\u201d przy u\u017cyciu czo\u0142g\u00f3w i wojska.<\/span><\/p>\n<p><span style=\"color: #000080;\">\u201eMy\u015bl\u0119, \u017ce oczekujemy troch\u0119 za du\u017co, je\u015bli prosimy ludzi w Kuwejcie, aby przyj\u0119li \u017cyczliwie tych, kt\u00f3rzy szpiegowali ich rodak\u00f3w, kt\u00f3rzy brutalnie traktowali tam rodziny i tym podobne rzeczy\u201d \u2014&nbsp;<a style=\"color: #000080;\" href=\"https:\/\/www.blogger.com\/blog\/post\/edit\/11368628\/7822955079031381577\" target=\"_blank\" rel=\"noopener noreferrer\">powiedzia\u0142<\/a>&nbsp;w\u00f3wczas prezydent George HW Bush<a style=\"color: #000080;\" href=\"https:\/\/www.blogger.com\/blog\/post\/edit\/11368628\/7822955079031381577\" target=\"_blank\" rel=\"noopener noreferrer\">.<\/a>&nbsp;<\/span><\/p>\n<p style=\"text-align: left;\">\n<span style=\"color: #000080;\">Izraelczycy mieli jednak \u017cyczliwie traktowa\u0107 terroryst\u00f3w z Hamasu, kt\u00f3rzy ich masakrowali. Administracja Busha \u201estanowczo pot\u0119pi\u0142a\u201d deportacje. Bill Clinton nie by\u0142 lepszy.<\/span><\/p>\n<p><span style=\"color: #000080;\">\u201ePodzielam gniew, frustracj\u0119 i oburzenie narodu izraelskiego. I rozumiem, co czuj\u0105. Musz\u0105 bardzo stanowczo rozprawi\u0107 si\u0119 z t\u0105 grup\u0105 Hamas, kt\u00f3ra najwyra\u017aniej jest nastawiona na wszelkiego rodzaju dzia\u0142ania terrorystyczne\u201d \u2014 powiedzia\u0142 Clinton, kt\u00f3ry wkr\u00f3tce mia\u0142 obj\u0105\u0107 urz\u0105d. Dodaj\u0105c jednak: \u201eZ drugiej strony obawiam si\u0119, \u017ce ta deportacja mo\u017ce p\u00f3j\u015b\u0107 za daleko i zagrozi\u0107 rozmowom pokojowym\u201d.<\/span><\/p>\n<p><span style=\"color: #000080;\">\u201eNie jeste\u015bmy pewni, czy prezydent-elekt Clinton i jego zesp\u00f3\u0142 w pe\u0142ni rozumiej\u0105 niebezpiecze\u0144stwo ze strony fundamentalizmu islamskiego\u201d \u2013 powiedzia\u0142 premier Rabin przed spotkaniem z Billem Clintonem.<\/span><\/p>\n<p><span style=\"color: #000080;\">Premier Rabin deportowa\u0142 terroryst\u00f3w z Hamasu i Islamskiego D\u017cihadu tylko tymczasowo na dwa lata, aby poprawi\u0107 sw\u00f3j wizerunek w kraju i zyska\u0107 troch\u0119 czasu na spokojne negocjacje pokojowe. Jego koalicja partii lewicowych i skrajnie lewicowych wkr\u00f3tce rozpad\u0142a si\u0119, a cz\u0119\u015b\u0107 popar\u0142a &nbsp;bardziej lewicow\u0105 koalicj\u0119 przysz\u0142ego premiera Szimona Peresa. \u201eNikt nie cieszy si\u0119 z cierpienia tych ludzi \u2013 powiedzia\u0142 Peres. &#8211; Izrael ich deportowa\u0142, ale nie mia\u0142 zamiaru ich skrzywdzi\u0107\u201d. Lewicowa koalicja partii Meretz nazwa\u0142a deportacj\u0119 Hamasu \u201era\u017c\u0105cym naruszeniem praw cz\u0142owieka\u201d.<\/span><\/p>\n<p><span style=\"color: #000080;\">Pod presj\u0105 administracji Clintona, kt\u00f3ra ostrzega\u0142a, \u017ce nie ochroni Izraela przed sankcjami ONZ, oraz cz\u0142onk\u00f3w jego w\u0142asnej lewicowej koalicji, Rabin zaproponowa\u0142 powr\u00f3t terroryst\u00f3w z Hamasu, je\u015bli obiecaj\u0105, \u017ce \u201ezaprzestan\u0105 terroru i przemocy na czas negocjacji pokojowych\u201d. Terrory\u015bci odm\u00f3wili z\u0142o\u017cenia takiej obietnicy. Mimo to &nbsp;Rabin zgodzi\u0142 si\u0119 przyj\u0105\u0107 ponad setk\u0119 z nich natychmiast, a reszt\u0119 po roku. Hamas zacz\u0105\u0142 powraca\u0107 do Izraela w 1993 roku.<\/span><\/p>\n<p style=\"text-align: left;\">\n<span style=\"color: #000080;\">Terrory\u015bci z Hamasu zgodzili si\u0119 na powr\u00f3t tylko dlatego, \u017ce telewizja nie relacjonowa\u0142a ju\u017c wystarczaj\u0105co cz\u0119sto ich wyczyn\u00f3w.<\/span><\/p>\n<p style=\"text-align: left;\">\n<span style=\"color: #000080;\">\u201eW\u015br\u00f3d powod\u00f3w podanych przez deportowanych Palesty\u0144czyk\u00f3w, dla kt\u00f3rych zaakceptowali oni dzia\u0142ania Izraela maj\u0105ce na celu umo\u017cliwienie po\u0142owie z nich powrotu na Zachodni Brzeg i do Strefy Gazy, znalaz\u0142 si\u0119 nie brak po\u017cywienia i schronienia, ale brak relacji ze strony medi\u00f3w informacyjnych, w tym telewizji\u201d \u2013&nbsp;<a style=\"color: #000080;\" href=\"https:\/\/www.blogger.com\/blog\/post\/edit\/11368628\/7822955079031381577\" target=\"_blank\" rel=\"noopener noreferrer\">donosi\u0142<\/a>&nbsp;\u201eNew York Times\u201d.<\/span><\/p>\n<p style=\"text-align: left;\">\n<span style=\"color: #000080;\">30 lat temu Izrael wydali\u0142 przyw\u00f3dc\u00f3w Hamasu i Islamskiego D\u017cihadu, a nast\u0119pnie przyj\u0105\u0142 ich z powrotem.<\/span><\/p>\n<p><span style=\"color: #000080;\">Dwa tygodnie po tym, jak Rabin zgodzi\u0142 si\u0119 przyj\u0105\u0107 z powrotem terroryst\u00f3w z Hamasu, Grupa Islamska, kt\u00f3ra, podobnie jak Hamas, wy\u0142oni\u0142a si\u0119 z Bractwa Muzu\u0142ma\u0144skiego dokona\u0142a zamachu bombowego na World Trade Center.<\/span><\/p>\n<p><span style=\"color: #000080;\">\u201eNasza walka z morderczym islamskim terrorem ma r\u00f3wnie\u017c na celu obudzenie u\u015bpionego \u015bwiata. Wzywamy wszystkie narody i wszystkich ludzi, aby po\u015bwi\u0119cili uwag\u0119 prawdziwemu i powa\u017cnemu niebezpiecze\u0144stwu, kt\u00f3re zagra\u017ca pokojowi \u015bwiata w nadchodz\u0105cych latach. Niebezpiecze\u0144stwo \u015bmierci jest u naszego progu\u201d, ostrzega\u0142 w\u00f3wczas premier Rabin. Ale \u015bwiat nadal spa\u0142. Spa\u0142 r\u00f3wnie\u017c Izrael.<\/span><\/p>\n<\/div>\n<hr style=\"height: 15px; background: #d0e6fa; width: 100%;\">\n<div id=\"content\" class=\"content-alignment\">\n<div id=\"watch-description\" class=\"yt-uix-button-panel\">\n<div id=\"watch-description-text\" style=\"text-align: center;\">\n<p><em>Zawarto\u015b\u0107 publikowanych artyku\u0142\u00f3w i materia\u0142\u00f3w nie reprezentuje pogl\u0105d\u00f3w ani opinii Reunion&#8217;68,<\/em><em><br \/>\nani te\u017c webmastera Blogu Reunion&#8217;68, chyba ze jest to wyra\u017anie zaznaczone.<br \/>\nTwoje uwagi, linki, w\u0142asne artyku\u0142y lub wiadomo\u015bci prze\u015blij na adres:<br \/>\n<\/em><span style=\"color: #000080;\"><strong><em><a style=\"color: #000080;\" href=\"mailto:webmaster@reunion68.com\"><span style=\"text-decoration: underline;\">webmaster@reunion68.com<\/span><\/a><\/em><\/strong><\/span><\/p>\n<\/div>\n<\/div>\n<\/div>\n<hr style=\"width: 100%;\">\n","protected":false},"excerpt":{"rendered":"<p>Trzydzie\u015bci lat temu Izrael deportowa\u0142 przyw\u00f3dc\u00f3w Hamasu. \u015awiat zmusi\u0142 Izrael do przyj\u0119cia ich z powrotem Daniel Greenfield T\u0142umaczenie: Ma\u0142gorzata Koraszewska \u201eDeportowa\u0107 nadziej\u0119 na pok\u00f3j?\u201d \u2013 zdumiewa\u0142 si\u0119 \u201dNewsweek\u201d. Ich nadziej\u0105 na pok\u00f3j by\u0142 Hamas. By\u0142 rok 1992. Administracja Clintona pr\u00f3bowa\u0142a nak\u0142oni\u0107 premiera Izraela Icchaka Rabina do podpisania porozumienia o procesie pokojowym w celu utworzenia pa\u0144stwa [&hellip;]<\/p>\n","protected":false},"author":1,"featured_media":0,"comment_status":"closed","ping_status":"closed","sticky":false,"template":"","format":"standard","meta":[],"categories":[6],"tags":[26,24],"_links":{"self":[{"href":"https:\/\/www.reunion68.se\/index.php?rest_route=\/wp\/v2\/posts\/120379"}],"collection":[{"href":"https:\/\/www.reunion68.se\/index.php?rest_route=\/wp\/v2\/posts"}],"about":[{"href":"https:\/\/www.reunion68.se\/index.php?rest_route=\/wp\/v2\/types\/post"}],"author":[{"embeddable":true,"href":"https:\/\/www.reunion68.se\/index.php?rest_route=\/wp\/v2\/users\/1"}],"replies":[{"embeddable":true,"href":"https:\/\/www.reunion68.se\/index.php?rest_route=%2Fwp%2Fv2%2Fcomments&post=120379"}],"version-history":[{"count":8,"href":"https:\/\/www.reunion68.se\/index.php?rest_route=\/wp\/v2\/posts\/120379\/revisions"}],"predecessor-version":[{"id":129433,"href":"https:\/\/www.reunion68.se\/index.php?rest_route=\/wp\/v2\/posts\/120379\/revisions\/129433"}],"wp:attachment":[{"href":"https:\/\/www.reunion68.se\/index.php?rest_route=%2Fwp%2Fv2%2Fmedia&parent=120379"}],"wp:term":[{"taxonomy":"category","embeddable":true,"href":"https:\/\/www.reunion68.se\/index.php?rest_route=%2Fwp%2Fv2%2Fcategories&post=120379"},{"taxonomy":"post_tag","embeddable":true,"href":"https:\/\/www.reunion68.se\/index.php?rest_route=%2Fwp%2Fv2%2Ftags&post=120379"}],"curies":[{"name":"wp","href":"https:\/\/api.w.org\/{rel}","templated":true}]}}