{"id":120403,"date":"2025-04-11T17:00:00","date_gmt":"2025-04-11T15:00:00","guid":{"rendered":"http:\/\/www.reunion68.se\/?p=120403"},"modified":"2025-04-10T11:39:01","modified_gmt":"2025-04-10T09:39:01","slug":"10-00-109","status":"publish","type":"post","link":"https:\/\/www.reunion68.se\/?p=120403","title":{"rendered":"Argentina Prosecutor Seeks Arrest Warrants for Iran\u2019s Supreme Leader Over 1994 AMIA Bombing"},"content":{"rendered":"<h5 style=\"text-align: center;\"><a href=\"https:\/\/www.algemeiner.com\/\" target=\"_blank\" rel=\"noopener noreferrer\"><img decoding=\"async\" class=\"center alignleft\" src=\"http:\/\/www.reunion68.com\/Biuletyn\/img\/algem.png\" alt=\"\" width=\"35%\"><\/a><span style=\"text-decoration: underline; color: #000080;\"><span><strong><a style=\"color: #000080; text-decoration: underline;\" href=\"https:\/\/www.algemeiner.com\/2025\/04\/09\/argentina-prosecutor-seeks-arrest-warrants-irans-supreme-leader-1994-amia-bombing\/\" target=\"_blank\" rel=\"noopener noreferrer\">Argentina Prosecutor Seeks Arrest Warrants for Iran\u2019s Supreme Leader Over 1994 AMIA Bombing<\/a><\/strong><\/span><\/span><\/h5>\n<p style=\"text-align: center;\"><span style=\"color: #000000;\"><strong>Ailin Vilches Arguello<\/strong><\/span><\/p>\n<hr style=\"height: 15px; background: #d0e6fa; width: 100%;\">\n<p style=\"text-align: center;\"><img decoding=\"async\" class=\"aligncenter\" src=\"https:\/\/www.algemeiner.com\/wp-content\/uploads\/2019\/07\/ee.jpg\" width=\"100%\"><span style=\"color: #808080;\"><em>People hold images of the victims of the 1994 bombing attack on the Argentine Israeli Mutual Association (AMIA) community center, marking the 25th anniversary of the atrocity in Buenos Aires. Photo: Reuters\/Agustin Marcarian.<\/em><\/span><\/p>\n<p style=\"text-align: left;\"><span style=\"color: #000080;\">The lead prosecutor in the case of the 1994 bombing of the Argentine Israelite Mutual Association (AMIA) Jewish community center in Buenos Aires has petitioned Argentina\u2019s federal court to issue national and international arrest warrants for Iran\u2019s so-called \u201csupreme leader,\u201d Ayatollah Ali Khamenei, over his alleged involvement in the deadly terrorist attack.<\/span><\/p>\n<p style=\"text-align: left;\"><span style=\"color: #000080;\">On Tuesday, Sebasti\u00e1n Basso \u2014 who succeeded former&nbsp;<a style=\"color: #000080;\" href=\"https:\/\/www.algemeiner.com\/2025\/01\/21\/amia-bombing-investigator-alberto-nisman-who-accused-iran-was-murdered-new-argentine-report-concludes\/\" target=\"_blank\" rel=\"noopener noreferrer\">prosecutor Alberto Nisman after his murder in 2015<\/a>&nbsp;\u2014 requested that federal Judge Daniel Rafecas summon the Iranian leader for questioning and issue an international arrest warrant through Interpol.<\/span><\/p>\n<p style=\"text-align: left;\"><span style=\"color: #000080;\">He also ordered Argentina\u2019s federal security forces to arrest Khamenei if he enters Argentine territory.<\/span><\/p>\n<p style=\"text-align: left;\"><span style=\"color: #000080;\">This latest legal move represents a significant shift from the country\u2019s past approach in the case, in which the Iranian leader was treated as enjoying diplomatic immunity. Basso claimed that \u201cthis approach does not align with international law,\u201d especially regarding crimes against humanity and acts of terrorism.<\/span><\/p>\n<p style=\"text-align: left;\"><span style=\"color: #000080;\">According to Argentinian local newspaper&nbsp;<em>Clarin<\/em>, the lead prosecutor argued that Khamenei was directly involved in planning the 1994 AMIA bombing in Buenos Aires \u2014 the&nbsp;<a style=\"color: #000080;\" href=\"https:\/\/www.algemeiner.com\/2020\/01\/01\/netflix-releases-documentary-series-on-murder-of-argentine-amia-bombing-prosecutor-alberto-nisman\/\" target=\"_blank\" rel=\"noopener noreferrer\">deadliest terrorist attack in Argentina\u2019s history<\/a>, in which 85 people were killed and more than 300 wounded.<\/span><\/p>\n<p style=\"text-align: left;\"><span style=\"color: #000080;\">The Iranian leader \u201cled the decision to carry out a bomb attack in Buenos Aires in July 1994 and issued executive order (fatwa) 39 to carry it out,\u201d Basso wrote in the resolution submitted to the court.<\/span><\/p>\n<p style=\"text-align: left;\"><span style=\"color: #000080;\">Khamenei not only has the final word in Iranian state matters, according to Basso, but also \u201call of Iran\u2019s military and foreign policies are under his direct supervision.\u201d<\/span><\/p>\n<p style=\"text-align: left;\"><span style=\"color: #000080;\">\u201cIt is also undeniable that \u2026 Khamenei is the main supporter of groups with military capabilities, such as Hezbollah,\u201d the lead prosecutor said, referring to the Lebanese terrorist group and Iran\u2019s chief proxy force.<\/span><\/p>\n<p style=\"text-align: left;\"><span style=\"color: #000080;\">He explained that Khamenei appointed Hezbollah\u2019s&nbsp;<a style=\"color: #000080;\" href=\"https:\/\/www.algemeiner.com\/2025\/02\/23\/massive-crowds-mourn-hezbollahs-slain-leader-nasrallah\/\" target=\"_blank\" rel=\"noopener noreferrer\">recently slain secretary-general, Hassan Nasrallah<\/a>, as his representative in Lebanon.<\/span><\/p>\n<p style=\"text-align: left;\"><span style=\"color: #000080;\">In 2006, former prosecutor Nisman formally charged Iran for orchestrating the attack and Hezbollah for carrying it out. Nine years later, he accused former Argentine President Cristina Fern\u00e1ndez de Kirchner of attempting to cover up the crime and block efforts to extradite the suspects behind the AMIA atrocity in return for Iranian oil.<\/span><\/p>\n<p style=\"text-align: left;\"><span style=\"color: #000080;\">The alleged cover-up was reportedly formalized through the memorandum of understanding signed in 2013 between Kirchner\u2019s government and Iranian authorities, with the stated goal of cooperating to investigate the AMIA bombing.<\/span><\/p>\n<p style=\"text-align: left;\"><span style=\"color: #000080;\">In April 2024,&nbsp;<a style=\"color: #000080;\" href=\"https:\/\/www.algemeiner.com\/2024\/04\/12\/argentina-court-blames-iran-deadly-1994-bombing-jewish-center\/\" target=\"_blank\" rel=\"noopener noreferrer\">Argentina\u2019s second-highest court ruled<\/a>&nbsp;that the 1994 attack in Buenos Aires was \u201corganized, planned, financed, and executed under the direction of the authorities of the Islamic State of Iran, within the framework of Islamic Jihad.\u201d The court also said that the bombing was carried out by Hezbollah terrorists responding to \u201ca political and strategic design\u201d by Iran.<\/span><\/p>\n<p style=\"text-align: left;\"><span style=\"color: #000080;\">The court additionally ruled that Iran had been responsible for the 1992 truck bombing of the Israeli embassy in Buenos Aires, which killed 29 people.<\/span><\/p>\n<p style=\"text-align: left;\"><span style=\"color: #000080;\">Last year, Judge Rafecas requested Interpol to arrest four Lebanese citizens as part of the AMIA bombing investigation, citing \u201ccredible evidence that the four collaborated with Hezbollah\u2019s military wing or acted as its operational agents.\u201d<\/span><\/p>\n<p style=\"text-align: left;\"><span style=\"color: #000080;\">Since the terrorist attacks in 1992 and 1994, diplomatic relations between Buenos Aires and Tehran have remained strained, with this latest move and&nbsp;<a style=\"color: #000080;\" href=\"https:\/\/www.algemeiner.com\/2025\/03\/03\/argentine-president-javier-milei-visit-israel-aim-strengthening-bilateral-ties\/\" target=\"_blank\" rel=\"noopener noreferrer\">Argentina\u2019s growing support for Israel<\/a>&nbsp;under current President Javier Milei further intensifying tensions.<\/span><\/p>\n<hr style=\"height: 15px; background: #d0e6fa; width: 100%;\">\n<div id=\"content\" class=\"content-alignment\">\n<div id=\"watch-description\" class=\"yt-uix-button-panel\">\n<div id=\"watch-description-text\" style=\"text-align: center;\">\n<p><em>Zawarto\u015b\u0107 publikowanych artyku\u0142\u00f3w i materia\u0142\u00f3w nie reprezentuje pogl\u0105d\u00f3w ani opinii Reunion&#8217;68,<\/em><em><br \/>\nani te\u017c webmastera Blogu Reunion&#8217;68, chyba ze jest to wyra\u017anie zaznaczone.<br \/>\nTwoje uwagi, linki, w\u0142asne artyku\u0142y lub wiadomo\u015bci prze\u015blij na adres:<br \/>\n<\/em><span style=\"color: #000080;\"><strong><em><a style=\"color: #000080;\" href=\"mailto:webmaster@reunion68.com\"><span style=\"text-decoration: underline;\">webmaster@reunion68.com<\/span><\/a><\/em><\/strong><\/span><\/p>\n<\/div>\n<\/div>\n<\/div>\n<hr style=\"width: 100%;\">\n","protected":false},"excerpt":{"rendered":"<p>Argentina Prosecutor Seeks Arrest Warrants for Iran\u2019s Supreme Leader Over 1994 AMIA Bombing Ailin Vilches Arguello People hold images of the victims of the 1994 bombing attack on the Argentine Israeli Mutual Association (AMIA) community center, marking the 25th anniversary of the atrocity in Buenos Aires. Photo: Reuters\/Agustin Marcarian. The lead prosecutor in the case [&hellip;]<\/p>\n","protected":false},"author":1,"featured_media":0,"comment_status":"closed","ping_status":"closed","sticky":false,"template":"","format":"standard","meta":[],"categories":[6],"tags":[26,24],"_links":{"self":[{"href":"https:\/\/www.reunion68.se\/index.php?rest_route=\/wp\/v2\/posts\/120403"}],"collection":[{"href":"https:\/\/www.reunion68.se\/index.php?rest_route=\/wp\/v2\/posts"}],"about":[{"href":"https:\/\/www.reunion68.se\/index.php?rest_route=\/wp\/v2\/types\/post"}],"author":[{"embeddable":true,"href":"https:\/\/www.reunion68.se\/index.php?rest_route=\/wp\/v2\/users\/1"}],"replies":[{"embeddable":true,"href":"https:\/\/www.reunion68.se\/index.php?rest_route=%2Fwp%2Fv2%2Fcomments&post=120403"}],"version-history":[{"count":5,"href":"https:\/\/www.reunion68.se\/index.php?rest_route=\/wp\/v2\/posts\/120403\/revisions"}],"predecessor-version":[{"id":120431,"href":"https:\/\/www.reunion68.se\/index.php?rest_route=\/wp\/v2\/posts\/120403\/revisions\/120431"}],"wp:attachment":[{"href":"https:\/\/www.reunion68.se\/index.php?rest_route=%2Fwp%2Fv2%2Fmedia&parent=120403"}],"wp:term":[{"taxonomy":"category","embeddable":true,"href":"https:\/\/www.reunion68.se\/index.php?rest_route=%2Fwp%2Fv2%2Fcategories&post=120403"},{"taxonomy":"post_tag","embeddable":true,"href":"https:\/\/www.reunion68.se\/index.php?rest_route=%2Fwp%2Fv2%2Ftags&post=120403"}],"curies":[{"name":"wp","href":"https:\/\/api.w.org\/{rel}","templated":true}]}}