{"id":120494,"date":"2025-04-15T17:00:35","date_gmt":"2025-04-15T15:00:35","guid":{"rendered":"http:\/\/www.reunion68.se\/?p=120494"},"modified":"2025-04-15T07:14:34","modified_gmt":"2025-04-15T05:14:34","slug":"15-00-103","status":"publish","type":"post","link":"https:\/\/www.reunion68.se\/?p=120494","title":{"rendered":"Jews Urged Not to Attend German Music Festival Headlined by Anti-Israel Rapper Macklemore"},"content":{"rendered":"<h5 style=\"text-align: center;\"><a href=\"https:\/\/www.algemeiner.com\/\" target=\"_blank\" rel=\"noopener noreferrer\"><img decoding=\"async\" class=\"center alignleft\" src=\"http:\/\/www.reunion68.com\/Biuletyn\/img\/algem.png\" alt=\"\" width=\"35%\" \/><\/a><span style=\"text-decoration: underline; color: #000080;\"><strong><a style=\"color: #000080; text-decoration: underline;\" href=\"https:\/\/www.algemeiner.com\/2025\/04\/11\/jews-urged-not-attend-german-music-festival-headlined-anti-israel-rapper-macklemore\/\" target=\"_blank\" rel=\"noopener noreferrer\">Jews Urged Not to Attend German Music Festival Headlined by Anti-Israel Rapper Macklemore<\/a><\/strong><\/span><\/h5>\n<p style=\"text-align: center;\"><span style=\"color: #000000;\"><strong> Shiryn Ghermezian<\/strong><\/span><\/p>\n<hr style=\"height: 15px; background: #d0e6fa; width: 100%;\" \/>\n<p style=\"text-align: center;\"><img decoding=\"async\" class=\"aligncenter\" src=\"https:\/\/www.algemeiner.com\/wp-content\/uploads\/2024\/09\/2024-06-22T000000Z_1378673176_MT1NURPHO000BJ4DTL_RTRMADP_3_ROCKINRIO-LISBON-MACKLEMORE-2.jpg\" width=\"100%\" \/><span style=\"color: #808080;\"><em>Macklemore performing on stage at Rock In Rio Lisbon, in Lisbon, Portugal, on June 22, 2024. Photo: Nuno Cruz via Reuters Connect<\/em><\/span><\/p>\n<p style=\"text-align: left;\"><span style=\"color: #000080;\">A major Jewish organization in Germany and the country\u2019s commissioner for the fight against antisemitism have warned Jews against attending a large German music festival in July because the headliner is Grammy-winning American rapper Macklemore, who has a history of making antisemitic and anti-Israel comments.<\/span><\/p>\n<p style=\"text-align: left;\"><span style=\"color: #000080;\"><span class=\"r-18u37iz\">Macklemore, whose real name is<\/span><span class=\"css-1jxf684 r-bcqeeo r-1ttztb7 r-qvutc0 r-poiln3\">\u00a0Benjamin Hammond Haggerty, is scheduled to perform as the main act at the Deichbrand Festival in Cuxhaven that will run from July 17-20. Approximately 60,000 people are reportedly expected to attend the festival this summer.<\/span><\/span><\/p>\n<p style=\"text-align: left;\"><span class=\"css-1jxf684 r-bcqeeo r-1ttztb7 r-qvutc0 r-poiln3\" style=\"color: #000080;\">In his lyrics and comments on and off stage, the Seattle-based \u201cThrift Shop\u201d rapper has promoted antisemitic stereotypes;\u00a0<a style=\"color: #000080;\" href=\"https:\/\/www.algemeiner.com\/2024\/09\/26\/macklemore-clarifies-f-k-america-comment-while-further-accusing-israel-genocide\/\" target=\"_blank\" rel=\"noopener noreferrer\">repeatedly<\/a>\u00a0accused Israel of genocide, apartheid,\u00a0<a style=\"color: #000080;\" href=\"https:\/\/www.algemeiner.com\/2024\/09\/26\/macklemore-clarifies-f-k-america-comment-while-further-accusing-israel-genocide\/\" target=\"_blank\" rel=\"noopener noreferrer\">and war crimes;<\/a>\u00a0and\u00a0<a style=\"color: #000080;\" href=\"https:\/\/www.algemeiner.com\/2025\/04\/11\/jews-urged-not-attend-german-music-festival-headlined-anti-israel-rapper-macklemore\/omparing%20Palestinian%20struggles%20in%20the%20West%20Bank,%20during%20the%20recent%20Israel-Hamas%20war,%20to%20what%20Jews%20experienced%20in%20the%20Holocaust.\" target=\"_blank\" rel=\"noopener noreferrer\">compared<\/a>\u00a0the struggles that Palestinians have in the West Bank to the horrors Jews experienced in the Holocaust.<\/span><\/p>\n<p style=\"text-align: left;\"><span style=\"color: #000080;\"><span class=\"css-1jxf684 r-bcqeeo r-1ttztb7 r-qvutc0 r-poiln3\">The \u201cCan\u2019t Hold Us\u201d singer made numerous anti-Israel claims in his songs last year titled \u201cF\u2014ked Up,\u201d \u201cHind\u2019s Hall,\u201d and \u201cHind\u2019s Hall 2,\u201d and\u00a0<\/span><span class=\"css-1jxf684 r-bcqeeo r-1ttztb7 r-qvutc0 r-poiln3\">described Israeli Prime Minister Benjamin Netanyahu as a \u201ccolonizer.\u201d<\/span><\/span><\/p>\n<p style=\"text-align: left;\"><span style=\"color: #000080;\">The Central Council of Jews in Germany\u00a0<a style=\"color: #000080;\" href=\"https:\/\/x.com\/ZentralratJuden\/status\/1909540899811447244\" target=\"_blank\" rel=\"noopener noreferrer\">said<\/a>\u00a0on Tuesday that Macklemore\u2019s invitation to perform at the music festival sends a \u201csobering signal\u201d that antisemitism is welcome \u201con the big stage.\u201d<\/span><\/p>\n<p style=\"text-align: left;\"><span style=\"color: #000080;\">\u201c<span class=\"css-1jxf684 r-bcqeeo r-1ttztb7 r-qvutc0 r-poiln3\">The fact that Macklemore spreads antisemitic propaganda and trivializes the Holocaust in his lyrics and videos seems to be of little interest,\u201d the Jewish organization added. A spokesperson for the Central Council of Jews in Germany further told<a style=\"color: #000080;\" href=\"https:\/\/www.juedische-allgemeine.de\/kultur\/zentralrat-der-juden-deichbrand-festival-fuer-juden-kein-sicherer-ort-mehr\/\" target=\"_blank\" rel=\"noopener noreferrer\">\u00a0German media<\/a>\u00a0that following Macklemore\u2019s invitation to perform at the music event, \u201cthe Deichbrand Festival is therefore no longer a safe place for Jews.\u201d<\/span><\/span><\/p>\n<p style=\"text-align: left;\"><span style=\"color: #000080;\">Felix Klein, the federal government\u2019s commissioner for Jewish life in Germany and the fight against antisemitism, also condemned Macklemore\u2019s scheduled performance at the music festival. Klein told the German news outlet RND that Macklemore promotes \u201cvery real hatred against Jews\u201d and should not be offered a stage in Germany to perform on.<\/span><\/p>\n<p style=\"text-align: left;\"><span style=\"color: #000080;\">The Deichbrand Festival responded to backlash about Macklemore\u2019s upcoming performance. \u201cWe do not tolerate discrimination in any form, including antisemitism, racism, sexism, queer and transphobia, ableism or aggressive behavior,\u201d\u00a0<a style=\"color: #000080;\" href=\"https:\/\/www.juedische-allgemeine.de\/kultur\/klein-auftritt-von-macklemore-unertraeglich\/\" target=\"_blank\" rel=\"noopener noreferrer\">said<\/a>\u00a0a spokesperson for the festival\u2019s organizers.<\/span><\/p>\n<p style=\"text-align: left;\"><span style=\"color: #000080;\">In his pro-Palestinian song \u201c<a style=\"color: #000080;\" href=\"https:\/\/www.algemeiner.com\/2024\/05\/08\/rapper-macklemore-donates-proceeds-new-anti-israel-song-un-agency-allegedly-linked-oct-7-attack\/\" target=\"_blank\" rel=\"noopener noreferrer\">Hind\u2019s Hall<\/a>,\u201d Macklemore applauded protests at American colleges and universities that criticize Israel\u2019s military actions during the Israel-Hamas war. In the same song, he accused the Jewish state of occupation and suggested that the deadly Hamas terrorist attacks in Israel on Oct. 7, 2023, were an act of \u201cresistance.\u201d The track\u2019s title refers to the Columbia University building Hamilton Hall, which anti-Israel student protesters\u00a0<a style=\"color: #000080;\" href=\"https:\/\/www.algemeiner.com\/2024\/04\/30\/columbia-university-threatens-to-expel-protesters-occupying-building\/\" target=\"_blank\" rel=\"noopener noreferrer\">broke into and occupied<\/a>\u00a0and renamed \u201cHind\u2019s Hall\u201d in honor of Hind Rajab \u2014 a child killed in Gaza during the Israel-Hamas war.<\/span><\/p>\n<p style=\"text-align: left;\"><span style=\"color: #000080;\">In \u201cHind\u2019s Hall 2,\u201d Macklemore featured performers who sang \u201c<a style=\"color: #000080;\" href=\"https:\/\/www.algemeiner.com\/2024\/05\/27\/call-genocide-south-african-jews-blast-countrys-president-chanting-from-river-to-sea\/\" target=\"_blank\" rel=\"noopener noreferrer\">from the river to the sea<\/a>, Palestine will be free,\u201d a slogan that is widely interpreted as a call for the destruction of Israel, which is located between the Jordan River and the Mediterranean Sea, and for it to be replaced with \u201cPalestine.\u201d<\/span><\/p>\n<p style=\"text-align: left;\"><span style=\"color: #000080;\">Macklemore has also supported efforts to fund the controversial United Nations Relief and Works Agency (UNRWA), which has\u00a0<a style=\"color: #000080;\" href=\"https:\/\/www.algemeiner.com\/2025\/01\/28\/israels-un-ambassador-reaffirms-imminent-ban-unrwa-operations-hamas-ties\/\" target=\"_blank\" rel=\"noopener noreferrer\">faced widely corroborated allegations<\/a>\u00a0that several of its employees are active Hamas members and participated in the terrorist group\u2019s Oct. 7 massacre across southern Israel. All proceeds from \u201cHind\u2019s Hall\u201d went to UNRWA and the rapper participated in a\u00a0<a style=\"color: #000080;\" href=\"https:\/\/www.algemeiner.com\/2024\/09\/25\/las-vegas-festival-drops-macklemore-seattle-sports-teams-evaluate-ties-rapper-he-says-f-k-america\/\" target=\"_blank\" rel=\"noopener noreferrer\">pro-Palestinian concert<\/a>\u00a0in his hometown of Seattle in September 2024 in which proceeds were given to various groups, including UNRWA.<\/span><\/p>\n<hr style=\"height: 15px; background: #d0e6fa; width: 100%;\" \/>\n<div id=\"content\" class=\"content-alignment\">\n<div id=\"watch-description\" class=\"yt-uix-button-panel\">\n<div id=\"watch-description-text\" style=\"text-align: center;\">\n<p><em>Zawarto\u015b\u0107 publikowanych artyku\u0142\u00f3w i materia\u0142\u00f3w nie reprezentuje pogl\u0105d\u00f3w ani opinii Reunion&#8217;68,<\/em><em><br \/>\nani te\u017c webmastera Blogu Reunion&#8217;68, chyba ze jest to wyra\u017anie zaznaczone.<br \/>\nTwoje uwagi, linki, w\u0142asne artyku\u0142y lub wiadomo\u015bci prze\u015blij na adres:<br \/>\n<\/em><span style=\"color: #000080;\"><strong><em><a style=\"color: #000080;\" href=\"mailto:webmaster@reunion68.com\"><span style=\"text-decoration: underline;\">webmaster@reunion68.com<\/span><\/a><\/em><\/strong><\/span><\/p>\n<\/div>\n<\/div>\n<\/div>\n<hr style=\"width: 100%;\" \/>\n","protected":false},"excerpt":{"rendered":"<p>Jews Urged Not to Attend German Music Festival Headlined by Anti-Israel Rapper Macklemore Shiryn Ghermezian Macklemore performing on stage at Rock In Rio Lisbon, in Lisbon, Portugal, on June 22, 2024. Photo: Nuno Cruz via Reuters Connect A major Jewish organization in Germany and the country\u2019s commissioner for the fight against antisemitism have warned Jews [&hellip;]<\/p>\n","protected":false},"author":1,"featured_media":0,"comment_status":"closed","ping_status":"closed","sticky":false,"template":"","format":"standard","meta":[],"categories":[6],"tags":[26,24],"_links":{"self":[{"href":"https:\/\/www.reunion68.se\/index.php?rest_route=\/wp\/v2\/posts\/120494"}],"collection":[{"href":"https:\/\/www.reunion68.se\/index.php?rest_route=\/wp\/v2\/posts"}],"about":[{"href":"https:\/\/www.reunion68.se\/index.php?rest_route=\/wp\/v2\/types\/post"}],"author":[{"embeddable":true,"href":"https:\/\/www.reunion68.se\/index.php?rest_route=\/wp\/v2\/users\/1"}],"replies":[{"embeddable":true,"href":"https:\/\/www.reunion68.se\/index.php?rest_route=%2Fwp%2Fv2%2Fcomments&post=120494"}],"version-history":[{"count":5,"href":"https:\/\/www.reunion68.se\/index.php?rest_route=\/wp\/v2\/posts\/120494\/revisions"}],"predecessor-version":[{"id":120506,"href":"https:\/\/www.reunion68.se\/index.php?rest_route=\/wp\/v2\/posts\/120494\/revisions\/120506"}],"wp:attachment":[{"href":"https:\/\/www.reunion68.se\/index.php?rest_route=%2Fwp%2Fv2%2Fmedia&parent=120494"}],"wp:term":[{"taxonomy":"category","embeddable":true,"href":"https:\/\/www.reunion68.se\/index.php?rest_route=%2Fwp%2Fv2%2Fcategories&post=120494"},{"taxonomy":"post_tag","embeddable":true,"href":"https:\/\/www.reunion68.se\/index.php?rest_route=%2Fwp%2Fv2%2Ftags&post=120494"}],"curies":[{"name":"wp","href":"https:\/\/api.w.org\/{rel}","templated":true}]}}