{"id":120573,"date":"2025-04-19T17:09:55","date_gmt":"2025-04-19T15:09:55","guid":{"rendered":"http:\/\/www.reunion68.se\/?p=120573"},"modified":"2025-04-19T12:14:21","modified_gmt":"2025-04-19T10:14:21","slug":"19-09-108","status":"publish","type":"post","link":"https:\/\/www.reunion68.se\/?p=120573","title":{"rendered":"Powstanie w getcie warszawskim"},"content":{"rendered":"<p style=\"text-align: center;\"><img decoding=\"async\" class=\"aligncenter\" src=\"https:\/\/dzieje.pl\/sites\/default\/files\/styles\/main_image\/public\/202304\/getto_warszawskie.jpg?itok=-WLBAcqW\" width=\"100%\" \/><span style=\"color: #808080;\"><em>Warszawa, 16 05 1943 r. Ostateczny koniec Powstania w getcie (16 kwietnia\u201316 maja 1943) i zako\u0144czenie akcji likwidacji getta oraz eksterminacja zdecydowanej wi\u0119kszo\u015bci jego mieszka\u0144c\u00f3w. Fot. PAP-Reprodukcja<\/em><\/span><\/p>\n<hr \/>\n<h5 style=\"text-align: center;\"><a href=\"https:\/\/dzieje.pl\/\" target=\"_blank\" rel=\"noopener noreferrer\"><img decoding=\"async\" class=\"center alignleft\" src=\"http:\/\/www.reunion68.com\/Biuletyn\/img\/dzieje_logo.png\" alt=\"\" width=\"35%\" \/><\/a><span style=\"text-decoration: underline; color: #000080;\"><span style=\"text-decoration: underline;\"><strong><a style=\"color: #000080; text-decoration: underline;\" href=\"https:\/\/dzieje.pl\/aktualnosci\/powstanie-w-getcie-warszawskim-80-rocznica\" target=\"_blank\" rel=\"noopener noreferrer\">Powstanie w getcie warszawskim<\/a><\/strong><\/span><\/span><\/h5>\n<p style=\"text-align: center;\"><span style=\"color: #000000;\"><strong>Micha\u0142 Szuka\u0142a<\/strong><\/span><\/p>\n<p style=\"text-align: center;\"><span style=\"color: #808080;\"><em>AKTUALIZACJA: 21.04.2023, PUBLIKACJA: 19.04.2023<\/em><\/span><\/p>\n<hr style=\"height: 15px; background: #d0e6fa; width: 100%;\" \/>\n<p><strong>80 lat temu, 19 kwietnia 1943 r., \u017co\u0142nierze \u017bydowskiej Organizacji Bojowej i \u017bydowskiego Zwi\u0105zku Wojskowego stawili op\u00f3r wkraczaj\u0105cym do getta warszawskiego si\u0142om niemieckim. Tym samym rozpocz\u0119li powstanie, kt\u00f3re nie mia\u0142o szans na zwyci\u0119stwo. Ich celem by\u0142a godna \u015bmier\u0107 w walce.<\/strong><\/p>\n<div class=\"field field--name-body field--type-text-with-summary field--label-hidden field__item\">\n<p style=\"text-align: left;\"><span style=\"color: #000080;\">\u201ePoczuli\u015bmy w sobie wielk\u0105 rado\u015b\u0107 i ju\u017c nie by\u0142o wa\u017cne, co si\u0119 stanie nast\u0119pnego dnia\u201d \u2013 wspomina\u0142a po latach uczestniczka powstania Cywia Lubetkin \u201eCelina\u201d. Nale\u017ca\u0142a do nielicznej grupy uratowanych z getta dzi\u0119ki pomocy Polak\u00f3w, ale dla niej i innych walcz\u0105cych celem nie by\u0142o prze\u017cycie, lecz pokazanie, \u017ce wi\u0119\u017aniowie getta nie godz\u0105 si\u0119 na \u015bmier\u0107 w niemieckich fabrykach \u015bmierci.<\/span><\/p>\n<p style=\"text-align: left;\"><span style=\"color: #000080;\">Stopniowa eksterminacja \u017byd\u00f3w st\u0142oczonych przez okupant\u00f3w w utworzonej w listopadzie 1940 r. \u201edzielnicy \u017cydowskiej\u201d by\u0142a g\u0142\u00f3wnym celem okupant\u00f3w. W lipcu 1942 r. Niemcy rozpocz\u0119li realizacj\u0119 \u201eostatecznego rozwi\u0105zania kwestii \u017cydowskiej\u201d. W ci\u0105gu dw\u00f3ch miesi\u0119cy akcji ok. 300 tys. \u017byd\u00f3w wywieziono do obozu w Treblince i tam zg\u0142adzono. Na miejscu zamordowano ok. 10 tys. Na obszarze zmniejszonego getta pozosta\u0142o jedynie 60 tys. os\u00f3b, pracuj\u0105cych na potrzeby III Rzeszy. W\u00f3wczas cz\u0142onkowie \u017cydowskiej konspiracji podj\u0119li przygotowania do zrywu. Rozpocz\u0119to budow\u0119 bunkr\u00f3w i innych miejsc oporu, wytwarzanie granat\u00f3w i butelek z benzyn\u0105<\/span>.<\/p>\n<p><img decoding=\"async\" class=\"align-center aligncenter\" style=\"text-align: left;\" src=\"https:\/\/dzieje.pl\/sites\/default\/files\/inline-images\/Powstanie%20w%20getcie%20warszawskim.png\" alt=\"Infografika\" width=\"100%\" data-entity-type=\"file\" data-entity-uuid=\"c0d089b1-1c0e-4e2e-a5f6-e196a2029e6f\" \/><span style=\"color: #000080;\">18 stycznia 1943 r. oddzia\u0142y niemieckie maj\u0105ce deportowa\u0107 8 tys. \u017byd\u00f3w do obozu zag\u0142ady w Treblince napotka\u0142y zbrojny op\u00f3r, a po trzech dniach walk zrezygnowa\u0142y z dalszego prowadzenia akcji. Kolejn\u0105 pr\u00f3b\u0119 Niemcy podj\u0119li o poranku 19 kwietnia. 850 funkcjonariuszy SS uzbrojonych w karabiny maszynowe, miotacze p\u0142omieni, dzia\u0142ka, wozy pancerne i czo\u0142gi wkroczy\u0142o na teren getta bram\u0105 od strony Nalewek. Zostali oni zaatakowani przez powsta\u0144c\u00f3w, kt\u00f3rzy w pierwszym starciu odnie\u015bli sukces. Po po\u0142udniu tego samego dnia liczniejsze oddzia\u0142y niemieckie, dowodzone przez J\u00fcrgena Stroopa, ponownie wesz\u0142y do getta. W ci\u0105gu kolejnych czterech tygodni na terenie getta trwa\u0142 desperacki b\u00f3j, wspierany przez Polskie Pa\u0144stwo Podziemne. W murach getta Niemcy dokonywali masowych zbrodni.<\/span><\/p>\n<p style=\"text-align: left;\"><span style=\"color: #000080;\">Dla Niemc\u00f3w symbolicznym ko\u0144cem \u201ewielkiej akcji\u201d by\u0142o wysadzenie w powietrze 16 maja Wielkiej Synagogi przy ul. T\u0142omackie. W trakcie miesi\u0119cznych walk zgin\u0119\u0142o i trafi\u0142o w r\u0119ce Niemc\u00f3w ok. 56 tys. wi\u0119\u017ani\u00f3w getta. Powstanie i powiewaj\u0105ce nad gettem flagi \u2013 polska i \u017cydowska \u2013 sta\u0142y si\u0119 jednymi z wa\u017cniejszych symboli konfrontacji z niemieckim totalitaryzmem.<\/span><\/p>\n<\/div>\n<hr style=\"height: 15px; background: #d0e6fa; width: 100%;\" \/>\n<div id=\"content\" class=\"content-alignment\">\n<div id=\"watch-description\" class=\"yt-uix-button-panel\">\n<div id=\"watch-description-text\" style=\"text-align: center;\">\n<p><em>Zawarto\u015b\u0107 publikowanych artyku\u0142\u00f3w i materia\u0142\u00f3w nie reprezentuje pogl\u0105d\u00f3w ani opinii Reunion&#8217;68,<\/em><em><br \/>\nani te\u017c webmastera Blogu Reunion&#8217;68, chyba ze jest to wyra\u017anie zaznaczone.<br \/>\nTwoje uwagi, linki, w\u0142asne artyku\u0142y lub wiadomo\u015bci prze\u015blij na adres:<br \/>\n<\/em><span style=\"color: #000080;\"><strong><em><a style=\"color: #000080;\" href=\"mailto:webmaster@reunion68.com\"><span style=\"text-decoration: underline;\">webmaster@reunion68.com<\/span><\/a><\/em><\/strong><\/span><\/p>\n<\/div>\n<\/div>\n<\/div>\n<hr style=\"width: 100%;\" \/>\n","protected":false},"excerpt":{"rendered":"<p>Warszawa, 16 05 1943 r. Ostateczny koniec Powstania w getcie (16 kwietnia\u201316 maja 1943) i zako\u0144czenie akcji likwidacji getta oraz eksterminacja zdecydowanej wi\u0119kszo\u015bci jego mieszka\u0144c\u00f3w. Fot. PAP-Reprodukcja Powstanie w getcie warszawskim Micha\u0142 Szuka\u0142a AKTUALIZACJA: 21.04.2023, PUBLIKACJA: 19.04.2023 80 lat temu, 19 kwietnia 1943 r., \u017co\u0142nierze \u017bydowskiej Organizacji Bojowej i \u017bydowskiego Zwi\u0105zku Wojskowego stawili op\u00f3r wkraczaj\u0105cym [&hellip;]<\/p>\n","protected":false},"author":1,"featured_media":0,"comment_status":"closed","ping_status":"closed","sticky":false,"template":"","format":"standard","meta":[],"categories":[6],"tags":[26,24],"_links":{"self":[{"href":"https:\/\/www.reunion68.se\/index.php?rest_route=\/wp\/v2\/posts\/120573"}],"collection":[{"href":"https:\/\/www.reunion68.se\/index.php?rest_route=\/wp\/v2\/posts"}],"about":[{"href":"https:\/\/www.reunion68.se\/index.php?rest_route=\/wp\/v2\/types\/post"}],"author":[{"embeddable":true,"href":"https:\/\/www.reunion68.se\/index.php?rest_route=\/wp\/v2\/users\/1"}],"replies":[{"embeddable":true,"href":"https:\/\/www.reunion68.se\/index.php?rest_route=%2Fwp%2Fv2%2Fcomments&post=120573"}],"version-history":[{"count":11,"href":"https:\/\/www.reunion68.se\/index.php?rest_route=\/wp\/v2\/posts\/120573\/revisions"}],"predecessor-version":[{"id":120588,"href":"https:\/\/www.reunion68.se\/index.php?rest_route=\/wp\/v2\/posts\/120573\/revisions\/120588"}],"wp:attachment":[{"href":"https:\/\/www.reunion68.se\/index.php?rest_route=%2Fwp%2Fv2%2Fmedia&parent=120573"}],"wp:term":[{"taxonomy":"category","embeddable":true,"href":"https:\/\/www.reunion68.se\/index.php?rest_route=%2Fwp%2Fv2%2Fcategories&post=120573"},{"taxonomy":"post_tag","embeddable":true,"href":"https:\/\/www.reunion68.se\/index.php?rest_route=%2Fwp%2Fv2%2Ftags&post=120573"}],"curies":[{"name":"wp","href":"https:\/\/api.w.org\/{rel}","templated":true}]}}