{"id":120615,"date":"2025-04-21T17:09:10","date_gmt":"2025-04-21T15:09:10","guid":{"rendered":"http:\/\/www.reunion68.se\/?p=120615"},"modified":"2025-04-21T10:26:16","modified_gmt":"2025-04-21T08:26:16","slug":"21-09-103","status":"publish","type":"post","link":"https:\/\/www.reunion68.se\/?p=120615","title":{"rendered":"Tanecznym krokiem powraca przesz\u0142o\u015b\u0107"},"content":{"rendered":"<p style=\"text-align: center;\"><img decoding=\"async\" class=\"aligncenter\" src=\"https:\/\/scontent.fbma5-1.fna.fbcdn.net\/v\/t39.30808-6\/489018978_1112116417614385_1584620858501451949_n.jpg?_nc_cat=107&amp;ccb=1-7&amp;_nc_sid=127cfc&amp;_nc_ohc=T-VBmlB7uDQQ7kNvwHB2ADA&amp;_nc_oc=Adk3olP37Tg5f8zuZUCiXO7EFIIedmyOo034_P2AYiHavvc6c0F66rdU5HeivpnNV9k&amp;_nc_zt=23&amp;_nc_ht=scontent.fbma5-1.fna&amp;_nc_gid=Q84EBUUgfv-IXr7fkahcCg&amp;oh=00_AfEkHhQw-W8auMmfcYmTy_hQbDMQhKTQHY0owgO24gyQMA&amp;oe=680BB810\" width=\"100%\" \/><span style=\"color: #808080;\"><em>Warszawa 1968 \u2013 protesty student\u00f3w po zdj\u0119ciu \u201dDziad\u00f3w\u201d (Zrzut z ekranu wideo)<\/em><\/span><\/p>\n<hr \/>\n<h5 style=\"text-align: center;\"><a href=\"https:\/\/www.listyznaszegosadu.pl\/\" target=\"_blank\" rel=\"noopener noreferrer\"><img decoding=\"async\" class=\"center alignleft\" src=\"http:\/\/www.reunion68.com\/Biuletyn\/img\/z-naszego.jpg\" alt=\"\" width=\"50%\" \/><\/a><span style=\"text-decoration: underline; color: #000080;\"><strong><a style=\"color: #000080; text-decoration: underline;\" href=\"https:\/\/www.listyznaszegosadu.pl\/brunatna-fala\/tanecznym-krokiem-powraca-przeszlosc\" target=\"_blank\" rel=\"noopener noreferrer\">Tanecznym krokiem powraca przesz\u0142o\u015b\u0107<\/a><\/strong><\/span><\/h5>\n<p style=\"text-align: center;\"><span style=\"color: #000000;\"><strong><br \/>Andrzej Koraszewski<\/strong><\/span><\/p>\n<hr style=\"height: 15px; background: #d0e6fa; width: 100%;\" \/>\n<div class=\"templateArticleIngress\" style=\"text-align: left;\"><span style=\"color: #000080;\">Antysemityzm, przecie\u017c to ju\u017c takie niemodne \u2013 powiedzia\u0142a w marcu 1968 roku szykowna kole\u017canka ze studi\u00f3w socjologicznych, nie ukrywaj\u0105c swojego zdumienia i oburzenia. Trudno zaprzeczy\u0107, \u017ce dyktat mody intelektualnej jest bardziej bezwzgl\u0119dny ni\u017c tej, kt\u00f3r\u0105 lansuje \u201eVogue\u201d. Wiemy jak rozchodz\u0105 si\u0119 idee, znamy mechanizm grupowego konformizmu, a jednak trudno wyj\u015b\u0107 ze zdumienia, kiedy ideologicznie wrogie \u015brodowiska lewicy i prawicy, nie przestaj\u0105c na siebie warcze\u0107, w pewnych sprawach m\u00f3wi\u0105 jednym g\u0142osem. Podobnie kochaj\u0105 pieski i kotki, podobnie wsp\u00f3\u0142czuj\u0105 chorym dzieciom, podobnie kochaj\u0105 Palesty\u0144czyk\u00f3w, podobnie r\u00f3wnie\u017c ch\u0142on\u0105 ka\u017cde k\u0142amstwo o Izraelu.<\/span><\/div>\n<p style=\"text-align: left;\"><span style=\"color: #000080;\">Cz\u0142onkowie Ku Klux Klanu powtarzaj\u0105 brednie o \u017cydowskich zbrodniach\u00a0 za \u201eGuardianem\u201d, Candence Owens\u00a0 zgadza si\u0119 z Francesk\u0105 Albanese. Na naszym nadwi\u015bla\u0144skim podw\u00f3rku, w tych sprawach nie wida\u0107 wi\u0119kszych r\u00f3\u017cnic mi\u0119dzy lud\u017ami ze stajni Zandberga i m\u0119drcami z Konfederacji. I niech ci nie przyjdzie do g\u0142owy, \u017ce jaka\u015b<strong><span style=\"color: #800000;\"> Oko-Press<\/span>, \u201e<span style=\"color: #800000;\">Wyborcza<\/span><\/strong>\u201d czy \u201e<strong><span style=\"color: #800000;\">Polityka<\/span><\/strong>\u201d s\u0105 gdzie\u015b po \u015brodku. Nic z tych rzeczy. Pe\u0142na zgoda narodowa.<\/span><\/p>\n<div class=\"templateArticleBrodtext\">\n<p style=\"text-align: left;\"><span style=\"color: #000080;\">W anglosaskim \u015bwiecie bodaj najmocniejszym nie\u017cydowskim g\u0142osem obna\u017caj\u0105cym t\u0119 zgod\u0119 ponad podzia\u0142ami wydaje si\u0119 by\u0107 Douglas Murray. Oczywi\u015bcie jego si\u0142a przebicia jest stokrotnie (je\u015bli nie tysi\u0105ckrotnie), s\u0142absza od tych, kt\u00f3rzy wplataj\u0105 k\u0142amstwa o \u017bydach w kaszk\u0119 mann\u0105 dla ubogich duchem. Piers Morgan \u015bci\u0105ga miliony widz\u00f3w, ameryka\u0144ski podkaster i komik Joe Rogan nale\u017cy do \u015bwiatowej czo\u0142\u00f3wki w swojej klasie i te\u017c mo\u017ce si\u0119 pochwali\u0107 milionami odbiorc\u00f3w. Kiedy zapraszaj\u0105, pojawia si\u0119 nadzieja, \u017ce mo\u017ce co\u015b dotrze do tych, kt\u00f3rzy pij\u0105 wod\u0119 z zatrutych \u017ar\u00f3de\u0142.<\/span><\/p>\n<p style=\"text-align: left;\"><span style=\"color: #000080;\">Joe Rogan w\u0142o\u017cy\u0142 mn\u00f3stwo pracy, \u017ceby osi\u0105gn\u0105\u0107 przyzwoite wyniki w sportach walki, na kolejnym etapie by\u0142 niez\u0142ym dziennikarzem sportowym, by\u0142 zabawny w towarzystwie, wi\u0119c da\u0142 si\u0119 nam\u00f3wi\u0107 na wyst\u0119py na estradzie. Sukces w roli komika pchn\u0105\u0142 go o krok dalej, jego The Joe Rogan Experience, to ry\u017c myd\u0142o i powid\u0142o, du\u017co sportu i innych spraw, kt\u00f3re ludzie lubi\u0105. Przygotowanie do rozm\u00f3w o sporcie by\u0142o solidne, przygotowanie do rozm\u00f3w o \u015bwiecie, jak tak wiele innych celebrowanych osobowo\u015bci medialnych, opar\u0142 na opowie\u015bciach zas\u0142yszanych.<\/span><\/p>\n<p style=\"text-align: left;\"><span style=\"color: #000080;\">Mo\u017ce jestem niesprawiedliwy, ale mam wra\u017cenie, \u017ce je\u015bli idzie o polityk\u0119 to Rogan, podobnie jak Piers Morgan, rozeznanie ma raczej ubogie, ale lubi organizowa\u0107 walki w b\u0142ocie zawodnik\u00f3w z r\u00f3\u017cnych parafii.<\/span><\/p>\n<p style=\"text-align: left;\"><span style=\"color: #000080;\">Wchodz\u0105c w taki cyrk nie oczekuj sokratesowego dialogu, (chocia\u017c kilka razy widzia\u0142em Natasz\u0119 Hausdorff, umiej\u0105c\u0105 wp\u0119dzi\u0107 w zak\u0142opotanie katarynk\u0119). Odwieczny dylemat, wycofa\u0107 si\u0119 i m\u00f3wi\u0107 do przekonanych, czy jednak pr\u00f3bowa\u0107 dotrze\u0107 do ludzi maj\u0105cych mocne przekonania oparte na znikomej wiedzy i autorytetach spod ciemnej gwiazdy.<\/span><\/p>\n<p style=\"text-align: left;\"><span style=\"color: #000080;\">W kilku miejscach widzia\u0142em sprawozdania z udzia\u0142u Douglasa Murraya w podka\u015bcie Rogana. Pisz\u0105c o tym Brendan O\u2019Neill u\u017cywa s\u0142owa \u201eedglordism\u201d, w odniesieniu do polityki to opis chor\u0105giewki na wietrze, pogoni za tym co najmodniejsze, za tym, co dzi\u015b w dobrym tonie na salonie i na jarmarku. Murray zarzuca\u0142 Roganowi, \u017ce daje platform\u0119 pod\u017cegaj\u0105cym do nienawi\u015bci piewcom teorii spiskowych. Trudno powiedzie\u0107 dlaczego przypomnia\u0142o mi to opisywan\u0105 przez Mi\u0142osza rozmow\u0119 gospodarza z go\u015bciem, kt\u00f3ry zdumiony zapyta\u0142, dlaczego kaczki taplaj\u0105 si\u0119 w brudnym stawie, kiedy kawa\u0142ek dalej p\u0142ynie czysta rzeczka. \u201eBa, gdyby one o tym wiedzia\u0142y\u201d \u2013 odpowiedzia\u0142 gospodarz, a Mi\u0142osz przytoczy\u0142 t\u0119 anegdotk\u0119 nie dla\u00a0<em>sursum corda<\/em>.<em>\u00a0 \u00a0 \u00a0\u00a0<\/em><\/span><\/p>\n<p style=\"text-align: left;\"><span style=\"color: #000080;\">Brendan O\u2019Neill pisze w tym kontek\u015bcie o izraelofobii. Nie jestem pewien, czy s\u0142usznie, czy jest to w\u0142a\u015bciwe s\u0142owo na t\u0119 modn\u0105 nienawi\u015b\u0107 \u0142\u0105cz\u0105c\u0105 ponad podzia\u0142ami. Fobia to tylko l\u0119k, a tu pandemia w\u015bcieklizny.<\/span><\/p>\n<p style=\"text-align: left;\"><span style=\"color: #000080;\">Kiedy ogl\u0105dasz rytua\u0142 nienawi\u015bci ameryka\u0144skich student\u00f3w, masz wra\u017cenie, \u017ce to nowa inscenizacja\u00a0<em>Dziad\u00f3w<\/em>. Ich nienawi\u015b\u0107 jest nabo\u017cna, rytualna, ludyczna. \u201eWe\u017amy si\u0119 za r\u0119ce i zr\u00f3bmy krok do przodu, jeszcze jeden krok i jeszcze jeden.\u201d To warto\u00a0<a style=\"color: #000080;\" href=\"https:\/\/x.com\/JewsFightBack\/status\/1912538254232211714\"><em>obejrze\u0107<\/em><\/a><em>, pos\u0142ucha\u0107 g\u0142os\u00f3w ciemno\u015bci.<\/em><\/span><\/p>\n<\/div>\n<p style=\"text-align: left;\"><img decoding=\"async\" src=\"https:\/\/pbs.twimg.com\/media\/GLyOdZAWMAEKyWq?format=jpg&amp;name=small\" width=\"100%\" \/><br \/><span style=\"color: #000080;\">Dom gubernatora Pensylwanii Josha Shapiro \u00a0zosta\u0142 obrzucony koktajlami Mo\u0142otowa i podpalony przez chorego psychicznie. Chory cierpi na mi\u0142o\u015b\u0107 do Palesty\u0144czyk\u00f3w i nienawi\u015b\u0107 do \u017byd\u00f3w. To powa\u017cna choroba psychiczna, a jej symptomy mog\u0105 przybiera\u0107 r\u00f3\u017cne formy. \u0141\u0105czy je niezdolno\u015b\u0107 zauwa\u017cenia ideologii \u201ePalesty\u0144czyk\u00f3w\u201d, a zarazem g\u0142\u0119bokie jej poparcie.<\/span><\/p>\n<p style=\"text-align: left;\"><span style=\"color: #000080;\">Douglas Murray pr\u00f3buje opowiedzie\u0107 \u015bwiatu, z kim prowadz\u0105 wojn\u0119 Izraelczycy, kto j\u0105 rozpocz\u0105\u0142, jaki ma cel, jakimi metodami ten wr\u00f3g walczy. Murray, podobnie jak wielu innych, jest skazany na niepowodzenie. Pr\u00f3buje przeciwstawi\u0107 fakty chorym na mi\u0142o\u015b\u0107 do \u201ePalesty\u0144czyk\u00f3w\u201d i nienawi\u015b\u0107 do \u017byd\u00f3w. Brytyjski badacz David Collier\u00a0<a style=\"color: #000080;\" href=\"https:\/\/david-collier.com\/mohsen-mahdawi-vermont-useful-idiots\/\">przedstawia<\/a>\u00a0studium przypadku. W USA Palesty\u0144czyk, kt\u00f3ry ju\u017c 17 lat jest studentem, ma by\u0107 deportowany. Student zajmowa\u0142 si\u0119 organizowaniem student\u00f3w do boju o \u201ePalestyn\u0119 od rzeki do morza\u201d wi\u0119c \u017cadnych studi\u00f3w nie uko\u0144czy\u0142, by\u0142 wszelako widoczny, udziela\u0142 wywiad\u00f3w, organizowa\u0142 grupy, pisa\u0142 w mediach spo\u0142eczno\u015bciowych. Swoje przekonania podpiera\u0142 swoim \u017cyciorysem, kt\u00f3ry s\u0142uchacze ochoczo akceptowali, nie zadaj\u0105c pyta\u0144. Szybki przegl\u0105d dost\u0119pnych wywiad\u00f3w i wpis\u00f3w w mediach spo\u0142eczno\u015bciowych (tych po arabsku i tych po angielsku), pokazuje nie tylko, \u017ce ten \u017cyciorys to k\u0142amstwo na k\u0142amstwie, ale r\u00f3wnie\u017c, \u017ce student jest z rodziny terroryst\u00f3w, gloryfikuje terroryzm i zach\u0119ca do terroryzmu. Jak pisze Collier, gdyby by\u0142 Rosjaninem popieraj\u0105cym Putina lub Chi\u0144czykiem popieraj\u0105cym chi\u0144ski komunizm, ameryka\u0144skie w\u0142adze zainteresowa\u0142yby si\u0119 nim wcze\u015bniej, a jego aresztowanie nie wzbudzi\u0142oby szale\u0144czego oburzenia ca\u0142ej sfory polityk\u00f3w i dziennikarzy. To jednak jest ten rodzaj Palesty\u0144czyka, kt\u00f3ry budzi gor\u0105ce uczucia i zdumienie, \u017ce mo\u017cna zadawa\u0107 niestosowne pytania. Czy to tylko u\u017cyteczni idioci, jak sugeruje David Collier, czy jednak zara\u017ceni mod\u0105 na paranoj\u0119? Czy ta nienawi\u015b\u0107 jest rzeczywi\u015bcie bezmy\u015blna, czy chorobliwa i dotyka wielu ludzi sk\u0105din\u0105d inteligentnych i dobrze wykszta\u0142conych? Powr\u00f3t mody zakorzenionej w rodzinnej kulturze, w religii takiej lub innej, czasem ca\u0142kiem \u015bwieckiej i zgo\u0142a ateistycznej, w j\u0119zyku i sztuce.<\/span><\/p>\n<p style=\"text-align: left;\"><span style=\"color: #000080;\">Zauwa\u017canie powi\u0105za\u0144 islamonazizmu z niemieckim nazizmem jedni uwa\u017caj\u0105 za obra\u017aliwe, inni za niem\u0105dre, a jeszcze inni zgo\u0142a za teori\u0119 spiskow\u0105.<\/span><\/p>\n<p style=\"text-align: left;\"><span style=\"color: #000080;\">Informacje o powtarzanych tydzie\u0144 w tydzie\u0144 wezwaniach do ludob\u00f3jstwa narodu \u017cydowskiego s\u0105 nietaktowne i pachn\u0105 paskudnie pod\u017ceganiem do wojny z dobrymi lud\u017ami.\u00a0\u00a0\u00a0\u00a0<\/span><\/p>\n<p style=\"text-align: left;\"><span style=\"color: #000080;\">Redaktor dzia\u0142u \u015awiat i naczelny magazynu \u201eKsi\u0105\u017cki\u201d<strong> \u0141ukasz Grzymis\u0142awski<\/strong> tak przekonuje do lektury \u201eWyborczej\u201d:<\/span><\/p>\n<blockquote>\n<p style=\"text-align: left;\"><strong>\u201eKt\u00f3rych wodz\u00f3w staro\u017cytnych podziwia Beniamin Netanjahu, nie wiadomo, ale\u00a0<a href=\"https:\/\/gazetawyborcza.link2.mail.wyborcza.pl\/k3\/451\/1bnn\/9avuf\/4aab27a5a7c1f\/we7pLfTq\" target=\"_blank\" rel=\"noopener noreferrer\">pr\u00f3bowa\u0142 przekona\u0107 Trumpa do ataku na ira\u0144skie instalacje nuklearne<\/a>. Trump na razie storpedowa\u0142 te plany, bo gromadzi argumenty za przyznaniem mu Pokojowej Nagrody Nobla: w sobot\u0119 w Rzymie na kolejnej rundzie negocjacji maj\u0105 si\u0119 spotka\u0107 zaufany Trumpa Steve Witkoff i szef ira\u0144skiej dyplomacji.\u201d<\/strong><\/p>\n<\/blockquote>\n<p><span style=\"color: #000080;\">J\u0119zyk jasny, aluzje zrozumia\u0142e, przekaz zgodny z obowi\u0105zuj\u0105c\u0105 mod\u0105. Czy jest mo\u017cliwe, \u017ce ten redaktor nie zna ani Karty Hamasu, ani konstytucji Iranu, ani historii \u017cydowskiego pa\u0144stwa? Zarabia na \u017cycie informowaniem nas o \u015bwiecie w gazecie, kt\u00f3ra traktuje Hamas jako\u00a0 wiarogodne \u017ar\u00f3d\u0142o informacji o faktach, a w\u0142adze izraelskie jako notorycznych k\u0142amc\u00f3w. Nie, to nie s\u0105 tylko po\u017cyteczni idioci, za tym fenomenem kryje si\u0119 znacznie wi\u0119cej.<\/span><\/p>\n<p><span style=\"color: #000080;\">Brendan O\u2019Neil pisze o \u201eizraelofobach\u201d:<\/span><\/p>\n<blockquote>\n<p style=\"text-align: left;\"><strong>\u201eNigdy nie sprawdzaj\u0105 swojego wywodu w konfrontacji z rzeczywisto\u015bci\u0105. Nie musz\u0105: ich gor\u0105czkowe, pozbawione fakt\u00f3w twierdzenia s\u0105 codziennie powielane przez media i establishment kulturalny, kt\u00f3ry nienawidzi Izraela tak samo jak oni. Izraelofobia to wielki samonap\u0119dzaj\u0105cy si\u0119 kr\u0105g wzajemnych odruch\u00f3w w erze Internetu.\u201d<\/strong><\/p>\n<\/blockquote>\n<p style=\"text-align: left;\"><span style=\"color: #000080;\">Dlaczego? Jakim cudem? Jak to dzia\u0142a? Powracamy do historii, \u017ceby zrozumie\u0107 jak moda na mordy dzia\u0142a\u0142a wcze\u015bniej. Jeszcze przed zorganizowan\u0105 przez Hamas orgi\u0105 mord\u00f3w \u017cydowskich s\u0105siad\u00f3w ukaza\u0142a si\u0119 moja ksi\u0105\u017cka\u00a0<em>Id\u017a i wr\u00f3\u0107 cz\u0142owiekiem<\/em>, si\u0119gn\u0105\u0142em po ni\u0105, \u017ceby sprawdzi\u0107, czy mo\u017cna j\u0105 czyta\u0107 w zmienionym \u015bwiecie, w kt\u00f3rym ludob\u00f3jcza ideologia i pr\u00f3ba realizacji jej ostatecznego celu wywo\u0142a\u0142a tsunami nienawi\u015bci do tych, kt\u00f3rych zaatakowano, i heroiczne wysi\u0142ki, aby ocali\u0107 przed zniszczeniem ludob\u00f3jcz\u0105 organizacj\u0119 oraz jej cze\u015b\u0107 i honor.<\/span><\/p>\n<p style=\"text-align: left;\"><span style=\"color: #000080;\">W\u015bciek\u0142y antysemityzm muzu\u0142ma\u0144ski podni\u00f3s\u0142 tym barbarzy\u0144skim czynem stary europejski antysemityzm do entej pot\u0119gi. Przegl\u0105daj\u0105c t\u0119 ksi\u0105\u017ck\u0105 zatrzyma\u0142em si\u0119 przy poni\u017cszym fragmencie.\u00a0\u00a0\u00a0\u00a0\u00a0<em>\u00a0<\/em><\/span><\/p>\n<blockquote>\n<p><strong>Tu\u017c przed wywo\u0142an\u0105 przez Putina wojn\u0105 z \u201eukrai\u0144skim faszyzmem\u201d na polskim rynku ksi\u0119garskim ukaza\u0142a si\u0119 ksi\u0105\u017cka <span style=\"color: #800000;\">Anny Bikont<\/span>\u00a0<em>Cena. W poszukiwaniu \u017cydowskich dzieci po wojnie<\/em>. Lektura tej ksi\u0105\u017cki, kiedy tu\u017c obok toczy si\u0119 wojna, jest szczeg\u00f3lnie trudna.<\/strong><\/p>\n<p><strong>W rozdziale pierwszym na stronie 20 Anna Bikont pisze:<\/strong><\/p>\n<blockquote>\n<p><strong><em>\u201eDo pierwszego napadu na dom [\u017cydowskich sierot] w Rabce dosz\u0142o 12 sierpnia 1945 roku, nazajutrz po pogromie w Krakowie. Granat rozerwa\u0142 pod\u0142og\u0119 w pokoju lekarskim i poderwa\u0142 kozetk\u0119, na kt\u00f3rej le\u017ca\u0142a chora dziewczynka. Dziecko trafi\u0142o do szpitala, szcz\u0119\u015bliwym zrz\u0105dzeniem losu tylko z lekkimi obra\u017ceniami. Tydzie\u0144 p\u00f3\u017aniej, 19 sierpnia, napastnicy przeprowadzili powa\u017cniejszy atak. Strzelali i wrzucili granaty do wszystkich trzech willi, w kt\u00f3rych zakwaterowano dzieci. Osiem dni p\u00f3\u017aniej, w nocy 27 sierpnia, przyszli po raz trzeci.<\/em><\/strong><\/p>\n<\/blockquote>\n<p style=\"text-align: left;\"><strong>Karolina Panz, historyczka z Centrum Bada\u0144 nad Zag\u0142ad\u0105 \u017byd\u00f3w, zrekonstruowa\u0142a przebieg natarcia i opisa\u0142a sprawc\u00f3w. Byli to uczniowie i nauczyciele Prywatnego Gimnazjum Sanatoryjnego M\u0119skiego doktora Jana Wieczorkowskiego w Zakopanem, cz\u0142onkowie kom\u00f3rki Ruchu Oporu Armii Krajowej. Do \u201eakcji\u201d: przeciwko kilkudziesi\u0119ciorgu dzieciom ocala\u0142ym z Zag\u0142ady przygotowali dwa r\u0119czne karabiny maszynowe, jeden granatnik, pancerfaust, pi\u0119tna\u015bcie karabin\u00f3w, dwa karabiny dziesi\u0119ciostrza\u0142owe, pi\u0119\u0107 pistolet\u00f3w maszynowych, tak zwanych pepesz, cztery pistolety, i skrzyni\u0119 amunicji. Uczniowie nale\u017celi do dru\u017cyny harcerskiej. Ich katechet\u0105, a zarazem organizatorem napa\u015bci na dzieci, by\u0142 ksi\u0105dz J\u00f3zef Hojho\u0142, duchowny ciesz\u0105cy si\u0119 w Rabce powa\u017caniem.<\/strong><\/p>\n<\/blockquote>\n<p style=\"text-align: left;\"><span style=\"color: #000080;\">Jak dzia\u0142a\u0142y umys\u0142y lekarza, ksi\u0119dza i innych doros\u0142ych, uczni\u00f3w szko\u0142y \u015bredniej, kt\u00f3rzy bezpo\u015brednio po hitlerowskiej zag\u0142adzie, uznali mordowanie ocala\u0142ych \u017cydowskich dzieci za wiod\u0105cy cel, dla kt\u00f3rego warto nara\u017ca\u0107 w\u0142asne \u017cycie. Czy tamte wydarzenia wyja\u015bniaj\u0105 dzisiejsz\u0105 atrakcj\u0119 skrajnego barbarzy\u0144stwa? Czy jako\u015b t\u0142umacz\u0105, dlaczego kochaj\u0105cy pieski i kotki ludzie tak strasznie cierpi\u0105, kiedy \u017bydzi broni\u0105 swojego \u017cycia? Ich cierpienie wydaje si\u0119 autentyczne, ich potrzeba oskar\u017cania, tych, kt\u00f3rzy s\u0105 celem ludob\u00f3jczych atak\u00f3w, o ludob\u00f3jstwo, jest ewidentnie silniejsza od nich.\u00a0<\/span><\/p>\n<p style=\"text-align: left;\"><span style=\"color: #000080;\">W 1968 roku mod\u0119 na antysemityzm wskrzesi\u0142a w kr\u0119gach partyjnych inscenizacja \u201eDziad\u00f3w\u201d w teatrze, a raczej reakcje student\u00f3w na sztuk\u0119 powi\u0105zane z importowanym z Moskwy antysyjonizmem. Zadawniony antagonizm polsko rosyjski pozwoli\u0142 wtedy ten antysyjonizm odrzuci\u0107, dok\u0142adnie ten sam antysyjonizm opakowany w zachodni\u0105 post\u0119powo\u015b\u0107 pozwala lewicy by\u0107 dobrymi Europejczykami, a prawicy wiernymi narodowej tradycji. M\u00f3wi\u0105 i czuj\u0105 dok\u0142adnie to samo, kieruj\u0105c si\u0119 wznios\u0142ymi uczuciami dziwnie podobnymi do tych, kt\u00f3re czuli napastnicy na sierociniec w Rabce. \u00a0\u00a0\u00a0\u00a0<\/span><\/p>\n<p style=\"text-align: left;\"><span style=\"color: #000080;\">Pierwsz\u0105 reakcj\u0105 dyktator\u00f3w intelektualnej mody na O\u015bwiecenie by\u0142 romantyzm, z jego odraz\u0105 do nauki, pochwa\u0142\u0105 wznios\u0142ych uczu\u0107, narcyzmem i pogard\u0105, potem widzieli\u015bmy rewolucyjny romantyzm z jego okryt\u0105 peleryn\u0105 empatii gloryfikacj\u0105 barbarzy\u0144stwa, potem przyszed\u0142 komunizm i faszyzm. Poszukiwanie utraconej ciemno\u015bci. Racjonalizm okaza\u0142 si\u0119 u\u0142ud\u0105, pozosta\u0142a \u017cmudna, jednostkowa, niemal beznadziejna obrona przed barbari\u0105 i artystami tworz\u0105cymi coraz to nowe wersje absurdalnego Frankensteina, kt\u00f3ry b\u0119dzie mia\u0142 zawsze wi\u0119cej fan\u00f3w ni\u017c doktor Bernard Rieux.<\/span><\/p>\n<hr style=\"height: 15px; background: #d0e6fa; width: 100%;\" \/>\n<div id=\"content\" class=\"content-alignment\">\n<div id=\"watch-description\" class=\"yt-uix-button-panel\">\n<div id=\"watch-description-text\" style=\"text-align: center;\">\n<p><em>Zawarto\u015b\u0107 publikowanych artyku\u0142\u00f3w i materia\u0142\u00f3w nie reprezentuje pogl\u0105d\u00f3w ani opinii Reunion&#8217;68,<\/em><em><br \/>ani te\u017c webmastera Blogu Reunion&#8217;68, chyba ze jest to wyra\u017anie zaznaczone.<br \/>Twoje uwagi, linki, w\u0142asne artyku\u0142y lub wiadomo\u015bci prze\u015blij na adres:<br \/><\/em><span style=\"color: #000080;\"><strong><em><a style=\"color: #000080;\" href=\"mailto:webmaster@reunion68.com\"><span style=\"text-decoration: underline;\">webmaster@reunion68.com<\/span><\/a><\/em><\/strong><\/span><\/p>\n<\/div>\n<\/div>\n<\/div>\n<hr style=\"width: 100%;\" \/>\n\n\n<p><\/p>\n","protected":false},"excerpt":{"rendered":"<p>Warszawa 1968 \u2013 protesty student\u00f3w po zdj\u0119ciu \u201dDziad\u00f3w\u201d (Zrzut z ekranu wideo) Tanecznym krokiem powraca przesz\u0142o\u015b\u0107 Andrzej Koraszewski Antysemityzm, przecie\u017c to ju\u017c takie niemodne \u2013 powiedzia\u0142a w marcu 1968 roku szykowna kole\u017canka ze studi\u00f3w socjologicznych, nie ukrywaj\u0105c swojego zdumienia i oburzenia. Trudno zaprzeczy\u0107, \u017ce dyktat mody intelektualnej jest bardziej bezwzgl\u0119dny ni\u017c tej, kt\u00f3r\u0105 lansuje \u201eVogue\u201d. [&hellip;]<\/p>\n","protected":false},"author":1,"featured_media":0,"comment_status":"closed","ping_status":"closed","sticky":false,"template":"","format":"standard","meta":[],"categories":[6],"tags":[26,24],"_links":{"self":[{"href":"https:\/\/www.reunion68.se\/index.php?rest_route=\/wp\/v2\/posts\/120615"}],"collection":[{"href":"https:\/\/www.reunion68.se\/index.php?rest_route=\/wp\/v2\/posts"}],"about":[{"href":"https:\/\/www.reunion68.se\/index.php?rest_route=\/wp\/v2\/types\/post"}],"author":[{"embeddable":true,"href":"https:\/\/www.reunion68.se\/index.php?rest_route=\/wp\/v2\/users\/1"}],"replies":[{"embeddable":true,"href":"https:\/\/www.reunion68.se\/index.php?rest_route=%2Fwp%2Fv2%2Fcomments&post=120615"}],"version-history":[{"count":9,"href":"https:\/\/www.reunion68.se\/index.php?rest_route=\/wp\/v2\/posts\/120615\/revisions"}],"predecessor-version":[{"id":120628,"href":"https:\/\/www.reunion68.se\/index.php?rest_route=\/wp\/v2\/posts\/120615\/revisions\/120628"}],"wp:attachment":[{"href":"https:\/\/www.reunion68.se\/index.php?rest_route=%2Fwp%2Fv2%2Fmedia&parent=120615"}],"wp:term":[{"taxonomy":"category","embeddable":true,"href":"https:\/\/www.reunion68.se\/index.php?rest_route=%2Fwp%2Fv2%2Fcategories&post=120615"},{"taxonomy":"post_tag","embeddable":true,"href":"https:\/\/www.reunion68.se\/index.php?rest_route=%2Fwp%2Fv2%2Ftags&post=120615"}],"curies":[{"name":"wp","href":"https:\/\/api.w.org\/{rel}","templated":true}]}}