{"id":120638,"date":"2025-04-22T17:09:52","date_gmt":"2025-04-22T15:09:52","guid":{"rendered":"http:\/\/www.reunion68.se\/?p=120638"},"modified":"2025-04-22T09:54:20","modified_gmt":"2025-04-22T07:54:20","slug":"22-09-83","status":"publish","type":"post","link":"https:\/\/www.reunion68.se\/?p=120638","title":{"rendered":"Kto rz\u0105dzi Watykanem do wyboru nowego papie\u017ca, kiedy pogrzeb i konklawe"},"content":{"rendered":"<p style=\"text-align: center;\"><img decoding=\"async\" class=\"aligncenter\" src=\"https:\/\/bi.im-g.pl\/im\/25\/65\/1e\/z31872805AMP,Papiez-Franciszek-nie-zyje--Kiedy-konklawe-i-kto-k.jpg\" width=\"100%\" \/><span style=\"color: #808080;\"><em>Papie\u017c Franciszek nie \u017cyje. Kiedy konklawe i kto kieruje do tego czasu Watykanem (Fot. REUTERS\/Maxwell Briceno)<\/em><\/span><\/p>\n<hr \/>\n<h5 style=\"text-align: center;\"><a href=\"https:\/\/wyborcza.pl\/\" target=\"_blank\" rel=\"noopener noreferrer\"><img decoding=\"async\" class=\"center alignleft\" src=\"http:\/\/www.reunion68.com\/Biuletyn\/img\/wyborcza.png\" alt=\"\" width=\"35%\" \/><\/a><span style=\"text-decoration: underline; color: #000080;\"><strong><a style=\"color: #000080; text-decoration: underline;\" href=\"https:\/\/wyborcza.pl\/7,75399,31872762,kto-rzadzi-watykanem-do-wyboru-nowego-papieza-kiedy-pogrzeb.html#S.index-K.C-B.1-L.2.duzy\" target=\"_blank\" rel=\"noopener noreferrer\">Kto rz\u0105dzi Watykanem do wyboru nowego papie\u017ca, kiedy pogrzeb i konklawe<\/a><\/strong><\/span><\/h5>\n<p style=\"text-align: center;\"><span style=\"color: #000000;\"><strong>Bartosz Hlebowicz<\/strong><\/span><\/p>\n<div class=\"text--lead \" style=\"text-align: left;\" data-progress-bar-content=\"\"><span style=\"color: #000080;\">Wi\u0119kszo\u015b\u0107 urz\u0119dnik\u00f3w Stolicy Apostolskiej zawiesza prac\u0119, ale nie wszyscy. Pogrzeb papie\u017ca Franciszka odb\u0119dzie si\u0119 prawdopodobnie jeszcze w tym tygodniu. W przypadku konklawe termin jest odleglejszy.<\/span><\/div>\n<div class=\"article--precontent\">\n<div class=\"is-initialized\" data-mc-placeholder-id=\"PLDM_ART_OPEN_UP\"><\/div>\n<\/div>\n<div class=\"article--content article--content-free  \">\n<ul>\n<li style=\"list-style-type: none;\">\n<ul>\n<li style=\"list-style-type: none;\">\n<ul class=\"text--list text--list-unordered\">\n<li class=\"text--list-item text--list-item-unordered\"><strong><a id=\"LinkArea:embed_link\" class=\"text--link \" title=\"Papie\u017c Franciszek zmar\u0142 21 kwietnia 2025 r.\" href=\"https:\/\/wyborcza.pl\/7,75399,31872015,nie-zyje-papiez-franciszek.html#S.embed_link-K.C-B.1-L.1.zw\" rel=\"dofollow\" data-bd-viewability=\"1\" data-bd-viewability-id=\"embed_link\" data-bd-viewability-href=\"https:\/\/wyborcza.pl\/7,75399,31872015,nie-zyje-papiez-franciszek.html#S.embed_link-K.C-B.1-L.1.zw\">Papie\u017c Franciszek zmar\u0142 21 kwietnia 2025 r.<\/a><\/strong><\/li>\n<li class=\"text--list-item text--list-item-unordered\"><strong>&#8220;O 7:35 rano biskup Rzymu Franciszek powr\u00f3ci\u0142 do domu Ojca&#8221; &#8211; poinformowa\u0142 w Poniedzia\u0142ek Wielkanocny Watykan.<\/strong><\/li>\n<li class=\"text--list-item text--list-item-unordered\"><strong>Mia\u0142 88 lat.<\/strong><\/li>\n<li class=\"text--list-item text--list-item-unordered\"><strong>Pontyfikat sprawowa\u0142 przez ponad 12 lat.<\/strong><\/li>\n<li class=\"text--list-item text--list-item-unordered\"><strong>Wieczorem w poniedzia\u0142ek Watykan poinformowa\u0142, \u017ce przyczyn\u0105 \u015bmierci Franciszka by\u0142 udar m\u00f3zgu i nieodwracalna zapa\u015b\u0107 kardiologiczna.<\/strong><\/li>\n<li class=\"text--list-item text--list-item-unordered\"><strong>Wczoraj po godz. 20 kardyna\u0142 Kevin Farrell przewodniczy\u0142 obrz\u0119dowi potwierdzenia zgonu. Cia\u0142o papie\u017ca z\u0142o\u017cono w trumnie w kaplicy w hotelu Santa Marta. Prawdopodobnie w \u015brod\u0119 rano b\u0119dzie ono przeniesione do bazyliki \u015awi\u0119tego Piotra<\/strong><\/li>\n<\/ul>\n<\/li>\n<\/ul>\n<\/li>\n<\/ul>\n<\/div>\n<p class=\"text--paragraph\" style=\"text-align: left;\"><span style=\"color: #000080;\">W poniedzia\u0142ek wiecz\u00f3r Biuro Prasowe Watykanu opublikowa\u0142o o\u015bwiadczenie prof. Andrei Arcangelego, dyrektora Dyrekcji Zdrowia i Higieny Pa\u0144stwa Watyka\u0144skiego: \u201e[Papie\u017c] zmar\u0142 w wyniku udaru, \u015bpi\u0105czki i nieodwracalnej zapa\u015bci sercowo-naczyniowej.<\/span><\/p>\n<p class=\"text--paragraph\" style=\"text-align: left;\"><span style=\"color: #000080;\">Stwierdzenia zgonu dokonano na podstawie zapisu elektrokardiograficznego&#8221;. W o\u015bwiadczeniu mowa te\u017c o tym, \u017ce papie\u017c &#8220;cierpia\u0142 na ostr\u0105 niewydolno\u015b\u0107 oddechow\u0105 w obustronnym wielobakteryjnym zapaleniu p\u0142uc, rozsiane rozstrzenie oskrzeli, nadci\u015bnienie t\u0119tnicze i cukrzyc\u0119 typu II&#8221;.<\/span><\/p>\n<h4 class=\"text--title font-head-700\"><strong>Co b\u0119dzie si\u0119 dzia\u0142o w Watykanie w najbli\u017cszych dniach<\/strong><\/h4>\n<p class=\"text--paragraph\" style=\"text-align: left;\"><span style=\"color: #000080;\">We wtorek odb\u0119dzie si\u0119 pierwsza kongregacja generalna, czyli spotkanie kardyna\u0142\u00f3w zarz\u0105dzaj\u0105cych Ko\u015bcio\u0142em w czasie poprzedzaj\u0105cym konklawe. Wezm\u0105 w niej udzia\u0142 ci ju\u017c przebywaj\u0105cy w Rzymie. W najbli\u017cszych dniach do Rzymu b\u0119d\u0105 te\u017c zje\u017cd\u017ca\u0107 kardyna\u0142owie zaproszeni przez dziekana Kolegium Kardynalskiego Giovanniego Battist\u0119 Re. Kiedy wi\u0119kszo\u015b\u0107 z nich lub wszyscy b\u0119d\u0105 ju\u017c na miejscu, kongregacje generalne rozpoczn\u0105 sesje plenarne, aby om\u00f3wi\u0107 za zamkni\u0119tymi drzwiami priorytety Ko\u015bcio\u0142a i kryteria, jakie powinien spe\u0142ni\u0107 nast\u0119pny papie\u017c.<\/span><\/p>\n<p class=\"text--paragraph\" style=\"text-align: left;\"><span style=\"color: #000080;\">Zapewne nast\u0119pnego dnia nast\u0105pi przeniesienie cia\u0142a papie\u017ca do Bazyliki \u015awi\u0119tego Piotra, by wierni mogli odda\u0107 mu ho\u0142d. Biuro prasowe Stolicy Apostolskiej poinformowa\u0142o, \u017ce szczeg\u00f3\u0142owe zasady zostan\u0105 ustalone i podane we wtorek, \u201epo pierwszej kongregacji kardyna\u0142\u00f3w&#8221;. Cia\u0142o b\u0119dzie wystawione przez trzy dni, a wi\u0119c do soboty.<\/span><\/p>\n<p class=\"text--paragraph\" style=\"text-align: left;\"><span style=\"color: #000080;\">Jak podaje &#8220;La Repubblica&#8221; pogrzeb powinien si\u0119 odby\u0107 mi\u0119dzy czwartym a sz\u00f3stym dniem od dnia \u015bmierci, a wi\u0119c w najbli\u017cszy pi\u0105tek, sobot\u0119 lub niedziel\u0119. Zdecyduje o tym Kolegium Kardynalskie. Wiadomo, \u017ce papie\u017c zostanie pochowany w\u00a0<a id=\"LinkArea:embed_link\" class=\"text--link \" style=\"color: #000080;\" title=\"Bazylice Matki Bo\u017cej Wi\u0119kszej na Wzg\u00f3rzu Eskwili\u0144skim\" href=\"https:\/\/wyborcza.pl\/7,75399,30552245,papiez-franciszek-chce-zostac-pochowany-w-bazylice-matki-bozej.html#S.embed_link-K.C-B.1-L.2.zw\" rel=\"dofollow\" data-bd-viewability=\"1\" data-bd-viewability-id=\"embed_link\" data-bd-viewability-href=\"https:\/\/wyborcza.pl\/7,75399,30552245,papiez-franciszek-chce-zostac-pochowany-w-bazylice-matki-bozej.html#S.embed_link-K.C-B.1-L.2.zw\">Bazylice Matki Bo\u017cej Wi\u0119kszej na Wzg\u00f3rzu Eskwili\u0144skim<\/a>.<\/span><\/p>\n<p class=\"text--paragraph\" style=\"text-align: left;\"><span style=\"color: #000080;\">Po pogrzebie rozpoczn\u0105 si\u0119\u00a0novendiali \u2013\u00a0dziewi\u0119\u0107 dni mszy za dusz\u0119 zmar\u0142ego papie\u017ca.<\/span><\/p>\n<h4 class=\"text--title font-head-700\"><strong>Kiedy rozpocznie si\u0119 konklawe<\/strong><\/h4>\n<p style=\"text-align: left;\"><span style=\"color: #000080;\">Kardyna\u0142owie pod przewodnictwem kardyna\u0142a dziekana wyznacz\u0105 dat\u0119 rozpocz\u0119cia konklawe, kt\u00f3re odb\u0119dzie si\u0119 w Kaplicy Syksty\u0144skiej. Watyka\u0144skie normy przewiduj\u0105, \u017ce powinno si\u0119 ono rozpocz\u0105\u0107 mi\u0119dzy pi\u0119tnastym a dwudziestym dniem po \u015bmierci Papie\u017ca, a zatem najp\u00f3\u017aniej 10 maja.<\/span><\/p>\n<p class=\"text--paragraph\" style=\"text-align: left;\"><span style=\"color: #000080;\">Kolegium Kardynalskie nie ma w\u0142adzy takiej, jak\u0105 ma papie\u017c, kardyna\u0142owie nie mog\u0105 np. mianowa\u0107 biskup\u00f3w czy stanowi\u0107 praw. Jednocze\u015bnie w czasie\u00a0<i>sede vacante<\/i>\u00a0wi\u0119kszo\u015b\u0107 watyka\u0144skich urz\u0119dnik\u00f3w przestaje sprawowa\u0107 swoje funkcje. Dotyczy to tak\u017ce szef\u00f3w instytucji kurialnych i ich cz\u0142onk\u00f3w (w tym sekretarza stanu Pietro Parolin). Ale s\u0105 wyj\u0105tki: abp Diego Ravelli, mistrz papieskich celebracji liturgicznych, kt\u00f3ry b\u0119dzie nadzorowa\u0142 obrz\u0119dy w tym okresie, a tak\u017ce penitencjariusz wi\u0119kszy kard. Angelo De Donatis, szef Penitencjarii Apostolskiej (s\u0105d watyka\u0144ski zajmuj\u0105cy si\u0119 m.in. odpustami) i elektor Jego \u015awi\u0105tobliwo\u015bci, kard. Konrad Krajewski. O swoich dzia\u0142aniach informuj\u0105 Kolegium Kardyna\u0142\u00f3w. Swoich funkcji nie przestaj\u0105 pe\u0142ni\u0107 tak\u017ce wikariusz diecezji rzymskiej, kard. Baldassarre Reina, i wiceregent Rzymu Renato Tarantelli.<\/span><\/p>\n<p class=\"text--paragraph\" style=\"text-align: left;\"><span style=\"color: #000080;\">Nie przestaj\u0105 administrowa\u0107 bie\u017c\u0105cymi sprawami szefowie dykasterii (ministerstw w Stolicy Apostolskiej). Je\u015bli chodzi o Sekretariat Stanu, to pracy nie przerywaj\u0105: zast\u0119pca ds. og\u00f3lnych abp. Edgar Pena Parra, sekretarz ds. stosunk\u00f3w z pa\u0144stwami Paul Richard Gallagher oraz wikariusz generalny dla Watykanu, kardyna\u0142 diakon Mauro Gambetti.<\/span><\/p>\n<h4 class=\"text--title font-head-700\" style=\"text-align: left;\">Kto kieruje Watykanem do czasu wyboru papie\u017ca<\/h4>\n<p class=\"text--paragraph\" style=\"text-align: left;\"><span style=\"color: #000080;\">W okresie przej\u015bciowym po \u015bmierci papie\u017ca wyr\u00f3\u017cniaj\u0105 si\u0119 dwaj urz\u0119dnicy: kamerling \u015awi\u0119tego Ko\u015bcio\u0142a Rzymskiego i dziekan Kolegium Kardynalskiego.<\/span><\/p>\n<p style=\"text-align: left;\"><span style=\"color: #000080;\">Kamerling stwierdza zgon papie\u017ca. Obecnie jest nim kard. Kevin Farrell, kt\u00f3ry po \u015bmierci papie\u017ca \u201eobejmuje w posiadanie&#8221; watyka\u0144ski Pa\u0142ac Apostolski i w okresie tymczasowym \u201eadministruje dobrami i prawami doczesnymi&#8221; Stolicy Apostolskiej. Ponadto zajmuje si\u0119 ustaleniem szczeg\u00f3\u0142\u00f3w poch\u00f3wku papie\u017ca.<\/span><\/p>\n<p class=\"text--paragraph\" style=\"text-align: left;\"><span style=\"color: #000080;\">Dziekan Kolegium Kardynalskiego, 91-letni Giovanni Battista Re, zwo\u0142uje kongregacje generalne kardyna\u0142\u00f3w poprzedzaj\u0105ce konklawe. Do niego nale\u017cy ustalenie porz\u0105dku\u00a0obrad.<\/span><\/p>\n<p class=\"text--paragraph\" style=\"text-align: left;\"><span style=\"color: #000080;\">Dziekan Kolegium nie poprowadzi jednak samego konklawe, poniewa\u017c przekroczy\u0142 80. rok \u017cycia. Uczyni to najstarszy spo\u015br\u00f3d kardyna\u0142\u00f3w biskup\u00f3w (tytularni zwierzchnicy podmiejskich diecezji Rzymu oraz niekt\u00f3rzy kardyna\u0142owie z Kurii Rzymskiej) &#8211; sekretarz stanu Watykanu Pietro Parolin (ma 70 lat).<\/span><\/p>\n<p><span style=\"color: #000080;\">Parolin, b\u0119d\u0105cy czo\u0142owym watyka\u0144skim dyplomat\u0105, wymieniany jest w\u015br\u00f3d nieoficjalnych kandydat\u00f3w na nowego pontifeksa.<\/span><\/p>\n<hr style=\"height: 15px; background: #d0e6fa; width: 100%;\" \/>\n<div id=\"content\" class=\"content-alignment\">\n<div id=\"watch-description\" class=\"yt-uix-button-panel\">\n<div id=\"watch-description-text\" style=\"text-align: center;\">\n<p><em>Zawarto\u015b\u0107 publikowanych artyku\u0142\u00f3w i materia\u0142\u00f3w nie reprezentuje pogl\u0105d\u00f3w ani opinii Reunion&#8217;68,<\/em><em><br \/>\nani te\u017c webmastera Blogu Reunion&#8217;68, chyba ze jest to wyra\u017anie zaznaczone.<br \/>\nTwoje uwagi, linki, w\u0142asne artyku\u0142y lub wiadomo\u015bci prze\u015blij na adres:<br \/>\n<\/em><span style=\"color: #000080;\"><strong><em><a style=\"color: #000080;\" href=\"mailto:webmaster@reunion68.com\"><span style=\"text-decoration: underline;\">webmaster@reunion68.com<\/span><\/a><\/em><\/strong><\/span><\/p>\n<\/div>\n<\/div>\n<\/div>\n<hr style=\"width: 100%;\" \/>\n","protected":false},"excerpt":{"rendered":"<p>Papie\u017c Franciszek nie \u017cyje. Kiedy konklawe i kto kieruje do tego czasu Watykanem (Fot. REUTERS\/Maxwell Briceno) Kto rz\u0105dzi Watykanem do wyboru nowego papie\u017ca, kiedy pogrzeb i konklawe Bartosz Hlebowicz Wi\u0119kszo\u015b\u0107 urz\u0119dnik\u00f3w Stolicy Apostolskiej zawiesza prac\u0119, ale nie wszyscy. Pogrzeb papie\u017ca Franciszka odb\u0119dzie si\u0119 prawdopodobnie jeszcze w tym tygodniu. W przypadku konklawe termin jest odleglejszy. Papie\u017c [&hellip;]<\/p>\n","protected":false},"author":1,"featured_media":0,"comment_status":"closed","ping_status":"closed","sticky":false,"template":"","format":"standard","meta":[],"categories":[6],"tags":[26,24],"_links":{"self":[{"href":"https:\/\/www.reunion68.se\/index.php?rest_route=\/wp\/v2\/posts\/120638"}],"collection":[{"href":"https:\/\/www.reunion68.se\/index.php?rest_route=\/wp\/v2\/posts"}],"about":[{"href":"https:\/\/www.reunion68.se\/index.php?rest_route=\/wp\/v2\/types\/post"}],"author":[{"embeddable":true,"href":"https:\/\/www.reunion68.se\/index.php?rest_route=\/wp\/v2\/users\/1"}],"replies":[{"embeddable":true,"href":"https:\/\/www.reunion68.se\/index.php?rest_route=%2Fwp%2Fv2%2Fcomments&post=120638"}],"version-history":[{"count":6,"href":"https:\/\/www.reunion68.se\/index.php?rest_route=\/wp\/v2\/posts\/120638\/revisions"}],"predecessor-version":[{"id":120648,"href":"https:\/\/www.reunion68.se\/index.php?rest_route=\/wp\/v2\/posts\/120638\/revisions\/120648"}],"wp:attachment":[{"href":"https:\/\/www.reunion68.se\/index.php?rest_route=%2Fwp%2Fv2%2Fmedia&parent=120638"}],"wp:term":[{"taxonomy":"category","embeddable":true,"href":"https:\/\/www.reunion68.se\/index.php?rest_route=%2Fwp%2Fv2%2Fcategories&post=120638"},{"taxonomy":"post_tag","embeddable":true,"href":"https:\/\/www.reunion68.se\/index.php?rest_route=%2Fwp%2Fv2%2Ftags&post=120638"}],"curies":[{"name":"wp","href":"https:\/\/api.w.org\/{rel}","templated":true}]}}