{"id":120681,"date":"2025-04-24T17:09:34","date_gmt":"2025-04-24T15:09:34","guid":{"rendered":"http:\/\/www.reunion68.se\/?p=120681"},"modified":"2025-04-24T11:04:20","modified_gmt":"2025-04-24T09:04:20","slug":"24-09-105","status":"publish","type":"post","link":"https:\/\/www.reunion68.se\/?p=120681","title":{"rendered":"O\u015bwi\u0119cimia. We\u017amie udzia\u0142 w Marszu \u017bywych"},"content":{"rendered":"<p style=\"text-align: center;\"><img decoding=\"async\" class=\"aligncenter\" src=\"https:\/\/bi.im-g.pl\/im\/44\/e3\/1c\/z30291268AMP,Prezydent-Panstwa-Izrael-Isaac-Herzog.jpg\" width=\"100%\" \/><span style=\"color: #808080;\"><em>Prezydent Panstwa Izrael Isaac Herzog (Fot. Slawomir Kaminski \/ Agencja Wyborcza.pl)<\/em><\/span><\/p>\n<hr \/>\n<h5 style=\"text-align: center;\"><a href=\"https:\/\/krakow.wyborcza.pl\/\" target=\"_blank\" rel=\"noopener noreferrer\"><img decoding=\"async\" class=\"center alignleft\" src=\"http:\/\/www.reunion68.com\/Biuletyn\/img\/wyborcza-krak.png\" alt=\"\" width=\"35%\" \/><\/a><span style=\"text-decoration: underline; color: #000080;\"><strong><a style=\"color: #000080; text-decoration: underline;\" href=\"https:\/\/krakow.wyborcza.pl\/krakow\/7,44425,31873890,prezydent-izraela-przyjedzie-do-oswiecimia-wezmie-udzial-w.html\" target=\"_blank\" rel=\"noopener noreferrer\">O\u015bwi\u0119cimia. We\u017amie udzia\u0142 w Marszu \u017bywych<\/a><\/strong><\/span><\/h5>\n<p style=\"text-align: center;\"><span style=\"color: #000000;\"><strong>Milena Kuchnia<\/strong><\/span><\/p>\n<hr style=\"height: 15px; background: #d0e6fa; width: 100%;\" \/>\n<div class=\"text--lead \" style=\"text-align: left;\" data-progress-bar-content=\"\"><span style=\"color: #000080;\">W czwartek 24 kwietnia na terenie by\u0142ego niemieckiego obozu koncentracyjnego odb\u0119dzie si\u0119 Marsz \u017bywych. W tym roku, opr\u00f3cz kilku tysi\u0119cy \u017byd\u00f3w z ca\u0142ego \u015bwiata, do O\u015bwi\u0119cimia przyjedzie tak\u017ce prezydent Izraela Isaac Herzog. W planach ma m.in. spotkanie z prezydentem Andrzejem Dud\u0105.<\/span><\/div>\n<div class=\"article--content article--content-free  \">\n<p class=\"text--paragraph\" style=\"text-align: left;\"><span style=\"color: #000080;\">Co roku na Marsz \u017bywych do O\u015bwi\u0119cimia przyje\u017cd\u017ca \u017cydowska m\u0142odzie\u017c z ca\u0142ego \u015bwiata \u2014 odwiedzaj\u0105 miejsca zag\u0142ady, modl\u0105 si\u0119 i uczestnicz\u0105 w spotkaniach edukacyjnych. Towarzyszy im tak\u017ce kilkusetosobowa grupa polskich uczni\u00f3w i student\u00f3w. W milczeniu pokonuj\u0105 tzw. &#8220;Drog\u0119 \u015amierci&#8221;. Trzykilometrowa trasa prowadzi spod bramy &#8220;Arbeit Macht Frei&#8221; w Auschwitz I do by\u0142ego obozu Auschwitz II \u2014 Birkenau.<\/span><\/p>\n<\/div>\n<h4 class=\"text--title font-head-700\"><strong>Prezydenci obok 80 ocala\u0142ych<\/strong><\/h4>\n<p class=\"text--paragraph\" style=\"text-align: left;\"><span style=\"color: #000080;\">W tym roku marsz poprowadzi 80 ocala\u0142ych z Auschwitz, prezydent Andrzej Duda oraz prezydent Izraela Isaac Herzog. Przed marszem politycy odb\u0119d\u0105 wsp\u00f3lne spotkanie.<\/span><\/p>\n<p style=\"text-align: center;\"><img decoding=\"async\" class=\"aligncenter\" src=\"https:\/\/bi.im-g.pl\/im\/be\/89\/1d\/z30973886IH,Marsz-zywych-w-Oswiecimiu--06-05-2024-r-.jpg\" width=\"100%\" \/><span style=\"color: #808080;\"><em>Marsz \u017cywych w O\u015bwi\u0119cimiu, 06.05.2024 r. Fot. Konrad Koz\u0142owski \/ Agencja Wyborcza.pl<\/em><\/span><\/p>\n<p class=\"text--paragraph\" style=\"text-align: left;\"><span style=\"color: #000080;\"><a id=\"LinkArea:embed_link\" class=\"text--link \" style=\"color: #000080;\" title=\"W ubieg\u0142ym roku, mimo \u017ce w wydarzeniu nie brali udzia\u0142u politycy z Izraela, na trasie pojawi\u0142a si\u0119 propalesty\u0144ska manifestacja\" href=\"https:\/\/krakow.wyborcza.pl\/krakow\/7,44425,30941579,6-maja-marsz-zywych-przechodzi-przez-teren-bylego-obozu-auschwitz-birkenau.html#S.embed_link-K.C-B.1-L.1.zw\" rel=\"dofollow\" data-bd-viewability=\"1\" data-bd-viewability-id=\"embed_link\" data-bd-viewability-href=\"https:\/\/krakow.wyborcza.pl\/krakow\/7,44425,30941579,6-maja-marsz-zywych-przechodzi-przez-teren-bylego-obozu-auschwitz-birkenau.html#S.embed_link-K.C-B.1-L.1.zw\">W ubieg\u0142ym roku, mimo \u017ce w wydarzeniu nie brali udzia\u0142u politycy z Izraela, na trasie pojawi\u0142a si\u0119 propalesty\u0144ska manifestacja<\/a>.<\/span><\/p>\n<p class=\"text--paragraph\" style=\"text-align: left;\"><span style=\"color: #000080;\">Tak jej cel t\u0142umaczy\u0142 Omar Faris, przedstawiciel spo\u0142eczno\u015bci palesty\u0144skiej z Krakowa: &#8211; Nie przychodzimy tutaj, aby zak\u0142\u00f3ca\u0107 uroczysto\u015b\u0107, po\u015bwi\u0119con\u0105 oddawaniu czci ofiarom Holokaustu. Sami i same pochylamy g\u0142owy w milczeniu oraz nadziei, \u017ce nigdy wi\u0119cej na tej ziemi nie dojdzie do tak haniebnego i nieludzkiego aktu barbarzy\u0144stwa, jakim by\u0142o Shoah, zgotowane \u017bydom i \u017byd\u00f3wkom przez nazist\u00f3w.\u00a0Pochylamy tak\u017ce g\u0142owy w milczeniu, oddaj\u0105c ho\u0142d wszystkim nie\u017cydowskim ofiarom hitlerowskich oboz\u00f3w koncentracyjnych. Ale przychodz\u0105c tutaj, nie mo\u017cemy tylko milcze\u0107. Nie mo\u017cemy milcze\u0107 w obliczu zbrodni pope\u0142nianych przez rz\u0105d Benjamina Netanjahu, w obliczu pe\u0142noskalowej inwazji oraz czystki etnicznej.<\/span><\/p>\n<p style=\"text-align: center;\"><img decoding=\"async\" class=\"aligncenter\" src=\"https:\/\/bi.im-g.pl\/im\/82\/82\/1d\/z30944386IH.jpg\" width=\"100%\" \/><span style=\"color: #808080;\"><em>Fot. Konrad Koz\u0142owski \/ Agencja Wyborcza.pl<\/em><\/span><\/p>\n<p class=\"text--paragraph\" style=\"text-align: left;\"><span style=\"color: #000080;\">Jak b\u0119dzie w tym roku? &#8211; Nie spodziewamy si\u0119 demonstracji, ale \u015brodki bezpiecze\u0144stwa oczywi\u015bcie zosta\u0142y podj\u0119te \u2014 m\u00f3wi Anna Rasi\u0144ska, jedna z organizatorek marszu.<\/span><\/p>\n<h4 class=\"text--title font-head-700\"><strong>Prezydent Isaac Herzog<\/strong><\/h4>\n<p style=\"text-align: left;\"><span style=\"color: #000080;\">Prezydent Izraela odgrywa jedynie rol\u0119 reprezentacyjn\u0105. Rzeczywista w\u0142adza pa\u0144stwowa\u00a0nale\u017cy do premiera.<\/span><\/p>\n<p class=\"text--paragraph\" style=\"text-align: left;\"><span style=\"color: #000080;\">Binjamin\u00a0Netanjahu, oskar\u017cany o zbrodnie wojenne oraz zbrodnie przeciwko ludzko\u015bci, jest obj\u0119ty nakazem aresztowania przez Mi\u0119dzynarodowy Trybuna\u0142 Karny w Hadze. Mimo tego na pocz\u0105tku kwietnia by\u0142 z wizyt\u0105 w Budapeszcie, gdzie spotka\u0142 si\u0119 z Viktorem Orb\u00e1nem. Nie zosta\u0142 aresztowany, a TK domaga si\u0119 od prezydenta W\u0119gier wyja\u015bnie\u0144. Wyrok z Hagi\u00a0nie obejmuje prezydenta Izraela.<\/span><\/p>\n<p class=\"text--paragraph\" style=\"text-align: left;\"><span style=\"color: #000080;\">Isaac Herzog pe\u0142ni t\u0119 funkcj\u0119 od 2021 roku. Wcze\u015bniej by\u0142 ministrem opieki spo\u0142ecznej w rz\u0105dzie Netanjahu. Do stycznia tego roku jego starszy brat Michael Herzog by\u0142 ambasadorem Izraela w Stanach Zjednoczonych.<\/span><\/p>\n<h4 class=\"text--title font-head-700\" style=\"text-align: left;\"><strong>Marsz \u017bywych. W tym roku ma te\u017c walczy\u0107 z rosn\u0105cym antysemityzmem\u00a0<\/strong><\/h4>\n<p class=\"text--paragraph\" style=\"text-align: left;\"><span style=\"color: #000080;\">Marsz \u017bywych odbywa si\u0119 tradycyjnie w Dniu Pami\u0119ci o Ofiarach Zag\u0142ady (Jom Ha-Szoa). Po raz pierwszy odby\u0142 si\u0119 w 1988 r., a w najliczniejszym z nich wzi\u0119\u0142o udzia\u0142 a\u017c 20 tys. os\u00f3b. Tegoroczne wydarzenia maj\u0105 zwraca\u0107 uwag\u0119 tak\u017ce na rosn\u0105cy antysemityzm w \u015bwiecie.<\/span><\/p>\n<p class=\"text--paragraph\" style=\"text-align: left;\"><span style=\"color: #000080;\">Marsz jest zwie\u0144czeniem szerokiego projektu edukacyjnego. M\u0142odzie\u017c \u017cydowska przyje\u017cd\u017ca do Polski ju\u017c kilkana\u015bcie dni wcze\u015bniej \u2014 odwiedzaj\u0105 miejsca zag\u0142ady swoich przodk\u00f3w i symboliczne miejsca z czas\u00f3w Holocaustu.\u00a0Kumulacj\u0105 projektu jest\u00a0Marsz \u017bywych w O\u015bwi\u0119cimiu.<\/span><\/p>\n<p class=\"text--paragraph\" style=\"text-align: left;\"><span style=\"color: #000080;\">Rozpoczyna go\u00a0d\u017awi\u0119k szofaru z baraniego rogu pasterskiego, kt\u00f3rego g\u0142os jest symbolicznym wo\u0142aniem do Boga o mi\u0142osierdzie. Nast\u0119pnie uczestnicy w ciszy pokonuj\u0105 trzykilometrow\u0105 tras\u0119.<\/span><\/p>\n<h4 class=\"text--title font-head-700\"><strong>O\u015bwi\u0119cim. W czwartek powa\u017cne utrudnienia w ruchu<\/strong><\/h4>\n<p class=\"text--paragraph\" style=\"text-align: left;\"><span style=\"color: #000080;\">W zwi\u0105zku z wydarzeniem kluczowe ulice O\u015bwi\u0119cimia b\u0119d\u0105 wykluczone z ruchu.\u00a0<\/span><\/p>\n<ul class=\"text--list text--list-unordered\">\n<li class=\"text--list-item text--list-item-unordered\"><strong>od 8:00 do 15:00 zamkni\u0119te b\u0119d\u0105 ulice Wi\u0119\u017ani\u00f3w O\u015bwi\u0119cimia, Leszczy\u0144ska, M\u0119cze\u0144stwa Narod\u00f3w oraz Ofiar Faszyzmu<\/strong><\/li>\n<li class=\"text--list-item text--list-item-unordered\"><strong>dojazd do Brzezinki\u00a0b\u0119dzie mo\u017cliwy przez\u00a0ul. \u015al\u0105sk\u0105 i Spacerow\u0105 w Babicach<\/strong><\/li>\n<li class=\"text--list-item text--list-item-unordered\"><strong>dojazd do Harm\u0119\u017c, P\u0142aw i Woli\u00a0z O\u015bwi\u0119cimia poprowadzony zostanie przez\u00a0Brzeszcze.<\/strong><\/li>\n<\/ul>\n<hr \/>\n<p class=\"text--paragraph\" style=\"text-align: right;\"><span style=\"color: #808080;\"><i>Redagowa\u0142a<\/i><\/span><strong><span style=\"color: #808080;\"><i> Dorota Gut<\/i><\/span><\/strong><\/p>\n<hr style=\"height: 15px; background: #d0e6fa; width: 100%;\" \/>\n<div id=\"content\" class=\"content-alignment\">\n<div id=\"watch-description\" class=\"yt-uix-button-panel\">\n<div id=\"watch-description-text\" style=\"text-align: center;\">\n<p><em>Zawarto\u015b\u0107 publikowanych artyku\u0142\u00f3w i materia\u0142\u00f3w nie reprezentuje pogl\u0105d\u00f3w ani opinii Reunion&#8217;68,<\/em><em><br \/>\nani te\u017c webmastera Blogu Reunion&#8217;68, chyba ze jest to wyra\u017anie zaznaczone.<br \/>\nTwoje uwagi, linki, w\u0142asne artyku\u0142y lub wiadomo\u015bci prze\u015blij na adres:<br \/>\n<\/em><span style=\"color: #000080;\"><strong><em><a style=\"color: #000080;\" href=\"mailto:webmaster@reunion68.com\"><span style=\"text-decoration: underline;\">webmaster@reunion68.com<\/span><\/a><\/em><\/strong><\/span><\/p>\n<\/div>\n<\/div>\n<\/div>\n<hr style=\"width: 100%;\" \/>\n","protected":false},"excerpt":{"rendered":"<p>Prezydent Panstwa Izrael Isaac Herzog (Fot. Slawomir Kaminski \/ Agencja Wyborcza.pl) O\u015bwi\u0119cimia. We\u017amie udzia\u0142 w Marszu \u017bywych Milena Kuchnia W czwartek 24 kwietnia na terenie by\u0142ego niemieckiego obozu koncentracyjnego odb\u0119dzie si\u0119 Marsz \u017bywych. W tym roku, opr\u00f3cz kilku tysi\u0119cy \u017byd\u00f3w z ca\u0142ego \u015bwiata, do O\u015bwi\u0119cimia przyjedzie tak\u017ce prezydent Izraela Isaac Herzog. W planach ma m.in. [&hellip;]<\/p>\n","protected":false},"author":1,"featured_media":0,"comment_status":"closed","ping_status":"closed","sticky":false,"template":"","format":"standard","meta":[],"categories":[6],"tags":[26,24],"_links":{"self":[{"href":"https:\/\/www.reunion68.se\/index.php?rest_route=\/wp\/v2\/posts\/120681"}],"collection":[{"href":"https:\/\/www.reunion68.se\/index.php?rest_route=\/wp\/v2\/posts"}],"about":[{"href":"https:\/\/www.reunion68.se\/index.php?rest_route=\/wp\/v2\/types\/post"}],"author":[{"embeddable":true,"href":"https:\/\/www.reunion68.se\/index.php?rest_route=\/wp\/v2\/users\/1"}],"replies":[{"embeddable":true,"href":"https:\/\/www.reunion68.se\/index.php?rest_route=%2Fwp%2Fv2%2Fcomments&post=120681"}],"version-history":[{"count":6,"href":"https:\/\/www.reunion68.se\/index.php?rest_route=\/wp\/v2\/posts\/120681\/revisions"}],"predecessor-version":[{"id":120692,"href":"https:\/\/www.reunion68.se\/index.php?rest_route=\/wp\/v2\/posts\/120681\/revisions\/120692"}],"wp:attachment":[{"href":"https:\/\/www.reunion68.se\/index.php?rest_route=%2Fwp%2Fv2%2Fmedia&parent=120681"}],"wp:term":[{"taxonomy":"category","embeddable":true,"href":"https:\/\/www.reunion68.se\/index.php?rest_route=%2Fwp%2Fv2%2Fcategories&post=120681"},{"taxonomy":"post_tag","embeddable":true,"href":"https:\/\/www.reunion68.se\/index.php?rest_route=%2Fwp%2Fv2%2Ftags&post=120681"}],"curies":[{"name":"wp","href":"https:\/\/api.w.org\/{rel}","templated":true}]}}