{"id":120752,"date":"2025-04-27T17:09:26","date_gmt":"2025-04-27T15:09:26","guid":{"rendered":"http:\/\/www.reunion68.se\/?p=120752"},"modified":"2025-04-27T12:46:46","modified_gmt":"2025-04-27T10:46:46","slug":"27-09-103","status":"publish","type":"post","link":"https:\/\/www.reunion68.se\/?p=120752","title":{"rendered":"Wojna Izraela z Hamasem?"},"content":{"rendered":"<p style=\"text-align: center;\"><img decoding=\"async\" class=\"aligncenter\" src=\"https:\/\/www.listyznaszegosadu.pl\/upload\/article\/bild\/4570\/1081417\/abu_s.png\" width=\"100%\" \/><span style=\"color: #808080;\"><em>Przewodnicz\u0105ca brytyjskiej Komisji Spraw Zagranicznych Izby Gmin Emily Anne Thornberry. (Zrzut z ekranu)<\/em><\/span><\/p>\n<hr \/>\n<h5 style=\"text-align: center;\"><a href=\"https:\/\/www.listyznaszegosadu.pl\/\" target=\"_blank\" rel=\"noopener noreferrer\"><img decoding=\"async\" class=\"center alignleft\" src=\"http:\/\/www.reunion68.com\/Biuletyn\/img\/z-naszego.jpg\" alt=\"\" width=\"50%\" \/><\/a><span style=\"text-decoration: underline; color: #000080;\"><strong><a style=\"color: #000080; text-decoration: underline;\" href=\"https:\/\/www.listyznaszegosadu.pl\/brunatna-fala\/wojna-izraela-z-hamasem\" target=\"_blank\" rel=\"noopener noreferrer\">Wojna Izraela z Hamasem?<\/a><\/strong><\/span><\/h5>\n<p style=\"text-align: center;\"><span style=\"color: #000000;\"><strong>Andrzej Koraszewski<\/strong><\/span><\/p>\n<hr style=\"height: 15px; background: #d0e6fa; width: 100%;\" \/>\n<div class=\"templateArticleIngress\">\n<p style=\"text-align: left;\"><span style=\"color: #000080;\">Nie ma wojny Ukrainy z Rosj\u0105 i nie ma wojny Izraela z Hamasem. Jest wojna Rosji z Ukrain\u0105 i islamu z \u017bydami na Bliskim Wschodzie. Czy to wa\u017cne jak rozumiemy konflikty zbrojne? W Wikipedii has\u0142o \u201eWojna Izraela z Hamasem\u201d jest prze\u0142o\u017cone na 88 j\u0119zyk\u00f3w. Dowiadujemy si\u0119 z tego \u201eencyklopedycznego\u201d \u017ar\u00f3d\u0142a, \u017ce to \u201e<a style=\"color: #000080;\" title=\"Konflikt zbrojny\" href=\"https:\/\/pl.wikipedia.org\/wiki\/Konflikt_zbrojny\">konflikt zbrojny<\/a>\u00a0mi\u0119dzy\u00a0<a style=\"color: #000080;\" title=\"Izrael\" href=\"https:\/\/pl.wikipedia.org\/wiki\/Izrael\">Izraelem<\/a>\u00a0a dowodzonymi przez\u00a0<a style=\"color: #000080;\" title=\"Hamas\" href=\"https:\/\/pl.wikipedia.org\/wiki\/Hamas\">Hamas<\/a>\u00a0<a style=\"color: #000080;\" title=\"Palesty\u0144czycy\" href=\"https:\/\/pl.wikipedia.org\/wiki\/Palesty%C5%84czycy\">palesty\u0144skimi<\/a>\u00a0ugrupowaniami militarnymi, tocz\u0105cy si\u0119 g\u0142\u00f3wnie w\u00a0<a style=\"color: #000080;\" title=\"Strefa Gazy\" href=\"https:\/\/pl.wikipedia.org\/wiki\/Strefa_Gazy\">Strefie Gazy<\/a>\u00a0od 7\u00a0pa\u017adziernika 2023 roku. Do walk dosz\u0142o r\u00f3wnie\u017c na\u00a0<a style=\"color: #000080;\" title=\"Zachodni Brzeg\" href=\"https:\/\/pl.wikipedia.org\/wiki\/Zachodni_Brzeg\">Zachodnim Brzegu Jordanu<\/a>, a tak\u017ce z udzia\u0142em\u00a0<a style=\"color: #000080;\" title=\"Hezbollah\" href=\"https:\/\/pl.wikipedia.org\/wiki\/Hezbollah\">Hezbollahu<\/a>\u00a0wzd\u0142u\u017c\u00a0<a style=\"color: #000080;\" title=\"Niebieska linia (Liban)\" href=\"https:\/\/pl.wikipedia.org\/wiki\/Niebieska_linia_(Liban)\">granicy izraelsko-liba\u0144skiej<\/a>\u00a0na\u00a0<a style=\"color: #000080;\" title=\"Wzg\u00f3rza Golan\" href=\"https:\/\/pl.wikipedia.org\/wiki\/Wzg%C3%B3rza_Golan\">Wzg\u00f3rzach Golan<\/a>. Jest to pi\u0105ta\u00a0<a style=\"color: #000080;\" title=\"Konflikt mi\u0119dzy Stref\u0105 Gazy i Izraelem (strona nie istnieje)\" href=\"https:\/\/pl.wikipedia.org\/w\/index.php?title=Konflikt_mi%C4%99dzy_Stref%C4%85_Gazy_i_Izraelem&amp;action=edit&amp;redlink=1\">wojna mi\u0119dzy Stref\u0105 Gazy i Izraelem<\/a>\u00a0od 2008 roku, stanowi\u0105ca jednocze\u015bnie cz\u0119\u015b\u0107 szerszego\u00a0<a style=\"color: #000080;\" title=\"Konflikt izraelsko-palesty\u0144ski\" href=\"https:\/\/pl.wikipedia.org\/wiki\/Konflikt_izraelsko-palesty%C5%84ski\">konfliktu izraelsko-palesty\u0144skiego<\/a>\u00a0i najwi\u0119kszy konflikt zbrojny w regionie od czasu\u00a0<a style=\"color: #000080;\" title=\"Wojna Jom Kipur\" href=\"https:\/\/pl.wikipedia.org\/wiki\/Wojna_Jom_Kipur\">wojny Jom Kipur<\/a>\u00a050 lat wcze\u015bniej\u201d.<\/span><\/p>\n<p style=\"text-align: left;\">\n<span style=\"color: #000080;\">Nie, to nie jest konflikt \u201eizraelsko-palesty\u0144ski\u201d. To ponad stuletnia wojna islamu z \u017bydami, z ide\u0105 odbudowy \u017cydowskiego pa\u0144stwa, z ide\u0105 \u017cydowskiej suwerenno\u015bci.<\/span><\/p>\n<\/div>\n<p style=\"text-align: left;\">\n<div class=\"templateArticleBrodtext\">\n<p style=\"text-align: left;\"><span style=\"color: #000080;\">Na przestrzeni tych ponad stu lat \u017bydzi na Bliskim Wschodzie nie rozpocz\u0119li ani jednej wojny. (Jedynym kontrowersyjnym przypadkiem jest wojna 1956 roku, kiedy Izrael, w reakcji na ustawiczne \u00a0napady egipskich fedain\u00f3w do\u0142\u0105czy\u0142 do francusko-brytyjskiej interwencji w Egipcie.) To nie Izrael rozpocz\u0105\u0142 wojn\u0119 przeciwko armiom Egiptu, Transjordanii, Syrii, Iraku, Libanu, Arabii\u00a0 Saudyjskiej i Jemenu w 1948 roku, to nie Izrael rozpocz\u0105\u0142 wojn\u0119 przeciwko armii egipskiej, syryjskiej i jorda\u0144skiej w 1967 roku, ani przeciwko, armii egipskiej i syryjskiej w 1973 roku. To nie Izrael inicjowa\u0142 palesty\u0144skie intifady (\u201epowstania\u201d) w 1987 roku i w 2000 roku. To nie Izrael rozpocz\u0105\u0142\u00a0 wojn\u0119 z Hamasem w 2014 roku i w 2023 roku.\u00a0<\/span><\/p>\n<p style=\"text-align: left;\">\n<span style=\"color: #000080;\">Dzi\u015b, w 2025 roku, niewielu ludzi na Zachodzie s\u0142ysza\u0142o o wielkiej\u00a0 konferencji islamskich uczonych w Pakistanie. Dziewi\u0105tego kwietnia, w Centrum Przyja\u017ani Pakista\u0144sko-Chi\u0144skiej odby\u0142a si\u0119 konferencja pod tytu\u0142em: \u201ePalestyna i odpowiedzialno\u015b\u0107 muzu\u0142ma\u0144skiej\u00a0<em>ummy<\/em>\u201d. Muzu\u0142ma\u0144ska umma to wszyscy wyznawcy Allaha. Konferencja wezwa\u0142a wszystkich wiernych do d\u017cihadu przeciwko Izraelowi, wszystkich muzu\u0142ma\u0144skich w\u0142adc\u00f3w do formalnego\u00a0 og\u0142oszenia d\u017cihadu przeciw Izraelowi. \u015amieszne i bez znaczenia mamrotanie kap\u0142an\u00f3w w Islamabadzie?<\/span><\/p>\n<p style=\"text-align: left;\">\n<span style=\"color: #000080;\">Wcze\u015bniej, 28 marca, Mi\u0119dzynarodowy Zwi\u0105zek Uczonych Muzu\u0142ma\u0144skich z siedzib\u0105 w Katarze\u00a0 opublikowa\u0142 fatw\u0119 wzywaj\u0105c\u0105 wszystkich muzu\u0142man\u00f3w do prowadzenia zbrojnego d\u017cihadu przeciwko Izraelowi:<\/span><\/p>\n<blockquote>\n<p style=\"text-align: left;\"><strong>\u201eZbrojny d\u017cihad przeciwko okupacji Palestyny jest obowi\u0105zkiem ka\u017cdego muzu\u0142manina w \u015bwiecie islamskim, kt\u00f3ry jest w stanie to zrobi\u0107\u201d, dodaj\u0105c: \u201eWyja\u015bniamy muzu\u0142manom i ich krajom obowi\u0105zek d\u017cihadu przeciwko tworowi syjonistycznemu i przeciwko wszystkim najemnikom i \u017co\u0142nierzom z ka\u017cdego kraju, kt\u00f3rzy wsp\u00f3\u0142pracuj\u0105 z nim na okupowanym terytorium, niszcz\u0105c naszych ludzi w Strefie Gazy. Ten [d\u017cihad] ma by\u0107 [prowadzony] poprzez zbrojn\u0105 interwencj\u0119 wojskow\u0105 oraz poprzez dostarczanie sprz\u0119tu wojskowego, wiedzy wojskowej i informacji wywiadowczych dla bojownik\u00f3w d\u017cihadu. Jest to religijny obowi\u0105zek\u00a0najpierw dla narodu palesty\u0144skiego, a nast\u0119pnie dla s\u0105siednich kraj\u00f3w (Egiptu, Jordanii i Libanu), a ostatecznie dla ka\u017cdego kraju arabskiego i islamskiego\u201d.\u00a0<\/strong><\/p>\n<p style=\"text-align: left;\"><strong>(Patrz:\u00a0<a href=\"https:\/\/www.memri.org\/reports\/qatar-based-and-funded-international-union-muslim-scholars-and-its-members-incite-armed\" target=\"_blank\" rel=\"noopener noreferrer\">https:\/\/www.memri.org\/reports\/qatar-based-and-funded-international-union-muslim-scholars-and-its-members-incite-armed<\/a>)<\/strong><\/p>\n<\/blockquote>\n<p style=\"text-align: left;\"><span style=\"color: #000080;\">Ta sama fatwa wzywa do atakowania izraelskich turyst\u00f3w gdziekolwiek to mo\u017cliwe. Ta fatwa powa\u017cnie zaniepokoi\u0142a niekt\u00f3re rz\u0105dy kraj\u00f3w muzu\u0142ma\u0144skich. To oczywiste podburzanie do obalenia ka\u017cdego rz\u0105du w muzu\u0142ma\u0144skim \u015bwiecie, kt\u00f3ry chcia\u0142by pokoju i normalnych stosunk\u00f3w z Izraelem. W Jordanii aresztowano cz\u0142onk\u00f3w Bractwa Muzu\u0142ma\u0144skiego, kt\u00f3rzy zajmowali si\u0119 produkcj\u0105 i przemytem do Autonomii Palesty\u0144skiej cz\u0119\u015bci do produkcji dron\u00f3w i pocisk\u00f3w kierowanych.\u00a0\u00a0\u00a0<\/span><\/p>\n<p style=\"text-align: left;\">\n<span style=\"color: #000080;\">Zaprotestowa\u0142 Front Stambulski, organizacja b\u0119d\u0105ca cz\u0119\u015bci\u0105 Bractwa Muzu\u0142ma\u0144skiego w Turcji, stwierdzaj\u0105c z powo\u0142aniem si\u0119 na katarsk\u0105 fatw\u0119, \u017ce \u201e<strong>wsparcie dla palesty\u0144skiego ruchu oporu jest obowi\u0105zkiem szariatu i zaszczytem dla ka\u017cdego muzu\u0142manina\u201d.<\/strong><\/span><\/p>\n<p style=\"text-align: left;\">\n<span style=\"color: #000080;\">24 kwietnia Jordania\u00a0<a style=\"color: #000080;\" href=\"https:\/\/allisrael.com\/dramatic-move-jordan-outlaws-muslim-brotherhood-after-alleged-terror-plot-by-mb-operatives-foiled-inside-the-kingdom\">zakaza\u0142a<\/a>\u00a0wszelkiej dzia\u0142alno\u015bci Bractwa Muzu\u0142ma\u0144skiego na terenie kr\u00f3lestwa.\u00a0<\/span><\/p>\n<p style=\"text-align: left;\">\n<span style=\"color: #000080;\">Mityczna \u201ePalestyna\u201d jest zaledwie forpoczt\u0105 islamskiej\u00a0<em>ummy.\u00a0<\/em>Czy jest jako\u015bciowa r\u00f3\u017cnica mi\u0119dzy b\u0119d\u0105cym cz\u0119\u015bci\u0105 Bractwa Muzu\u0142ma\u0144skiego Hamasem, a \u201e\u015bwieck\u0105\u201d Autonomi\u0105 Palesty\u0144sk\u0105? \u201ePrezydent\u201d Abbas krytykuje Hamas i wzywa, \u017ceby odda\u0142 zak\u0142adnik\u00f3w, rozbroi\u0142 si\u0119 i przekaza\u0142 w\u0142adz\u0119 nad Gaz\u0105 Fatahowi. Cel jest nadal ten sam, mo\u017cemy go przeczyta\u0107 w statucie Organizacji Wyzwolenia Palestyny, jest stale powtarzany w wypowiedziach polityk\u00f3w, dzia\u0142aczy i kap\u0142an\u00f3w w Autonomii Palesty\u0144skiej.<\/span><\/p>\n<blockquote>\n<p style=\"text-align: left;\"><strong>S\u0119dzia szariatu AP Nasser Al-Kirem: \u201ePrawo szariatu tego kraju<\/strong>, dla ka\u017cdego, kto nie wie,\u00a0<strong>jest takie, \u017ce jest to ziemia\u00a0<em>wakf<\/em>\u00a0(tj. niezbywalne dziedzictwo religijne)\u2026 od Morza [\u015ar\u00f3dziemnego] do Rzeki [Jordan], to jest prawo szariatu, od morza do rzeki<\/strong>. Prawa tego\u00a0<em>wakf<\/em>\u00a0stanowi\u0105, \u017ce jego statusu nie mo\u017cna zmieni\u0107, ani przez sprzeda\u017c, ani przez zakup, ani przez zabezpieczenie [kredytu], ani przez wymian\u0119\u2026 ani przez dodanie, ani przez odj\u0119cie\u2026 Je\u015bli chodzi o dat\u0119 [ko\u0144ca] tego\u00a0<em>wakf<\/em>:\u00a0<strong>Jest ona na wieki wiek\u00f3w i na ca\u0142\u0105 wieczno\u015b\u0107, dop\u00f3ki Allah nie odziedziczy ziemi i tych, kt\u00f3rzy si\u0119 na niej znajduj\u0105.<\/strong>\u201d<\/p>\n<p style=\"text-align: left;\" align=\"right\">[Oficjalna telewizja AP, 14 lutego 2025]<\/p>\n<\/blockquote>\n<p style=\"text-align: left;\"><span style=\"color: #000080;\">W grudniu 2023 r.\u00a0Elise Stefanik, przedstawicielka partii republika\u0144skiej w ameryka\u0144skim Kongresie zadawa\u0142a rektorkom trzech najwspanialszych ameryka\u0144skich uniwersytet\u00f3w proste pytanie, \u201eczy wezwania student\u00f3w do ludob\u00f3jstwa \u017byd\u00f3w naruszaj\u0105 zasady kierowanego przez pani\u0105 uniwersytetu?\u201d Trzy rektorki odpowiada\u0142y jak papu\u017cki, \u017ce to zale\u017cy od kontekstu.<\/span><\/p>\n<p style=\"text-align: left;\">\n<span style=\"color: #000080;\">Z czasem dwie z nich musia\u0142y zrezygnowa\u0107 ze swoich stanowisk, a jednak kontekst jest wa\u017cny. Kontekstem tych wezwa\u0144 ameryka\u0144skich student\u00f3w do zniszczenia izraelskiego narodu jest ira\u0144ski program nuklearny i \u201ezegar\u201d w Teheranie odliczaj\u0105cy pozosta\u0142e jeszcze dni istnienia Izraela, tym kontekstem jest historia Islamskiej Republiki Iranu, historia Bractwa Muzu\u0142ma\u0144skiego, historia Organizacji Wyzwolenia Palestyny, historia Hezbollahu, historia\u00a0 Hamasu i, tak, historia Europy oraz wielu innych miejsc na \u015bwiecie. Kontekstem jest tu nazywanie agresji Hamasu \u201ewojn\u0105 Izraela z Hamasem\u201d przez media, przez Wikipedi\u0119, przez ONZ, przez wyk\u0142adowc\u00f3w uniwersytet\u00f3w, przez autor\u00f3w ksi\u0105\u017cek.\u00a0\u00a0\u00a0\u00a0<\/span><\/p>\n<p style=\"text-align: left;\">\n<span style=\"color: #000080;\">Jakiego kontekstu nie znaj\u0105 by\u0142e ju\u017c rektorki najlepszych ameryka\u0144skich uniwersytet\u00f3w i wielu innych ludzi? By\u0107\u00a0 mo\u017ce najlepiej mo\u017cna to pokaza\u0107 na pewnym przyk\u0142adzie z Wielkiej Brytanii. Brytyjska Komisja Spraw Zagranicznych Izby Gmin zorganizowa\u0142a 22 kwietnia przes\u0142uchanie stron w sprawie tego \u201eJak Wielka Brytania i jej sojusznicy mog\u0105 pom\u00f3c osi\u0105gn\u0105\u0107 zawieszenie broni i trwa\u0142e zako\u0144czenie wojny w Gazie i w Libanie\u201d. W\u015br\u00f3d os\u00f3b, kt\u00f3rych opinie i argumenty komisja chcia\u0142a us\u0142ysze\u0107 znalaz\u0142a si\u0119 brytyjska prawniczka Natasha Hausdorff, brytyjski dziennikarz, Jonathan Sacerdoti, przedstawicielka izraelskiej opozycji Shelly Tal Meron. (Oczywi\u015bcie wys\u0142uchano r\u00f3wnie\u017c g\u0142os\u00f3w palesty\u0144skich, ale, jak si\u0119 wydaje, tylko Hausdorff i Sacerdoti udost\u0119pnili swoje wyst\u0105pienia online.) \u00a0\u00a0\u00a0<\/span><\/p>\n<p style=\"text-align: left;\">\n<span style=\"color: #000080;\">Natasha Hausdorff\u00a0<a style=\"color: #000080;\" href=\"https:\/\/www.youtube.com\/watch?v=WMNUa5RtXl0\">by\u0142a jak zwykle rewelacyjn<\/a>a. Ta m\u0142oda prawniczka ma nie tylko nies\u0142ychan\u0105 wiedz\u0119 wykraczaj\u0105ca daleko poza jej specjalizacj\u0119 z prawa mi\u0119dzynarodowego i prawa humanitarnego, ale jest \u015bwietnym m\u00f3wc\u0105, doskonale prezentuje argumenty prawne i, co w tego rodzaju sytuacjach jest niezwykle wa\u017cne, nie daje si\u0119 zbi\u0107 z tropu, kiedy jej przerywaj\u0105 lub pr\u00f3buj\u0105 zmieni\u0107 temat. Jej argumentacj\u0119 zna\u0142em i podziwia\u0142em j\u0105 raz jeszcze, ale w tym przypadku szczeg\u00f3lnie interesuj\u0105ca wydawa\u0142a mi si\u0119 tre\u015b\u0107 pyta\u0144 i spos\u00f3b reagowania cz\u0142onk\u00f3w komisji.\u00a0<\/span><\/p>\n<p style=\"text-align: left;\">\n<span style=\"color: #000080;\">Przes\u0142uchanie prowadzi\u0142a przewodnicz\u0105ca komisji Emily Anne Thornberry, z wykszta\u0142cenia prawniczka, pe\u0142ni\u0142a funkcje prokuratora generalnego w gabinecie cieni Partii Pracy, a wcze\u015bniej (r\u00f3wnie\u017c w gabinecie cieni) ministry spraw zagranicznych.<\/span><\/p>\n<p style=\"text-align: left;\">\n<span style=\"color: #000080;\">Emily Anne Thornberry, po wst\u0119pnych grzeczno\u015bciach i formalno\u015bciach zapyta\u0142a Natash\u0119 Hausdorff jak widzi Izrael za dziesi\u0119\u0107 lat.<\/span><\/p>\n<p style=\"text-align: left;\">\n<span style=\"color: #000080;\">Hausdorff odpowiedzia\u0142a, \u017ce jest to region, w kt\u00f3rym trudno cokolwiek przewidywa\u0107, \u017ce osi\u0105gni\u0119to pewne zwyci\u0119stwa nad ira\u0144skimi najemnikami, \u017ce najwi\u0119kszym zagro\u017ceniem Izraela\u00a0 jest sam Iran, \u017ce by\u0107 mo\u017ce Porozumienia Abrahamowe obejm\u0105 inne kraje arabskie, \u017ce powa\u017cnym problemem jest mi\u0119dzynarodowa wojna prawna z Izraelem.<\/span><\/p>\n<p style=\"text-align: left;\">\n<span style=\"color: #000080;\">W tym momencie prowadz\u0105ca przes\u0142uchanie przerwa\u0142a m\u00f3wi\u0105c, \u017ce chcia\u0142aby dobrze zrozumie\u0107 jak Hausdorff widzi przysz\u0142o\u015b\u0107, bo przedstawia przysz\u0142o\u015b\u0107 Izraela we wzgl\u0119dnie pozytywnej perspektywie, ale zak\u0142adaj\u0105c, \u017ce d\u0105\u017cymy do pokoju mi\u0119dzy Izraelem i Palestyn\u0105 jaka b\u0119dzie przysz\u0142o\u015b\u0107 palesty\u0144skiego \u017cycia w Gazie i na Zachodnim\u00a0 Brzegu?<\/span><\/p>\n<p style=\"text-align: left;\">\n<span style=\"color: #000080;\">Hausdorff odpowiedzia\u0142a, \u017ce to w ostateczno\u015bci zale\u017cy od mi\u0119dzynarodowej spo\u0142eczno\u015bci, czy b\u0119dzie w dalszym ci\u0105gu wspiera\u0142a ekstremizm. Wyja\u015bni\u0142a, \u017ce zar\u00f3wno Hamas, jak i Islamski D\u017cihad, a tak\u017ce rzekomo umiarkowany Fatah, indoktrynuj\u0105 m\u0142odzie\u017c do terroru i nagradzaj\u0105 terror. Jak d\u0142ugo nie podejmuje si\u0119 tego problemu, jak d\u0142ugo jest na to przyzwolenie Zachodu, widzimy utrwalanie konfliktu. Hausdorff zaznaczy\u0142a, \u017ce nie jest na tym polu optymistk\u0105. Powiedzia\u0142a, \u017ce je\u017adzi po \u015bwiecie, rozmawia z lud\u017ami i przekonuje, \u017ce konieczne jest zako\u0144czenie finansowania UNRWA, kt\u00f3ra jest g\u0142\u00f3wnym\u2026,<\/span><\/p>\n<p style=\"text-align: left;\">\n<span style=\"color: #000080;\">Tu prowadz\u0105ca przes\u0142uchanie gwa\u0142townie przerwa\u0142a m\u00f3wi\u0105c z matczyn\u0105 trosk\u0105, \u017ce gdyby by\u0142a palesty\u0144sk\u0105 matk\u0105 w Gazie czy na Zachodnim Brzegu, \u00a0to gdzie mia\u0142aby szuka\u0107 przysz\u0142o\u015bci? Czy to wszystko zale\u017cy od tego, czy Zach\u00f3d\u00a0 rozwija ekstremizm, i pomaga Hamasowi?<\/span><\/p>\n<p style=\"text-align: left;\">\n<span style=\"color: #000080;\">Natasha Hausdorff odpowiada, i\u017c s\u0105dzi, \u017ce przysz\u0142o\u015b\u0107 Palesty\u0144czyk\u00f3w zale\u017cy od tego, czy Hamas zostanie pokonany, co jest g\u0142\u00f3wnym celem izraelskiej armii.<\/span><\/p>\n<p style=\"text-align: left;\">\n<span style=\"color: #000080;\">&#8211; Czyli jeste\u015b przekonana, \u017ce Izrael zdo\u0142a, \u017ce Izrael pokona Iran i ira\u0144skich najemnik\u00f3w. Czyli mamy pytanie, co stanie si\u0119 p\u00f3\u017aniej, jak b\u0119dzie wygl\u0105da\u0142 pok\u00f3j dla Palesty\u0144czyk\u00f3w na Zachodnim Brzegu i w Gazie?\u00a0<\/span><\/p>\n<p style=\"text-align: left;\">\n<span style=\"color: #000080;\">Hausdorff pr\u00f3buje u\u015bwiadomi\u0107, \u017ce nie powiedzia\u0142a, i\u017c Izrael z \u0142atwo\u015bci\u0105 pokona ira\u0144skie zagro\u017cenie, w szczeg\u00f3lno\u015bci, kiedy patrzy si\u0119 na mi\u0119dzynarodowe wysi\u0142ki ug\u0142askiwania i odwracania oczu.<\/span><\/p>\n<p style=\"text-align: left;\">\n<span style=\"color: #000080;\">Prowadz\u0105ca prosi, \u017ceby unika\u0107 takich s\u0142\u00f3w, \u017ceby raczej porozmawia\u0107 o przysz\u0142o\u015bci. Jaka jest pozytywna przysz\u0142o\u015b\u0107 dla palesty\u0144skiej matki w Gazie? Co najlepszego mog\u0142oby j\u0105 czeka\u0107?<\/span><\/p>\n<p style=\"text-align: left;\">\n<span style=\"color: #000080;\">Opanowana Natasha Hausdorff odpowiada, \u017ce najlepsz\u0105 rzecz\u0105 by\u0142oby zako\u0144czenie indoktrynacji i nagradzania terroru, danie zwyk\u0142ym Palesty\u0144czykom szansy.<\/span><\/p>\n<p style=\"text-align: left;\">\n<span style=\"color: #000080;\">&#8211; Jak ta szansa ma wygl\u0105da\u0107?<\/span><\/p>\n<p style=\"text-align: left;\">\n<span style=\"color: #000080;\">&#8211; Przez usuni\u0119cie ludob\u00f3jczego re\u017cimu w Gazie i prze\u017cartej korupcj\u0105 w\u0142adzy w Autonomii Palesty\u0144skiej.<\/span><\/p>\n<p style=\"text-align: left;\">\n<span style=\"color: #000080;\">Min\u0119\u0142o dopiero sze\u015b\u0107 minut z trwaj\u0105cego prawie 50 minut przes\u0142uchania.\u00a0\u00a0\u00a0\u00a0\u00a0\u00a0\u00a0<\/span><\/p>\n<p style=\"text-align: left;\">\n<span style=\"color: #000080;\">Widzimy tu ca\u0142kowit\u0105 niemo\u017cno\u015b\u0107 komunikacji, r\u00f3\u017cne rozumienie poj\u0119\u0107, odmienny obraz \u015bwiata, odmow\u0119 zrozumienia losu nie\u00a0 tylko Izraelczyk\u00f3w, ale i Palesty\u0144czyk\u00f3w. Pytanie polityczki Partii Pracy, czy zna Kart\u0119 Hamasu, czy zna kazania w meczetach Gazy, czy widzia\u0142a palesty\u0144skie matki marz\u0105ce o tym, \u017ceby ich synowie zostali m\u0119czennikami, czyli \u017ceby zgin\u0119li zabijaj\u0105c \u017byd\u00f3w, czy wie ile rakiet wystrzelono na izraelsk\u0105 ludno\u015b\u0107 \u00a0cywiln\u0105 z Gazy i Libanu i ile z tych rakiet spad\u0142o na tereny palesty\u0144skie i liba\u0144skie, czy wie co\u015b o palesty\u0144skich dysydentach, albo czy zna los tych Palesty\u0144czyk\u00f3w, kt\u00f3rzy g\u0142o\u015bno m\u00f3wili o pokoju z Izraelem, nie tylko nie pad\u0142o, mog\u0142oby wywo\u0142a\u0107 oburzenie.<\/span><\/p>\n<p style=\"text-align: left;\">\n<span style=\"color: #000080;\">Czy powinni\u015bmy podejrzewa\u0107 brytyjsk\u0105 polityczk\u0119 o sentymentaln\u0105 ignorancj\u0119, czy raczej o nienawi\u015b\u0107 do \u017byd\u00f3w i \u015bwiadome poparcie dla ludob\u00f3jczej ideologii?<\/span><\/p>\n<p style=\"text-align: left;\">\n<span style=\"color: #000080;\">To nie s\u0105 pytania, na kt\u00f3re mo\u017cemy znale\u017a\u0107 odpowied\u017a wy\u0142\u0105cznie na podstawie obserwacji zachowa\u0144 tej polityczki podczas tych przes\u0142ucha\u0144. \u00a0\u00a0\u00a0\u00a0\u00a0\u00a0\u00a0\u00a0\u00a0<\/span><\/p>\n<p style=\"text-align: left;\">\n<span style=\"color: #000080;\">Natasha Hausdorff nie u\u015bwiadomi\u0142a kole\u017cance prawniczce, \u017ce studia prawnicze nie daj\u0105 kwalifikacji wr\u00f3\u017cki, najwyra\u017aniej uzna\u0142a, \u017ce nie powinna na tym forum wyja\u015bnia\u0107, \u017ce Palesty\u0144czycy demokratycznie wybrali ludzi, kt\u00f3rzy dumnie deklaruj\u0105, i\u017c ich intencj\u0105 jest zabicie wszystkich \u017byd\u00f3w do ostatniego, \u017ce dotyczy to nie tylko Hamasu i Fatahu, ale Iranu, Libanu, Turcji, Kataru i kilku innych miejsc na \u015bwiecie. Nie powiedzia\u0142a r\u00f3wnie\u017c, \u017ce s\u0142owa \u201enigdy wi\u0119cej\u201d mog\u0105 znaczy\u0107 co innego dla \u017byd\u00f3w i europejskich goj\u00f3w. Ci pierwsi m\u00f3wi\u0105c \u201enigdy wi\u0119cej\u201d rozumiej\u0105 przez to, \u017ce nigdy wi\u0119cej nie b\u0119d\u0105 czeka\u0107 bezbronni, licz\u0105c na to, \u017ce mo\u017ce mordercy zrezygnuj\u0105 ze swoich zamiar\u00f3w. Ci drudzy zapewniaj\u0105, \u017ce nigdy wi\u0119cej nie b\u0119d\u0105 sami mordowa\u0107 \u017byd\u00f3w, \u017ce lepiej zleci\u0107 to innym.<\/span><\/p>\n<p style=\"text-align: left;\">\n<span style=\"color: #000080;\">Po zako\u0144czeniu drugiej wojny \u015bwiatowej pierwsi zastosowali t\u0119 formu\u0142\u0119 Brytyjczycy zbroj\u0105c, szkol\u0105c i dostarczaj\u0105c kadr\u0119 oficersk\u0105 Legionowi Arabskiemu, (czyli armii Transjordanii), z pe\u0142n\u0105 \u015bwiadomo\u015bci\u0105, \u017ce nie b\u0119dzie to armia obronna. Potem Zwi\u0105zek Radziecki zbroi\u0142 i szkoli\u0142 armie Egiptu i Syrii z pe\u0142n\u0105 \u015bwiadomo\u015bci\u0105, \u017ce b\u0119d\u0105 u\u017cyte do realizacji\u00a0 plan\u00f3w eksterminacji narodu \u017cydowskiego, potem wymy\u015blono Organizacj\u0119 Wyzwolenia Palestyny, finansowan\u0105 przez ca\u0142y radziecki i demokratyczny \u015bwiat w wiadomych celach. Zachodnie gojowskie \u201enigdy wi\u0119cej\u201d nie ma nic wsp\u00f3lnego z \u017cydowskim \u201enigdy wi\u0119cej\u201d.<\/span><\/p>\n<p style=\"text-align: left;\">\n<span style=\"color: #000080;\">Wr\u00f3\u0107my jednak do przes\u0142uchania Natashy Hausdorff przez brytyjsk\u0105 komisj\u0119. Emily Anne Thornberry pr\u00f3bowa\u0142a nieudolnie ukry\u0107 swoje rozumienie \u201enigdy wi\u0119cej\u201d za emocjonalnym imperializmem, za wsp\u00f3\u0142czuciem dla \u201egaza\u0144skiej matki\u201d, kt\u00f3rej Izraelczycy nie daj\u0105 szansy.<\/span><\/p>\n<p style=\"text-align: left;\">\n<span style=\"color: #000080;\">Podczas tego przes\u0142uchania pierwsze pytanie do eksperta prawa mi\u0119dzynarodowego o kwestie prawne zada\u0142 cz\u0142onek komisji z ramienia partii konserwatywnej John Whittingdale, zapyta\u0142 o prawne podstawy izraelskich osiedli na Zachodnim Brzegu. Jego problem polega\u0142 na tym, \u017ce \u201eca\u0142y \u015bwiat\u201d uwa\u017ca izraelskie osiedla za nielegalne, natomiast Hausdorff wielokrotnie m\u00f3wi\u0142a i pisa\u0142a, \u017ce s\u0105 ca\u0142kowicie legalne. Moim skromnym zdaniem, jej odpowied\u017a by\u0142a nazbyt skomplikowana dla tej publiczno\u015bci. Hausdorff odwo\u0142a\u0142a si\u0119 do zasady\u00a0<em>u<\/em><em>ti possidetis juris<\/em>, do postanowie\u0144 Porozumie\u0144 z Oslo, do konwencji odmiennie stosowanych w stosunku do Izraela i innych pa\u0144stw, do odr\u0119bnego zdania s\u0119dzi MTS Julii Sebutinde. Ciekawe, \u017ce nie dotkn\u0119\u0142a do\u015b\u0107 istotnej sprawy, ca\u0142kowitego pomijania osadnictwa na Zachodnim Brzegu obywateli izraelskich pochodzenia arabskiego, co nigdy nie wywo\u0142a\u0142o \u017cadnych oskar\u017ce\u0144 o nielegalno\u015b\u0107. Zarzut nielegalno\u015bci \u017cydowskich osiedli ma czysto rasowe pod\u0142o\u017ce i to akurat Hausdorff podkre\u015bli\u0142a, \u017ce d\u0105\u017ceniem Autonomii Palesty\u0144skiej jest\u00a0<em>Judenrein\u00a0<\/em>Palestyna od rzeki do morza.\u00a0<\/span><\/p>\n<p style=\"text-align: left;\">\n<span style=\"color: #000080;\">To przes\u0142uchanie, podobnie jak przes\u0142uchanie \u00a0Jonathana Sacerdotiego przed t\u0105 sam\u0105 komisj\u0105 pokazuje ponad wszelk\u0105 w\u0105tpliwo\u015b\u0107, \u017ce umys\u0142y cz\u0142onk\u00f3w tej komisji parlamentarnej (podobnie jak umys\u0142y wielu innych gron uczonych ludzi) zdominowa\u0142a \u201ewojna Izraela z Palesty\u0144czykami\u201d, pokaza\u0142o r\u00f3wnie\u017c, jak bardzo nieistotne jest \u0142amanie prawa mi\u0119dzynarodowego przez \u201ePalesty\u0144czyk\u00f3w\u201d, \u0142amanie praw cz\u0142owieka Palesty\u0144czyk\u00f3w przez Palesty\u0144czyk\u00f3w, religijny charakter wojny islamu z \u017bydami, a w ko\u0144cu, u\u015bwiadomione lub nie, w\u0142asne, zdumiewaj\u0105co silne poparcie ideologii zakorzenionej w najmroczniejszych europejskich tradycjach.<\/span><\/p>\n<\/div>\n<hr style=\"height: 15px; background: #d0e6fa; width: 100%;\" \/>\n<div id=\"content\" class=\"content-alignment\">\n<div id=\"watch-description\" class=\"yt-uix-button-panel\">\n<div id=\"watch-description-text\" style=\"text-align: center;\">\n<p><em>Zawarto\u015b\u0107 publikowanych artyku\u0142\u00f3w i materia\u0142\u00f3w nie reprezentuje pogl\u0105d\u00f3w ani opinii Reunion&#8217;68,<\/em><em><br \/>\nani te\u017c webmastera Blogu Reunion&#8217;68, chyba ze jest to wyra\u017anie zaznaczone.<br \/>\nTwoje uwagi, linki, w\u0142asne artyku\u0142y lub wiadomo\u015bci prze\u015blij na adres:<br \/>\n<\/em><span style=\"color: #000080;\"><strong><em><a style=\"color: #000080;\" href=\"mailto:webmaster@reunion68.com\"><span style=\"text-decoration: underline;\">webmaster@reunion68.com<\/span><\/a><\/em><\/strong><\/span><\/p>\n<\/div>\n<\/div>\n<\/div>\n<hr style=\"width: 100%;\" \/>\n","protected":false},"excerpt":{"rendered":"<p>Przewodnicz\u0105ca brytyjskiej Komisji Spraw Zagranicznych Izby Gmin Emily Anne Thornberry. (Zrzut z ekranu) Wojna Izraela z Hamasem? Andrzej Koraszewski Nie ma wojny Ukrainy z Rosj\u0105 i nie ma wojny Izraela z Hamasem. Jest wojna Rosji z Ukrain\u0105 i islamu z \u017bydami na Bliskim Wschodzie. Czy to wa\u017cne jak rozumiemy konflikty zbrojne? W Wikipedii has\u0142o \u201eWojna [&hellip;]<\/p>\n","protected":false},"author":1,"featured_media":0,"comment_status":"closed","ping_status":"closed","sticky":false,"template":"","format":"standard","meta":[],"categories":[6],"tags":[26,24],"_links":{"self":[{"href":"https:\/\/www.reunion68.se\/index.php?rest_route=\/wp\/v2\/posts\/120752"}],"collection":[{"href":"https:\/\/www.reunion68.se\/index.php?rest_route=\/wp\/v2\/posts"}],"about":[{"href":"https:\/\/www.reunion68.se\/index.php?rest_route=\/wp\/v2\/types\/post"}],"author":[{"embeddable":true,"href":"https:\/\/www.reunion68.se\/index.php?rest_route=\/wp\/v2\/users\/1"}],"replies":[{"embeddable":true,"href":"https:\/\/www.reunion68.se\/index.php?rest_route=%2Fwp%2Fv2%2Fcomments&post=120752"}],"version-history":[{"count":4,"href":"https:\/\/www.reunion68.se\/index.php?rest_route=\/wp\/v2\/posts\/120752\/revisions"}],"predecessor-version":[{"id":120760,"href":"https:\/\/www.reunion68.se\/index.php?rest_route=\/wp\/v2\/posts\/120752\/revisions\/120760"}],"wp:attachment":[{"href":"https:\/\/www.reunion68.se\/index.php?rest_route=%2Fwp%2Fv2%2Fmedia&parent=120752"}],"wp:term":[{"taxonomy":"category","embeddable":true,"href":"https:\/\/www.reunion68.se\/index.php?rest_route=%2Fwp%2Fv2%2Fcategories&post=120752"},{"taxonomy":"post_tag","embeddable":true,"href":"https:\/\/www.reunion68.se\/index.php?rest_route=%2Fwp%2Fv2%2Ftags&post=120752"}],"curies":[{"name":"wp","href":"https:\/\/api.w.org\/{rel}","templated":true}]}}