{"id":120772,"date":"2025-04-28T17:00:03","date_gmt":"2025-04-28T15:00:03","guid":{"rendered":"http:\/\/www.reunion68.se\/?p=120772"},"modified":"2025-04-28T09:37:35","modified_gmt":"2025-04-28T07:37:35","slug":"28-00-106","status":"publish","type":"post","link":"https:\/\/www.reunion68.se\/?p=120772","title":{"rendered":"Mi\u0119dzynarodowy Trybuna\u0142 Karny zmienia decyzj\u0119 ws. Beniamina Netanjahu"},"content":{"rendered":"<h5 style=\"text-align: center;\"><a href=\"https:\/\/www.rp.pl\/\" target=\"_blank\" rel=\"noopener noreferrer\"><img decoding=\"async\" class=\"center alignleft\" src=\"https:\/\/statics.rp.pl\/img\/Rz_logo_big_txt_v1.svg?aver=efefd0d6\" alt=\"\" width=\"35%\" \/><\/a><span style=\"text-decoration: underline; color: #000080;\"><strong><a style=\"color: #000080; text-decoration: underline;\" href=\"https:\/\/www.rp.pl\/prawo-na-swiecie\/art42178451-miedzynarodowy-trybunal-karny-zmienia-decyzje-ws-beniamina-netanjahu?fbclid=IwY2xjawJ8DN5leHRuA2FlbQIxMABicmlkETBFYXpRZFdiYldFZ2YybnhiAR7-AmCbUAHcBULJCENmc7iAAJMGDkX9L_y5b-dBHSBGnexXXCaI4pgPUPDeBw_aem_8zxhhsTL_3XU5oexuPruUg\" target=\"_blank\" rel=\"noopener noreferrer\">Mi\u0119dzynarodowy Trybuna\u0142 Karny zmienia decyzj\u0119 ws. Beniamina Netanjahu<\/a><\/strong><\/span><\/h5>\n<p style=\"text-align: center;\"><strong><span style=\"color: #000000;\">mat<\/span><\/strong><\/p>\n<hr style=\"height: 15px; background: #d0e6fa; width: 100%;\" \/>\n<h4 style=\"text-align: center;\"><strong>Izba Apelacyjna Mi\u0119dzynarodowego Trybuna\u0142u Karnego w Hadze uchyli\u0142a decyzj\u0119 ni\u017cszej instancji z listopada 2024 roku, dotycz\u0105c\u0105 nakazu aresztowania premiera Izraela, Beniamina Netanjahu i by\u0142ego ju\u017c ministra obrony Jo&#8217;awa Gallanta.<\/strong><\/h4>\n<p style=\"text-align: center;\"><img decoding=\"async\" class=\"aligncenter\" src=\"https:\/\/i.gremicdn.pl\/image\/free\/ae513c06ca9bf5c9be640d93aa109e3e\/?t=crop:2616:1622:nowe:0:19,resize:fill:948:593,enlarge:1\" width=\"100%\" \/><span style=\"color: #808080;\"><em>Premier Izraela Benjamin Netanjahu \/ Foto: PAP\/DPA<\/em><\/span><\/p>\n<p style=\"text-align: left;\"><span style=\"color: #000080;\">Jak poinformowa\u0142 w czwartek izraelski dziennik \u201eJerusalem Post\u201d, Izba Apelacyjna Mi\u0119dzynarodowego Trybuna\u0142u Karnego w Hadze uzna\u0142a, \u017ce nale\u017cy w pe\u0142ni rozpatrzy\u0107 zastrze\u017cenia Izraela dotycz\u0105ce jurysdykcji Trybuna\u0142u.<\/span><\/p>\n<p id=\"block-id-DVpOu91qm6\" class=\"articleBodyBlock article--paragraph\" style=\"text-align: left;\"><span style=\"color: #000080;\">Wcze\u015bniej Izba Przygotowawcza MTK uzna\u0142a, \u017ce nakazy aresztowania Beniamina Netanjahu i Jo&#8217;awa Galanta nabieraj\u0105 mocy, mimo \u017ce sprawa wniosk\u00f3w strony izraelskiej dotycz\u0105cych jurysdykcji nie zosta\u0142a w pe\u0142ni rozpatrzona, poniewa\u017c kwestia ta mo\u017ce zosta\u0107 rozstrzygni\u0119ta p\u00f3\u017aniej. Tymczasem Izba Apelacyjna MTK stwierdzi\u0142a, \u017ce pozostawienie wniosk\u00f3w do p\u00f3\u017aniejszego rozpatrzenia by\u0142o niezgodne z prawem.<\/span><\/p>\n<p id=\"block-id-Li9cKN_YjS\" class=\"articleBodyBlock article--paragraph\" style=\"text-align: left;\"><span style=\"color: #000080;\">Jak zauwa\u017ca dziennik, w praktyce taka decyzja oznacza to, \u017ce sprawa pozostaje &#8220;zamro\u017cona&#8221; do czasu, kiedy MTK zako\u0144czy kolejne przes\u0142uchania stron, co mo\u017ce potrwa\u0107 kilka miesi\u0119cy lub d\u0142u\u017cej. \u201eJerusalem Post\u201d zwraca r\u00f3wnie\u017c uwag\u0119, \u017ce cho\u0107 nakazy aresztowania Netanjahu i Gallanta technicznie nie zosta\u0142y zamro\u017cone, ale bior\u0105c pod uwag\u0119, \u017ce s\u0105d ni\u017cszej instancji mo\u017ce zdecydowa\u0107 o ich anulowaniu po wys\u0142uchaniu pe\u0142nych zarzut\u00f3w jurysdykcyjnych Izraela, wiele kraj\u00f3w b\u0119d\u0105cych cz\u0142onkami MTK mo\u017ce teraz ignorowa\u0107 nakazy aresztowania do czasu wydania ostatecznego orzeczenia w tej sprawie.<\/span><\/p>\n<h4 id=\"block-id-_gE8_5dvM0\" class=\"articleBodyBlock article--header\"><strong>Dlaczego wydano nakazy aresztowania Beniamina Netanjahu i Jo&#8217;awa Gallanta<\/strong><\/h4>\n<p id=\"block-id-22LOBheM9s\" class=\"articleBodyBlock article--paragraph\" style=\"text-align: left;\"><span style=\"color: #000080;\">Przypomnijmy, i\u017c w listopadzie ubieg\u0142ego roku\u00a0<a style=\"color: #000080;\" href=\"https:\/\/www.rp.pl\/polityka\/art41481201-miedzynarodowy-trybunal-karny-wydal-nakaz-aresztowania-beniamina-netanjahu-wideo\" target=\"_blank\" rel=\"follow noopener noreferrer\" data-mrf-link=\"https:\/\/www.rp.pl\/polityka\/art41481201-miedzynarodowy-trybunal-karny-wydal-nakaz-aresztowania-beniamina-netanjahu-wideo\">Izba Przygotowawcza Mi\u0119dzynarodowego Trybuna\u0142u Karnego wyda\u0142a nakaz aresztowania premiera Izraela, Beniamina Netanjahu i by\u0142ego ju\u017c ministra obrony Jo&#8217;awa Gallanta<\/a>. S\u0105 one zwi\u0105zane z zarzutami o zbrodnie przeciw ludzko\u015bci i zbrodnie wojenne pope\u0142nione od co najmniej 8 pa\u017adziernika 2023 roku do co najmniej 20 maja 2024 roku \u2013 czyli w trakcie operacji odwetowej prowadzonej w\u00a0<a style=\"color: #000080;\" href=\"https:\/\/historia.rp.pl\/historia-swiata\/art41640111-strefa-gazy-ofiara-mocarstw-czy-ojczyzna-terroryzmu\" data-mrf-link=\"https:\/\/historia.rp.pl\/historia-swiata\/art41640111-strefa-gazy-ofiara-mocarstw-czy-ojczyzna-terroryzmu\">Strefie Gazy<\/a>\u00a0po ataku Hamasu na Izrael.<\/span><\/p>\n<p id=\"block-id-sin9CCFzQv\" class=\"articleBodyBlock article--paragraph\" style=\"text-align: left;\"><span style=\"color: #000080;\">Netanjahu i Gallant s\u0105 podejrzani, jako wsp\u00f3\u0142sprawcy, o zbrodnie wojenne takie jak: u\u017cycie g\u0142odu jako metody prowadzenia dzia\u0142a\u0144 wojennych oraz zbrodnie przeciw ludzko\u015bci polegaj\u0105ce na mordach i prze\u015bladowaniach. S\u0105 podejrzani tak\u017ce o odpowiedzialno\u015b\u0107 karn\u0105, jako cywilni zwierzchnicy si\u0142 zbrojnych, za zbrodni\u0119 wojenn\u0105 polegaj\u0105c\u0105 na celowym atakowaniu cywil\u00f3w.<\/span><\/p>\n<p id=\"block-id-A71kA9SqFZ\" class=\"articleBodyBlock article--paragraph\" style=\"text-align: left;\"><span style=\"color: #000080;\">7 pa\u017adziernika 2023 roku Hamas dokona\u0142 niesprowokowanego ataku na Izrael, w reakcji na kt\u00f3ry Izrael rozpocz\u0105\u0142 operacj\u0119 odwetow\u0105 w Strefie Gazy. 1 pa\u017adziernika 2024\u00a0dzia\u0142ania Izraela przeciwko Hamasowi rozszerzy\u0142y si\u0119 na Liban, gdzie Izrael rozpocz\u0105\u0142 operacj\u0119 l\u0105dow\u0105 przeciwko Hezbollahowi. W ataku Hamasu na Izrael zgin\u0119\u0142o ok. 1 200 os\u00f3b, a ok. 250 zosta\u0142o uprowadzonych do Izraela w roli zak\u0142adnik\u00f3w. W operacji odwetowej Izraela zgin\u0119\u0142o ponad 40 tys. os\u00f3b.<\/span><\/p>\n<hr style=\"height: 15px; background: #d0e6fa; width: 100%;\" \/>\n<div id=\"content\" class=\"content-alignment\">\n<div id=\"watch-description\" class=\"yt-uix-button-panel\">\n<div id=\"watch-description-text\" style=\"text-align: center;\">\n<p><em>Zawarto\u015b\u0107 publikowanych artyku\u0142\u00f3w i materia\u0142\u00f3w nie reprezentuje pogl\u0105d\u00f3w ani opinii Reunion&#8217;68,<\/em><em><br \/>\nani te\u017c webmastera Blogu Reunion&#8217;68, chyba ze jest to wyra\u017anie zaznaczone.<br \/>\nTwoje uwagi, linki, w\u0142asne artyku\u0142y lub wiadomo\u015bci prze\u015blij na adres:<br \/>\n<\/em><span style=\"color: #000080;\"><strong><em><a style=\"color: #000080;\" href=\"mailto:webmaster@reunion68.com\"><span style=\"text-decoration: underline;\">webmaster@reunion68.com<\/span><\/a><\/em><\/strong><\/span><\/p>\n<\/div>\n<\/div>\n<\/div>\n<hr style=\"width: 100%;\" \/>\n","protected":false},"excerpt":{"rendered":"<p>Mi\u0119dzynarodowy Trybuna\u0142 Karny zmienia decyzj\u0119 ws. Beniamina Netanjahu mat Izba Apelacyjna Mi\u0119dzynarodowego Trybuna\u0142u Karnego w Hadze uchyli\u0142a decyzj\u0119 ni\u017cszej instancji z listopada 2024 roku, dotycz\u0105c\u0105 nakazu aresztowania premiera Izraela, Beniamina Netanjahu i by\u0142ego ju\u017c ministra obrony Jo&#8217;awa Gallanta. Premier Izraela Benjamin Netanjahu \/ Foto: PAP\/DPA Jak poinformowa\u0142 w czwartek izraelski dziennik \u201eJerusalem Post\u201d, Izba Apelacyjna [&hellip;]<\/p>\n","protected":false},"author":1,"featured_media":0,"comment_status":"closed","ping_status":"closed","sticky":false,"template":"","format":"standard","meta":[],"categories":[6],"tags":[26,24],"_links":{"self":[{"href":"https:\/\/www.reunion68.se\/index.php?rest_route=\/wp\/v2\/posts\/120772"}],"collection":[{"href":"https:\/\/www.reunion68.se\/index.php?rest_route=\/wp\/v2\/posts"}],"about":[{"href":"https:\/\/www.reunion68.se\/index.php?rest_route=\/wp\/v2\/types\/post"}],"author":[{"embeddable":true,"href":"https:\/\/www.reunion68.se\/index.php?rest_route=\/wp\/v2\/users\/1"}],"replies":[{"embeddable":true,"href":"https:\/\/www.reunion68.se\/index.php?rest_route=%2Fwp%2Fv2%2Fcomments&post=120772"}],"version-history":[{"count":11,"href":"https:\/\/www.reunion68.se\/index.php?rest_route=\/wp\/v2\/posts\/120772\/revisions"}],"predecessor-version":[{"id":120795,"href":"https:\/\/www.reunion68.se\/index.php?rest_route=\/wp\/v2\/posts\/120772\/revisions\/120795"}],"wp:attachment":[{"href":"https:\/\/www.reunion68.se\/index.php?rest_route=%2Fwp%2Fv2%2Fmedia&parent=120772"}],"wp:term":[{"taxonomy":"category","embeddable":true,"href":"https:\/\/www.reunion68.se\/index.php?rest_route=%2Fwp%2Fv2%2Fcategories&post=120772"},{"taxonomy":"post_tag","embeddable":true,"href":"https:\/\/www.reunion68.se\/index.php?rest_route=%2Fwp%2Fv2%2Ftags&post=120772"}],"curies":[{"name":"wp","href":"https:\/\/api.w.org\/{rel}","templated":true}]}}