{"id":12078,"date":"2015-01-06T19:02:13","date_gmt":"2015-01-06T17:02:13","guid":{"rendered":"http:\/\/www.reunion68.se\/?p=12078"},"modified":"2015-01-06T13:51:39","modified_gmt":"2015-01-06T11:51:39","slug":"12078","status":"publish","type":"post","link":"https:\/\/www.reunion68.se\/?p=12078","title":{"rendered":"Upami\u0119tnienie polskich Sprawiedliwych. 130 prac w konkursie"},"content":{"rendered":"<h5 style=\"text-align: center;\"><a href=\"http:\/\/www.polskieradio.pl\/\" target=\"_blank\"><img decoding=\"async\" class=\"center alignleft\" src=\"http:\/\/www.reunion68.com\/Biuletyn\/img\/p-radio.png\" alt=\"\" \/><\/a><span style=\"text-decoration: underline; color: #000080;\"><span style=\"text-decoration: underline;\"><strong><a style=\"color: #000080; text-decoration: underline;\" href=\"http:\/\/www.polskieradio.pl\/5\/3\/Artykul\/1343732,Upamietnienie-polskich-Sprawiedliwych-130-prac-w-konkursie\" target=\"_blank\">Upami\u0119tnienie polskich Sprawiedliwych. 130 prac w konkursie<\/a><\/strong><\/span><\/span><\/h5>\n<p style=\"text-align: center;\"><span style=\"color: #808080;\"><strong><img decoding=\"async\" src=\"http:\/\/www.polskieradio.pl\/style_v1109\/img\/ico-pap.jpg\" alt=\"\" \/><\/strong><\/span><\/p>\n<hr style=\"height: 15px; background: #d0e6fa; width: 710px;\" \/>\n<div style=\"width: 360px\" class=\"wp-caption alignright\"><img decoding=\"async\" src=\"http:\/\/static.polskieradio.pl\/images\/91dd589c-a81b-4ae9-bbe4-4d93123e8ff2.jpg\" alt=\"Pomnik w Markowej po\u015bwi\u0119cony ofiarom zbrodni dokonanej w 1944 roku\" width=\"350\" \/><p class=\"wp-caption-text\"><span style=\"color: #000080;\"><em>Pomnik w Markowej po\u015bwi\u0119cony ofiarom zbrodni dokonanej w 1944 roku<\/em><\/span><\/p><\/div>\n<p style=\"text-align: left;\"><span style=\"color: #333333;\"><strong>W mi\u0119dzynarodowym konkursie na upami\u0119tnienie Polak\u00f3w ratuj\u0105cych \u017byd\u00f3w podczas okupacji niemieckiej jury oceni 130 prac. Nowe miejsce pami\u0119ci o polskich Sprawiedliwych ma by\u0107 ods\u0142oni\u0119te jesieni\u0105 2015 r. w pobli\u017cu Muzeum Historii \u017byd\u00f3w Polskich w Warszawie.<\/strong><\/span><\/p>\n<p style=\"text-align: left;\"><span style=\"color: #000080;\">&#8211; Na konkurs, ku naszej rado\u015bci, wp\u0142yn\u0119\u0142o 130 prac. Jury b\u0119dzie mia\u0142o trudne zadanie &#8211; powiedzia\u0142a Karolina Szykier-Koszucka, dyrektor Fundacji Pami\u0119\u0107 i Przysz\u0142o\u015b\u0107, kt\u00f3ra odpowiada za powstanie nowego miejsca pami\u0119ci. Upami\u0119tnienie polskich Sprawiedliwych &#8211; jak przypomnia\u0142a &#8211; b\u0119dzie wyrazem ho\u0142du dla tych, kt\u00f3rzy nie ugi\u0119li si\u0119 przed z\u0142em i ryzykuj\u0105c \u017cycie pomagali swoim \u017cydowskim s\u0105siadom.<\/span><\/p>\n<p style=\"text-align: left;\"><span style=\"color: #000080;\">ZOBACZ SERWIS POLSKIEGO RADIA II WOJNA \u015aWIATOWA<\/span><\/p>\n<p style=\"text-align: left;\"><span style=\"color: #000080;\">Nowe miejsce pami\u0119ci nie musi mie\u0107 formy tradycyjnego pomnika, a sam konkurs ma by\u0107 tak\u017ce otwart\u0105 dyskusj\u0105 artystyczn\u0105 nad form\u0105 upami\u0119tnienia w otoczeniu Muzeum Historii \u017byd\u00f3w Polskich. &#8211; Nie mog\u0119 zdradzi\u0107 szczeg\u00f3\u0142\u00f3w, ale prace, kt\u00f3re otrzymali\u015bmy maj\u0105 bardzo r\u00f3\u017cnorodny charakter &#8211; s\u0105 prace rze\u017abiarskie, tak\u017ce r\u00f3\u017cne konstrukcje przestrzenne &#8211; m\u00f3wi\u0142a Szykier-Koszucka. Upami\u0119tnienie mo\u017ce by\u0107 wykonane z wszelkiego dost\u0119pnego tworzywa i za pomoc\u0105 dowolnych \u015brodk\u00f3w artystycznych.<\/span><\/p>\n<p style=\"text-align: left;\"><span style=\"color: #000080;\">\u201eWdzi\u0119czno\u015b\u0107 ocalonych\u201d<\/span><\/p>\n<p style=\"text-align: left;\"><span style=\"color: #000080;\">Prace konkursowe oceni teraz mi\u0119dzynarodowe jury pod przewodnictwem historyka sztuki Milady \u015alizi\u0144skiej (przewidziana jest tak\u017ce wystawa pokonkursowa 25 najlepszych projekt\u00f3w). W lutym br. w kolejnej fazie konkursu jury wy\u0142oni pi\u0119\u0107 najciekawszych wizji artystycznych, a nast\u0119pnie ich autorzy b\u0119d\u0105 musieli przygotowa\u0107 ju\u017c realne projekty koncepcyjne. S\u0105d konkursowy ma wybra\u0107 projekt, kt\u00f3rego &#8220;realizacja nie tylko w najw\u0142a\u015bciwszy spos\u00f3b wyrazi wdzi\u0119czno\u015b\u0107 ocalonych, lecz tak\u017ce b\u0119dzie atrakcyjn\u0105 pr\u00f3b\u0105 o\u017cywienia i integracji tej wyj\u0105tkowej przestrzeni publicznej&#8221;.<\/span><\/p>\n<p style=\"text-align: left;\"><span style=\"color: #000080;\">Wnioski o dopuszczenie do udzia\u0142u w konkursie pochodzi\u0142y z wielu kraj\u00f3w. &#8211; Mniej wi\u0119cej 1\/3 z ok. 200 wniosk\u00f3w o dopuszczenie do udzia\u0142u w konkursie pochodzi\u0142a od projektant\u00f3w i artyst\u00f3w spoza granic Polski, m.in. z Izraela, Stan\u00f3w Zjednoczonych, Chin, a tak\u017ce z kraj\u00f3w europejskich jak np. Niemcy, Austria, W\u0142ochy czy Hiszpania &#8211; poinformowa\u0142a Szykier-Koszucka. Rozstrzygni\u0119cie konkursu nast\u0105pi w kwietniu 2015 r.<\/span><\/p>\n<p style=\"text-align: left;\"><span style=\"color: #000080;\">Finansowane przez \u017cydowsk\u0105 diaspor\u0119<\/span><\/p>\n<p style=\"text-align: left;\"><span style=\"color: #000080;\">Inicjatorem upami\u0119tnienia jest przedsi\u0119biorca i filantrop z USA Zygmunt Rolat, od wielu lat dzia\u0142aj\u0105cy na rzecz dialogu polsko-\u017cydowskiego. Upami\u0119tnienie Polak\u00f3w ratuj\u0105cych \u017byd\u00f3w zostanie w ca\u0142o\u015bci sfinansowane z funduszy zebranych w\u015br\u00f3d diaspory \u017cydowskiej i w Izraelu. Koszt inwestycji wynosi ok. 800 tys. dolar\u00f3w.<\/span><\/p>\n<p style=\"text-align: left;\"><span style=\"color: #000080;\">W opublikowanych warunkach konkursu przeczyta\u0107 mo\u017cna, \u017ce: &#8220;Jury poszukiwa\u0107 b\u0119dzie projektu, kt\u00f3ry w najw\u0142a\u015bciwszy spos\u00f3b upami\u0119tni zas\u0142u\u017conych Polak\u00f3w, a r\u00f3wnocze\u015bnie b\u0119dzie pr\u00f3b\u0105 integracji i o\u017cywienia przestrzeni publicznej placu wok\u00f3\u0142 Muzeum Historii \u017byd\u00f3w Polskich, przy pe\u0142nym uwzgl\u0119dnieniu oczekiwa\u0144 jego u\u017cytkownik\u00f3w. Upami\u0119tnienie Polak\u00f3w ratuj\u0105cych \u017byd\u00f3w w czasie okupacji niemieckiej wymaga specjalnego rozwi\u0105zania przestrzennego, nowatorskiej formu\u0142y wpisuj\u0105cej si\u0119 w zastan\u0105 przestrze\u0144, a tak\u017ce nawi\u0105zuj\u0105cej z ni\u0105 specyficzny dialog. Powinno ono wyrazi\u0107 wdzi\u0119czno\u015b\u0107 wszystkim Polakom, tak\u017ce tym, kt\u00f3rzy z r\u00f3\u017cnych powod\u00f3w nie s\u0105 znani z imienia i nazwiska&#8221;.<\/span><\/p>\n<p style=\"text-align: left;\"><span style=\"color: #000080;\">pp\/PAP<\/span><\/p>\n<hr style=\"height: 15px; background: #d0e6fa; width: 710px;\" \/>\n<div id=\"content\" class=\"  content-alignment&lt;br \/&gt;&lt;br \/&gt; \">\n<div id=\"watch-description\" class=\"yt-uix-button-panel\">\n<div id=\"watch-description-text\">\n<p style=\"text-align: center;\"><span style=\"color: #808080;\"> twoje uwagi, linki, wlasne artykuly, lub wiadomosci przeslij do: <strong><span style=\"text-decoration: underline;\"><span style=\"color: #808080; text-decoration: underline;\"><a href=\"mailto:webmaster@reunion68.com\">webmaster@reunion68.com<\/a><\/span><\/span><\/strong><\/span><\/p>\n<\/div>\n<\/div>\n<\/div>\n<p>&nbsp;<\/p>\n<hr style=\"width: 710px;\" \/>\n","protected":false},"excerpt":{"rendered":"<p>Upami\u0119tnienie polskich Sprawiedliwych. 130 prac w konkursie W mi\u0119dzynarodowym konkursie na upami\u0119tnienie Polak\u00f3w ratuj\u0105cych \u017byd\u00f3w podczas okupacji niemieckiej jury oceni 130 prac. Nowe miejsce pami\u0119ci o polskich Sprawiedliwych ma by\u0107 ods\u0142oni\u0119te jesieni\u0105 2015 r. w pobli\u017cu Muzeum Historii \u017byd\u00f3w Polskich w Warszawie. &#8211; Na konkurs, ku naszej rado\u015bci, wp\u0142yn\u0119\u0142o 130 prac. Jury b\u0119dzie mia\u0142o trudne [&hellip;]<\/p>\n","protected":false},"author":1,"featured_media":0,"comment_status":"closed","ping_status":"closed","sticky":false,"template":"","format":"standard","meta":[],"categories":[4],"tags":[24],"_links":{"self":[{"href":"https:\/\/www.reunion68.se\/index.php?rest_route=\/wp\/v2\/posts\/12078"}],"collection":[{"href":"https:\/\/www.reunion68.se\/index.php?rest_route=\/wp\/v2\/posts"}],"about":[{"href":"https:\/\/www.reunion68.se\/index.php?rest_route=\/wp\/v2\/types\/post"}],"author":[{"embeddable":true,"href":"https:\/\/www.reunion68.se\/index.php?rest_route=\/wp\/v2\/users\/1"}],"replies":[{"embeddable":true,"href":"https:\/\/www.reunion68.se\/index.php?rest_route=%2Fwp%2Fv2%2Fcomments&post=12078"}],"version-history":[{"count":11,"href":"https:\/\/www.reunion68.se\/index.php?rest_route=\/wp\/v2\/posts\/12078\/revisions"}],"predecessor-version":[{"id":12084,"href":"https:\/\/www.reunion68.se\/index.php?rest_route=\/wp\/v2\/posts\/12078\/revisions\/12084"}],"wp:attachment":[{"href":"https:\/\/www.reunion68.se\/index.php?rest_route=%2Fwp%2Fv2%2Fmedia&parent=12078"}],"wp:term":[{"taxonomy":"category","embeddable":true,"href":"https:\/\/www.reunion68.se\/index.php?rest_route=%2Fwp%2Fv2%2Fcategories&post=12078"},{"taxonomy":"post_tag","embeddable":true,"href":"https:\/\/www.reunion68.se\/index.php?rest_route=%2Fwp%2Fv2%2Ftags&post=12078"}],"curies":[{"name":"wp","href":"https:\/\/api.w.org\/{rel}","templated":true}]}}