{"id":120796,"date":"2025-04-29T17:09:21","date_gmt":"2025-04-29T15:09:21","guid":{"rendered":"http:\/\/www.reunion68.se\/?p=120796"},"modified":"2025-04-29T08:26:21","modified_gmt":"2025-04-29T06:26:21","slug":"29-09-92","status":"publish","type":"post","link":"https:\/\/www.reunion68.se\/?p=120796","title":{"rendered":"&#8220;\u015aciek antysemicki&#8221;, &#8220;rzeczy obrzydliwe&#8221;. Kandydaci na prezydenta reaguj\u0105 na s\u0142owa Brauna"},"content":{"rendered":"<h5 style=\"text-align: center;\"><a href=\"https:\/\/www.pap.pl\/\" target=\"_blank\" rel=\"noopener noreferrer\"><img decoding=\"async\" class=\"center alignleft\" src=\"http:\/\/www.reunion68.com\/Biuletyn\/img\/PAP.png\" alt=\"\" width=\"25%\" \/><\/a><span style=\"text-decoration: underline; color: #000080;\"><strong><a style=\"color: #000080; text-decoration: underline;\" href=\"https:\/\/www.pap.pl\/aktualnosci\/sciek-antysemicki-rzeczy-obrzydliwe-kandydaci-na-prezydenta-reaguja-na-slowa-brauna\" target=\"_blank\" rel=\"noopener noreferrer\">&#8220;\u015aciek antysemicki&#8221;, &#8220;rzeczy obrzydliwe&#8221;. Kandydaci na prezydenta reaguj\u0105 na s\u0142owa Brauna<\/a><\/strong><\/span><\/h5>\n<p style=\"text-align: center;\"><span style=\"color: #000000;\"><strong>ksi\/ iwo\/ sza\/ ann\/ par\/ a\u0142\/<\/strong><\/span><\/p>\n<hr style=\"height: 15px; background: #d0e6fa; width: 100%;\" \/>\n<h5 class=\"field--name-field-lead\"><strong>Magdalena Biejat oceni\u0142a, \u017ce wypowied\u017a Grzegorza Brauna podczas debaty prezydenckiej &#8220;Super Expressu&#8221; to &#8220;\u015bciek antysemicki&#8221;. Wed\u0142ug Rafa\u0142a Trzaskowskiego w polskiej polityce nie powinno by\u0107 miejsca dla takich ludzi jak Braun. M\u00f3wi pan rzeczy obrzydliwe &#8211; doda\u0142 Trzaskowski. Kandydatka Lewicy zapowiedzia\u0142a po debacie, \u017ce z\u0142o\u017cy doniesienie do prokuratury na Grzegorza Brauna.<\/strong><\/h5>\n<p>.<\/p>\n<p><button class=\"expandPhoto\" data-bs-toggle=\"modal\" data-bs-target=\"#modal-6cf8fe06e613ee590319ae553166e3ff\"><img decoding=\"async\" class=\"aligncenter\" style=\"color: #191e23; background-color: #ffffff;\" src=\"https:\/\/www.pap.pl\/sites\/default\/files\/styles\/main_image\/public\/202504\/pap_20250428_199.jpg.webp?itok=55BtY0mI\" alt=\"Grzegorz Braun Fot. PAP\/Rafa\u0142 Guz\" width=\"100%\" \/><\/button><\/p>\n<div class=\"description\" style=\"text-align: center;\"><span style=\"color: #808080;\"><em>Grzegorz Braun Fot. PAP\/Rafa\u0142 Guz<\/em><\/span><\/div>\n<p style=\"text-align: left;\"><span style=\"color: #000080;\">Grzegorz Braun (europose\u0142 wykluczony z Konfederacji) podczas transmitowanej przez og\u00f3lnopolskie stacje telewizyjne u\u017cywa\u0142 por\u00f3wna\u0144 i sformu\u0142owa\u0144 odwo\u0142uj\u0105cych si\u0119 do wyznawc\u00f3w judaizmu. Jak stwierdzi\u0142 &#8220;chwa\u0142a Bogu&#8221; Polska nie graniczy z &#8220;\u017cydowskim pa\u0144stwem po\u0142o\u017conym w Palestynie&#8221;. Oceni\u0142, \u017ce &#8220;w\u00f3wczas ludob\u00f3jcza polityka reklamowana przez ministr\u00f3w, rabin\u00f3w i genera\u0142\u00f3w pa\u0144stwa Izrael mog\u0142aby \u0142atwo zwr\u00f3ci\u0107 si\u0119 przeciw nam&#8221;. Stwierdzi\u0142 te\u017c, \u017ce &#8220;pa\u0144stwo Izrael jest Polakom str\u0119czone jako sojusznik, jako jaki\u015b lotniskowiec cywilizacji europejskiej na Bliskim Wschodzie&#8221;.<\/span><\/p>\n<div id=\"block-gamwadvertisement-6\" class=\"advertisement-block\">\n<div id=\"div-gpt-ad-1727784042145-0\" data-google-query-id=\"CL2u-ezK_IwDFc3LOwIdYvMrFg\"><\/div>\n<\/div>\n<h4><strong>Biejat o s\u0142owach Brauna podczas debaty<\/strong><\/h4>\n<p><iframe loading=\"lazy\" id=\"twitter-widget-0\" class=\"\" title=\"X Post\" src=\"https:\/\/platform.twitter.com\/embed\/Tweet.html?dnt=false&amp;embedId=twitter-widget-0&amp;features=eyJ0ZndfdGltZWxpbmVfbGlzdCI6eyJidWNrZXQiOltdLCJ2ZXJzaW9uIjpudWxsfSwidGZ3X2ZvbGxvd2VyX2NvdW50X3N1bnNldCI6eyJidWNrZXQiOnRydWUsInZlcnNpb24iOm51bGx9LCJ0ZndfdHdlZXRfZWRpdF9iYWNrZW5kIjp7ImJ1Y2tldCI6Im9uIiwidmVyc2lvbiI6bnVsbH0sInRmd19yZWZzcmNfc2Vzc2lvbiI6eyJidWNrZXQiOiJvbiIsInZlcnNpb24iOm51bGx9LCJ0ZndfZm9zbnJfc29mdF9pbnRlcnZlbnRpb25zX2VuYWJsZWQiOnsiYnVja2V0Ijoib24iLCJ2ZXJzaW9uIjpudWxsfSwidGZ3X21peGVkX21lZGlhXzE1ODk3Ijp7ImJ1Y2tldCI6InRyZWF0bWVudCIsInZlcnNpb24iOm51bGx9LCJ0ZndfZXhwZXJpbWVudHNfY29va2llX2V4cGlyYXRpb24iOnsiYnVja2V0IjoxMjA5NjAwLCJ2ZXJzaW9uIjpudWxsfSwidGZ3X3Nob3dfYmlyZHdhdGNoX3Bpdm90c19lbmFibGVkIjp7ImJ1Y2tldCI6Im9uIiwidmVyc2lvbiI6bnVsbH0sInRmd19kdXBsaWNhdGVfc2NyaWJlc190b19zZXR0aW5ncyI6eyJidWNrZXQiOiJvbiIsInZlcnNpb24iOm51bGx9LCJ0ZndfdXNlX3Byb2ZpbGVfaW1hZ2Vfc2hhcGVfZW5hYmxlZCI6eyJidWNrZXQiOiJvbiIsInZlcnNpb24iOm51bGx9LCJ0ZndfdmlkZW9faGxzX2R5bmFtaWNfbWFuaWZlc3RzXzE1MDgyIjp7ImJ1Y2tldCI6InRydWVfYml0cmF0ZSIsInZlcnNpb24iOm51bGx9LCJ0ZndfbGVnYWN5X3RpbWVsaW5lX3N1bnNldCI6eyJidWNrZXQiOnRydWUsInZlcnNpb24iOm51bGx9LCJ0ZndfdHdlZXRfZWRpdF9mcm9udGVuZCI6eyJidWNrZXQiOiJvbiIsInZlcnNpb24iOm51bGx9fQ%3D%3D&amp;frame=false&amp;hideCard=false&amp;hideThread=false&amp;id=1916910134007132425&amp;lang=pl&amp;origin=https%3A%2F%2Fwww.pap.pl%2Faktualnosci%2Fsciek-antysemicki-rzeczy-obrzydliwe-kandydaci-na-prezydenta-reaguja-na-slowa-brauna&amp;sessionId=a59a649b7e061bc1897f18469c31da5ec28539b3&amp;theme=light&amp;widgetsVersion=2615f7e52b7e0%3A1702314776716&amp;width=550px\" width=\"650\" height=\"350\" frameborder=\"0\" scrolling=\"yes\" allowfullscreen=\"allowfullscreen\" data-tweet-id=\"1916910134007132425\" data-mce-fragment=\"1\"><\/iframe><\/p>\n<p style=\"text-align: left;\"><span style=\"color: #000080;\">&#8220;To jest skandaliczne, \u017ce pozwala si\u0119 na to, \u017ceby taki \u015bciek antysemicki, jaki zaprezentowa\u0142 pan Braun na samym pocz\u0105tku debaty przeszed\u0142 w tym studiu bez echa. To s\u0105 skandaliczne s\u0142owa i one nie powinny mie\u0107 nigdy miejsca w debacie publicznej, bo nie ma \u017cadnej wym\u00f3wki, \u017ceby stosowa\u0107 antysemityzm. Nie b\u0119d\u0119 milcze\u0107 wtedy, kiedy ludzie m\u00f3wi\u0105 takie rzeczy&#8221; &#8211; oceni\u0142a podczas debaty kandydatka Lewicy Magdalena Biejat.<\/span><\/p>\n<div class=\"embedded-entity\" data-entity-type=\"node\" data-entity-uuid=\"77c3bd93-f494-4888-894a-0b0541dabdbc\" data-embed-button=\"node\" data-entity-embed-display=\"view_mode:node.zajawka_srodtekstowa\" data-langcode=\"pl\" data-entity-embed-display-settings=\"[]\">\n<div class=\"readMore\">\n<div class=\"headerWrapper\">\n<p class=\"imageWrapper\" style=\"text-align: center;\"><img decoding=\"async\" class=\"aligncenter\" src=\"https:\/\/www.pap.pl\/sites\/default\/files\/styles\/teaser_in_article_text\/public\/202504\/pp.png?itok=3efvioUk\" alt=\"Debata prezydencka Fot. Super Express\/YouTube\" width=\"100%\" \/><span style=\"color: #808080;\"><em><span style=\"font-size: 1.2em;\">Pierwsza debata z udzia\u0142em wszystkich kandydat\u00f3w pod znakiem kontrowersyjnych wypowiedzi<\/span><\/em><\/span><\/p>\n<h4 style=\"text-align: left;\"><strong>Zapowied\u017a doniesienia do prokuratury<\/strong><\/h4>\n<p style=\"text-align: left;\"><span style=\"color: #000080;\">Oceniaj\u0105c debat\u0119, kandydatka Lewicy Magdalena Biejat odnosi\u0142a si\u0119 do wyst\u0105pienia europos\u0142a Grzegorza Brauna i Macieja Maciaka. Jak podkre\u015bli\u0142a, kampania wyborcza zosta\u0142a wykorzystana do tego, &#8220;\u017ceby nadawa\u0107 dodatkow\u0105 tub\u0119 propagandow\u0105 dla propagandy kremlowskiej&#8221;.<\/span><\/p>\n<p style=\"text-align: left;\"><span style=\"color: #000080;\">&#8220;Szczeg\u00f3lnie oburzaj\u0105ce by\u0142o to, \u017ce praktycznie bez komentarzy przez wi\u0119ksz\u0105 cz\u0119\u015b\u0107 tej debaty pada\u0142y antysemickie, obrzydliwe s\u0142owa ze strony Grzegorza Brauna. I ja z\u0142o\u017c\u0119 jutro doniesienie do prokuratury w tej sprawie za mow\u0119 nienawi\u015bci, za szerzenie agresji, za nawo\u0142ywanie do nienawi\u015bci ze strony kandydata na prezydenta, pana Grzegorza Brauna&#8221; &#8211; o\u015bwiadczy\u0142a Biejat w rozmowie z dziennikarzami po debacie.<\/span><\/p>\n<p><iframe loading=\"lazy\" id=\"twitter-widget-1\" class=\"\" title=\"X Post\" src=\"https:\/\/platform.twitter.com\/embed\/Tweet.html?dnt=false&amp;embedId=twitter-widget-1&amp;features=eyJ0ZndfdGltZWxpbmVfbGlzdCI6eyJidWNrZXQiOltdLCJ2ZXJzaW9uIjpudWxsfSwidGZ3X2ZvbGxvd2VyX2NvdW50X3N1bnNldCI6eyJidWNrZXQiOnRydWUsInZlcnNpb24iOm51bGx9LCJ0ZndfdHdlZXRfZWRpdF9iYWNrZW5kIjp7ImJ1Y2tldCI6Im9uIiwidmVyc2lvbiI6bnVsbH0sInRmd19yZWZzcmNfc2Vzc2lvbiI6eyJidWNrZXQiOiJvbiIsInZlcnNpb24iOm51bGx9LCJ0ZndfZm9zbnJfc29mdF9pbnRlcnZlbnRpb25zX2VuYWJsZWQiOnsiYnVja2V0Ijoib24iLCJ2ZXJzaW9uIjpudWxsfSwidGZ3X21peGVkX21lZGlhXzE1ODk3Ijp7ImJ1Y2tldCI6InRyZWF0bWVudCIsInZlcnNpb24iOm51bGx9LCJ0ZndfZXhwZXJpbWVudHNfY29va2llX2V4cGlyYXRpb24iOnsiYnVja2V0IjoxMjA5NjAwLCJ2ZXJzaW9uIjpudWxsfSwidGZ3X3Nob3dfYmlyZHdhdGNoX3Bpdm90c19lbmFibGVkIjp7ImJ1Y2tldCI6Im9uIiwidmVyc2lvbiI6bnVsbH0sInRmd19kdXBsaWNhdGVfc2NyaWJlc190b19zZXR0aW5ncyI6eyJidWNrZXQiOiJvbiIsInZlcnNpb24iOm51bGx9LCJ0ZndfdXNlX3Byb2ZpbGVfaW1hZ2Vfc2hhcGVfZW5hYmxlZCI6eyJidWNrZXQiOiJvbiIsInZlcnNpb24iOm51bGx9LCJ0ZndfdmlkZW9faGxzX2R5bmFtaWNfbWFuaWZlc3RzXzE1MDgyIjp7ImJ1Y2tldCI6InRydWVfYml0cmF0ZSIsInZlcnNpb24iOm51bGx9LCJ0ZndfbGVnYWN5X3RpbWVsaW5lX3N1bnNldCI6eyJidWNrZXQiOnRydWUsInZlcnNpb24iOm51bGx9LCJ0ZndfdHdlZXRfZWRpdF9mcm9udGVuZCI6eyJidWNrZXQiOiJvbiIsInZlcnNpb24iOm51bGx9fQ%3D%3D&amp;frame=false&amp;hideCard=false&amp;hideThread=false&amp;id=1916920708359135704&amp;lang=pl&amp;origin=https%3A%2F%2Fwww.pap.pl%2Faktualnosci%2Fsciek-antysemicki-rzeczy-obrzydliwe-kandydaci-na-prezydenta-reaguja-na-slowa-brauna&amp;sessionId=a59a649b7e061bc1897f18469c31da5ec28539b3&amp;theme=light&amp;widgetsVersion=2615f7e52b7e0%3A1702314776716&amp;width=550px\" width=\"650\" height=\"350\" frameborder=\"0\" scrolling=\"yes\" allowfullscreen=\"allowfullscreen\" data-tweet-id=\"1916920708359135704\" data-mce-fragment=\"1\"><\/iframe><\/p>\n<\/div>\n<\/div>\n<p style=\"text-align: left;\"><span style=\"color: #000080;\">Art. 18. ust 1. Ustawy o radiofonii i telewizji m\u00f3wi m.in. o tym, \u017ce &#8220;audycje lub inne przekazy nie mog\u0105 propagowa\u0107 dzia\u0142a\u0144 sprzecznych z prawem, z polsk\u0105 racj\u0105 stanu oraz postaw i pogl\u0105d\u00f3w sprzecznych z moralno\u015bci\u0105 i dobrem spo\u0142ecznym, w szczeg\u00f3lno\u015bci nie mog\u0105 zawiera\u0107 tre\u015bci nawo\u0142uj\u0105cych do nienawi\u015bci lub przemocy lub dyskryminuj\u0105cych&#8221;.<\/span><\/p>\n<h4><strong>Braun zwr\u00f3ci\u0142 si\u0119 do Trzaskowskiego, Mentzena i Nawrockiego<\/strong><\/h4>\n<p style=\"text-align: left;\"><span style=\"color: #000080;\">W trakcie innej cz\u0119\u015bci debaty Braun zwraca\u0142 si\u0119 do kandydata KO. &#8220;Par\u0119 dni temu by\u0142 pan oflagowany \u017cydowskim \u017conkilem, tym znakiem ha\u0144by&#8221; &#8211; powiedzia\u0142 . &#8220;O czym pan m\u00f3wi? Jakiej ha\u0144by? To by\u0142o powstanie w Getcie Warszawskim. O czym pan opowiada? To s\u0105 bohaterowie naszej historii. To co\u015b nieprawdopodobnego. Ja tego nie b\u0119d\u0119 s\u0142ucha\u0142&#8221; &#8211; odpar\u0142 Trzaskowski, po czym odwr\u00f3ci\u0142 si\u0119 i opu\u015bci\u0142 m\u00f3wnic\u0119 przed up\u0142ywem przeznaczonego dla niego czasu.<\/span><\/p>\n<p style=\"text-align: left;\"><span style=\"color: #000080;\">Swojego by\u0142ego koalicjanta z Konfederacji &#8211; S\u0142awomira Mentzena &#8211; Braun spyta\u0142, czy dostrzega w Polsce &#8220;problem &#8220;judaizacji&#8221;&#8221;. Mentzen oceni\u0142, \u017ce Braun &#8220;przyk\u0142ada zbyt wielk\u0105 wag\u0119 do pa\u0144stwa Izrael&#8221;, ale dostrzega &#8220;problem tego, \u017ce Izrael ma du\u017co wi\u0119ksz\u0105 si\u0142\u0119, ni\u017c wynika to z jego miejsca na ziemi&#8221;. &#8220;Wielokrotnie widzieli\u015bmy, jak rz\u0105d Polski realizuje polityk\u0119 Izraela, a nie Polsk\u0105&#8221; &#8211; oceni\u0142 Mentzen.<\/span><\/p>\n<p style=\"text-align: left;\"><span style=\"color: #000080;\">Braun, zadaj\u0105c pytanie Trzaskowskiemu, uzna\u0142, \u017ce kandydat KO &#8220;chce dyskryminowa\u0107, wyklucza\u0107 i ok\u0142ada\u0107 podatkami klimatycznymi&#8221;. &#8220;Dlaczego chce pan okrada\u0107 Polak\u00f3w na tak wielkie sumy, kt\u00f3re s\u0105 w istocie podatkiem od pa\u0144skich uroje\u0144 klimatycznych?&#8221; &#8211; zapyta\u0142 kandydata KO Braun.<\/span><\/p>\n<div class=\"embedded-entity\" data-entity-type=\"node\" data-entity-uuid=\"143fef45-1e3d-43f2-8655-e4e8d37f9bab\" data-embed-button=\"node\" data-entity-embed-display=\"view_mode:node.zajawka_srodtekstowa\" data-langcode=\"pl\" data-entity-embed-display-settings=\"[]\">\n<div class=\"readMore\">\n<div class=\"news\">\n<div class=\"imageWrapper\"><img decoding=\"async\" loading=\"lazy\" class=\"aligncenter\" src=\"https:\/\/www.pap.pl\/sites\/default\/files\/styles\/teaser_in_article_text\/public\/202503\/pap_20250129_0YE.jpg?itok=08y7hLPL\" alt=\"Grzegorz Braun. Fot. PAP\/Daniel Gnap\" width=\"440\" height=\"248\" \/><\/div>\n<div class=\"textWrapper\">\n<h4 class=\"title\"><strong><span class=\"field field--name-title field--type-string field--label-hidden\">Braun wykluczony z obrad Parlamentu Europejskiego do jesieni<\/span><\/strong><\/h4>\n<\/div>\n<\/div>\n<\/div>\n<\/div>\n<p style=\"text-align: left;\"><span style=\"color: #000080;\">Trzaskowski odpowiedzia\u0142, \u017ce &#8220;klimat si\u0119 zmienia i ka\u017cdy, kto chodzi do szko\u0142y, o tym wie&#8221;. &#8220;Moim celem jest czyste powietrze, zielone ulice, odnawialne \u017ar\u00f3d\u0142a energii; moim celem jest r\u00f3wnie\u017c oszcz\u0119dzanie energii i pozyskiwanie olbrzymich pieni\u0119dzy z Unii Europejskiej&#8221; &#8211; m\u00f3wi\u0142 Trzaskowski.<\/span><\/p>\n<p style=\"text-align: left;\"><span style=\"color: #000080;\">&#8220;Je\u017celi pan nie rozumie tego, \u017ce dzisiaj musimy robi\u0107 absolutnie wszystko, \u017ceby walczy\u0107 o czyste powietrze, to nie rozmawia\u0142 pan tak jak ja z dzie\u0107mi chorymi na astm\u0119 i ich rodzicami&#8221; &#8211; powiedzia\u0142 kandydat KO. &#8220;Przez ca\u0142y czas pan k\u0142amie, atakuje, przez ca\u0142y czas pan bazuje na bardzo z\u0142ych emocjach &#8211; moim zdaniem dla takich ludzi jak pan nie powinno by\u0107 miejsca w polskiej polityce, dlatego \u017ce m\u00f3wi pan rzeczy obrzydliwe&#8221; &#8211; zwraca\u0142 si\u0119 Trzaskowski do Brauna.<\/span><\/p>\n<p style=\"text-align: left;\"><span style=\"color: #000080;\">Braun pyta\u0142 te\u017c popieranego przez PiS Karola Nawrockiego. Zada\u0142 mu pytanie, czy &#8220;deportacje&#8221;, o kt\u00f3rych wspomina w kampanii wyborczej, obejm\u0105 r\u00f3wnie\u017c Ukrai\u0144c\u00f3w, kt\u00f3rych &#8220;sprowadzali jego koledzy&#8221; z PiS-u.<\/span><\/p>\n<p style=\"text-align: left;\"><span style=\"color: #000080;\">Nawrocki uzna\u0142, \u017ce jego pogl\u0105dy na polityk\u0119 migracyjn\u0105 nie zmieni\u0142y si\u0119, a o &#8220;centrach deportacyjnych&#8221; m\u00f3wi\u0142 od pocz\u0105tku kampanii. &#8220;Jestem za tym, \u017ceby zamiast centr\u00f3w integracji by\u0142y centra deportacji&#8221; &#8211; podkre\u015bli\u0142. Doda\u0142 te\u017c, \u017ce zg\u0142osi pakiet ustaw &#8220;Po pierwsze Polska, po pierwsza Polacy&#8221;, aby to Polacy mieli pierwsze\u0144stwo w korzystaniu m.in. ze s\u0142u\u017cby zdrowia. &#8220;W Polsce to Polacy powinni mie\u0107 pierwsze\u0144stwo&#8221; &#8211; zaznaczy\u0142 kandydat na prezydenta popierany przez PiS.(PAP)<\/span><\/p>\n<hr style=\"height: 15px; background: #d0e6fa; width: 100%;\" \/>\n<div id=\"content\" class=\"content-alignment\">\n<div id=\"watch-description\" class=\"yt-uix-button-panel\">\n<div id=\"watch-description-text\" style=\"text-align: center;\">\n<p><em>Zawarto\u015b\u0107 publikowanych artyku\u0142\u00f3w i materia\u0142\u00f3w nie reprezentuje pogl\u0105d\u00f3w ani opinii Reunion&#8217;68,<\/em><em><br \/>\nani te\u017c webmastera Blogu Reunion&#8217;68, chyba ze jest to wyra\u017anie zaznaczone.<br \/>\nTwoje uwagi, linki, w\u0142asne artyku\u0142y lub wiadomo\u015bci prze\u015blij na adres:<br \/>\n<\/em><span style=\"color: #000080;\"><strong><em><a style=\"color: #000080;\" href=\"mailto:webmaster@reunion68.com\"><span style=\"text-decoration: underline;\">webmaster@reunion68.com<\/span><\/a><\/em><\/strong><\/span><\/p>\n<\/div>\n<\/div>\n<\/div>\n<hr style=\"width: 100%;\" \/>\n<\/div>\n","protected":false},"excerpt":{"rendered":"<p>&#8220;\u015aciek antysemicki&#8221;, &#8220;rzeczy obrzydliwe&#8221;. Kandydaci na prezydenta reaguj\u0105 na s\u0142owa Brauna ksi\/ iwo\/ sza\/ ann\/ par\/ a\u0142\/ Magdalena Biejat oceni\u0142a, \u017ce wypowied\u017a Grzegorza Brauna podczas debaty prezydenckiej &#8220;Super Expressu&#8221; to &#8220;\u015bciek antysemicki&#8221;. Wed\u0142ug Rafa\u0142a Trzaskowskiego w polskiej polityce nie powinno by\u0107 miejsca dla takich ludzi jak Braun. M\u00f3wi pan rzeczy obrzydliwe &#8211; doda\u0142 Trzaskowski. Kandydatka [&hellip;]<\/p>\n","protected":false},"author":1,"featured_media":0,"comment_status":"closed","ping_status":"closed","sticky":false,"template":"","format":"standard","meta":[],"categories":[6],"tags":[26,24],"_links":{"self":[{"href":"https:\/\/www.reunion68.se\/index.php?rest_route=\/wp\/v2\/posts\/120796"}],"collection":[{"href":"https:\/\/www.reunion68.se\/index.php?rest_route=\/wp\/v2\/posts"}],"about":[{"href":"https:\/\/www.reunion68.se\/index.php?rest_route=\/wp\/v2\/types\/post"}],"author":[{"embeddable":true,"href":"https:\/\/www.reunion68.se\/index.php?rest_route=\/wp\/v2\/users\/1"}],"replies":[{"embeddable":true,"href":"https:\/\/www.reunion68.se\/index.php?rest_route=%2Fwp%2Fv2%2Fcomments&post=120796"}],"version-history":[{"count":13,"href":"https:\/\/www.reunion68.se\/index.php?rest_route=\/wp\/v2\/posts\/120796\/revisions"}],"predecessor-version":[{"id":120813,"href":"https:\/\/www.reunion68.se\/index.php?rest_route=\/wp\/v2\/posts\/120796\/revisions\/120813"}],"wp:attachment":[{"href":"https:\/\/www.reunion68.se\/index.php?rest_route=%2Fwp%2Fv2%2Fmedia&parent=120796"}],"wp:term":[{"taxonomy":"category","embeddable":true,"href":"https:\/\/www.reunion68.se\/index.php?rest_route=%2Fwp%2Fv2%2Fcategories&post=120796"},{"taxonomy":"post_tag","embeddable":true,"href":"https:\/\/www.reunion68.se\/index.php?rest_route=%2Fwp%2Fv2%2Ftags&post=120796"}],"curies":[{"name":"wp","href":"https:\/\/api.w.org\/{rel}","templated":true}]}}