{"id":120827,"date":"2025-04-30T17:00:19","date_gmt":"2025-04-30T15:00:19","guid":{"rendered":"http:\/\/www.reunion68.se\/?p=120827"},"modified":"2025-04-30T08:21:54","modified_gmt":"2025-04-30T06:21:54","slug":"30-00-96","status":"publish","type":"post","link":"https:\/\/www.reunion68.se\/?p=120827","title":{"rendered":"German Authorities Warn of Potentially Violent Anti-Israel Protests in Berlin on International Workers\u2019 Day"},"content":{"rendered":"<h5 style=\"text-align: center;\"><a href=\"https:\/\/www.algemeiner.com\/\" target=\"_blank\" rel=\"noopener noreferrer\"><img decoding=\"async\" class=\"center alignleft\" src=\"http:\/\/www.reunion68.com\/Biuletyn\/img\/algem.png\" alt=\"\" width=\"35%\" \/><\/a><span style=\"text-decoration: underline; color: #000080;\"><span><strong><a style=\"color: #000080; text-decoration: underline;\" href=\"https:\/\/www.algemeiner.com\/2025\/04\/29\/german-authorities-warn-potentially-violent-anti-israel-protests-berlin-international-workers-day\/\" target=\"_blank\" rel=\"noopener noreferrer\">German Authorities Warn of Potentially Violent Anti-Israel Protests in Berlin on International Workers\u2019 Day<\/a><\/strong><\/span><\/span><\/h5>\n<p style=\"text-align: center;\"><span style=\"color: #000000;\"><strong>Ailin Vilches Arguello<\/strong><\/span><\/p>\n<hr style=\"height: 15px; background: #d0e6fa; width: 100%;\" \/>\n<p style=\"text-align: center;\"><img decoding=\"async\" class=\"aligncenter\" src=\"https:\/\/www.algemeiner.com\/wp-content\/uploads\/2025\/04\/2025-03-22T152502Z_1742657096_DPAF250322X99X303369_RTRFIPP_4_DEMONSTRATIONS-PROTESTS-ISRAEL-GAZA-MIDDLEEAST-1.jpg\" width=\"100%\" \/><span style=\"color: #808080;\"><em>Anti-Israel protesters march in Germany, March 26, 2025. Photo: Sebastian Willnow\/dpa via Reuters Connect<\/em><\/span><\/p>\n<p style=\"text-align: left;\"><span style=\"color: #000080;\">German authorities have warned of large-scale, potentially violent anti-Israel demonstrations expected to unfold in Berlin during the International Workers\u2019 Day protests on Thursday.<\/span><\/p>\n<p style=\"text-align: left;\"><span style=\"color: #000080;\">Every year on May 1, workers\u2019 rights are celebrated through demonstrations held around the world. In Germany, the day is marked by \u201cRevolutionary May Day,\u201d an annual protest organized by radical left-wing activists that often draws a broad coalition of groups and heightened police attention.<\/span><\/p>\n<p style=\"text-align: left;\"><span style=\"color: #000080;\">In a statement, the State Criminal Police Office (LKA) said they expect Thursday\u2019s protest to center on tensions in the Middle East, with a particular focus on the war in Gaza, German media reported. Organized by anti-Israel activists, this year\u2019s demonstration is being led under the slogan \u201cFree Gaza.\u201d<\/span><\/p>\n<p style=\"text-align: left;\"><span style=\"color: #000080;\">The demonstration is reportedly scheduled to begin at 6 pm in the Kreuzberg district, southeast of the city center, with organizers expecting more than 20,000 participants.<\/span><\/p>\n<p style=\"text-align: left;\"><span style=\"color: #000080;\">While Berlin police have historically kept the raucous protests under control for years,\u00a0the LKA expects to focus this year on not only preventing and responding to attacks and vandalism across the city but also addressing terrorist propaganda and calls for the destruction of the state of Israel.<\/span><\/p>\n<p style=\"text-align: left;\"><span style=\"color: #000080;\">German law enforcement specifically issued warnings to journalists covering the protests on the streets, cautioning that they may be targeted with verbal and physical aggression.<\/span><\/p>\n<p style=\"text-align: left;\"><span style=\"color: #000080;\">In their statement, the LKA said past experience shows that \u201cjournalists and mainstream media are often viewed critically or even with hostility by the pro-Palestinian movement, being seen as part of the \u2018lying press\u2019 and allies of the West or \u2018Zionists,\u2019 with their work frequently obstructed.\u201d<\/span><\/p>\n<p style=\"text-align: left;\"><span style=\"color: #000080;\">Before the Hamas-led massacres across southern Israel on Oct. 7, 2023, Berlin police had extensive experience\u00a0<a style=\"color: #000080;\" href=\"https:\/\/www.algemeiner.com\/2025\/04\/02\/germany-orders-deportation-four-hamas-sympathizers-anti-israel-agitation\/\" target=\"_blank\" rel=\"noopener noreferrer\">with violent supporters of terrorism<\/a>. However, since Hamas\u2019s onslaught, anti-Israel sentiment has spread across Germany, fueling pro-Palestinian protests, takeovers of university campuses, and a rise in antisemitic incidents.<\/span><\/p>\n<p style=\"text-align: left;\"><span style=\"color: #000080;\">During last year\u2019s protest, police deployed more than 7,000 officers, minimizing opportunities for violence. However, 34 arrests were made, with those detained charged with serious public disorder, bodily harm, and incitement to hatred, while five officers were injured during the incidents.<\/span><\/p>\n<p style=\"text-align: left;\"><span style=\"color: #000080;\">Compared to previous years, local police have noted a decline in unrest at these protests since 2021, when the \u201cRevolutionary May Day\u201d demonstrations led to 93 injured officers and over 350 arrests.<\/span><\/p>\n<p style=\"text-align: left;\"><span style=\"color: #000080;\">Germany has\u00a0<a style=\"color: #000080;\" href=\"https:\/\/www.algemeiner.com\/2025\/01\/24\/germanys-chancellor-anyone-who-incites-antisemitism-must-expect-be-prosecuted\/\" target=\"_blank\" rel=\"noopener noreferrer\">experienced a sharp spike in antisemitism<\/a>\u00a0amid the war in Gaza. In just the first six months of 2024 alone, the number of antisemitic incidents in Berlin, for example, surpassed the total for all of the prior year and reached the highest annual count on record, according to Germany\u2019s Federal Association of Departments for Research and Information on Antisemitism (RIAS).<\/span><\/p>\n<p style=\"text-align: left;\"><span style=\"color: #000080;\">The figures compiled by RIAS were the highest count for a single year since the federally funded body began monitoring antisemitic incidents in 2015, showing the German capital averaged nearly eight anti-Jewish outrages a day from January to June last year.<\/span><\/p>\n<p style=\"text-align: left;\"><span style=\"color: #000080;\">According to the Anti-Defamation League (ADL), police registered 5,154 antisemitic incidents in Germany in 2023, a 95 percent increase compared to the previous year.<\/span><\/p>\n<hr style=\"height: 15px; background: #d0e6fa; width: 100%;\" \/>\n<div id=\"content\" class=\"content-alignment\">\n<div id=\"watch-description\" class=\"yt-uix-button-panel\">\n<div id=\"watch-description-text\" style=\"text-align: center;\">\n<p><em>Zawarto\u015b\u0107 publikowanych artyku\u0142\u00f3w i materia\u0142\u00f3w nie reprezentuje pogl\u0105d\u00f3w ani opinii Reunion&#8217;68,<\/em><em><br \/>\nani te\u017c webmastera Blogu Reunion&#8217;68, chyba ze jest to wyra\u017anie zaznaczone.<br \/>\nTwoje uwagi, linki, w\u0142asne artyku\u0142y lub wiadomo\u015bci prze\u015blij na adres:<br \/>\n<\/em><span style=\"color: #000080;\"><strong><em><a style=\"color: #000080;\" href=\"mailto:webmaster@reunion68.com\"><span style=\"text-decoration: underline;\">webmaster@reunion68.com<\/span><\/a><\/em><\/strong><\/span><\/p>\n<\/div>\n<\/div>\n<\/div>\n<hr style=\"width: 100%;\" \/>\n","protected":false},"excerpt":{"rendered":"<p>German Authorities Warn of Potentially Violent Anti-Israel Protests in Berlin on International Workers\u2019 Day Ailin Vilches Arguello Anti-Israel protesters march in Germany, March 26, 2025. Photo: Sebastian Willnow\/dpa via Reuters Connect German authorities have warned of large-scale, potentially violent anti-Israel demonstrations expected to unfold in Berlin during the International Workers\u2019 Day protests on Thursday. Every [&hellip;]<\/p>\n","protected":false},"author":1,"featured_media":0,"comment_status":"closed","ping_status":"closed","sticky":false,"template":"","format":"standard","meta":[],"categories":[6],"tags":[26,24],"_links":{"self":[{"href":"https:\/\/www.reunion68.se\/index.php?rest_route=\/wp\/v2\/posts\/120827"}],"collection":[{"href":"https:\/\/www.reunion68.se\/index.php?rest_route=\/wp\/v2\/posts"}],"about":[{"href":"https:\/\/www.reunion68.se\/index.php?rest_route=\/wp\/v2\/types\/post"}],"author":[{"embeddable":true,"href":"https:\/\/www.reunion68.se\/index.php?rest_route=\/wp\/v2\/users\/1"}],"replies":[{"embeddable":true,"href":"https:\/\/www.reunion68.se\/index.php?rest_route=%2Fwp%2Fv2%2Fcomments&post=120827"}],"version-history":[{"count":4,"href":"https:\/\/www.reunion68.se\/index.php?rest_route=\/wp\/v2\/posts\/120827\/revisions"}],"predecessor-version":[{"id":120842,"href":"https:\/\/www.reunion68.se\/index.php?rest_route=\/wp\/v2\/posts\/120827\/revisions\/120842"}],"wp:attachment":[{"href":"https:\/\/www.reunion68.se\/index.php?rest_route=%2Fwp%2Fv2%2Fmedia&parent=120827"}],"wp:term":[{"taxonomy":"category","embeddable":true,"href":"https:\/\/www.reunion68.se\/index.php?rest_route=%2Fwp%2Fv2%2Fcategories&post=120827"},{"taxonomy":"post_tag","embeddable":true,"href":"https:\/\/www.reunion68.se\/index.php?rest_route=%2Fwp%2Fv2%2Ftags&post=120827"}],"curies":[{"name":"wp","href":"https:\/\/api.w.org\/{rel}","templated":true}]}}