{"id":120847,"date":"2025-05-01T17:00:19","date_gmt":"2025-05-01T15:00:19","guid":{"rendered":"http:\/\/www.reunion68.se\/?p=120847"},"modified":"2025-05-01T09:02:52","modified_gmt":"2025-05-01T07:02:52","slug":"01-00-98","status":"publish","type":"post","link":"https:\/\/www.reunion68.se\/?p=120847","title":{"rendered":"Hamas Urges Arson as Wildfires Grip Israel on Memorial Day"},"content":{"rendered":"<h5 style=\"text-align: center;\"><a href=\"https:\/\/www.algemeiner.com\/\" target=\"_blank\" rel=\"noopener noreferrer\"><img decoding=\"async\" class=\"center alignleft\" src=\"http:\/\/www.reunion68.com\/Biuletyn\/img\/algem.png\" alt=\"\" width=\"35%\" \/><\/a><span style=\"text-decoration: underline; color: #000080;\"><strong><a style=\"color: #000080; text-decoration: underline;\" href=\"https:\/\/www.algemeiner.com\/2025\/04\/30\/hamas-urges-arson-wildfires-grip-israel-memorial-day\/\" target=\"_blank\" rel=\"noopener noreferrer\">Hamas Urges Arson as Wildfires Grip Israel on Memorial Day<\/a><\/strong><\/span><\/h5>\n<p style=\"text-align: center;\"><span style=\"color: #000000;\"><strong>Debbie Weiss<\/strong><\/span><\/p>\n<hr style=\"height: 15px; background: #d0e6fa; width: 100%;\" \/>\n<p style=\"text-align: center;\"><img decoding=\"async\" class=\"aligncenter\" src=\"https:\/\/www.algemeiner.com\/wp-content\/uploads\/2025\/04\/2025-04-30T153342Z_2_LYNXMPEL3T0UP_RTROPTP_4_ISRAEL-WILDFIRE-1.jpg\" width=\"100%\" \/><span style=\"color: #808080;\"><em>Israeli security and rescue personnel work near Latrun in central Israel, as wildfires due to extreme heat and winds broke out in central Israel, April 30, 2025. Photo: REUTERS\/Oren Ben Hakoon<\/em><\/span><\/p>\n<p style=\"text-align: left;\"><span style=\"color: #000080;\">As wildfires swept through the Jerusalem hills and a national emergency was declared, Israel on Wednesday observed its annual Memorial Day for\u00a0<a style=\"color: #000080;\" href=\"https:\/\/www.algemeiner.com\/2025\/01\/09\/israel-suffered-over-18000-terror-attacks-2024-new-government-report-says\/\" target=\"_blank\" rel=\"noopener noreferrer\">fallen soldiers and victims of terror<\/a>\u00a0with nationwide sirens, official ceremonies, and moments of silence.<\/span><\/p>\n<p style=\"text-align: left;\"><span style=\"color: #000080;\">Hamas posted a message on Telegram on Wednesday afternoon urging Palestinians in Jerusalem and elsewhere to \u201cburn whatever you can of groves, forests, cars, and settler homes,\u201d to seek \u201crevenge\u201d for Gaza.<\/span><\/p>\n<p style=\"text-align: left;\"><span style=\"color: #000080;\">At 8 pm on Tuesday evening, a minute-long siren sounded across Israel, signaling the beginning of Yom HaZikaron, which commemorates soldiers killed in battle and victims of terrorism since the state\u2019s founding in 1948. Israelis stopped in their tracks, cars halted on highways, and heads bowed in memory. The scene repeated itself with another siren, this time for two minutes, the following day at 11 am.<\/span><\/p>\n<p style=\"text-align: center;\"><img decoding=\"async\" class=\"aligncenter\" src=\"https:\/\/www.algemeiner.com\/wp-content\/uploads\/2025\/04\/silence.jpg\" width=\"100%\" \/><span style=\"color: #808080;\"><em>Israelis stand for a moment of silence as the memorial siren sounds on Israel\u2019s Memorial Day. Photo: Meir Pavlovsky, OneFamily<\/em><\/span><\/p>\n<p style=\"text-align: left;\"><span style=\"color: #000080;\">As the country paid tribute to the fallen, large brushfires burned through forests and communities west of Jerusalem. Fanned by high winds, the fires led to evacuations in several areas and the temporary closure of Route 1, the main highway between Jerusalem and Tel Aviv. The Defense Ministry declared a national emergency and urged the public to avoid military cemeteries. The military was deployed to assist firefighting teams. The blazes come just a week after another in the area consumed nearly 3,000 acres of forest and open land.<\/span><\/p>\n<p style=\"text-align: left;\"><span style=\"color: #000080;\">Three people were arrested on suspicion of arson, including a 50-year-old resident of Jerusalem\u2019s Umm Tuba neighborhood who was accused of helping ignite the fires near the city. Police said he was caught trying to set fire to vegetation in southern Jerusalem and was apprehended after a short chase. Officers found a lighter, cotton wool, and other flammable materials on him.<\/span><\/p>\n<p style=\"text-align: left;\"><span style=\"color: #000080;\">Commander of the Jerusalem District Fire and Rescue Services Shmulik Friedman, who ordered the evacuation of six communities in the area, said authorities were possibly facing \u201cthe largest wildfire the country has ever seen\u201d that was set to get worse as wind speeds climbed above 60 miles per hour.<\/span><\/p>\n<p style=\"text-align: left;\"><span style=\"color: #000080;\">Israel\u2019s Transportation Minister Miri Regev canceled the evening\u2019s torch-lighting ceremony, traditionally held at Mount Herzl to open Independence Day, due to the\u00a0<a style=\"color: #000080;\" href=\"https:\/\/www.algemeiner.com\/2024\/06\/04\/fires-set-off-hezbollah-rockets-spread-northern-israel\/\" target=\"_blank\" rel=\"noopener noreferrer\">advancing fires<\/a>.\u00a0<\/span><\/p>\n<p style=\"text-align: left;\"><span style=\"color: #000080;\">Foreign Minister Gideon Sa\u2019ar contacted his counterparts in Cyprus, Croatia, Italy, and Greece to request aerial firefighting assistance. It was not immediately clear whether any of the countries would respond.<\/span><\/p>\n<p style=\"text-align: left;\"><span style=\"color: #000080;\">At the state ceremony for victims of terror at Mount Herzl, Israeli Prime Minister Benjamin Netanyahu was met with heckling from protesters calling for his resignation. Cries of \u201cYou are the head, you are guilty\u201d and \u201cThe hostages are suffering, bring them home now\u201d interrupted his address.<\/span><\/p>\n<p style=\"text-align: left;\"><span style=\"color: #000080;\">Netanyahu praised the sacrifices of Israeli soldiers who, he said, \u201csmashed the vice of our enemies.\u201d<\/span><\/p>\n<p style=\"text-align: left;\"><span style=\"color: #000080;\">Referring to the 1948 War of Independence, he added: \u201cThe rebirth of Israel, unfortunately, was bought with pain and blood.\u201d Netanyahu also condemned Palestinian incitement, saying, \u201cThe children of our enemies drink this poisonous fanaticism with their mother\u2019s milk\u00a0<a style=\"color: #000080;\" href=\"https:\/\/www.algemeiner.com\/2025\/03\/27\/new-gaza-school-curriculum-promotes-antisemitism-glorifies-hamas-attacks-report-finds\/\" target=\"_blank\" rel=\"noopener noreferrer\">in kindergartens, in textbooks<\/a>, in religious classes, in inciting sermons, in religious rulings that call for our destruction. But we will not allow them to destroy us because our life force is stronger than their force of death and destruction.\u201d<\/span><\/p>\n<p style=\"text-align: left;\"><span style=\"color: #000080;\">President Isaac Herzog also addressed the audience, referencing the hostages held in Gaza and the broader obligations of Israeli society. \u201cOur covenant with those who have died obligates us to support the soldiers of the IDF and all security forces \u2014 whether those performing national service, career soldiers, and reservists \u2014 and to care for those wounded in terror attacks and Israel\u2019s wars,\u201d he said.<\/span><\/p>\n<p style=\"text-align: center;\"><img decoding=\"async\" class=\"aligncenter\" src=\"https:\/\/www.algemeiner.com\/wp-content\/uploads\/2025\/04\/herzog.jpg\" width=\"100%\" \/><span style=\"color: #808080;\"><em>Israeli President Isaac Herzog. Photo: Israeli Government Press Office (GPO)<\/em><\/span><\/p>\n<p style=\"text-align: left;\"><span style=\"color: #000080;\">In Jerusalem, more than 1,000 people attended the annual ceremony of OneFamily, Israel\u2019s largest organization supporting\u00a0<a style=\"color: #000080;\" href=\"https:\/\/www.algemeiner.com\/2025\/01\/30\/bad-necessary-deal-five-members-his-family-were-murdered-today-their-killer-walks-free\/\" target=\"_blank\" rel=\"noopener noreferrer\">terror victims and their families<\/a>. Among those who spoke were siblings mourning lost brothers. \u201cBeing a bereaved twin is walking through this world split in half, knowing that part of your soul is no longer among the living,\u201d said Itamar Weisel, whose twin brother Master Sgt. Elkana Weisel was killed in Gaza in January 2024. Daniel Oren, whose triplet brother Aviel Oren was killed at the Nova music festival during Hamas\u2019s Oct. 7, 2023, massacre across southern Israel, also spoke of daily grief and remembrance.<\/span><\/p>\n<p style=\"text-align: center;\"><img decoding=\"async\" class=\"aligncenter\" src=\"https:\/\/www.algemeiner.com\/wp-content\/uploads\/2025\/04\/yom-hazik.jpg\" width=\"100%\" \/><span style=\"color: #808080;\"><em>L-R: Daniel Oren, whose triplet brother Aviel Oren, and Itamar Weisel, whose twin brother Master Sgt. Elkana Weisel was killed in Gaza, deliver speeches at the OneFamily memorial ceremony in Jerusalem on the evening of April 29, 2025. Photo: Meir Pavlovsky, OneFamily<\/em><\/span><\/p>\n<p style=\"text-align: left;\"><span style=\"color: #000080;\">An English-language ceremony was held at the Museum of Tolerance Jerusalem in partnership with the IDF Widows and Orphans Organization, attended by former Mossad chief Yossi Cohen, UN Ambassador Danny Danon, and other dignitaries. Cohen used the occasion to highlight the Iranian threat, saying it was \u201cnot just a strategic challenge, but a moral one.\u201d<\/span><\/p>\n<p style=\"text-align: left;\"><span style=\"color: #000080;\">Israel \u201cmust do everything in its power \u2014 diplomatically, politically, and<a style=\"color: #000080;\" href=\"https:\/\/www.algemeiner.com\/2025\/04\/28\/iran-warns-immediate-retaliation-any-israeli-strike-amid-nuclear-talks-us\/\" target=\"_blank\" rel=\"noopener noreferrer\">\u00a0if necessary, operationally \u2014 to ensure<\/a>\u00a0that Iran never acquires nuclear weapons,\u201d\u00a0the former spy chief said.<\/span><\/p>\n<p style=\"text-align: left;\"><span style=\"color: #000080;\">\u201cJust as our fallen stood bravely against danger, so too must we stand resolute against those who threaten the very existence of our nation,\u201d Cohen added.\u00a0<\/span><\/p>\n<p style=\"text-align: left;\"><span style=\"color: #000080;\">Still in Jerusalem, around 3,000 people attended an unusual memorial ceremony for ultra-Orthodox soldiers who served in IDF tracks designated for Haredi recruits. The event occurred amid renewed debate over a law to expand Haredi conscription, which remains a politically divisive issue. While the IDF issued about 10,000 conscription orders to eligible Haredi men over the past year, only 2 percent have reported for service. Extremist factions in the Haredi community have at times staged violent protests against the draft, targeting police and recruiters.<\/span><\/p>\n<p style=\"text-align: left;\"><span style=\"color: #000080;\">Another annual memorial event that often draws controversy was held in Jaffa, jointly organized by Combatants for Peace and the Parents Circle \u2013 Families Forum, and attended by bereaved Israelis and Palestinians.<\/span><\/p>\n<p style=\"text-align: left;\"><span style=\"color: #000080;\">In Hurfeish, a Druze village in northern Israel, hundreds gathered at the local military cemetery to remember fallen soldiers from the community. Diana Zoher Rabah, whose father was killed while serving in the Israel Defense Forces in 1994, said, \u201cEvery soldier who is killed brings up fresh memories.\u201d Two Druze soldiers from the village, Anwar Serhan and Jawad Amer, were killed during the current war. \u201cWe have lived with this pain for 30 years, and I know what they will go through for the next 30 years,\u201d Rabah said.<\/span><\/p>\n<p style=\"text-align: left;\"><span style=\"color: #000080;\">At the same event, Jerusalem Affairs Minister Meir Porush addressed recent\u00a0<a style=\"color: #000080;\" href=\"https:\/\/www.algemeiner.com\/2025\/04\/30\/israel-says-carried-out-warning-strike-extremists-syria-preparing-attack-druze\/\" target=\"_blank\" rel=\"noopener noreferrer\">violence in Syria involving the Druze community<\/a>. \u201cWe will make sure that nobody hurts the Druze in Syria,\u201d he said. More than a dozen people were killed this week in fighting between pro-regime Sunni militias and Druze residents near Damascus. Half of those killed were from the Druze community. Porush also recalled the July attack in Majdal Shams, where 12 Druze children were killed by Hezbollah rockets.\u00a0<\/span><\/p>\n<p style=\"text-align: left;\"><span style=\"color: #000080;\">\u201cThe Druze give so much to this nation,\u201d Porush said.<\/span><\/p>\n<p style=\"text-align: left;\"><span style=\"color: #000080;\">The Druze community has long been recognized for its loyalty to the state, with most serving in the IDF and national service. Sara Bisan, a Druze teenager from the national service told\u00a0<em>The Algemeiner<\/em>\u00a0from\u00a0<a style=\"color: #000080;\" href=\"https:\/\/www.algemeiner.com\/2025\/04\/24\/jewish-spirit-holocaust-survivors-freed-israeli-hostages-gather-auschwitz-march-living\/\" target=\"_blank\" rel=\"noopener noreferrer\">Auschwitz on Israel\u2019s Holocaust Remembrance Day<\/a>\u00a0last week that \u201cserving the state of Israel is an honor and a privilege.\u201d<\/span><\/p>\n<hr style=\"height: 15px; background: #d0e6fa; width: 100%;\" \/>\n<div id=\"content\" class=\"content-alignment\">\n<div id=\"watch-description\" class=\"yt-uix-button-panel\">\n<div id=\"watch-description-text\" style=\"text-align: center;\">\n<p><em>Zawarto\u015b\u0107 publikowanych artyku\u0142\u00f3w i materia\u0142\u00f3w nie reprezentuje pogl\u0105d\u00f3w ani opinii Reunion&#8217;68,<\/em><em><br \/>\nani te\u017c webmastera Blogu Reunion&#8217;68, chyba ze jest to wyra\u017anie zaznaczone.<br \/>\nTwoje uwagi, linki, w\u0142asne artyku\u0142y lub wiadomo\u015bci prze\u015blij na adres:<br \/>\n<\/em><span style=\"color: #000080;\"><strong><em><a style=\"color: #000080;\" href=\"mailto:webmaster@reunion68.com\"><span style=\"text-decoration: underline;\">webmaster@reunion68.com<\/span><\/a><\/em><\/strong><\/span><\/p>\n<\/div>\n<\/div>\n<\/div>\n<hr style=\"width: 100%;\" \/>\n","protected":false},"excerpt":{"rendered":"<p>Hamas Urges Arson as Wildfires Grip Israel on Memorial Day Debbie Weiss Israeli security and rescue personnel work near Latrun in central Israel, as wildfires due to extreme heat and winds broke out in central Israel, April 30, 2025. Photo: REUTERS\/Oren Ben Hakoon As wildfires swept through the Jerusalem hills and a national emergency was [&hellip;]<\/p>\n","protected":false},"author":1,"featured_media":0,"comment_status":"closed","ping_status":"closed","sticky":false,"template":"","format":"standard","meta":[],"categories":[3],"tags":[26,24],"_links":{"self":[{"href":"https:\/\/www.reunion68.se\/index.php?rest_route=\/wp\/v2\/posts\/120847"}],"collection":[{"href":"https:\/\/www.reunion68.se\/index.php?rest_route=\/wp\/v2\/posts"}],"about":[{"href":"https:\/\/www.reunion68.se\/index.php?rest_route=\/wp\/v2\/types\/post"}],"author":[{"embeddable":true,"href":"https:\/\/www.reunion68.se\/index.php?rest_route=\/wp\/v2\/users\/1"}],"replies":[{"embeddable":true,"href":"https:\/\/www.reunion68.se\/index.php?rest_route=%2Fwp%2Fv2%2Fcomments&post=120847"}],"version-history":[{"count":10,"href":"https:\/\/www.reunion68.se\/index.php?rest_route=\/wp\/v2\/posts\/120847\/revisions"}],"predecessor-version":[{"id":120871,"href":"https:\/\/www.reunion68.se\/index.php?rest_route=\/wp\/v2\/posts\/120847\/revisions\/120871"}],"wp:attachment":[{"href":"https:\/\/www.reunion68.se\/index.php?rest_route=%2Fwp%2Fv2%2Fmedia&parent=120847"}],"wp:term":[{"taxonomy":"category","embeddable":true,"href":"https:\/\/www.reunion68.se\/index.php?rest_route=%2Fwp%2Fv2%2Fcategories&post=120847"},{"taxonomy":"post_tag","embeddable":true,"href":"https:\/\/www.reunion68.se\/index.php?rest_route=%2Fwp%2Fv2%2Ftags&post=120847"}],"curies":[{"name":"wp","href":"https:\/\/api.w.org\/{rel}","templated":true}]}}