{"id":120874,"date":"2025-05-02T17:05:49","date_gmt":"2025-05-02T15:05:49","guid":{"rendered":"http:\/\/www.reunion68.se\/?p=120874"},"modified":"2025-05-02T07:51:42","modified_gmt":"2025-05-02T05:51:42","slug":"02-05-112","status":"publish","type":"post","link":"https:\/\/www.reunion68.se\/?p=120874","title":{"rendered":"\u2018When Israel Is Strong, America Is Strong\u2019: US Politicians Mark Israel\u2019s 77th Independence Day"},"content":{"rendered":"<h5 style=\"text-align: center;\"><a href=\"https:\/\/www.algemeiner.com\/\" target=\"_blank\" rel=\"noopener noreferrer\"><img decoding=\"async\" class=\"center alignleft\" src=\"http:\/\/www.reunion68.com\/Biuletyn\/img\/algem.png\" alt=\"\" width=\"35%\" \/><\/a><span style=\"text-decoration: underline; color: #000080;\"><span><strong><a style=\"color: #000080; text-decoration: underline;\" href=\"https:\/\/www.algemeiner.com\/2025\/05\/01\/when-israel-strong-america-strong-us-politicians-mark-israels-77th-independence-day\/\" target=\"_blank\" rel=\"noopener noreferrer\">\u2018When Israel Is Strong, America Is Strong\u2019: US Politicians Mark Israel\u2019s 77th Independence Day<\/a><\/strong><\/span><\/span><\/h5>\n<p style=\"text-align: center;\"><span style=\"color: #000000;\"><strong>Corey Walker<\/strong><\/span><\/p>\n<hr style=\"height: 15px; background: #d0e6fa; width: 100%;\" \/>\n<p style=\"text-align: center;\"><img decoding=\"async\" class=\"aligncenter\" src=\"https:\/\/www.algemeiner.com\/wp-content\/uploads\/2024\/11\/36982ED06C361145AD05251AACE668C8.p3-2.png\" width=\"100%\" \/><span style=\"color: #808080;\"><em>US Rep. Elise Stefanik (R-NY) addressing the Israeli parliament on May 24, 2024. Photo: Office of Congresswoman Elise Stefanik.<\/em><\/span><\/p>\n<p><span style=\"color: #000080;\">US politicians across the political aisle congratulated Israel as the Jewish state celebrated the 77th anniversary of its independence, noting the importance of the relationship between the two allies.<\/span><\/p>\n<p><span style=\"color: #000080;\">On Tuesday night, Israel began observing Yom HaZikaron, its annual Memorial Day which commemorates soldiers killed in battle and victims of terrorism since the state\u2019s founding in 1948. Then on Wednesday night, Israel began celebrating Yom HaAtzmaut, its Independence Day. However,\u00a0<span class=\"css-1jxf684 r-bcqeeo r-1ttztb7 r-qvutc0 r-poiln3\">many celebrations were canceled or postponed throughout the country as\u00a0<a style=\"color: #000080;\" href=\"https:\/\/www.algemeiner.com\/2025\/04\/30\/hamas-urges-arson-wildfires-grip-israel-memorial-day\/\" target=\"_blank\" rel=\"noopener noreferrer\">massive wildfires continued to engulf<\/a>\u00a0the Jewish state.<\/span><\/span><\/p>\n<p><span class=\"css-1jxf684 r-bcqeeo r-1ttztb7 r-qvutc0 r-poiln3\" style=\"color: #000080;\">This year\u2019s observance comes at a time of heightened political debate and security concerns amid the war in Gaza escalating tensions with Iran, prompting renewed dialogue on unity and national direction.\u00a0<\/span><\/p>\n<p><span style=\"color: #000080;\">US Rep. Elise Stefanik (R-NY) acknowledged Israel\u2019s Independence Day, stating that the holiday represents a testament to the Jewish state\u2019s \u201cstrength, spirit, and resilience.\u201d<\/span><\/p>\n<p><span style=\"color: #000080;\">Stefanik has established herself as a strong ally of the Jewish community. While serving on the House Education and the Workforce Committee, she has lambasted administrators of elite universities for their allegedly mealy-mouthed condemnations of antisemitism and tolerance of anti-Jewish discrimination at their schools. In December 2023, Stefanik engaged in a\u00a0<a style=\"color: #000080;\" href=\"https:\/\/www.algemeiner.com\/2024\/01\/02\/harvard-president-claudine-gay-resigns\/\" target=\"_blank\" rel=\"noopener noreferrer\">fiery back-and-forth<\/a>\u00a0with the presidents of Harvard University, the University of Pennsylvania, and the Massachusetts Institute of Technology over their handling of a surge in antisemitism on campus.<\/span><\/p>\n<p><span style=\"color: #000080;\">\u201cAs the sun sets and Yom HaZikaron comes to a close, Israel transitions from mourning to joy \u2014honoring the cost of freedom and celebrating its independence and honoring 76 years of strength, spirit, and resilience,\u201d Stefanik said in a statement.<\/span><\/p>\n<p><span style=\"color: #000080;\">New York City Mayor Eric Adams (D) also issued a statement celebrating Israel\u2019s Independence Day, vowing to continue to use his platform to support the Jewish community.<\/span><\/p>\n<p><span style=\"color: #000080;\">\u201cTonight, NYC City Hall shines blue &amp; white as we honor Israel\u2019s 77th Independence Day. We illuminate in celebration of Yom Ha\u2019atzmaut and stand with Israel and our Jewish community today and always,\u201d Adams said.<\/span><\/p>\n<p><span style=\"color: #000080;\">In recent weeks, Adams has attempted to salvage his fledging mayoral reelection campaign by underscoring the importance of combatting antisemitism. Last week, reports surfaced that he plans on running on an \u201cEndAntiSemitism\u201d ballot line. Adams, who secured his 2021 mayoral victory with a significant amount of Orthodox Jewish support, has repeatedly spoken out about antisemitism in the aftermath of the Oct. 7, 2023, terror attacks throughout Israel.<\/span><\/p>\n<p><span style=\"color: #000080;\">Sen. Ted Cruz (R-TX) also commemorated Israel\u2019s Independence Day, stating that a strong Israel benefits the United States, and that he will always be a supporter of the Jewish state.<\/span><\/p>\n<p><span style=\"color: #000080;\">\u201cWhen Israel is strong, America and the world are strong. I will always stand unequivocally and unapologetically with Israel, our friend and ally,\u201d Cruz said.<\/span><\/p>\n<p><span style=\"color: #000080;\"><span class=\"relative -mx-px my-[-0.2rem] rounded px-px py-[0.2rem] transition-colors duration-100 ease-in-out\">Cruz has long been a vocal supporter of Israel, emphasizing the nation\u2019s right to self-defense and sovereignty.<\/span>\u00a0<span class=\"relative -mx-px my-[-0.2rem] rounded px-px py-[0.2rem] transition-colors duration-100 ease-in-out\">In a 2025 address to the Sovereignty Conference in Jerusalem, Cruz affirmed that Israel\u2019s presence in the West Bank is rooted in biblical history and modern legal rights. During a 2021 visit to Israel, he met with Prime Minister Benjamin Netanyahu, stating that Israel not only has the right but a responsibility to defend itself, particularly against threats from Iran and Hamas. Additionally, Cruz has been vocal in criticizing US policies he perceives as undermining Israel\u2019s security, including the administration\u2019s financial dealings with Iran, which he argues have indirectly funded terrorist activities.<\/span><\/span><\/p>\n<p><span style=\"color: #000080;\">New York Gov.\u00a0<a style=\"color: #000080;\" href=\"https:\/\/www.algemeiner.com\/2024\/12\/25\/adl-applauds-ny-governor-hochul-for-signing-new-social-media-transparency-law-against-online-hate-speech\/\" target=\"_blank\" rel=\"noopener noreferrer\">Kathy Hochul<\/a>\u00a0(D) expressed pride in New York\u2019s substantial Jewish community, adding that she stands \u201cin solidarity\u201d with Israel.<\/span><\/p>\n<p><span style=\"color: #000080;\"><span class=\"css-1jxf684 r-bcqeeo r-1ttztb7 r-qvutc0 r-poiln3\">\u201cTonight, we celebrate Yom Ha\u2019atzmaut and\u00a0<\/span><span class=\"css-1jxf684 r-bcqeeo r-1ttztb7 r-qvutc0 r-poiln3 r-b88u0q\">Israel\u2019<\/span><span class=\"css-1jxf684 r-bcqeeo r-1ttztb7 r-qvutc0 r-poiln3\">s 77th\u00a0<\/span><span class=\"css-1jxf684 r-bcqeeo r-1ttztb7 r-qvutc0 r-poiln3 r-b88u0q\">Independence<\/span>\u00a0<span class=\"css-1jxf684 r-bcqeeo r-1ttztb7 r-qvutc0 r-poiln3 r-b88u0q\">Day<\/span><span class=\"css-1jxf684 r-bcqeeo r-1ttztb7 r-qvutc0 r-poiln3\">! New York is proud to be the home of the largest Jewish population outside of\u00a0<\/span><span class=\"css-1jxf684 r-bcqeeo r-1ttztb7 r-qvutc0 r-poiln3 r-b88u0q\">Israel<\/span><span class=\"css-1jxf684 r-bcqeeo r-1ttztb7 r-qvutc0 r-poiln3\">, and we\u2019re proud to stand in solidarity with the Israeli people,\u201d Hochul wrote.\u00a0<\/span><\/span><\/p>\n<p><span style=\"color: #000080;\"><span class=\"relative -mx-px my-[-0.2rem] rounded px-px py-[0.2rem] transition-colors duration-100 ease-in-out\">Hochul has demonstrated strong support for Israel, particularly in the wake of the Oct. 7 Hamas-led attacks.<\/span>\u00a0<span class=\"relative -mx-px my-[-0.2rem] rounded px-px py-[0.2rem] transition-colors duration-100 ease-in-out\">She led a bipartisan coalition of 17 governors in condemning the massacre and expressing solidarity with Israel, emphasizing the unbreakable bond between the US and the Jewish state.\u00a0<\/span><span class=\"relative -mx-px my-[-0.2rem] rounded px-px py-[0.2rem] transition-colors duration-100 ease-in-out\">Hochul also visited Israel during the conflict, meeting with victims and officials to reaffirm New York\u2019s commitment.<\/span>\u00a0<span class=\"relative -mx-px my-[-0.2rem] rounded px-px py-[0.2rem] transition-colors duration-100 ease-in-out\">Domestically, she has taken steps to honor victims, such as directing state landmarks to be lit in Israel\u2019s colors and ordering flags at half-staff.<\/span><\/span><\/p>\n<p><span style=\"color: #000080;\">Rep.\u00a0<a style=\"color: #000080;\" href=\"https:\/\/www.algemeiner.com\/2024\/10\/29\/us-lawmakers-defend-conservative-pundit-he-makes-pager-jab-anti-israel-commentator-mehdi-hasan\/\" target=\"_blank\" rel=\"noopener noreferrer\">Brian Mast<\/a>\u00a0(R-FL), chairman of the House Foreign Affairs Committee, also marked Israel\u2019s Independence Day with a statement on X\/Twitter.<\/span><\/p>\n<p><span style=\"color: #000080;\">\u201cSeventy-seven years ago, the Jewish people declared sovereignty over their ancestral homeland. Happy Independence Day to Israel \u2014 our greatest ally in the Middle East,\u201d Mast posted.<\/span><\/p>\n<p><span style=\"color: #000080;\"><span class=\"relative -mx-px my-[-0.2rem] rounded px-px py-[0.2rem] transition-colors duration-100 ease-in-out\">Mast has established himself as one of Israel\u2019s most vocal supporters in Congress, intertwining personal experience with legislative advocacy.<\/span>\u00a0<span class=\"relative -mx-px my-[-0.2rem] rounded px-px py-[0.2rem] transition-colors duration-100 ease-in-out\">Mast, a US Army veteran who lost both legs during a tour in Afghanistan, volunteered with the Israel Defense Forces in 2015.<\/span>\u00a0<span class=\"relative -mx-px my-[-0.2rem] rounded px-px py-[0.2rem] transition-colors duration-100 ease-in-out\">Following the October 2023 Hamas attacks on Israel, Mast donned his IDF uniform on Capitol Hill to express support with the Jewish state.<\/span>\u00a0<span class=\"relative -mx-px my-[-0.2rem] rounded px-px py-[0.2rem] transition-colors duration-100 ease-in-out\">As chair of the House Foreign Affairs Committee, he has championed measures to bolster US-Israel ties, including legislation to prevent US funds from supporting\u00a0<a style=\"color: #000080;\" href=\"https:\/\/www.algemeiner.com\/2025\/03\/27\/new-gaza-school-curriculum-promotes-antisemitism-glorifies-hamas-attacks-report-finds\/\" target=\"_blank\" rel=\"noopener noreferrer\">antisemitic education in Gaza<\/a>.<\/span><\/span><\/p>\n<hr style=\"height: 15px; background: #d0e6fa; width: 100%;\" \/>\n<div id=\"content\" class=\"content-alignment\">\n<div id=\"watch-description\" class=\"yt-uix-button-panel\">\n<div id=\"watch-description-text\" style=\"text-align: center;\">\n<p><em>Zawarto\u015b\u0107 publikowanych artyku\u0142\u00f3w i materia\u0142\u00f3w nie reprezentuje pogl\u0105d\u00f3w ani opinii Reunion&#8217;68,<\/em><em><br \/>\nani te\u017c webmastera Blogu Reunion&#8217;68, chyba ze jest to wyra\u017anie zaznaczone.<br \/>\nTwoje uwagi, linki, w\u0142asne artyku\u0142y lub wiadomo\u015bci prze\u015blij na adres:<br \/>\n<\/em><span style=\"color: #000080;\"><strong><em><a style=\"color: #000080;\" href=\"mailto:webmaster@reunion68.com\"><span style=\"text-decoration: underline;\">webmaster@reunion68.com<\/span><\/a><\/em><\/strong><\/span><\/p>\n<\/div>\n<\/div>\n<\/div>\n<hr style=\"width: 100%;\" \/>\n","protected":false},"excerpt":{"rendered":"<p>\u2018When Israel Is Strong, America Is Strong\u2019: US Politicians Mark Israel\u2019s 77th Independence Day Corey Walker US Rep. Elise Stefanik (R-NY) addressing the Israeli parliament on May 24, 2024. Photo: Office of Congresswoman Elise Stefanik. US politicians across the political aisle congratulated Israel as the Jewish state celebrated the 77th anniversary of its independence, noting [&hellip;]<\/p>\n","protected":false},"author":1,"featured_media":0,"comment_status":"closed","ping_status":"closed","sticky":false,"template":"","format":"standard","meta":[],"categories":[6],"tags":[26,24],"_links":{"self":[{"href":"https:\/\/www.reunion68.se\/index.php?rest_route=\/wp\/v2\/posts\/120874"}],"collection":[{"href":"https:\/\/www.reunion68.se\/index.php?rest_route=\/wp\/v2\/posts"}],"about":[{"href":"https:\/\/www.reunion68.se\/index.php?rest_route=\/wp\/v2\/types\/post"}],"author":[{"embeddable":true,"href":"https:\/\/www.reunion68.se\/index.php?rest_route=\/wp\/v2\/users\/1"}],"replies":[{"embeddable":true,"href":"https:\/\/www.reunion68.se\/index.php?rest_route=%2Fwp%2Fv2%2Fcomments&post=120874"}],"version-history":[{"count":4,"href":"https:\/\/www.reunion68.se\/index.php?rest_route=\/wp\/v2\/posts\/120874\/revisions"}],"predecessor-version":[{"id":120893,"href":"https:\/\/www.reunion68.se\/index.php?rest_route=\/wp\/v2\/posts\/120874\/revisions\/120893"}],"wp:attachment":[{"href":"https:\/\/www.reunion68.se\/index.php?rest_route=%2Fwp%2Fv2%2Fmedia&parent=120874"}],"wp:term":[{"taxonomy":"category","embeddable":true,"href":"https:\/\/www.reunion68.se\/index.php?rest_route=%2Fwp%2Fv2%2Fcategories&post=120874"},{"taxonomy":"post_tag","embeddable":true,"href":"https:\/\/www.reunion68.se\/index.php?rest_route=%2Fwp%2Fv2%2Ftags&post=120874"}],"curies":[{"name":"wp","href":"https:\/\/api.w.org\/{rel}","templated":true}]}}