{"id":120976,"date":"2025-05-07T17:09:58","date_gmt":"2025-05-07T15:09:58","guid":{"rendered":"http:\/\/www.reunion68.se\/?p=120976"},"modified":"2025-05-07T07:43:51","modified_gmt":"2025-05-07T05:43:51","slug":"07-09-92","status":"publish","type":"post","link":"https:\/\/www.reunion68.se\/?p=120976","title":{"rendered":"Przez Kneecap wstydz\u0119 si\u0119, \u017ce jestem Irlandczykiem"},"content":{"rendered":"<p><img decoding=\"async\" class=\"aligncenter\" src=\"https:\/\/www.spiked-online.com\/wp-content\/uploads\/2025\/04\/kneecap-1536x864.jpg\" width=\"100%\" \/><\/p>\n<hr \/>\n<h5 style=\"text-align: center;\"><a href=\"https:\/\/www.listyznaszegosadu.pl\/\" target=\"_blank\" rel=\"noopener noreferrer\"><img decoding=\"async\" class=\"center alignleft\" src=\"http:\/\/www.reunion68.com\/Biuletyn\/img\/z-naszego.jpg\" alt=\"\" width=\"35%\" \/><\/a><span style=\"text-decoration: underline; color: #000080;\"><span><strong><a style=\"color: #000080; text-decoration: underline;\" href=\"https:\/\/www.listyznaszegosadu.pl\/brunatna-fala\/przez-kneecap-wstydze-sie-ze-jestem-irlandczykiem\" target=\"_blank\" rel=\"noopener noreferrer\">Przez Kneecap wstydz\u0119 si\u0119, \u017ce jestem Irlandczykiem<\/a><\/strong><\/span><\/span><\/h5>\n<p style=\"text-align: center;\"><span style=\"color: #000000;\"><strong>Brendan O&#8217;Neill<br \/>\n<\/strong><span style=\"color: #808080;\"><em>T\u0142umaczenie: <\/em><\/span><strong>Ma\u0142gorzata Koraszewska<\/strong><\/span><\/p>\n<hr style=\"height: 15px; background: #d0e6fa; width: 100%;\" \/>\n<div class=\"templateArticleIngress\" style=\"text-align: left;\"><span style=\"color: #000080;\">Jaka jest r\u00f3\u017cnica mi\u0119dzy Kanyem Westem\u00a0<a style=\"color: #000080;\" href=\"https:\/\/www.timesofisrael.com\/kanye-west-praises-hitler-calls-himself-a-nazi-in-fresh-antisemitic-x-rant\/\" target=\"_blank\" rel=\"noopener noreferrer\">zachwycaj\u0105cym si\u0119 Hitlerem<\/a>\u00a0a zespo\u0142em Kneecap m\u00f3wi\u0105cym \u201e<a style=\"color: #000080;\" href=\"https:\/\/news.sky.com\/story\/counter-terror-police-assessing-kneecap-concert-video-13354451\" target=\"_blank\" rel=\"noopener noreferrer\">G\u00f3r\u0105 Hamas<\/a>\u201d? To wszystko s\u0105 raperzy chwal\u0105cy morderc\u00f3w \u017byd\u00f3w, prawda? Kanye woli oryginalnego gangstera morderczego faszyzmu, posuwaj\u0105c si\u0119 nawet do zamieszczania zdj\u0119cia Hitlera\u00a0<a style=\"color: #000080;\" href=\"https:\/\/www.jewishnews.co.uk\/kanye-west-sparks-fresh-outrage-with-hitler-post-and-goat-emoji-on-x\/\" target=\"_blank\" rel=\"noopener noreferrer\">obok emoji GOAT<\/a>\u00a0\u2013 kr\u00f3tko m\u00f3wi\u0105c, Hitler by\u0142 Najwi\u0119kszym Cz\u0142owiekiem Wszech Czas\u00f3w. Kneecap z kolei wydaje si\u0119 mie\u0107 s\u0142abo\u015b\u0107 do faszyzmu z islamistycznym zaci\u0119ciem. \u201eG\u00f3r\u0105 Hamas!\u201d, krzyczeli na koncercie w Londynie, zaledwie rok po tym, jak Hamas dokona\u0142 najgorszego aktu antysemickiej rzezi od czas\u00f3w bohatera Kanye\u2019a.<\/span><\/div>\n<p style=\"text-align: left;\">\n<div class=\"templateArticleBrodtext\">\n<p class=\"text-sm\" style=\"text-align: left;\"><span style=\"color: #000080;\">Kanye czuli si\u0119 do cz\u0142owieka, kt\u00f3ry zorganizowa\u0142 najwi\u0119ksz\u0105 zbrodni\u0119 XX wieku, Kneecap chwali armi\u0119 antysemit\u00f3w, kt\u00f3ra dopu\u015bci\u0142a si\u0119 najgorszego aktu brutalnej nienawi\u015bci rasowej w XXI wieku. Kanye podziwia dyktatora, kt\u00f3ry da\u0142 zielone \u015bwiat\u0142o uprzemys\u0142owionemu spaleniu sze\u015bciu milion\u00f3w \u017byd\u00f3w, Kneecap podziwia neofaszystowsk\u0105 milicj\u0119, kt\u00f3ra 7 pa\u017adziernika 2023 r. zniszczy\u0142a ponad tysi\u0105c g\u0142\u00f3wnie \u017cydowskich istnie\u0144. Dwa bardzo r\u00f3\u017cne zespo\u0142y hiphopowe zjednoczone ponur\u0105 fascynacj\u0105 gnojami, kt\u00f3rzy zabijaj\u0105 \u017byd\u00f3w.<\/span><\/p>\n<p style=\"text-align: left;\">\n<p style=\"text-align: left;\"><span style=\"color: #000080;\">Ale rzecz w tym, \u017ce podczas gdy przebudzona lewica pot\u0119pia Kanye, chwali Kneecap. Pot\u0119pia fanatyczn\u0105 mi\u0142o\u015b\u0107 Kanye&#8217;a do Hitlera jako dow\u00f3d na jego zaburzenia umys\u0142owe, ale broni otwartych flirt\u00f3w zespo\u0142u Kneecap z faszystami z Hamasu jako odwa\u017cnego sprzeciwu wobec \u201eimperializmu\u201d. Nie mo\u017cna prosi\u0107 o lepszy dow\u00f3d na to, jak dzisiejsza modna nienawi\u015b\u0107 do Izraela grilluje umys\u0142y i niszczy moraln\u0105 wra\u017cliwo\u015b\u0107 tych, kt\u00f3rzy pozuj\u0105 na post\u0119powych. To, \u017ce londy\u0144skie bur\u017cuazyjne, wypasione bachory podrygiwa\u0142y w ekstazie, kiedy Kneecap wychwala\u0142 rasistowskich morderc\u00f3w Izraelczyk\u00f3w, jest sam\u0105 esencj\u0105 kryzysu cywilizacji.<\/span><\/p>\n<p style=\"text-align: left;\">\n<p style=\"text-align: left;\"><span style=\"color: #000080;\">Kneecap to rapuj\u0105ce\u00a0<a style=\"color: #000080;\" href=\"https:\/\/www.newsletter.co.uk\/news\/people\/kneecap-who-are-belfasts-republican-irish-language-rap-trio-and-why-are-they-labelled-controversial-a-breakdown-of-the-groups-background-lyrics-and-antics-4492735\" target=\"_blank\" rel=\"noopener noreferrer\">trio z Belfastu<\/a>. To teatralni g\u00f3wniarze przybieraj\u0105cy poz\u0119 irlandzkich rebeliant\u00f3w. Jeden z nich ma 35 lat i nosi tr\u00f3jkolorow\u0105 kominiark\u0119. Rapuj\u0105 o braniu ketu i nienawi\u015bci do \u201eBryt\u00f3w\u201d. To wprawia gnojk\u00f3w z Shoreditch i inne afektowane chujki w ekstaz\u0119, a jednocze\u015bnie doprowadza do sza\u0142u takie media jak\u00a0\u201e<em>Daily Mail\u201d<\/em>. I naprawd\u0119 nienawidz\u0105 Izraela. Oczywi\u015bcie, \u017ce tak. Jak inaczej mo\u017cna pozosta\u0107 ulubie\u0144cem \u201e<em>Guardiana\u201d<\/em>,\u00a0<a style=\"color: #000080;\" href=\"https:\/\/www.bbc.co.uk\/news\/articles\/cj48jl05pp5o\" target=\"_blank\" rel=\"noopener noreferrer\">BAFTA<\/a>\u00a0i ka\u017cdego innego wp\u0142ywowego bufona w keffiji, je\u015bli nie przez g\u0142oszenie izraelofobii, kt\u00f3ra jest absolutnie\u00a0<em>de rigueur<\/em>\u00a0w takich kr\u0119gach?<\/span><\/p>\n<p style=\"text-align: left;\">\n<p style=\"text-align: left;\"><span style=\"color: #000080;\">Kneecap ponownie trafi\u0142 na pierwsze strony gazet w tym tygodniu po\u00a0<a style=\"color: #000080;\" href=\"https:\/\/www.independent.co.uk\/arts-entertainment\/music\/news\/sharon-osbourne-kneecap-coachella-set-palestine-israel-b2737953.html\" target=\"_blank\" rel=\"noopener noreferrer\">wyst\u0119pie na festiwalu Coachella<\/a>, festiwalu muzycznym na kalifornijskiej pustyni uwielbianym przez bogate bia\u0142e bachory, kt\u00f3re myl\u0105 deklarowanie swoich zaimk\u00f3w z posiadaniem osobowo\u015bci. Wprawili swoich fan\u00f3w w sza\u0142 fa\u0142szywego radykalizmu, ka\u017c\u0105c im skandowa\u0107 \u201e<a style=\"color: #000080;\" href=\"https:\/\/www.rollingstone.com\/music\/music-features\/kneecap-responds-coachella-message-palestine-1235322593\/\" target=\"_blank\" rel=\"noopener noreferrer\">Pieprzy\u0107 Izrael<\/a>\u201d. Nie by\u0142o nawet cienia solidarno\u015bci z\u00a0<a style=\"color: #000080;\" href=\"https:\/\/www.barrons.com\/news\/israel-revises-death-toll-from-2023-attack-on-music-festival-f94b4ad8\" target=\"_blank\" rel=\"noopener noreferrer\">378 m\u0142odymi lud\u017ami<\/a>\u00a0zamordowanymi przez rasistowsk\u0105 milicj\u0119 na innym festiwalu muzycznym na pustyni zaledwie 18 miesi\u0119cy temu: festiwalu Nova. C\u00f3\u017c, byli tylko Izraelczykami, a jak m\u00f3wi Kneecap: \u201ePieprzy\u0107 Izrael\u201d.<\/span><\/p>\n<p style=\"text-align: left;\">\n<p style=\"text-align: left;\"><span style=\"color: #000080;\">Jest co\u015b tak bezlitosnego w bogatych, rozpuszczonych na dziadowski bicz bachorach w USA, przemilczaj\u0105cych m\u0142odzie\u017cy z Nova, kt\u00f3ra by\u0142a taka sama jak one i kt\u00f3r\u0105 zamordowano za \u201ezbrodni\u0119\u201d bycia \u017bydami. To tak g\u0142\u0119boka pora\u017cka ludzko\u015bci, jak\u0105 mog\u0119 sobie przypomnie\u0107. Zamiast tego, na \u017c\u0105danie fetowanych raper\u00f3w, kt\u00f3rzy papuguj\u0105 ka\u017cdy bur\u017cuazyjny bana\u0142 zza swoich absurdalnych kominiarek, te gnojki skandowa\u0142y \u201ePieprzy\u0107 Izrael\u201d. Wyobra\u017a sobie, \u017ce jeste\u015b ocala\u0142ym z pogromu w Nova i widzisz, jak twoi r\u00f3wie\u015bnicy na festiwalu Coachella zachowuj\u0105 si\u0119 w ten spos\u00f3b \u2013 to osza\u0142amia.<\/span><\/p>\n<p style=\"text-align: left;\">\n<p style=\"text-align: left;\"><span style=\"color: #000080;\">Po festiwalu Coachella ludzie odkrywaj\u0105, \u017ce wyjce z Kneecap nie tylko nienawidz\u0105 Izraela \u2013 podziwiaj\u0105 r\u00f3wnie\u017c jego faszystowskich wrog\u00f3w. Dzie\u0144 po pogromie 7 pa\u017adziernika opublikowali zdj\u0119cie, na kt\u00f3rym u\u015bmiechaj\u0105 si\u0119 od ucha do ucha, i napisem: \u201e<a style=\"color: #000080;\" href=\"https:\/\/x.com\/kneecapceol\/status\/1711082179218805218?s=46\" target=\"_blank\" rel=\"noopener noreferrer\">Solidarno\u015b\u0107 z walk\u0105 Palesty\u0144czyk\u00f3w<\/a>\u201d. To by\u0142o tak obrzydliwe, jakby kto\u015b powiedzia\u0142 \u201eSolidarno\u015b\u0107 z walk\u0105 Niemc\u00f3w\u201d po\u00a0<em>Kristallnacht<\/em>. Jeden z nich, ten kretyn w tr\u00f3jkolorowej kominiarce, pozowa\u0142 z kopi\u0105\u00a0<a style=\"color: #000080;\" href=\"https:\/\/www.thejc.com\/news\/israel\/who-are-kneecap-irish-rappers-behind-coachella-set-previously-led-pro-hezbollah-chant-cuxedcv4\" target=\"_blank\" rel=\"noopener noreferrer\">zebranych przem\u00f3wie\u0144 Hassana Nasrallaha<\/a>, nie\u017cyj\u0105cego przyw\u00f3dcy Hezbollahu, kt\u00f3ry by\u0142\u00a0<a style=\"color: #000080;\" href=\"https:\/\/www.ajc.org\/news\/hezbollah-incites-antisemitism-factsheet-8\" target=\"_blank\" rel=\"noopener noreferrer\">notorycznym antysemit\u0105<\/a>. A wcze\u015bniej sk\u0142onili swoj\u0105 publiczno\u015b\u0107 do skandowania \u201e<a style=\"color: #000080;\" href=\"https:\/\/www.spectator.co.uk\/article\/kneecap-are-basic-but-thrilling\/\" target=\"_blank\" rel=\"noopener noreferrer\">Och-ach-Hezbollah!<\/a>\u201d.<\/span><\/p>\n<p style=\"text-align: left;\">\n<p style=\"text-align: left;\"><span style=\"color: #000080;\">Teraz wysz\u0142o na jaw, \u017ce podczas koncertu w Londynie w listopadzie ubieg\u0142ego roku, wywiesili flag\u0119 Hezbollahu i krzyczeli: \u201eG\u00f3r\u0105 Hamas, g\u00f3r\u0105 Hezbollah!\u201d T\u0142um rycza\u0142 z zachwytu. By\u0142a to widownia sk\u0142adaj\u0105ca si\u0119 g\u0142\u00f3wnie z \u201epost\u0119powc\u00f3w\u201d z klasy \u015bredniej, kt\u00f3rzy uwa\u017caj\u0105 si\u0119 za antyfaszyst\u00f3w. A jednak tutaj wiwatowali na cze\u015b\u0107 milicji za\u0142o\u017conej w celu mordowania \u017byd\u00f3w (Hamas) i ruchu, kt\u00f3ry nazywa \u017cydowsk\u0105 obecno\u015b\u0107 na Bliskim Wschodzie \u201e<a style=\"color: #000080;\" href=\"https:\/\/www.thejc.com\/news\/israel\/hezbollah-chief-calls-israel-a-cancerous-growth-which-must-be-destroyed-nweh5h5t\" target=\"_blank\" rel=\"noopener noreferrer\">rakowatym naro\u015blem<\/a>\u201d, kt\u00f3ry \u201emusi zosta\u0107 zniszczony\u201d (Hezbollah). Ka\u017cdy \u017byd, kt\u00f3ry prze\u017cyje nasz\u0105 chwalebn\u0105 zag\u0142ad\u0119, \u201eb\u0119dzie m\u00f3g\u0142 wr\u00f3ci\u0107 do Niemiec lub sk\u0105dkolwiek pochodzi\u201d,\u00a0<a style=\"color: #000080;\" href=\"https:\/\/www.newyorker.com\/magazine\/2002\/10\/14\/in-the-party-of-god\" target=\"_blank\" rel=\"noopener noreferrer\">m\u00f3wi Hezbollah<\/a>.<\/span><\/p>\n<p style=\"text-align: left;\">\n<p style=\"text-align: left;\"><span style=\"color: #000080;\">Oto, o kim Kneecap m\u00f3wi, \u017ce jest \u201eg\u00f3r\u0105\u201d: o terrorystach, kt\u00f3rzy \u017cywi\u0105 ludob\u00f3jcze marzenie o wyp\u0119dzeniu \u017byd\u00f3w z ich ojczyzny. Oto najnowsza subkultura: antyfaszy\u015bci dla faszyzmu. Wyst\u0119py muzyczne kiedy\u015b by\u0142y \u201erockiem przeciwko rasizmowi\u201d \u2013 teraz s\u0105 rockiem dla rasistowskich armii, kt\u00f3re gwa\u0142c\u0105 i zabijaj\u0105 \u017byd\u00f3w. Flirt Kneecap z rekwizytami Hamasu i Hezbollahu obna\u017ca zgni\u0142e serce izraelofobii. Potwierdza, \u017ce to, co udaje ruch antywojenny, jest w rzeczywisto\u015bci ruchem antycywilizacyjnym \u2013 sojuszem z islamistyczn\u0105 histeri\u0105 zrodzonym ze zblazowanego uczucia oderwania i pogardy dla w\u0142asnego spo\u0142ecze\u0144stwa. \u201ePieprzy\u0107 Izrael\u201d, m\u00f3wi\u0105, ale tak naprawd\u0119 maj\u0105 na my\u015bli \u201epieprzy\u0107 Zach\u00f3d, pieprzy\u0107 wszystko, pieprzy\u0107 ciebie\u201d.<\/span><\/p>\n<p style=\"text-align: left;\">\n<p style=\"text-align: left;\"><span style=\"color: #000080;\">Zesp\u00f3\u0142 Kneecap zosta\u0142 teraz\u00a0<a style=\"color: #000080;\" href=\"https:\/\/www.telegraph.co.uk\/news\/2025\/04\/23\/terror-police-pro-hamas-rappers-kneecap-labour-14k\/\" target=\"_blank\" rel=\"noopener noreferrer\">zaskar\u017cony do policji antyterrorystycznej<\/a>\u00a0w zwi\u0105zku z ich skandowaniem \u201eG\u00f3r\u0105 Hamas, g\u00f3r\u0105 Hezbollah\u201d. To jest b\u0142\u0119dne, g\u0142\u0119boko b\u0142\u0119dne. Jedynymi lud\u017ami, kt\u00f3rzy skorzystaj\u0105 na tym autorytarnym rozwoju sytuacji, s\u0105\u00a0<a style=\"color: #000080;\" href=\"https:\/\/www.dazeddigital.com\/music\/article\/66656\/1\/kneecap-investigation-counter-terror-unit-2024-performance-palestine-israel\" target=\"_blank\" rel=\"noopener noreferrer\">sami cz\u0142onkowie Kneecap<\/a>. Nie potrafi\u0119 wam wyt\u0142umaczy\u0107, jak bardzo ci gangsterzy Fisher-Price b\u0119d\u0105 podekscytowani wiadomo\u015bci\u0105, \u017ce \u201eBryci\u201d prowadz\u0105 \u015bledztwo w ich sprawie. Wreszcie do ich md\u0142ego projektu fa\u0142szywej rebelii, kt\u00f3ry rozg\u0142asza ka\u017cdy nudziarz w kulturalnym establishmencie, wstrzykni\u0119to element niebezpiecze\u0144stwa. Bardzo powa\u017cnego problemu zachodnich m\u0142odych sympatyzuj\u0105cych z barbarzy\u0144stwem nie da si\u0119 rozwi\u0105za\u0107 za pomoc\u0105 cenzury. Zamiast czyni\u0107 z wyjc\u00f3w Kneecap m\u0119czennik\u00f3w, powinni\u015bmy pozwoli\u0107 im nadal ujawnia\u0107 nienawi\u015b\u0107, kt\u00f3ra le\u017cy u samych podstaw antyizraelskiej wrogo\u015bci.<\/span><\/p>\n<p style=\"text-align: left;\">\n<p style=\"text-align: left;\"><span style=\"color: #000080;\">Przez Kneecap wstydz\u0119 si\u0119, \u017ce jestem Irlandczykiem. Uosabiaj\u0105 oni \u017ca\u0142osne samouwielbienie i modne cierpi\u0119tnictwo irlandzkich elit kulturalnych. \u201eWsp\u00f3\u0142czujemy Palestynie, poniewa\u017c wiemy, jak to jest cierpie\u0107 pod kolonialn\u0105 opresj\u0105\u201d &#8211; \u0142kaj\u0105 ci ludzie. Doj\u0105 historyczne cierpienie Irlandii, aby stworzy\u0107 sobie osobowo\u015b\u0107 w XXI wieku. Wspinaj\u0105 si\u0119 po irlandzkich zmar\u0142ych, aby reklamowa\u0107 \u015bwiatu swoj\u0105 cnot\u0119. Gromadz\u0105 duchy Wielkiego G\u0142odu do narcystycznego celu wzmocnienia w\u0142asnej w\u0142adzy kulturowej we wsp\u00f3\u0142czesnej debacie. To mo\u017ce sprawi\u0107, \u017ce bogate dziewczyny na Coachelli i Dalston b\u0119d\u0105 piszcze\u0107 z zachwytu, ale wywo\u0142uje to czysty wstyd u wszystkich szanuj\u0105cych si\u0119 Irlandczyk\u00f3w.<\/span><\/p>\n<\/div>\n<hr \/>\n<p style=\"text-align: left;\"><span style=\"color: #808080;\"><em><strong>Brendan O\u2019Neill<\/strong> \u2013 brytyjski dziennikarz, redaktor naczelny magazynu \u201eSpiked\u201d , autor g\u0142o\u015bnej ksi\u0105\u017cki A Heretic\u2019s Manifesto: Essays on the Unsayable<\/em><\/span><\/p>\n<hr style=\"height: 15px; background: #d0e6fa; width: 100%;\" \/>\n<div id=\"content\" class=\"content-alignment\">\n<div id=\"watch-description\" class=\"yt-uix-button-panel\">\n<div id=\"watch-description-text\" style=\"text-align: center;\">\n<p><em>Zawarto\u015b\u0107 publikowanych artyku\u0142\u00f3w i materia\u0142\u00f3w nie reprezentuje pogl\u0105d\u00f3w ani opinii Reunion&#8217;68,<\/em><em><br \/>\nani te\u017c webmastera Blogu Reunion&#8217;68, chyba ze jest to wyra\u017anie zaznaczone.<br \/>\nTwoje uwagi, linki, w\u0142asne artyku\u0142y lub wiadomo\u015bci prze\u015blij na adres:<br \/>\n<\/em><span style=\"color: #000080;\"><strong><em><a style=\"color: #000080;\" href=\"mailto:webmaster@reunion68.com\"><span style=\"text-decoration: underline;\">webmaster@reunion68.com<\/span><\/a><\/em><\/strong><\/span><\/p>\n<\/div>\n<\/div>\n<\/div>\n<hr style=\"width: 100%;\" \/>\n","protected":false},"excerpt":{"rendered":"<p>Przez Kneecap wstydz\u0119 si\u0119, \u017ce jestem Irlandczykiem Brendan O&#8217;Neill T\u0142umaczenie: Ma\u0142gorzata Koraszewska Jaka jest r\u00f3\u017cnica mi\u0119dzy Kanyem Westem\u00a0zachwycaj\u0105cym si\u0119 Hitlerem\u00a0a zespo\u0142em Kneecap m\u00f3wi\u0105cym \u201eG\u00f3r\u0105 Hamas\u201d? To wszystko s\u0105 raperzy chwal\u0105cy morderc\u00f3w \u017byd\u00f3w, prawda? Kanye woli oryginalnego gangstera morderczego faszyzmu, posuwaj\u0105c si\u0119 nawet do zamieszczania zdj\u0119cia Hitlera\u00a0obok emoji GOAT\u00a0\u2013 kr\u00f3tko m\u00f3wi\u0105c, Hitler by\u0142 Najwi\u0119kszym Cz\u0142owiekiem Wszech [&hellip;]<\/p>\n","protected":false},"author":1,"featured_media":0,"comment_status":"closed","ping_status":"closed","sticky":false,"template":"","format":"standard","meta":[],"categories":[6],"tags":[26,24],"_links":{"self":[{"href":"https:\/\/www.reunion68.se\/index.php?rest_route=\/wp\/v2\/posts\/120976"}],"collection":[{"href":"https:\/\/www.reunion68.se\/index.php?rest_route=\/wp\/v2\/posts"}],"about":[{"href":"https:\/\/www.reunion68.se\/index.php?rest_route=\/wp\/v2\/types\/post"}],"author":[{"embeddable":true,"href":"https:\/\/www.reunion68.se\/index.php?rest_route=\/wp\/v2\/users\/1"}],"replies":[{"embeddable":true,"href":"https:\/\/www.reunion68.se\/index.php?rest_route=%2Fwp%2Fv2%2Fcomments&post=120976"}],"version-history":[{"count":6,"href":"https:\/\/www.reunion68.se\/index.php?rest_route=\/wp\/v2\/posts\/120976\/revisions"}],"predecessor-version":[{"id":120986,"href":"https:\/\/www.reunion68.se\/index.php?rest_route=\/wp\/v2\/posts\/120976\/revisions\/120986"}],"wp:attachment":[{"href":"https:\/\/www.reunion68.se\/index.php?rest_route=%2Fwp%2Fv2%2Fmedia&parent=120976"}],"wp:term":[{"taxonomy":"category","embeddable":true,"href":"https:\/\/www.reunion68.se\/index.php?rest_route=%2Fwp%2Fv2%2Fcategories&post=120976"},{"taxonomy":"post_tag","embeddable":true,"href":"https:\/\/www.reunion68.se\/index.php?rest_route=%2Fwp%2Fv2%2Ftags&post=120976"}],"curies":[{"name":"wp","href":"https:\/\/api.w.org\/{rel}","templated":true}]}}