{"id":121037,"date":"2025-05-10T17:00:13","date_gmt":"2025-05-10T15:00:13","guid":{"rendered":"http:\/\/www.reunion68.se\/?p=121037"},"modified":"2025-05-10T08:30:50","modified_gmt":"2025-05-10T06:30:50","slug":"10-00-110","status":"publish","type":"post","link":"https:\/\/www.reunion68.se\/?p=121037","title":{"rendered":"Azerbaijan\u2019s Eurovision vocalist is a proud Mountain Jew"},"content":{"rendered":"<h5 style=\"text-align: center;\"><a href=\"https:\/\/www.jns.org\/\" target=\"_blank\" rel=\"noopener noreferrer\"><img decoding=\"async\" class=\"center alignleft\" src=\"http:\/\/www.reunion68.com\/Biuletyn\/img\/jns-1.png\" alt=\"\" width=\"35%\"><\/a><span style=\"text-decoration: underline; color: #000080;\"><strong><a style=\"color: #000080; text-decoration: underline;\" href=\"https:\/\/www.jns.org\/azerbaijans-eurovision-vocalist-is-a-proud-mountain-jew\/\" target=\"_blank\" rel=\"noopener noreferrer\">Azerbaijan\u2019s Eurovision vocalist is a proud Mountain Jew<\/a><\/strong><\/span><\/h5>\n<p style=\"text-align: center;\"><span style=\"color: #000000;\"><strong>Amelie Botbol<\/strong><\/span><\/p>\n<hr style=\"height: 15px; background: #d0e6fa; width: 100%;\">\n<div>\n<h4 style=\"text-align: center;\"><strong>&#8220;We stand for love and prosperity for all nations, Jewish, Arab, Azeri,\u201d Asaf (Sefael) Mishiyev&#8217;s Muslim bandmate Hasan Heydar tells JNS.<\/strong><\/h4>\n<\/div>\n<p style=\"text-align: center;\"><img decoding=\"async\" class=\"aligncenter\" src=\"https:\/\/me.jnsi.org\/uploads\/2025\/04\/Arif-Imanov-Asef-Mishiyev-and-Hasan-Heydar-e1745581066451-2000x1125.jpeg\" width=\"100%\"><span style=\"color: #808080;\"><em>Mamagama, from left: Arif Imanov (drums), Asef Mishiyev (vocals, guitar, songwriter) and Hasan Heydar (bass guitar, beats). Photo by Tato Panahi.<\/em><\/span><\/p>\n<p class=\"wp-block-paragraph\" style=\"text-align: left;\"><span style=\"color: #000080;\">In Azerbaijan, everyone believes in love and peace,\u201d vocalist Asaf (Sefael) Mishiyev, whose band Mamagama will represent Azerbaijan at the 2025 Eurovision Song Contest in Switzerland, next month, told JNS on Monday.&nbsp;<\/span><\/p>\n<p class=\"wp-block-paragraph\" style=\"text-align: left;\"><span style=\"color: #000080;\">Born in Baku in 1992, Mishiyev went to Jewish school and music university before joining Mamagama about four years ago. Mishiyev is the second Mountain Jew to participate in the Eurovision.<\/span><\/p>\n<p class=\"wp-block-paragraph\" style=\"text-align: left;\"><span style=\"color: #000080;\">In 2002, Israel was represented by singer Sarit Hadad. She was born in Israel in 1978, two years after her parents made aliyah from Dagestan.<\/span><\/p>\n<p class=\"wp-block-paragraph\" style=\"text-align: left;\"><span style=\"color: #000080;\">Mishiyev, who lived in Moscow for 15 years, has been friends with Hasan Heydar, the band\u2019s bass guitarist, for many years, and upon his return to Baku four years ago, he met Arif Imanov, the band\u2019s drummer.&nbsp;<\/span><\/p>\n<p class=\"wp-block-paragraph\" style=\"text-align: left;\"><span style=\"color: #000080;\">\u201cOur band name, Mamagama, is very melodical. I always worry about the music and how sometimes in the music industry, the melody comes second,\u201d Mishiyev said.&nbsp;<\/span><\/p>\n<p class=\"wp-block-paragraph\" style=\"text-align: left;\"><span style=\"color: #000080;\">\u201cThis is the reason we love the Beatles, Mozart, we love the melody. In our song, the melody comes first. Listen to the melody and,&nbsp;<em>b\u2019ezrat Hashem<\/em>&nbsp;[with God\u2019s help], as I always say, everything will be OK,\u201d he added.&nbsp;<\/span><\/p>\n<p class=\"wp-block-paragraph\" style=\"text-align: left;\"><span style=\"color: #000080;\">The band\u2019s multiculturalism is an important value, said Heydar.&nbsp;<\/span><\/p>\n<p class=\"wp-block-paragraph\" style=\"text-align: left;\"><span style=\"color: #000080;\">\u201cAsaf is Jewish, my father is Arab Lebanese and Arif is Azeri. We are a small model of the country. We stand for love and prosperity for all nations, Jewish, Arab, Azeri, just be a human being and be good to other people,\u201d he said.<\/span><\/p>\n<p class=\"wp-block-paragraph\" style=\"text-align: left;\"><span style=\"color: #000080;\">The new director of the Eurovision Song Contest, Martin Green,&nbsp;<a style=\"color: #000080;\" href=\"https:\/\/www.jns.org\/eurovision-head-rejects-calls-for-boycott-of-israel\/\">recently categorically rejected&nbsp;<\/a>calls for a boycott of Israel that have been multiplying in recent weeks.<\/span><\/p>\n<p class=\"wp-block-paragraph\" style=\"text-align: left;\"><span style=\"color: #000080;\">Among those urging a boycott is Spanish public broadcaster&nbsp;<em>RTVE<\/em>, which called for a \u201cdebate\u201d over Israel\u2019s participation in this year\u2019s Eurovision due to \u201cconcerns\u201d over the situation in war-torn Gaza.<\/span><\/p>\n<p class=\"wp-block-paragraph\" style=\"text-align: left;\"><span style=\"color: #000080;\">In a recent interview, Green reiterated the contest\u2019s fundamental philosophy: \u201cEvents like Eurovision are about reminding the world of the best it can be. What matters is what unites us, not what divides us.\u201d<\/span><\/p>\n<p>.<\/p>\n<div id=\"content\" class=\"content-alignment\">\n<div id=\"watch-description\" class=\"yt-uix-button-panel\">\n<div id=\"watch-description-text\" style=\"text-align: center;\">\n<iframe loading=\"lazy\" src=\"https:\/\/www.youtube.com\/embed\/upbiPJ9uA70\" width=\"680\" height=\"400\" frameborder=\"0\" allowfullscreen=\"allowfullscreen\"><\/iframe><\/p>\n<\/div>\n<\/div>\n<\/div>\n<p>.<\/p>\n<h4 class=\"wp-block-paragraph\"><strong>Never the main topic<\/strong><\/h4>\n<p class=\"wp-block-paragraph\" style=\"text-align: left;\"><span style=\"color: #000080;\">Asked whether religion occupies an important part of the band\u2019s discussions, Heydar went on to explain how he has been around Jews all his life.<\/span><\/p>\n<p class=\"wp-block-paragraph\" style=\"text-align: left;\"><span style=\"color: #000080;\">\u201cMyself, I am not religious but I was born and raised in a Muslim culture,\u201d he said.&nbsp;\u201cFor me, it was always normal to see Jewish people. Many of my childhood friends were Jewish or Christian. Religion was never the main topic to be discussed or something to get pissed at someone about.\u201d<\/span><\/p>\n<p class=\"wp-block-paragraph\" style=\"text-align: left;\"><span style=\"color: #000080;\">Approximately 20,000 Jews live in Azerbaijan, including Mountain Jews or Jews of the Caucasus who fled the Persian Empire for Azerbaijan or Dagestan; most now live in Baku.<\/span><\/p>\n<p class=\"wp-block-paragraph\" style=\"text-align: left;\"><span style=\"color: #000080;\">\u201cAzerbaijan is one of the places in the world where everyone lives in peace and feels at home. I have seen it since childhood. Every Jew here can call Azerbaijan his motherland,\u201d Mishiyev said.<\/span><\/p>\n<p class=\"wp-block-paragraph\" style=\"text-align: left;\"><span style=\"color: #000080;\">\u201cI don\u2019t have any problems, because my country stands with me, my Jewish brothers and sisters, and my Azeri brothers and sisters stand with me.&nbsp;<em>B\u2019ezrat Hashem<\/em>, everything will be okay,\u201d he added.&nbsp;<\/span><\/p>\n<p class=\"wp-block-paragraph\" style=\"text-align: left;\"><span style=\"color: #000080;\">Azeris and Jewish people have always stood together, and this hasn\u2019t changed since Oct. 7, Heydar said.<\/span><\/p>\n<p class=\"wp-block-paragraph\" style=\"text-align: left;\"><span style=\"color: #000080;\"><a style=\"color: #000080;\" href=\"https:\/\/www.jns.org\/amid-regional-tensions-netanyahu-to-visit-azerbaijan\/\">Prime Minister Benjamin Netanyahu<\/a>&nbsp;is expected to travel on an official visit to&nbsp;<a style=\"color: #000080;\" href=\"https:\/\/www.jns.org\/israel-and-azerbaijan-to-ink-strategic-energy-agreement\/\">Azerbaijan<\/a>&nbsp;in the first half of May.<\/span><\/p>\n<p class=\"wp-block-paragraph\" style=\"text-align: left;\"><span style=\"color: #000080;\">Netanyahu is scheduled to meet in Baku with President Ilham Aliyev, with whom he shares a longstanding relationship marked by close cooperation.&nbsp;<a style=\"color: #000080;\" href=\"https:\/\/www.jns.org\/azerbaijani-textbooks-show-increasing-support-for-israel-and-respect-for-jews\/\">Azerbaijan<\/a>, a Shi\u2019ite Muslim country, maintains a notably friendly stance toward Israel.<\/span><\/p>\n<p class=\"wp-block-paragraph\" style=\"text-align: left;\"><span style=\"color: #000080;\">\u201cAzerbaijan supported Israel. When the Oct. 7 attack happened, we had the huge Israeli flags all over, and the people of Azerbaijan continue to support Israel because we are allies and we have many Jewish people in our country, many of whom have lived here for hundreds of years,\u201d Heydar said.<\/span><\/p>\n<p class=\"wp-block-paragraph\" style=\"text-align: left;\"><span style=\"color: #000080;\">To be selected for the Eurovision, the band sent five songs to a national jury, competing against more than 115 musicians. Mamagama\u2019s \u201cRun with U\u201d was ultimately chosen as Azerbaijan\u2019s entry.<\/span><\/p>\n<p class=\"wp-block-paragraph\" style=\"text-align: left;\"><span style=\"color: #000080;\">Mishiyev wrote \u201cRun with U\u201d when he was 16. It was never performed before.<\/span><\/p>\n<p class=\"wp-block-paragraph\" style=\"text-align: left;\"><span style=\"color: #000080;\">For the first time at Eurovision, the saz, a long-necked lute that is the Azerbaijani national instrument, will be featured on stage.&nbsp;<\/span><\/p>\n<p class=\"wp-block-paragraph\" style=\"text-align: left;\"><span style=\"color: #000080;\">Azerbaijan won the Eurovision once, in 2011, with duo Ell &amp; Nikki and their song \u201cRunning Scared.\u201d<\/span><\/p>\n<p class=\"wp-block-paragraph\" style=\"text-align: left;\"><span style=\"color: #000080;\">Preparations for the 69th edition of the Eurovision to be held in Basel from May 13 to 17 include daily vocal training and choreography rehearsals.<\/span><\/p>\n<p class=\"wp-block-paragraph\" style=\"text-align: left;\"><span style=\"color: #000080;\">Mamagama plans to release more songs and perhaps an album, and go on tour and to festivals.&nbsp;<\/span><\/p>\n<p class=\"wp-block-paragraph\" style=\"text-align: left;\"><span style=\"color: #000080;\">\u201cWe will continue our musical journey,\u201d said Heydar.<\/span><\/p>\n<p class=\"wp-block-paragraph\" style=\"text-align: left;\"><span style=\"color: #000080;\">Roman Gurevich, the honorary ambassador of the Jewish Agency in Azerbaijan, was born and raised in the South Caucasus&nbsp;country.<\/span><\/p>\n<p class=\"wp-block-paragraph\" style=\"text-align: left;\"><span style=\"color: #000080;\">\u201cIn today\u2019s world, filled with antisemitism and hatred toward others, Azerbaijan stands as a role model of mutual respect, tolerance and coexistence,\u201d Gurevich told JNS on Friday.<\/span><\/p>\n<p class=\"wp-block-paragraph\" style=\"text-align: left;\"><span style=\"color: #000080;\">\u201cHere, Jewish, Muslim and Christian holidays have always been celebrated together. People have been valued and respected for their actions, for their professional and human qualities, regardless of nationality or religion,\u201d he continued.<\/span><\/p>\n<p class=\"wp-block-paragraph\" style=\"text-align: left;\"><span style=\"color: #000080;\">\u201cThat\u2019s exactly how the representative of Azerbaijan for Eurovision 2025 was chosen\u2014a wonderful, talented singer, a passionate patriot of Azerbaijan, and a Jew by nationality\u2014Asaf Mishiyev. From the bottom of my heart, and I believe on behalf of all of Israel, I wish Asaf great success on the Eurovision stage!\u201d<\/span><\/p>\n<hr style=\"height: 15px; background: #d0e6fa; width: 100%;\">\n<div id=\"content\" class=\"content-alignment\">\n<div id=\"watch-description\" class=\"yt-uix-button-panel\">\n<div id=\"watch-description-text\" style=\"text-align: center;\">\n<p><em>Zawarto\u015b\u0107 publikowanych artyku\u0142\u00f3w i materia\u0142\u00f3w nie reprezentuje pogl\u0105d\u00f3w ani opinii Reunion&#8217;68,<\/em><em><br \/>\nani te\u017c webmastera Blogu Reunion&#8217;68, chyba ze jest to wyra\u017anie zaznaczone.<br \/>\nTwoje uwagi, linki, w\u0142asne artyku\u0142y lub wiadomo\u015bci prze\u015blij na adres:<br \/>\n<\/em><span style=\"color: #000080;\"><strong><em><a style=\"color: #000080;\" href=\"mailto:webmaster@reunion68.com\"><span style=\"text-decoration: underline;\">webmaster@reunion68.com<\/span><\/a><\/em><\/strong><\/span><\/p>\n<\/div>\n<\/div>\n<\/div>\n<hr style=\"width: 100%;\">\n","protected":false},"excerpt":{"rendered":"<p>Azerbaijan\u2019s Eurovision vocalist is a proud Mountain Jew Amelie Botbol &#8220;We stand for love and prosperity for all nations, Jewish, Arab, Azeri,\u201d Asaf (Sefael) Mishiyev&#8217;s Muslim bandmate Hasan Heydar tells JNS. Mamagama, from left: Arif Imanov (drums), Asef Mishiyev (vocals, guitar, songwriter) and Hasan Heydar (bass guitar, beats). Photo by Tato Panahi. In Azerbaijan, everyone [&hellip;]<\/p>\n","protected":false},"author":1,"featured_media":0,"comment_status":"closed","ping_status":"closed","sticky":false,"template":"","format":"standard","meta":[],"categories":[6],"tags":[26,24],"_links":{"self":[{"href":"https:\/\/www.reunion68.se\/index.php?rest_route=\/wp\/v2\/posts\/121037"}],"collection":[{"href":"https:\/\/www.reunion68.se\/index.php?rest_route=\/wp\/v2\/posts"}],"about":[{"href":"https:\/\/www.reunion68.se\/index.php?rest_route=\/wp\/v2\/types\/post"}],"author":[{"embeddable":true,"href":"https:\/\/www.reunion68.se\/index.php?rest_route=\/wp\/v2\/users\/1"}],"replies":[{"embeddable":true,"href":"https:\/\/www.reunion68.se\/index.php?rest_route=%2Fwp%2Fv2%2Fcomments&post=121037"}],"version-history":[{"count":5,"href":"https:\/\/www.reunion68.se\/index.php?rest_route=\/wp\/v2\/posts\/121037\/revisions"}],"predecessor-version":[{"id":121043,"href":"https:\/\/www.reunion68.se\/index.php?rest_route=\/wp\/v2\/posts\/121037\/revisions\/121043"}],"wp:attachment":[{"href":"https:\/\/www.reunion68.se\/index.php?rest_route=%2Fwp%2Fv2%2Fmedia&parent=121037"}],"wp:term":[{"taxonomy":"category","embeddable":true,"href":"https:\/\/www.reunion68.se\/index.php?rest_route=%2Fwp%2Fv2%2Fcategories&post=121037"},{"taxonomy":"post_tag","embeddable":true,"href":"https:\/\/www.reunion68.se\/index.php?rest_route=%2Fwp%2Fv2%2Ftags&post=121037"}],"curies":[{"name":"wp","href":"https:\/\/api.w.org\/{rel}","templated":true}]}}