{"id":121056,"date":"2025-05-11T17:09:21","date_gmt":"2025-05-11T15:09:21","guid":{"rendered":"http:\/\/www.reunion68.se\/?p=121056"},"modified":"2025-05-11T11:00:19","modified_gmt":"2025-05-11T09:00:19","slug":"11-09-99","status":"publish","type":"post","link":"https:\/\/www.reunion68.se\/?p=121056","title":{"rendered":"Ameryka\u0144ska administracja w Strefie Gazy? USA i Izrael omawia\u0142y tak\u0105 opcj\u0119"},"content":{"rendered":"<p style=\"text-align: center;\"><img decoding=\"async\" class=\"aligncenter\" src=\"https:\/\/bi.im-g.pl\/im\/41\/70\/1e\/z31918145AMP,Ambasador-USA-w-Izraelu-Mike-Huckabee-trzyma-kartk.jpg\" width=\"100%\" \/><span style=\"color: #808080;\"><em>Ambasador USA w Izraelu Mike Huckabee trzyma kartk\u0119, kt\u00f3ra wed\u0142ug niego pochodzi od prezydenta USA Donalda Trumpa, podczas wizyty przy \u015acianie P\u0142aczu, naj\u015bwi\u0119tszym miejscu modlitwy judaizmu, na Starym Mie\u015bcie w Jerozolimie, 18 kwietnia 2025 r. (Fot. REUTERS\/Ronen Zvulun)<\/em><\/span><\/p>\n<hr \/>\n<h5 style=\"text-align: center;\"><a href=\"https:\/\/wyborcza.pl\/\" target=\"_blank\" rel=\"noopener noreferrer\"><img decoding=\"async\" class=\"center alignleft\" src=\"http:\/\/www.reunion68.com\/Biuletyn\/img\/wyborcza.png\" alt=\"\" width=\"35%\" \/><\/a><span style=\"text-decoration: underline; color: #000080;\"><strong><a style=\"color: #000080; text-decoration: underline;\" href=\"https:\/\/wyborcza.pl\/7,75399,31917507,amerykanska-okupacja-gazy-usa-i-izrael-omawialy-taka-opcje.html\" target=\"_blank\" rel=\"noopener noreferrer\">Ameryka\u0144ska administracja w Strefie Gazy? USA i Izrael omawia\u0142y tak\u0105 opcj\u0119<\/a><\/strong><\/span><\/h5>\n<p style=\"text-align: center;\"><span style=\"color: #000000;\"><strong>Robert Stefanicki<\/strong><\/span><\/p>\n<hr style=\"height: 15px; background: #d0e6fa; width: 100%;\" \/>\n<p style=\"text-align: left;\"><span style=\"color: #000080;\">Wed\u0142ug \u017ar\u00f3de\u0142 agencji Reuters, Stany Zjednoczone i Izrael dyskutowa\u0142y nad mo\u017cliwo\u015bci\u0105, aby Amerykanie przewodzili tymczasowej powojennej administracji Strefy Gazy &#8211; jak w Iraku po obaleniu Saddama Husajna.<\/span><\/p>\n<div class=\"container pt+++\">\n<div class=\"grid--r\">\n<div class=\"grid--c-6\">\n<div class=\"article--underlead\" style=\"text-align: left;\"><span style=\"color: #000080;\">Wst\u0119pne konsultacje na wysokim szczeblu dotyczy\u0142y powo\u0142ania rz\u0105du przej\u015bciowego kierowanego przez urz\u0119dnika USA, kt\u00f3ry nadzorowa\u0142by Gaz\u0119 do czasu jej zdemilitaryzowania i ustabilizowania oraz &#8220;wy\u0142onienia si\u0119 realnej administracji palesty\u0144skiej&#8221;.<\/span><\/div>\n<div class=\"article--content article--content-free  \" style=\"text-align: left;\">\n<p class=\"text--paragraph\" style=\"text-align: left;\"><span style=\"color: #000080;\">To rozwi\u0105zanie nie mia\u0142oby ram czasowych, wszystko zale\u017ca\u0142oby od rozwoju sytuacji &#8211; powiedzia\u0142o Reutersowi pi\u0119ciu informator\u00f3w, kt\u00f3rzy wypowiadali si\u0119 pod warunkiem zachowania anonimowo\u015bci.<\/span><\/p>\n<p class=\"text--paragraph\" style=\"text-align: left;\"><span style=\"color: #000080;\">Administracja mia\u0142aby korzysta\u0107 z palesty\u0144skich technokrat\u00f3w, ale wykluczony by\u0142by udzia\u0142 Hamasu, kt\u00f3ry rz\u0105dzi\u0142 w Gazie przez prawie dwie dekady, mimo ponawianych przez Izrael pr\u00f3b jego zniszczenia. Do zarz\u0105du Gazy nie zosta\u0142aby r\u00f3wnie\u017c wci\u0105gni\u0119ta Autonomia Palesty\u0144ska, dysponuj\u0105ca ograniczon\u0105 w\u0142adz\u0105 na okupowanym Zachodnim Brzegu.<\/span><\/p>\n<h4 class=\"text--title font-head-700\"><strong>Przysz\u0142o\u015b\u0107 Strefy Gazy. Izrael zak\u0142ada okres przej\u015bciowy po wojnie<\/strong><\/h4>\n<p class=\"text--paragraph\"><span style=\"color: #000080;\">Do wzi\u0119cia wsp\u00f3\u0142odpowiedzialno\u015bci mia\u0142yby zosta\u0107 zaproszone niesprecyzowane inne kraje. Jednak wed\u0142ug \u017ar\u00f3de\u0142, &#8220;dyskusje nie posun\u0119\u0142y si\u0119 do punktu, w kt\u00f3rym rozwa\u017cano by, kto m\u00f3g\u0142by przej\u0105\u0107 g\u0142\u00f3wne role&#8221;. I w og\u00f3le nie jest jasne, czy uda si\u0119 osi\u0105gn\u0105\u0107 jakiekolwiek porozumienie.<\/span><\/p>\n<p class=\"text--paragraph\"><span style=\"color: #000080;\">W wywiadzie dla kana\u0142u Sky News Arabia w kwietniu izraelski minister spraw zagranicznych Gideon Saar powiedzia\u0142, \u017ce wierzy, i\u017c po wojnie nast\u0105pi okres przej\u015bciowy, w kt\u00f3rym mi\u0119dzynarodowa rada powiernicza, w tym \u201eumiarkowane kraje arabskie&#8221;, b\u0119dzie nadzorowa\u0107 Stref\u0119 Gazy, a Palesty\u0144czycy b\u0119d\u0105 dzia\u0142a\u0107 pod ich kierownictwem.<\/span><\/p>\n<blockquote class=\"text--quote font-quotation-500\"><p><strong>&#8211; Nie chcemy kontrolowa\u0107 \u017cycia cywilnego mieszka\u0144c\u00f3w Gazy. Naszym jedynym interesem w Strefie Gazy jest bezpiecze\u0144stwo<\/strong><\/p><\/blockquote>\n<p class=\"text--paragraph\"><span style=\"color: #000080;\">\u2013 powiedzia\u0142 Saar.<\/span><\/p>\n<p class=\"text--paragraph\"><span style=\"color: #000080;\">Ameryka\u0144ski zarz\u0105d Gazy nasuwa skojarzenie z Tymczasow\u0105 W\u0142adz\u0105 Koalicyjn\u0105 w Iraku,\u00a0<a id=\"LinkArea:embed_link\" class=\"text--link \" style=\"color: #000080;\" title=\"ustanowion\u0105 przez Waszyngton w 2003 r. po inwazji, kt\u00f3ra obali\u0142a Saddama Husajna\" href=\"https:\/\/wyborcza.pl\/7,75399,29566178,kto-placze-po-saddamie-20-lat-po-inwazji-na-irak.html#S.embed_link-K.C-B.1-L.1.zw\" rel=\"dofollow\" data-bd-viewability=\"1\" data-bd-viewability-id=\"embed_link\" data-bd-viewability-href=\"https:\/\/wyborcza.pl\/7,75399,29566178,kto-placze-po-saddamie-20-lat-po-inwazji-na-irak.html#S.embed_link-K.C-B.1-L.1.zw\">ustanowion\u0105 przez Waszyngton w 2003 r. po inwazji, kt\u00f3ra obali\u0142a Saddama Husajna<\/a>. Pozostawienie na lodzie oficer\u00f3w armii irackiej, urz\u0119dnik\u00f3w i miliona cz\u0142onk\u00f3w saddamowskiej Partii Baas by\u0142o drugim katastrofalnym b\u0142\u0119dem administracji George&#8217;a W. Busha (pierwszy to zmy\u015blenie fa\u0142szywego pretekstu do inwazji), kt\u00f3ry doprowadzi\u0142 do skonsolidowania ruchu oporu przeciwko okupantowi, a w dalszej perspektywie do powstania terrorystycznego ISIS. W 2004 r. Amerykanie, nie potrafi\u0105c powstrzyma\u0107 rebelii, przekazali w\u0142adz\u0119 tymczasowemu rz\u0105dowi irackiemu.<\/span><\/p>\n<h4 class=\"text--title font-head-700\"><strong>Konflikt w Strefie Gazy.\u00a0Nie ma mowy o suwerenno\u015bci Palestyny<\/strong><\/h4>\n<p class=\"text--paragraph\"><span style=\"color: #000080;\">Gabinet Benjamina Netanjahu zdecydowa\u0142 w niedziel\u0119 o rozszerzeniu inwazji na Stref\u0119 Gazy, ale ma to nast\u0105pi\u0107 dopiero po wizycie Donalda Trumpa w regionie w po\u0142owie maja. Netanjahu zapowiedzia\u0142 w poniedzia\u0142ek dalsze masowe przemieszczenia ludno\u015bci palesty\u0144skiej.<\/span><\/p>\n<p class=\"text--paragraph\"><span style=\"color: #000080;\">Niekt\u00f3rzy cz\u0142onkowie jego prawicowej koalicji publicznie wzywaj\u0105 do \u201edobrowolnej&#8221; masowej emigracji Palesty\u0144czyk\u00f3w do pa\u0144stw arabskich i budow\u0119 osiedli \u017cydowskich w Strefie Gazy. Trump sprzyja temu pomys\u0142owi &#8211;\u00a0<a id=\"LinkArea:embed_link\" class=\"text--link \" style=\"color: #000080;\" title=\"w jego wizji nadmorska enklawa po usuni\u0119ciu ludno\u015bci palesty\u0144skiej sta\u0142aby si\u0119 turystyczn\u0105 'riwier\u0105'\" href=\"https:\/\/wyborcza.pl\/7,75399,31725265,trump-pokazal-riwiere-w-gazie-zloty-posag-drinki-z-netanjahu.html#S.embed_link-K.C-B.1-L.2.zw\" rel=\"dofollow\" data-bd-viewability=\"1\" data-bd-viewability-id=\"embed_link\" data-bd-viewability-href=\"https:\/\/wyborcza.pl\/7,75399,31725265,trump-pokazal-riwiere-w-gazie-zloty-posag-drinki-z-netanjahu.html#S.embed_link-K.C-B.1-L.2.zw\">w jego wizji nadmorska enklawa po usuni\u0119ciu ludno\u015bci palesty\u0144skiej sta\u0142aby si\u0119 turystyczn\u0105 &#8220;riwier\u0105&#8221;<\/a>.<\/span><\/p>\n<p class=\"text--paragraph\"><span style=\"color: #000080;\">Za zamkni\u0119tymi drzwiami izraelscy urz\u0119dnicy rozwa\u017caj\u0105 te\u017c bardziej realistyczne propozycje.<\/span><\/p>\n<blockquote class=\"text--quote font-quotation-500\"><p><strong>W\u015br\u00f3d nich podzia\u0142 terytorium, utworzenie sta\u0142ych baz wojskowych i ograniczenie odbudowy do wyznaczonych stref bezpiecze\u0144stwa<\/strong><\/p><\/blockquote>\n<p class=\"text--paragraph\"><span style=\"color: #000080;\">&#8211; powiedzia\u0142y Reutersowi cztery \u017ar\u00f3d\u0142a. Nie ma mowy o suwerenno\u015bci Palestyny i o jakiejkolwiek roli w Strefie Gazy nie tylko dla Hamasu, ale i dla Autonomii Palesty\u0144skiej.<\/span><\/p>\n<h4 class=\"text--title font-head-700\"><strong>Dramat mieszka\u0144c\u00f3w Strefy Gazy trwa. Kryzys humanitarny w rejonie i brak pomocy<\/strong><\/h4>\n<p class=\"text--paragraph\"><span style=\"color: #000080;\">W \u015brod\u0119 w wyniku izraelskich atak\u00f3w na Gaz\u0119 zgin\u0119\u0142o co najmniej 61 os\u00f3b. Uwag\u0119 zwr\u00f3ci\u0142 zw\u0142aszcza ostrza\u0142 restauracji przy ulicy Al-Wehda w mie\u015bcie Gaza, kt\u00f3ry kosztowa\u0142 \u017cycie co najmniej 17 os\u00f3b.<\/span><\/p>\n<p style=\"text-align: center;\"><img decoding=\"async\" class=\"aligncenter\" src=\"https:\/\/bi.im-g.pl\/im\/44\/70\/1e\/z31918148IH,Prezydent-USA-Donald-Trump-rozmawia-z-premierem-Iz.jpg\" width=\"100%\" \/><span style=\"color: #808080;\"><em>Prezydent USA Donald Trump rozmawia z premierem Izraela Benjaminem Netanjahu podczas spotkania, na kt\u00f3rym Trump og\u0142osi\u0142 rozmowy nuklearne z Iranem, Waszyngton, USA, 7 kwietnia 2025 r. Fot. REUTERS\/Kevin Mohatt<\/em><\/span><\/p>\n<p><span style=\"color: #000080;\">&#8211; Sto\u0142y i krzes\u0142a s\u0105 porozrzucane, a na ziemi wida\u0107 plamy krwi &#8211; relacjonowa\u0142 korespondent Al-D\u017caziry. &#8211; Na pobliskim skrzy\u017cowaniu ludzie le\u017celi na ziemi przesi\u0105kni\u0119ci krwi\u0105 i poszarpani na strz\u0119py.<\/span><\/p>\n<p><span style=\"color: #000080;\">Kolejny atak w mie\u015bcie Gaza zabi\u0142 13 os\u00f3b w szkole Al-Karama w dzielnicy Tuffah. Do tragicznego bilansu doliczono te\u017c cztery osoby, kt\u00f3rych cia\u0142a wydobyto spod gruz\u00f3w zaatakowanej na pocz\u0105tku tego tygodnia szko\u0142y, gdzie schronili si\u0119 przesiedle\u0144cy z obozu dla uchod\u017ac\u00f3w Bureij w centralnej cz\u0119\u015bci Gazy. Palesty\u0144ska agencja Obrony Cywilnej poinformowa\u0142a we wtorek, \u017ce zgin\u0119\u0142o tam ponad 30 os\u00f3b, a dziesi\u0105tki zosta\u0142o rannych.<\/span><\/p>\n<p class=\"text--paragraph\"><span style=\"color: #000080;\">Komunikat Lekarzy bez Granic podsumowuj\u0105cy bilans nalot\u00f3w na miasto Gaza z 7 maja m\u00f3wi o 33 zabitych oraz ponad 170 rannych przywiezionych do szpitali i klinik, w kt\u00f3rych pracuje ta organizacja.<\/span><\/p>\n<p class=\"text--paragraph\"><span style=\"color: #000080;\">Dramat mieszka\u0144c\u00f3w Strefy Gazy pot\u0119guje izraelska blokada dostaw trwaj\u0105ca od 2 marca. W enklawie nie ma paliwa i \u017cywno\u015bci.<\/span><\/p>\n<p class=\"text--paragraph\"><span style=\"color: #000080;\">\u201ePo wydaniu ponad 130 milion\u00f3w posi\u0142k\u00f3w i wypieku 26 milion\u00f3w bochenk\u00f3w chleba w ci\u0105gu ostatnich 18 miesi\u0119cy,<\/span><\/p>\n<blockquote class=\"text--quote font-quotation-500\"><p><strong>World Central Kitchen nie ma ju\u017c zapas\u00f3w do przygotowywania posi\u0142k\u00f3w ani pieczenia chleba w Strefie Gazy&#8221;<\/strong><\/p><\/blockquote>\n<p class=\"text--paragraph\"><span style=\"color: #000080;\">\u2013 poinformowa\u0142a organizacja w \u015brod\u0119 w po\u015bcie na X.<\/span><\/p>\n<p class=\"text--paragraph\"><span style=\"color: #000080;\">Wojna w Strefie Gazy trwa od pa\u017adziernika 2023 r., kiedy to Hamas dokona\u0142 jednodniowej inwazji na po\u0142udniowy Izrael, zabijaj\u0105c oko\u0142o 1,2 tys. os\u00f3b, g\u0142\u00f3wnie cywil\u00f3w, i bior\u0105c do niewoli kolejne 251. Izrael nadal nie odzyska\u0142 59 zak\u0142adnik\u00f3w. Wed\u0142ug danych ministerstwa zdrowia Strefy Gazy, w wyniku izraelskiej ofensywy zgin\u0119\u0142o dotychczas ponad 52 tys. Palesty\u0144czyk\u00f3w.<\/span><\/p>\n<hr \/>\n<p style=\"text-align: right;\"><span style=\"color: #808080;\"><i>Red. Alicja Lehmann<\/i><\/span><\/p>\n<hr style=\"height: 15px; background: #d0e6fa; width: 100%;\" \/>\n<div id=\"content\" class=\"content-alignment\">\n<div id=\"watch-description\" class=\"yt-uix-button-panel\">\n<div id=\"watch-description-text\" style=\"text-align: center;\">\n<p><em>Zawarto\u015b\u0107 publikowanych artyku\u0142\u00f3w i materia\u0142\u00f3w nie reprezentuje pogl\u0105d\u00f3w ani opinii Reunion&#8217;68,<\/em><em><br \/>\nani te\u017c webmastera Blogu Reunion&#8217;68, chyba ze jest to wyra\u017anie zaznaczone.<br \/>\nTwoje uwagi, linki, w\u0142asne artyku\u0142y lub wiadomo\u015bci prze\u015blij na adres:<br \/>\n<\/em><span style=\"color: #000080;\"><strong><em><a style=\"color: #000080;\" href=\"mailto:webmaster@reunion68.com\"><span style=\"text-decoration: underline;\">webmaster@reunion68.com<\/span><\/a><\/em><\/strong><\/span><\/p>\n<\/div>\n<\/div>\n<\/div>\n<hr style=\"width: 100%;\" \/>\n<\/div>\n<\/div>\n<\/div>\n<\/div>\n","protected":false},"excerpt":{"rendered":"<p>Ambasador USA w Izraelu Mike Huckabee trzyma kartk\u0119, kt\u00f3ra wed\u0142ug niego pochodzi od prezydenta USA Donalda Trumpa, podczas wizyty przy \u015acianie P\u0142aczu, naj\u015bwi\u0119tszym miejscu modlitwy judaizmu, na Starym Mie\u015bcie w Jerozolimie, 18 kwietnia 2025 r. (Fot. REUTERS\/Ronen Zvulun) Ameryka\u0144ska administracja w Strefie Gazy? USA i Izrael omawia\u0142y tak\u0105 opcj\u0119 Robert Stefanicki Wed\u0142ug \u017ar\u00f3de\u0142 agencji Reuters, [&hellip;]<\/p>\n","protected":false},"author":1,"featured_media":0,"comment_status":"closed","ping_status":"closed","sticky":false,"template":"","format":"standard","meta":[],"categories":[6],"tags":[26,24],"_links":{"self":[{"href":"https:\/\/www.reunion68.se\/index.php?rest_route=\/wp\/v2\/posts\/121056"}],"collection":[{"href":"https:\/\/www.reunion68.se\/index.php?rest_route=\/wp\/v2\/posts"}],"about":[{"href":"https:\/\/www.reunion68.se\/index.php?rest_route=\/wp\/v2\/types\/post"}],"author":[{"embeddable":true,"href":"https:\/\/www.reunion68.se\/index.php?rest_route=\/wp\/v2\/users\/1"}],"replies":[{"embeddable":true,"href":"https:\/\/www.reunion68.se\/index.php?rest_route=%2Fwp%2Fv2%2Fcomments&post=121056"}],"version-history":[{"count":7,"href":"https:\/\/www.reunion68.se\/index.php?rest_route=\/wp\/v2\/posts\/121056\/revisions"}],"predecessor-version":[{"id":121067,"href":"https:\/\/www.reunion68.se\/index.php?rest_route=\/wp\/v2\/posts\/121056\/revisions\/121067"}],"wp:attachment":[{"href":"https:\/\/www.reunion68.se\/index.php?rest_route=%2Fwp%2Fv2%2Fmedia&parent=121056"}],"wp:term":[{"taxonomy":"category","embeddable":true,"href":"https:\/\/www.reunion68.se\/index.php?rest_route=%2Fwp%2Fv2%2Fcategories&post=121056"},{"taxonomy":"post_tag","embeddable":true,"href":"https:\/\/www.reunion68.se\/index.php?rest_route=%2Fwp%2Fv2%2Ftags&post=121056"}],"curies":[{"name":"wp","href":"https:\/\/api.w.org\/{rel}","templated":true}]}}