{"id":121058,"date":"2025-05-11T17:05:51","date_gmt":"2025-05-11T15:05:51","guid":{"rendered":"http:\/\/www.reunion68.se\/?p=121058"},"modified":"2025-05-11T11:09:16","modified_gmt":"2025-05-11T09:09:16","slug":"11-05-114","status":"publish","type":"post","link":"https:\/\/www.reunion68.se\/?p=121058","title":{"rendered":"Kanada cuchn\u0105ca mi\u0142o\u015bci\u0105"},"content":{"rendered":"<h5 style=\"text-align: center;\"><a href=\"https:\/\/www.listyznaszegosadu.pl\/\" target=\"_blank\" rel=\"noopener noreferrer\"><img decoding=\"async\" class=\"center alignleft\" src=\"http:\/\/www.reunion68.com\/Biuletyn\/img\/z-naszego.jpg\" alt=\"\" width=\"50%\" \/><\/a><span style=\"text-decoration: underline; color: #000080;\"><span style=\"text-decoration: underline;\"><strong><a style=\"color: #000080; text-decoration: underline;\" href=\"https:\/\/www.listyznaszegosadu.pl\/brunatna-fala\/kanada-cuchnaca-miloscia\" target=\"_blank\" rel=\"noopener noreferrer\">Kanada cuchn\u0105ca mi\u0142o\u015bci\u0105<\/a><\/strong><\/span><\/span><\/h5>\n<p style=\"text-align: center;\"><span style=\"color: #000000;\"><strong><br \/>\nAndrzej Koraszewski<\/strong><\/span><\/p>\n<hr style=\"height: 15px; background: #d0e6fa; width: 100%;\" \/>\n<p><img decoding=\"async\" class=\"alignright\" src=\"https:\/\/www.listyznaszegosadu.pl\/upload\/article\/bild\/6645\/1081705\/abu_s.png\" \/><span style=\"color: #808080;\"><em>Kanadyjskie pro-hamasowskie demonstracje (Zrzut z ekranu)<\/em><\/span><\/p>\n<div class=\"templateArticleIngress\">\n<p style=\"text-align: left;\"><span style=\"color: #000080;\">Gdzie jeste\u015bmy? Dok\u0105d idziemy? Instytut MEMRI zajmuje si\u0119 \u015bledzeniem medi\u00f3w g\u0142\u00f3wnie w muzu\u0142ma\u0144skich krajach. Niedawno sporz\u0105dzi\u0142\u00a0<a style=\"color: #000080;\" href=\"https:\/\/www.memri.org\/reports\/arab-journalists-welcome-jordans-muslim-brotherhood-ban-movement-must-be-fought-cancer-and\">raport<\/a>\u00a0na temat reakcji arabskich publicyst\u00f3w na wprowadzony w Jordanii zakaz dzia\u0142alno\u015bci Bractwa Muzu\u0142ma\u0144skiego. Wy\u0142\u0105cznie g\u0142osy dysydent\u00f3w gor\u0105co popieraj\u0105cych ten krok. Trudno powiedzie\u0107, czy s\u0142owo \u201edysydenci\u201d jest w tym przypadku w\u0142a\u015bciwe. Naczelnego dyrektora saudyjskich kana\u0142\u00f3w telewizyjnych Al-Arabiya i Al-Hadath trudno nazwa\u0107 dysydentem, chocia\u017c wi\u0119kszo\u015b\u0107 arabskich medi\u00f3w zdecydowanie nie podziela jego opinii. Mamdouh Al-Muhaini pisze, \u017ce Bractwo trzeba wyeliminowa\u0107 tak, jak wyeliminowano nazizm i faszyzm. Ta za\u0142o\u017cona sto lat temu (dok\u0142adniej w 1928 roku) ponadnarodowa organizacja, kt\u00f3ra wykorzystuje religi\u0119 do szerzenia ekstremistycznych idei i zmierzaj\u0105ca do obalenia w\u0142adz pa\u0144stwowych w celu ustanowienia kalifatu, ma bardzo wiele cech nazizmu i wyrasta\u0142a w \u015bcis\u0142ej symbiozie z niemieckim nazizmem.<\/span><\/p>\n<\/div>\n<div class=\"templateArticleBrodtext\">\n<p style=\"text-align: left;\"><span style=\"color: #000080;\">Arabski dziennikarz zastanawia si\u0119 jakim cudem ta organizacja przetrwa\u0142a. Rz\u0105dy arabskich kraj\u00f3w obawia\u0142y si\u0119 konfrontacji i pr\u00f3bowa\u0142y Bractwo dla r\u00f3\u017cnych cel\u00f3w wykorzystywa\u0107.<\/span><\/p>\n<blockquote><p><strong>\u201ePozwolenie Bractwu Muzu\u0142ma\u0144skiemu i jego ideologii, cz\u0142onkom i dzia\u0142aniom na niekontrolowany rozkwit od d\u0142ugiego czasu zasadniczo zatruwa spo\u0142ecze\u0144stwo od wewn\u0105trz, podk\u0142adaj\u0105c miny ekstremizmu. To niebezpieczna gra. Pob\u0142a\u017cliwo\u015b\u0107 wobec grup ekstremistycznych, zawieranie z nimi kompromis\u00f3w lub pr\u00f3ba ich powstrzymania jest jak przebywanie w towarzystwie jadowitego w\u0119\u017ca. Historia uczy nas, \u017ce Bractwo Muzu\u0142ma\u0144skie cz\u0119sto odwraca\u0142o si\u0119 od swoich sponsor\u00f3w w krytycznych, kluczowych momentach\u2026\u201d<\/strong><\/p><\/blockquote>\n<p style=\"text-align: left;\"><span style=\"color: #000080;\">Korupcja, klanowo\u015b\u0107, klasowa pogarda i wyzysk, \u015bwiadomo\u015b\u0107 pog\u0142\u0119biaj\u0105cego si\u0119 zacofania to wszystko wzmacnia\u0142o islamonazistowsk\u0105 ideologi\u0119 obiecuj\u0105c\u0105 rewolucyjn\u0105 odnow\u0119 i podb\u00f3j \u015bwiata. Na domiar z\u0142ego, Bractwo w bardzo wielu krajach arabskich ca\u0142kowicie zdominowa\u0142o systemy o\u015bwiatowe, od przedszkoli do uniwersytet\u00f3w. Niemal pe\u0142na monopolizacja o\u015bwiaty i silne wp\u0142ywy w mediach pozwala\u0142y na indoktrynowanie spo\u0142ecze\u0144stw muzu\u0142ma\u0144skich przez pokolenia. To w jednych krajach prowadzi\u0142o do przej\u0119cia struktur pa\u0144stwowych, a w innych grozi\u0142o ich obaleniem.<\/span><\/p>\n<p style=\"text-align: left;\">\n<span style=\"color: #000080;\">Dzi\u015b Bractwo Muzu\u0142ma\u0144skie jest zakazane w Jordanii, w Zjednoczonych Emiratach Arabskich, w Egipcie, w Arabii Saudyjskiej, ma natomiast pe\u0142n\u0105 swobod\u0119 dzia\u0142ania w Turcji i Katarze, w wielu krajach arabskich ma praktycznie monopol na nauczanie. Na Zachodzie najpot\u0119\u017cniejsze medium Bractwa Muzu\u0142ma\u0144skiego, nadaj\u0105ca ze stolicy Kataru Al D\u017cazira, traktowane jest cz\u0119sto jako kompetentne i wiarogodne \u017ar\u00f3d\u0142o informacji.\u00a0\u00a0 \u00a0<\/span><\/p>\n<p style=\"text-align: left;\">\n<span style=\"color: #000080;\">Credo Bractwa, kt\u00f3re widnieje na jego sztandarze brzmi: &#8220;Allah jest naszym idea\u0142em, Prorok jest naszym przyw\u00f3dc\u0105, Koran jest nasz\u0105 konstytucj\u0105&#8221;. Ci arabscy dziennikarze, kt\u00f3rzy zareagowali rado\u015bci\u0105 na decyzj\u0119 jorda\u0144skiego rz\u0105du, doskonale wiedz\u0105, \u017ce ideologia Bractwa odrzuca koncepcj\u0119 pa\u0144stw narodowych, instytucji demokratycznych, \u017ce promuje walk\u0119 o podb\u00f3j \u015bwiata przez islam. Wiele wskazuje na to, \u017ce arabska sekcja BBC jest ca\u0142kowicie pod wp\u0142ywem ideologii Bractwa Muzu\u0142ma\u0144skiego, za\u015b BBC jako ca\u0142o\u015b\u0107 nie tylko nie protestuje, ale zaledwie listkami figowymi maskuje fakt, \u017ce te idee przenikn\u0119\u0142y do ca\u0142ej korporacji. (Doskona\u0142\u0105 ilustracj\u0105 ideologii propagowanej przez arabsk\u0105 sekcj\u0119 BBC by\u0142 ich wywiad, a raczej desperacka pr\u00f3ba zamkni\u0119cia ust zaproszonej tam izraelskiej badaczce Idid Bar:\u00a0<a style=\"color: #000080;\" href=\"https:\/\/www.youtube.com\/watch?v=9CmQiGx_6HE\" target=\"_blank\" rel=\"noopener noreferrer\">https:\/\/www.youtube.com\/watch?v=9CmQiGx_6HE<\/a>.)<\/span><\/p>\n<p style=\"text-align: left;\">\n<span style=\"color: #000080;\">Czy nazistowskie idee Bractwa Muzu\u0142ma\u0144skiego mog\u0142y przenikn\u0105\u0107 do zachodnich uniwersytet\u00f3w? Podobnie jak w niemieckim nazizmie antysemityzm by\u0142 centralnym filarem walki z demokracj\u0105, tak samo jest najwa\u017cniejszym narz\u0119dziem walki islamskiego fundamentalizmu z niewiernymi i z \u00a0ich \u201ezachodnim zepsuciem\u201d.<\/span><\/p>\n<p style=\"text-align: left;\">\n<span style=\"color: #000080;\">Izraelska blogerka Judean Rose<a style=\"color: #000080;\" href=\"https:\/\/elderofziyon.blogspot.com\/2025\/05\/before-camps-there-were-classrooms.html\">\u00a0pisze o przera\u017caj\u0105cych podobie\u0144stwach<\/a>\u00a0dzisiejszego uniwersyteckiego mot\u0142ochu w USA do tego europejskiego w latach mobilizacji morderczego, nazistowskiego barbarzy\u0144stwa:<\/span><\/p>\n<blockquote><p><strong>\u201eW 1938 roku Eva G., \u017cydowska studentka Uniwersytetu Wiede\u0144skiego, wsun\u0119\u0142a naszyjnik z Gwiazd\u0105 Dawida pod bluzk\u0119, zanim wesz\u0142a na sal\u0119 wyk\u0142adow\u0105. Przywita\u0142y j\u0105 swastyki nabazgrane na \u015bcianach i szepty \u201eJuden raus\u201d. Osiemdziesi\u0105t sze\u015b\u0107 lat p\u00f3\u017aniej, w 2024 roku, \u017cydowski student Uniwersytetu Columbia naci\u0105ga kaptur na jarmu\u0142k\u0119, by przej\u015b\u0107 obok demonstrant\u00f3w skanduj\u0105cych \u2018Wracajcie do Polski\u2019\u201d.<\/strong><\/p><\/blockquote>\n<p><span style=\"color: #000080;\">Judean Rose zauwa\u017ca co\u015b, na co ju\u017c wielu innych zwr\u00f3ci\u0142o uwag\u0119, \u017ce bestialstwo Hamasu 7 pa\u017adziernika 2023 roku wyzwoli\u0142o globalny zachwyt dla morderczego barbarzy\u0144stwa. Ten zachwyt przybiera form\u0119 antysemityzmu ubranego w poz\u0119 morderczej szlachetno\u015bci, kt\u00f3ra dostarcza rado\u015bci zbiorowej nienawi\u015bci. Jak przypomina Judean Rose, od tamtej pami\u0119tnej daty w USA, \u201eliczba antysemickich incydent\u00f3w na ameryka\u0144skich kampusach uniwersyteckich wzros\u0142a o\u00a0<a style=\"color: #000080;\" href=\"https:\/\/www.jpost.com\/diaspora\/antisemitism\/article-851805\"><strong>477%<\/strong><\/a>. Ju\u017c sama ta liczba wymaga uwagi. Ale to atmosfera \u2014 pe\u0142ne nienawi\u015bci okrzyki i symbole w po\u0142\u0105czeniu z administracyjn\u0105 cisz\u0105 \u2014 sprawia, \u017ce przesz\u0142o\u015b\u0107 wydaje si\u0119 niebezpiecznie bliska.\u201d<\/span><\/p>\n<p><span style=\"color: #000080;\">Czy mo\u017ce by\u0107 dla jeszcze trze\u017awych Amerykan\u00f3w pociech\u0105 fakt, \u017ce w s\u0105siedniej Kanadzie jest znacznie gorzej? Izraelskie Ministerstwo do Spraw Diaspory opublikowa\u0142o 6 maja 2025\u00a0<a style=\"color: #000080;\" href=\"https:\/\/www.gov.il\/en\/pages\/antisemitism_report_2024\">raport o antysemityzmie<\/a>, w kt\u00f3rym znajdujemy informacj\u0119, \u017ce w Kanadzie liczba zarejestrowanych anty\u017cydowskich incydent\u00f3w w okresie od 7 pa\u017adziernika 2023 do ko\u0144ca grudnia 2024 r. wzros\u0142a o 670 procent. W samym Toronto w ci\u0105gu roku po 7 pa\u017adziernika by\u0142o ponad 1500\u00a0 propalesty\u0144skich wiec\u00f3w.\u00a0<\/span><\/p>\n<p><span style=\"color: #000080;\">Z pewnym zdumieniem i niedowierzaniem przeczyta\u0142em na stronie \u201eJihad Watch\u201d informacj\u0119, \u017ce lewicowy rz\u0105d kanadyjski zap\u0142aci\u0142 zewn\u0119trznej firmie 128 tysi\u0119cy dolar\u00f3w za monitorowanie kont w mediach spo\u0142eczno\u015bciowych pro-izraelskich Kanadyjczyk\u00f3w. Wikipedia i META uwa\u017caj\u0105, \u017ce \u201eJihad Watch\u201d to niewiarygodne \u017ar\u00f3d\u0142o. Wikipedia deklaruje to wprost, META po\u015brednio, utrudniaj\u0105c przekazywanie ich tre\u015bci. Robert Spencer, za\u0142o\u017cyciel i dyrektor \u201eJihad Watch\u201d, to obywatel ameryka\u0144ski, chrze\u015bcijanin pochodz\u0105cy z Libanu, doskonale znaj\u0105cy histori\u0119 islamu oraz ideologi\u0119 i praktyki islamskich fundamentalist\u00f3w. Jego stosunek do islamskiego ekstremizmu jest jednoznacznie wrogi, zachowuje jednak dziennikarsk\u0105 rzetelno\u015b\u0107 i starannie sprawdza fakty, kt\u00f3re s\u0105 przekazywane przez jego portal. W tym konkretnym przypadku \u017ar\u00f3d\u0142owy link prowadzi\u0142 do strony \u201eRebel News\u201d, co natychmiast wzbudzi\u0142o moje podejrzenia. Oni sami przedstawiaj\u0105 si\u0119 jako kanadyjska grupa, kt\u00f3ra przeciwstawia si\u0119 radykalnym pro-hamasowskim zamieszkom i wysy\u0142a swoich reporter\u00f3w na demonstracje w ca\u0142ej Kanadzie.\u00a0<\/span><\/p>\n<p><span style=\"color: #000080;\">Brzmi dobrze, ale jeszcze nie znaczy, \u017ce s\u0105 rzetelni, \u017ce w ferworze walki nie ulegaj\u0105 pokusie drobnych przeinacze\u0144. Pisz\u0105 i dokumentuj\u0105, \u017ce kanadyjski Departament Dziedzictwa Narodowego zatrudni\u0142 cz\u0142owieka fanatycznie oddanego \u201epalesty\u0144skiej sprawie\u201d, kt\u00f3ry o \u017bydach powiedzia\u0142, \u017ce to \u201erozwrzeszczane worki g\u00f3wna\u201d. Rz\u0105dowe zlecenie dla brytyjskiej firmy dotyczy\u0142o monitorowania\u00a0 \u201cprawicowych reakcji na konflikt\u201d. Zleceniobiorca mia\u0142 dostarcza\u0107 raport\u00f3w na temat \u201eekstremizmu, nienawi\u015bci i dezinformacji\u201d. \u201eRebel News\u201d twierdzi, \u017ce ich reporter zdoby\u0142 dost\u0119p to tych raport\u00f3w i opisuj\u0105, \u017ce znale\u017ali tam koncentracj\u0119 uwagi na organizacjach \u017cydowskich, na influencerach, kt\u00f3rzy kwestionowali polityk\u0119 kanadyjskiego rz\u0105du i pisali krytycznie o antysemickich marszach.<\/span><\/p>\n<p><span style=\"color: #000080;\">Nie mog\u0119 tego wszystkiego sprawdzi\u0107, ale zarzut, \u017ce rz\u0105d zatrudnia agent\u00f3w Hamasu, nie reaguje na skrajnie prawicow\u0105 islamsk\u0105 propagand\u0119 i u\u017cywa pieni\u0119dzy podatnik\u00f3w na \u015bledzenie aktywno\u015bci krytykuj\u0105cych rz\u0105d pod paranoicznym pretekstem, \u017ce jest to skrajna prawica, brzmi prawdopodobnie i znajomo.\u00a0\u00a0\u00a0\u00a0<\/span><\/p>\n<p><span style=\"color: #000080;\">The Free Press\u00a0<a style=\"color: #000080;\" href=\"https:\/\/www.thefp.com\/p\/a-pogrom-is-brewing-in-canada-antisemitism\">publikuje esej<\/a>\u00a0kanadyjskiego naukowca Casey\u2019a Babba, kt\u00f3ry pisze, \u017ce Kanada sta\u0142a si\u0119 jednym z najbardziej antysemickich kraj\u00f3w \u015bwiata zachodniego.<\/span><\/p>\n<blockquote><p><strong>\u201ePodczas gdy wybuch antysemityzmu na Zachodzie obserwowany jest\u00a0 praktycznie we wszystkich krajach, to w Kanadzie, przemoc i ekstremizm nienawi\u015bci do \u017byd\u00f3w osi\u0105gn\u0119\u0142y poziom, jakiego nie do\u015bwiadczy\u0142o wiele innych miejsc na Ziemi.\u201d<\/strong><\/p><\/blockquote>\n<p style=\"text-align: left;\"><span style=\"color: #000080;\">Autor eseju przedstawia gar\u015b\u0107 przyk\u0142ad\u00f3w.\u00a0<a style=\"color: #000080;\" href=\"https:\/\/nationalpost.com\/news\/canada\/anti-israel-protest-leaves-seniors-feeling-unsafe-ottawa\">Wielbiciele Hamasu<\/a>\u00a0pojawili si\u0119 pod \u017cydowskim domem starc\u00f3w w Ottawie wznosz\u0105c po angielsku okrzyki \u201ewracajcie do Europy\u201d, a po arabsku \u201eChcemy kul i pocisk\u00f3w\u201d. Wielokrotnie zdarza\u0142o si\u0119, \u017ce w dzielnicach zamieszkanych g\u0142\u00f3wnie przez \u017byd\u00f3w protestuj\u0105cy\u00a0<a style=\"color: #000080;\" href=\"https:\/\/x.com\/AllFactsNoHate\/status\/1860738086830817391\">przebierali si\u0119 za palesty\u0144skich terroryst\u00f3w<\/a>, w tym za Jahj\u0119 Sinwara, pomys\u0142odawc\u0119 zamach\u00f3w z 7 pa\u017adziernika. W marcu 2024 r. setki pro-palesty\u0144skich protestuj\u0105cych otoczy\u0142o Muzeum Holokaustu w Montrealu, gdzie krzyczeli: \u201e<a style=\"color: #000080;\" href=\"https:\/\/www.timesofisrael.com\/pro-palestinian-mob-blocks-access-to-montreal-holocaust-museum-over-pro-israel-event\/\">\u015amier\u0107 Izraelowi\u201d i \u201e\u015amier\u0107 \u017bydom<\/a>\u201d<strong>.\u00a0<\/strong>W kwietniu w Winnipeg odby\u0142 si\u0119 wiec popieraj\u0105cy Hamas, zaledwie\u00a0<a style=\"color: #000080;\" href=\"https:\/\/winnipegsun.com\/news\/local-news\/pro-palestinian-rally-near-winnipeg-jewish-school-and-daycare-sparks-outrage\">kilka krok\u00f3w od \u017cydowskiego o\u015brodka<\/a>, w kt\u00f3rym dzieci ucz\u0119szczaj\u0105 do szko\u0142y i \u017c\u0142obka.Na pocz\u0105tku tego miesi\u0105ca w Montrealu protestuj\u0105cy zostali sfilmowani, jak skanduj\u0105 przez megafony has\u0142o \u201e<a style=\"color: #000080;\" href=\"https:\/\/x.com\/DrCaseyBabb\/status\/1918784326713716904\">Wszyscy syjoni\u015bci to rasi\u015bci<\/a>\u201d przed szko\u0142\u0105 dla uczni\u00f3w w wieku od 4 do 16 lat z niepe\u0142nosprawno\u015bci\u0105 intelektualn\u0105 i zaburzeniami ze spektrum autyzmu.<\/span><\/p>\n<p style=\"text-align: left;\"><span style=\"color: #000080;\"><strong><br \/>\n<\/strong>Casey Babb przytacza tych przyk\u0142ad\u00f3w znacznie wi\u0119cej, pisze, \u017ce to nie s\u0105 protesty, to nie jest krytyka polityki Izraela, \u201es\u0105 to wojenne akty agresji maj\u0105ce na celu zastraszenie kanadyjskiej spo\u0142eczno\u015bci \u017cydowskiej, zmuszenie jej do milczenia i ostatecznie st\u0142umienie jej obecno\u015bci publicznej.\u201d<\/span><\/p>\n<p style=\"text-align: left;\">\n<span style=\"color: #000080;\">Czasem pr\u00f3buj\u0105 ukry\u0107 kto jest obiektem ich niek\u0142amanej mi\u0142o\u015bci, czasem nie widz\u0105 powod\u00f3w, by to ukrywa\u0107.<\/span><\/p>\n<blockquote><p><strong>\u201eW Vancouver w Kolumbii Brytyjskiej protestuj\u0105cy zebrali si\u0119 w pierwsz\u0105 rocznic\u0119 masakry z 7 pa\u017adziernika 2023 r. i zadeklarowali: \u201e<a href=\"https:\/\/www.cbc.ca\/news\/canada\/british-columbia\/death-to-canada-vancouver-rally-1.7346760\">Jeste\u015bmy Hezbollahem i jeste\u015bmy Hamasem<\/a>\u201d, pal\u0105c jednocze\u015bnie kanadyjsk\u0105 flag\u0119.\u201d<\/strong><\/p><\/blockquote>\n<p style=\"text-align: left;\"><span style=\"color: #000080;\">Kanadyjskie w\u0142adze nie reaguj\u0105 na otwarte poparcie terroryzmu, ani na wrogo\u015b\u0107 do kanadyjskiego pa\u0144stwa, ani wreszcie na wandalizm i jawn\u0105 przemoc. Zastanawiam si\u0119 czy autor poprawnie ocenia rozmiary tych demonstracji? Pisze, powo\u0142uj\u0105c si\u0119 na \u017ar\u00f3d\u0142a, \u017ce w listopadzie 2024 r.\u00a0<a style=\"color: #000080;\" href=\"https:\/\/www.jpost.com\/diaspora\/article-830278\"><strong>oko\u0142o 50 000 student\u00f3w<\/strong><\/a>\u00a0i wyk\u0142adowc\u00f3w z wielu uniwersytet\u00f3w demonstrowa\u0142o na terenach swoich uczelni i na ulicach miast, niszczyli mienie, wandalizowali budynki, wznosili has\u0142a \u201eNiech \u017cyje intifada\u201d, jeden z tych demonstrant\u00f3w powiedzia\u0142 wprost do mikrofonu: \u201eostateczne rozwi\u0105zanie nadchodzi\u201d.<\/span><\/p>\n<p style=\"text-align: left;\">\n<span style=\"color: #000080;\">To nie by\u0142y tylko s\u0142owa. Policja udaremni\u0142a kilka planowanych zamach\u00f3w, ale \u017cydowska szko\u0142a w Toront zosta\u0142a\u00a0<a style=\"color: #000080;\" href=\"https:\/\/www.cbc.ca\/news\/canada\/toronto\/bais-chaya-mushka-gunshots-toronto-1.7416067\"><strong>ostrzelana trzykrotni<\/strong><\/a><strong>e,\u00a0<\/strong><strong>\u00a0<\/strong><a style=\"color: #000080;\" href=\"https:\/\/www.jpost.com\/diaspora\/antisemitism\/article-802585\"><strong>by\u0142o kilka strzelanin w \u017cydowskiej szkole w Montrealu<\/strong><\/a><strong>,\u00a0<\/strong><a style=\"color: #000080;\" href=\"https:\/\/www.cbc.ca\/news\/canada\/montreal\/congregation-beth-tikvah-firebombing-charges-1.7506253\"><strong>podpalono synagog\u0119 w Montrealu<\/strong><\/a><strong>,\u00a0<\/strong><a style=\"color: #000080;\" href=\"https:\/\/www.cbc.ca\/news\/canada\/montreal\/congregation-beth-tikvah-firebombing-charges-1.7506253\"><strong>podpalono inn\u0105 synagog<\/strong><\/a><strong>\u0119<\/strong>\u00a0 nieopodal tego miasta, swastyki malowane na \u017cydowskich domach, palenie izraelskich flag, niszczenie afiszy wyborczych podejrzanych o \u017cydowsko\u015b\u0107 kandydat\u00f3w.\u00a0<\/span><\/p>\n<p style=\"text-align: left;\">\n<span style=\"color: #000080;\">Autor pisze, \u017ce to, co dzieje si\u0119 w Kanadzie, nie jest oddolnym, spontanicznym wyrazem solidarno\u015bci z Palesty\u0144czykami, chocia\u017c tak przedstawia to prasa.<\/span><\/p>\n<blockquote><p><strong>\u201eTo zorganizowany wysi\u0142ek, aby znormalizowa\u0107 pod\u017ceganie antysemickie pod przykrywk\u0105 aktywizmu politycznego. Co wi\u0119cej zmierza to wyra\u017anie do pogrom\u00f3w, kt\u00f3re zazwyczaj zaczyna\u0142y si\u0119 od \u201etolerowanego pod\u017cegania, bezkarno\u015bci t\u0142um\u00f3w i niech\u0119ci w\u0142adz do zdecydowanych dzia\u0142a\u0144 z obawy przed politycznymi reperkusjami\u201d.<\/strong><\/p><\/blockquote>\n<p style=\"text-align: left;\"><span style=\"color: #000080;\">Palesty\u0144skie kefije sta\u0142y si\u0119 modne, s\u0105 wszechobecne, informuj\u0105 o narastaj\u0105cej zbiorowej mi\u0142o\u015bci do barbarzy\u0144stwa i nazistowskiej ideologii, mi\u0142o\u015bci skrywanej pod p\u0142aszczykiem ociekaj\u0105cego fa\u0142szem wsp\u00f3\u0142czucia.\u00a0\u00a0<\/span><\/p>\n<p style=\"text-align: left;\">\n<span style=\"color: #000080;\">Czy w\u0142adze s\u0105 zastraszone, czy podzielaj\u0105 te nowe nami\u0119tno\u015bci? Do politycznego establishmentu przenikn\u0119\u0142o wielu zwolennik\u00f3w tej ideologii, inni s\u0105 tylko post\u0119powi, a jeszcze inni tylko zastraszeni i niezdecydowani.\u00a0\u00a0\u00a0<\/span><\/p>\n<p style=\"text-align: left;\">\n<span style=\"color: #000080;\">W\u0105tpliwe, czy w Kanadzie istnieje jeszcze jaka\u015b si\u0142a zdolna to zatrzyma\u0107.\u00a0<\/span><\/p>\n<p style=\"text-align: left;\">\n<span style=\"color: #000080;\">Polska jest dzi\u015b spokojna jak lej po bombie, chocia\u017c mamy ju\u017c na uniwersytetach nauczycieli przekazuj\u0105cych studentom mi\u0142o\u015b\u0107 do ideologii Bractwa Muzu\u0142ma\u0144skiego, wspieraj\u0105cych si\u0119 autorytetami ONZ i jego trybuna\u0142\u00f3w, nasze media ochoczo powielaj\u0105 propagand\u0119 Hamasu i Al D\u017caziry, ale nadal jeste\u015bmy daleko w tyle. Inne kraje europejskie wydaj\u0105 si\u0119 i\u015b\u0107 \u015bladami Kanady. Informacji o stosunku arabskich dysydent\u00f3w do ideologii Bractwa Muzu\u0142ma\u0144skiego w polskich mediach nie zauwa\u017cy\u0142em. <span style=\"color: #800000;\">Kanada cuchnie mi\u0142o\u015bci\u0105 do tej ideologii, u nas czu\u0107 dopiero paskudny <strong>smrodek.<\/strong><\/span><\/span><\/p>\n<\/div>\n<hr style=\"height: 15px; background: #d0e6fa; width: 100%;\" \/>\n<div id=\"content\" class=\"content-alignment\">\n<div id=\"watch-description\" class=\"yt-uix-button-panel\">\n<div id=\"watch-description-text\" style=\"text-align: center;\">\n<p><em>Zawarto\u015b\u0107 publikowanych artyku\u0142\u00f3w i materia\u0142\u00f3w nie reprezentuje pogl\u0105d\u00f3w ani opinii Reunion&#8217;68,<\/em><em><br \/>\nani te\u017c webmastera Blogu Reunion&#8217;68, chyba ze jest to wyra\u017anie zaznaczone.<br \/>\nTwoje uwagi, linki, w\u0142asne artyku\u0142y lub wiadomo\u015bci prze\u015blij na adres:<br \/>\n<\/em><span style=\"color: #000080;\"><strong><em><a style=\"color: #000080;\" href=\"mailto:webmaster@reunion68.com\"><span style=\"text-decoration: underline;\">webmaster@reunion68.com<\/span><\/a><\/em><\/strong><\/span><\/p>\n<\/div>\n<\/div>\n<\/div>\n<hr style=\"width: 100%;\" \/>\n","protected":false},"excerpt":{"rendered":"<p>Kanada cuchn\u0105ca mi\u0142o\u015bci\u0105 Andrzej Koraszewski Kanadyjskie pro-hamasowskie demonstracje (Zrzut z ekranu) Gdzie jeste\u015bmy? Dok\u0105d idziemy? Instytut MEMRI zajmuje si\u0119 \u015bledzeniem medi\u00f3w g\u0142\u00f3wnie w muzu\u0142ma\u0144skich krajach. Niedawno sporz\u0105dzi\u0142\u00a0raport\u00a0na temat reakcji arabskich publicyst\u00f3w na wprowadzony w Jordanii zakaz dzia\u0142alno\u015bci Bractwa Muzu\u0142ma\u0144skiego. Wy\u0142\u0105cznie g\u0142osy dysydent\u00f3w gor\u0105co popieraj\u0105cych ten krok. Trudno powiedzie\u0107, czy s\u0142owo \u201edysydenci\u201d jest w tym przypadku [&hellip;]<\/p>\n","protected":false},"author":1,"featured_media":0,"comment_status":"closed","ping_status":"closed","sticky":false,"template":"","format":"standard","meta":[],"categories":[6],"tags":[26,24],"_links":{"self":[{"href":"https:\/\/www.reunion68.se\/index.php?rest_route=\/wp\/v2\/posts\/121058"}],"collection":[{"href":"https:\/\/www.reunion68.se\/index.php?rest_route=\/wp\/v2\/posts"}],"about":[{"href":"https:\/\/www.reunion68.se\/index.php?rest_route=\/wp\/v2\/types\/post"}],"author":[{"embeddable":true,"href":"https:\/\/www.reunion68.se\/index.php?rest_route=\/wp\/v2\/users\/1"}],"replies":[{"embeddable":true,"href":"https:\/\/www.reunion68.se\/index.php?rest_route=%2Fwp%2Fv2%2Fcomments&post=121058"}],"version-history":[{"count":4,"href":"https:\/\/www.reunion68.se\/index.php?rest_route=\/wp\/v2\/posts\/121058\/revisions"}],"predecessor-version":[{"id":121070,"href":"https:\/\/www.reunion68.se\/index.php?rest_route=\/wp\/v2\/posts\/121058\/revisions\/121070"}],"wp:attachment":[{"href":"https:\/\/www.reunion68.se\/index.php?rest_route=%2Fwp%2Fv2%2Fmedia&parent=121058"}],"wp:term":[{"taxonomy":"category","embeddable":true,"href":"https:\/\/www.reunion68.se\/index.php?rest_route=%2Fwp%2Fv2%2Fcategories&post=121058"},{"taxonomy":"post_tag","embeddable":true,"href":"https:\/\/www.reunion68.se\/index.php?rest_route=%2Fwp%2Fv2%2Ftags&post=121058"}],"curies":[{"name":"wp","href":"https:\/\/api.w.org\/{rel}","templated":true}]}}