{"id":12110,"date":"2015-01-07T19:08:48","date_gmt":"2015-01-07T17:08:48","guid":{"rendered":"http:\/\/www.reunion68.se\/?p=12110"},"modified":"2015-01-07T13:08:35","modified_gmt":"2015-01-07T11:08:35","slug":"12110","status":"publish","type":"post","link":"https:\/\/www.reunion68.se\/?p=12110","title":{"rendered":"Kto pokieruje Teatrem \u017bydowskim? B\u0119dzie konkurs na dyrektora?"},"content":{"rendered":"<h5 style=\"text-align: center;\"><a href=\"http:\/\/warszawa.gazeta.pl\/\" target=\"_blank\"><img decoding=\"async\" class=\"center alignleft\" src=\"http:\/\/www.reunion68.com\/Biuletyn\/img\/wyborcza-s.png\" alt=\"\" \/><\/a><span style=\"text-decoration: underline; color: #000080;\"><span style=\"text-decoration: underline;\"><strong><a style=\"color: #000080; text-decoration: underline;\" href=\"http:\/\/warszawa.gazeta.pl\/warszawa\/1,34862,17184131,Kto_pokieruje_Teatrem_Zydowskim__Bedzie_konkurs_na.html\" target=\"_blank\">Kto pokieruje Teatrem \u017bydowskim? B\u0119dzie konkurs na dyrektora? <\/a><\/strong><\/span><\/span><\/h5>\n<p style=\"text-align: center;\"><span style=\"color: #333333;\"><strong>Izabela Szyma\u0144ska <\/strong><\/span><\/p>\n<hr style=\"height: 15px; background: #d0e6fa; width: 710px;\" \/>\n<div style=\"width: 360px\" class=\"wp-caption alignright\"><img decoding=\"async\" title=\"Teatr \u017bydowski\" src=\"http:\/\/bi.gazeta.pl\/im\/cc\/35\/c4\/z12858828Q,Teatr-Zydowski.jpg\" alt=\"Teatr \u017bydowski (Fot. Adam St\u0119pie\u0144 \/ Agencja Gazeta)\" width=\"350\" border=\"0\" \/><p class=\"wp-caption-text\"><span style=\"color: #000080;\"><em>Teatr \u017bydowski (Fot. Adam St\u0119pie\u0144 \/ Agencja Gazeta)<\/em><\/span><\/p><\/div>\n<p style=\"text-align: left;\"><strong><span style=\"color: #333333;\">W po\u0142owie stycznia ratusz zdecyduje, czy mianuje dyrektora Teatru \u017bydowskiego, czy te\u017c og\u0142osi konkurs na to stanowisko.<\/span><\/strong><\/p>\n<p style=\"text-align: left;\"><span style=\"color: #000080;\">Wcze\u015bniej miasto zapowiada\u0142o, \u017ce do ko\u0144ca roku zdecyduje o sposobie powo\u0142ania nowego szefa teatru. Od \u015bmierci Szymona Szurmieja w lipcu scen\u0105 kieruje jako p.o. dyrektora Go\u0142da Tencer, wdowa po Szurmieju i wicedyrektorka plac\u00f3wki.<\/span><\/p>\n<p style=\"text-align: left;\"><span style=\"color: #000080;\">Jednak wiceprezydent Jaros\u0142aw J\u00f3\u017awiak zdecydowa\u0142 o zmianie terminu podj\u0119cia decyzji. &#8211; Poprosili\u015bmy pani\u0105 Tencer o przedstawienie programu dla sceny na kolejny rok. Otrzymali\u015bmy plan artystyczny, brakuje jednak finansowego. Poprosili\u015bmy o jego uzupe\u0142nienie. Kiedy je otrzymamy, przeprowadzimy analiz\u0119 i zdecydujemy, czy rozpiszemy konkurs na dyrektora Teatru \u017bydowskiego, czy te\u017c go mianujemy &#8211; m\u00f3wi J\u00f3\u017awiak.<\/span><\/p>\n<p style=\"text-align: left;\"><span style=\"color: #000080;\">Dlaczego miasto zwr\u00f3ci\u0142o si\u0119 z pytaniem o pomys\u0142 na teatr tylko do Go\u0142dy Tencer, potencjalnej kandydatki w konkursie? &#8211; Bo to ona dzi\u015b prowadzi scen\u0119 &#8211; m\u00f3wi J\u00f3\u017awiak.<\/span><\/p>\n<p style=\"text-align: left;\"><span style=\"color: #000080;\">Uzupe\u0142niony program Go\u0142da Tencer ma z\u0142o\u017cy\u0107 w ratuszu w ci\u0105gu dw\u00f3ch tygodni. Na pocz\u0105tku grudnia przedstawi\u0142a zamierzenia artystyczne, w\u015br\u00f3d planowanych premier znalaz\u0142y si\u0119 &#8220;Dybuk&#8221; Mai Kleczewskiej i \u0141ukasza Chotkowskiego, &#8220;Marzec &#8217;68&#8221; Moniki Strz\u0119pki i Paw\u0142a Demirskiego czy &#8220;Aktorzy \u017cydowscy&#8221; Anny Smolar. Kontynuowany ma by\u0107 cykl spotka\u0144 Remigiusza Grzeli &#8220;Baga\u017ce kultury&#8221;, a wsp\u00f3lnie z Fundacj\u0105 &#8220;MaMa&#8221; teatr chce zorganizowa\u0107 Uniwersytet Dzieci\u0119cy &#8211; cykl zaj\u0119\u0107 dla dzieci.<\/span><\/p>\n<p style=\"text-align: left;\"><span style=\"color: #000080;\">Teatr \u017bydowski og\u0142osi\u0142 plany na kolejny rok, miasto stwierdzi\u0142o, \u017ce skoro p.o. dyrektor ma pomys\u0142y, to niech poka\u017ce, jak je sfinansowa\u0107. Niby w porz\u0105dku, ale co\u015b tu nie pasuje. Bo wicedyrektorka plac\u00f3wki korzysta z tego, \u017ce ratusz zwleka z decyzj\u0105 o sposobie wyboru dyrektora. Czy zaprezentowanie programu to gest, kt\u00f3ry ma szans\u0119 zatrzyma\u0107 konkurs i zapewni\u0107 sobie mianowanie?<\/span><\/p>\n<p style=\"text-align: left;\"><span style=\"color: #000080;\">W przesz\u0142o\u015bci krytykowano mianowania dyrektor\u00f3w instytucji kultury. Bo to decyzje podejmowane w w\u0105skim gronie, w zaciszu gabinet\u00f3w, nieprzejrzyste. W poprzednich kadencjach za osob\u0119 decyduj\u0105c\u0105 o stanowiskach w kulturze uwa\u017cany by\u0142 wiceprezydent W\u0142odzimierz Paszy\u0144ski. Dzi\u015b kultur\u0119 nadzoruje Jaros\u0142aw J\u00f3\u017awiak. Zmieni\u0142a si\u0119 osoba, mechanizmy pozostan\u0105 takie same?<\/span><\/p>\n<p style=\"text-align: left;\"><span style=\"color: #000080;\">Otwarty konkurs jest najbardziej przejrzyst\u0105 form\u0105 wy\u0142onienia dyrektora instytucji kultury, w kt\u00f3rej eksperci mog\u0105 oceni\u0107 plany poszczeg\u00f3lnych kandydat\u00f3w.<\/span><\/p>\n<hr style=\"height: 15px; background: #d0e6fa; width: 710px;\" \/>\n<div id=\"content\" class=\"  content-alignment&lt;br \/&gt;&lt;br \/&gt; \">\n<div id=\"watch-description\" class=\"yt-uix-button-panel\">\n<div id=\"watch-description-text\">\n<p style=\"text-align: center;\"><span style=\"color: #808080;\"> twoje uwagi, linki, wlasne artykuly, lub wiadomosci przeslij do: <strong><span style=\"text-decoration: underline;\"><span style=\"color: #808080; text-decoration: underline;\"><a href=\"mailto:webmaster@reunion68.com\">webmaster@reunion68.com<\/a><\/span><\/span><\/strong><\/span><\/p>\n<\/div>\n<\/div>\n<\/div>\n<p>&nbsp;<\/p>\n<hr style=\"width: 710px;\" \/>\n","protected":false},"excerpt":{"rendered":"<p>Kto pokieruje Teatrem \u017bydowskim? B\u0119dzie konkurs na dyrektora? Izabela Szyma\u0144ska W po\u0142owie stycznia ratusz zdecyduje, czy mianuje dyrektora Teatru \u017bydowskiego, czy te\u017c og\u0142osi konkurs na to stanowisko. Wcze\u015bniej miasto zapowiada\u0142o, \u017ce do ko\u0144ca roku zdecyduje o sposobie powo\u0142ania nowego szefa teatru. Od \u015bmierci Szymona Szurmieja w lipcu scen\u0105 kieruje jako p.o. dyrektora Go\u0142da Tencer, wdowa [&hellip;]<\/p>\n","protected":false},"author":1,"featured_media":0,"comment_status":"closed","ping_status":"closed","sticky":false,"template":"","format":"standard","meta":[],"categories":[4],"tags":[24],"_links":{"self":[{"href":"https:\/\/www.reunion68.se\/index.php?rest_route=\/wp\/v2\/posts\/12110"}],"collection":[{"href":"https:\/\/www.reunion68.se\/index.php?rest_route=\/wp\/v2\/posts"}],"about":[{"href":"https:\/\/www.reunion68.se\/index.php?rest_route=\/wp\/v2\/types\/post"}],"author":[{"embeddable":true,"href":"https:\/\/www.reunion68.se\/index.php?rest_route=\/wp\/v2\/users\/1"}],"replies":[{"embeddable":true,"href":"https:\/\/www.reunion68.se\/index.php?rest_route=%2Fwp%2Fv2%2Fcomments&post=12110"}],"version-history":[{"count":11,"href":"https:\/\/www.reunion68.se\/index.php?rest_route=\/wp\/v2\/posts\/12110\/revisions"}],"predecessor-version":[{"id":12112,"href":"https:\/\/www.reunion68.se\/index.php?rest_route=\/wp\/v2\/posts\/12110\/revisions\/12112"}],"wp:attachment":[{"href":"https:\/\/www.reunion68.se\/index.php?rest_route=%2Fwp%2Fv2%2Fmedia&parent=12110"}],"wp:term":[{"taxonomy":"category","embeddable":true,"href":"https:\/\/www.reunion68.se\/index.php?rest_route=%2Fwp%2Fv2%2Fcategories&post=12110"},{"taxonomy":"post_tag","embeddable":true,"href":"https:\/\/www.reunion68.se\/index.php?rest_route=%2Fwp%2Fv2%2Ftags&post=12110"}],"curies":[{"name":"wp","href":"https:\/\/api.w.org\/{rel}","templated":true}]}}