{"id":121163,"date":"2025-05-16T17:09:08","date_gmt":"2025-05-16T15:09:08","guid":{"rendered":"http:\/\/www.reunion68.se\/?p=121163"},"modified":"2025-05-16T08:25:38","modified_gmt":"2025-05-16T06:25:38","slug":"16-09-98","status":"publish","type":"post","link":"https:\/\/www.reunion68.se\/?p=121163","title":{"rendered":"Przed obozami zag\u0142ady by\u0142y sale wyk\u0142adowe"},"content":{"rendered":"<p><img decoding=\"async\" class=\"aligncenter\" src=\"https:\/\/blogger.googleusercontent.com\/img\/b\/R29vZ2xl\/AVvXsEjPthMPrBSgG7QGK-ekQJcbz3JIKVW068vfdUs3o9nhSU1SpTT3yEdSL070bjg8Bwrd4f7Th0vNnttyFT9pm62A3j_5ms3aGztxs06_0L_oermxDdH4SuY0wJkaaN7zZA2ClLgGHaA6V0Sni99ZfnGRiWsBrwJnCtKBYB4VxlFRCc_C9mvadRjing\/w640-h640\/campus%20then%20and%20now-ink.jpeg\" width=\"100%\" \/><\/p>\n<h5 style=\"text-align: center;\"><a href=\"http:\/\/www.listyznaszegosadu.pl\/\" target=\"_blank\" rel=\"noopener noreferrer\"><img decoding=\"async\" class=\"center alignleft\" src=\"http:\/\/www.reunion68.com\/Biuletyn\/img\/z-naszego.jpg\" alt=\"\" width=\"50%\" \/><\/a><span style=\"text-decoration: underline; color: #000080;\"><strong><a style=\"color: #000080; text-decoration: underline;\" href=\"http:\/\/www.listyznaszegosadu.pl\/syjonizm\/przed-obozami-zaglady-byly-sale-wykladowe\" target=\"_blank\" rel=\"noopener noreferrer\">Przed obozami zag\u0142ady by\u0142y sale wyk\u0142adowe<\/a><\/strong><\/span><\/h5>\n<p style=\"text-align: center;\"><span style=\"color: #000000;\"><strong>Judean Rose<br \/>\n<\/strong><span style=\"color: #808080;\"><em>T\u0142umaczenie:<\/em><\/span><strong> Ma\u0142gorzata Koraszewska<\/strong><\/span><\/p>\n<hr style=\"height: 15px; background: #d0e6fa; width: 100%;\" \/>\n<div class=\"templateArticleIngress\">\n<p style=\"text-align: left;\"><span style=\"color: #000080;\">\u017bydowska studentka Uniwersytetu Wiede\u0144skiego, Eva G., w 1938 roku \u00a0wsun\u0119\u0142a naszyjnik z Gwiazd\u0105 Dawida pod bluzk\u0119, zanim wesz\u0142a na sal\u0119 wyk\u0142adow\u0105. Przywita\u0142y j\u0105 swastyki nabazgrane na \u015bcianach i szepty \u201e<em>Juden raus<\/em>\u201d. Osiemdziesi\u0105t sze\u015b\u0107 lat p\u00f3\u017aniej, w 2024 roku, \u017cydowski student Uniwersytetu Columbia naci\u0105ga kaptur na jarmu\u0142k\u0119, by przej\u015b\u0107 obok demonstrant\u00f3w skanduj\u0105cych \u201eWracajcie do Polski\u201d.<\/span><\/p>\n<p style=\"text-align: left;\">\n<span style=\"color: #000080;\">Cho\u0107 te zdarzenia dziel\u0105 dekady, podobie\u0144stwo tych chwil jest przera\u017caj\u0105ce \u2014 niemal jak zatrzymana klatka filmowa. Eva prawdopodobnie dawno nie \u017cyje i jest pochowana, ale strach, kt\u00f3ry kiedy\u015b czu\u0142a \u2014 przed n\u0119kaniem, zn\u0119caniem si\u0119 i nienawi\u015bci\u0105 \u2014 pozostaje przera\u017caj\u0105c\u0105 rzeczywisto\u015bci\u0105 dla dzisiejszych \u017cydowskich student\u00f3w. Kampusy, kiedy\u015b uwa\u017cane za bastiony nauki i tolerancji, sta\u0142y si\u0119 miejscami, w kt\u00f3rych \u017bydzi nie s\u0105 bezpieczni, gdzie musz\u0105 ukrywa\u0107, je\u015bli nie siebie, to swoj\u0105 to\u017csamo\u015b\u0107.<\/span><\/p>\n<\/div>\n<p style=\"text-align: left;\">\n<div class=\"templateArticleBrodtext\">\n<p style=\"text-align: left;\"><span style=\"color: #000080;\">Od 7 pa\u017adziernika liczba antysemickich incydent\u00f3w na ameryka\u0144skich kampusach uniwersyteckich wzros\u0142a o\u00a0<a style=\"color: #000080;\" href=\"https:\/\/www.jpost.com\/diaspora\/antisemitism\/article-851805\"><strong>477%<\/strong><\/a>. Ju\u017c sama ta liczba wymaga uwagi. Ale to atmosfera \u2014 pe\u0142ne nienawi\u015bci okrzyki i symbole w po\u0142\u0105czeniu z milczeniem administracji \u2014 sprawia, \u017ce przesz\u0142o\u015b\u0107 wydaje si\u0119 niebezpiecznie bliska. Dok\u0105d prowadzi ca\u0142a ta nienawi\u015b\u0107 do \u017cydowskich student\u00f3w?<\/span><\/p>\n<p style=\"text-align: left;\">\n<span style=\"color: #000080;\">Podczas rozkwitu nazizmu niemieckie uniwersytety by\u0142y jednymi z pierwszych instytucji, kt\u00f3re przyj\u0119\u0142y polityk\u0119 antysemick\u0105. W Heidelbergu bojkot \u017cydowskich student\u00f3w zacz\u0105\u0142 si\u0119 \u00a0w 1933 r. W 1935 r. sale wyk\u0142adowe zdobi\u0142y swastyki. W 1938 r. \u017bydzi ca\u0142kowicie znikn\u0119li z kampus\u00f3w \u2014\u00a0<a style=\"color: #000080;\" href=\"https:\/\/encyclopedia.ushmm.org\/content\/en\/article\/the-german-universities-under-the-nazi-regime\"><strong>zostali wyrzuceni<\/strong><\/a>\u00a0lub spotka\u0142o ich co\u015b gorszego. Przemoc nie zacz\u0119\u0142a si\u0119 w obozach zag\u0142ady; zacz\u0119\u0142a si\u0119 od student\u00f3w, profesor\u00f3w i rektor\u00f3w, kt\u00f3rzy albo do\u0142\u0105czyli do t\u0142um\u00f3w, albo stali i patrzyli w milczeniu.<\/span><\/p>\n<\/div>\n<p style=\"text-align: left;\"><img decoding=\"async\" class=\"alignleft\" src=\"http:\/\/www.listyznaszegosadu.pl\/upload\/article\/bild\/735\/1081757\/an2_s.png\" \/><\/p>\n<p style=\"text-align: left;\"><span style=\"color: #808080;\"><em>Aula Uniwersytetu w Heidelbergu ozdobiona swastykami.<\/em><\/span><\/p>\n<p style=\"text-align: left;\"><span style=\"color: #000080;\">W raporcie \u017bydowskiej\u00a0<a style=\"color: #000080;\" href=\"https:\/\/www.jta.org\/archive\/jewish-students-thrown-out-of-berlin-university-by-nazis-five-jews-injured\">Agencji Telegraficznej z 1933 r.<\/a>\u00a0opisano jeden z takich incydent\u00f3w:<\/span><\/p>\n<blockquote>\n<p style=\"text-align: left;\"><strong>\u201eDwustu nazistowskich student\u00f3w otoczy\u0142o \u017cydowskich student\u00f3w w sto\u0142\u00f3wce na terenie kampusu i, u\u017cywaj\u0105c krzese\u0142, sto\u0142\u00f3w i szk\u0142a jako pocisk\u00f3w, zaatakowa\u0142o \u017byd\u00f3w. Pi\u0119ciu \u017cydowskich student\u00f3w odnios\u0142o obra\u017cenia&#8230; Rektor Uniwersytetu Berli\u0144skiego nie interweniowa\u0142\u201d.<\/strong><\/p>\n<\/blockquote>\n<p style=\"text-align: left;\"><span style=\"color: #000080;\">Dr Elana Yael Heideman, historyczka Holokaustu i dyrektorka generalna\u00a0<a style=\"color: #000080;\" href=\"https:\/\/www.blogger.com\/blog\/post\/edit\/7933777\/6727257008765243278\"><strong>Israel Forever Foundation<\/strong><\/a>\u00a0m\u00f3wi:<\/span><\/p>\n<blockquote>\n<p style=\"text-align: left;\"><strong>\u201eWykorzystanie \u015brodowiska akademickiego do promowania ekstremistycznych pogl\u0105d\u00f3w i dzia\u0142a\u0144 przeciwko \u017bydom by\u0142o niezb\u0119dne do sukcesu nazist\u00f3w w dotarciu do element\u00f3w spo\u0142ecze\u0144stwa, kt\u00f3re mo\u017cna by\u0142o pobudzi\u0107, zainspirowa\u0107 i rozpali\u0107 do gwa\u0142townej ekspresji przez systematyczn\u0105 logik\u0119 stosowan\u0105 w nienawi\u015bci do \u017byd\u00f3w. Kiedy to si\u0119 zacz\u0119\u0142o w dekadzie poprzedzaj\u0105cej powstanie hitlerowskiej Trzeciej Rzeszy, nikt nie m\u00f3g\u0142 sobie wyobrazi\u0107, \u017ce antysemickie zamieszki przeciwko studentom na kampusach uniwersyteckich w Austrii i Niemczech w latach 20. i 30. XX wieku rozwin\u0105 si\u0119 w pe\u0142nowymiarowe ludob\u00f3jstwo \u017byd\u00f3w. Tak, by\u0142y na to oznaki, ale nikt nie widzia\u0142 przys\u0142owiowego pisma na \u015bcianie. Kiedy re\u017cim nazistowski osi\u0105gn\u0105\u0142 pe\u0142n\u0105 moc w 1935 r., spo\u0142eczna akceptacja nienawi\u015bci przesi\u0105k\u0142a do mentalno\u015bci publicznej, umo\u017cliwiaj\u0105c w ten spos\u00f3b p\u00f3\u017aniejsz\u0105 bierno\u015b\u0107, kt\u00f3ra z kolei umo\u017cliwi\u0142a przera\u017caj\u0105ce prze\u015bladowania i morderstwa przy u\u017cyciu kul lub gazu\u201d.<\/strong><\/p>\n<\/blockquote>\n<p style=\"text-align: left;\"><span style=\"color: #000080;\">Dzisiaj w Stanach Zjednoczonych nie wydala si\u0119 \u017cydowskich student\u00f3w na mocy prawa. Ale s\u0105 obiektem mowy nienawi\u015bci, podstawianych pod oczy swastyk i okrzyk\u00f3w takich jak \u201eintifada rewolucja\u201d, wywrzaskiwanych na elitarnych kampusach od\u00a0<a style=\"color: #000080;\" href=\"https:\/\/www.dailysignal.com\/2023\/11\/14\/american-college-students-chant-nazi-inspired-slogan-against-israel\/\"><strong>Princeton do Tufts<\/strong><\/a>. Na Cornell, Russell Rickford, adiunkt historii, krzykn\u0105\u0142 do podekscytowanego t\u0142umu student\u00f3w, \u017ce by\u0142 rozradowany masakr\u0105 z 7 pa\u017adziernika.<\/span><\/p>\n<p style=\"text-align: left;\">\n<span style=\"color: #000080;\">Na Harvardzie i Stanfordzie \u017cydowscy studenci s\u0105 n\u0119kani, ujawnia si\u0119 ich dane osobiste lub spycha na margines \u017cycia kampusu. A zbyt cz\u0119sto przyw\u00f3dcy uniwersytet\u00f3w odpowiadaj\u0105 moralnymi wykr\u0119tami lub biurokratycznymi bana\u0142ami i nie robi\u0105 nic, aby powstrzyma\u0107 fal\u0119 nienawi\u015bci.<\/span><\/p>\n<p style=\"text-align: left;\">\n<span style=\"color: #000080;\">Czasami historia odbija si\u0119 echem, ale nie ca\u0142kiem powtarza. Wtedy i teraz pora\u017cka moralnego przyw\u00f3dztwa nie tylko pozwala nienawi\u015bci si\u0119 rozwija\u0107, ale daje jej pozwolenie na rozkwit i wzrost. To nie to samo, co w Europie w latach 30. ubieg\u0142ego wieku \u2014 ale nienawi\u015b\u0107 jest dok\u0142adnie taka sama i wci\u0105\u017c jest r\u00f3wnie niebezpieczna. Jak zeznawa\u0142 przed Senatem USA ocala\u0142y z Holokaustu\u00a0<a style=\"color: #000080;\" href=\"https:\/\/www.jns.org\/anti-israel-protests-on-campus-recall-europe-under-the-nazis-survivor-tells-senate-panel\/\"><strong>David Schaecter<\/strong><\/a>, prezes Holocaust Survivors Foundation USA:<\/span><\/p>\n<blockquote>\n<p style=\"text-align: left;\"><strong>\u201eWyra\u017anie pami\u0119tam, jak s\u0142owaccy koledzy z klasy dokuczali \u017cydowskim dzieciom, takim jak ja, a to, co dzieje si\u0119 dzisiaj, wygl\u0105da i odczuwa si\u0119 tak samo\u201d.<\/strong><\/p>\n<\/blockquote>\n<p style=\"text-align: left;\"><span style=\"color: #000080;\">Kiedy protesty przeradzaj\u0105 si\u0119 w skandowanie hase\u0142 zaprzeczaj\u0105cych prawu \u017byd\u00f3w do istnienia, gloryfikuj\u0105cych terroryzm lub zastraszaj\u0105cych \u017cydowskich student\u00f3w, granica zostaje przekroczona. Gro\u017cenie \u017bydom zag\u0142ad\u0105 nie jest \u201ewolno\u015bci\u0105 s\u0142owa\u201d i nigdy ni\u0105 nie by\u0142o.<\/span><\/p>\n<p style=\"text-align: left;\">\n<span style=\"color: #000080;\">Najbardziej dr\u0119cz\u0105cym pytaniem oczywi\u015bcie nie jest to, co dzieje si\u0119 teraz \u2014 ale dok\u0105d to wszystko mo\u017ce doprowadzi\u0107. W Niemczech radykalizacja uniwersytet\u00f3w pomog\u0142a znormalizowa\u0107 ideologi\u0119 nazistowsk\u0105. Wsp\u00f3\u0142udzia\u0142 akademicki nie tylko odzwierciedla\u0142 faszyzm; on go podsyca\u0142. Profesorowie szkolili biurokrat\u00f3w i stra\u017cnik\u00f3w obozowych. Rektorzy wst\u0119powali do partii nazistowskiej. Przemoc na uniwersytetach, kiedy\u015b ignorowana, przerodzi\u0142a si\u0119 w co\u015b o wiele gorszego.<\/span><\/p>\n<p style=\"text-align: left;\">\n<span style=\"color: #000080;\">Tym razem jest inaczej m\u00f3wi Elana Heideman:<\/span><\/p>\n<blockquote>\n<p style=\"text-align: left;\"><strong>\u201ePoniewa\u017c obecna administracja nie nap\u0119dza\u0142a antysemityzm na kampusach do coraz wi\u0119kszej przemocy, istnieje tymczasowe poczucie bezpiecze\u0144stwa, poczucie, \u017ce nie b\u0119dzie gorzej ni\u017c to, co ju\u017c ma miejsce. \u017be rozp\u0142ynie si\u0119, gdy sankcje za ich dzia\u0142ania wzrosn\u0105. Istnieje jednak i powinno istnie\u0107 wyra\u017ane wahanie przed opieraniem si\u0119 na tak bezpodstawnej pewno\u015bci, \u017ce festiwale nienawi\u015bci i publiczna demonizacja \u017byd\u00f3w ustan\u0105 lub przygasn\u0105. Zamiast tego musimy zaakceptowa\u0107, \u017ce to, co nadejdzie, nie b\u0119dzie wygl\u0105da\u0107 tak samo ani nie b\u0119dzie tak samo ustrukturyzowane jak 100 lat temu.<\/strong><\/p>\n<p style=\"text-align: left;\">\n<strong>Sam Elie Wiesel powiedzia\u0142 kiedy\u015b, \u017ce nast\u0119pny rozdzia\u0142 nie b\u0119dzie wygl\u0105da\u0142 jak wagony bydl\u0119ce i komory gazowe. Jak b\u0119dzie wygl\u0105da\u0142, nikt nie mo\u017ce by\u0107 pewien. Ale rzeczywi\u015bcie \u017bydzi, Izraelczycy i nasi sojusznicy b\u0119d\u0105 nadal coraz cz\u0119\u015bciej umieszczani na listach, atakowani, zastraszani, by apatycznie podporz\u0105dkowa\u0107 si\u0119 wszelkim \u017c\u0105daniom stawianym \u017bydom, \u017ceby ich\/siebie uratowa\u0107\u201d.<\/strong><\/p>\n<\/blockquote>\n<p style=\"text-align: left;\"><span style=\"color: #000080;\">Ujawnianie danych jest zjawiskiem szczeg\u00f3lnie przera\u017caj\u0105cym i niebezpiecznym. \u201eWiele z tych list &#8211; m\u00f3wi Heideman \u2013 ju\u017c jest ujawniona, na przyk\u0142ad w\u00a0<a style=\"color: #000080;\" href=\"https:\/\/www.ajc.org\/news\/5-reasons-why-the-bds-mapping-project-is-dangerous-for-jews-and-everyone-else\"><strong>Mapping Project<\/strong><\/a>, kt\u00f3ry teraz nawet nie maskuje swoich intencji i publicznie ujawni\u0142 si\u0119 jako Mapa Wyzwolenia, na kt\u00f3rej wszystkie \u017cydowskie domy, firmy i instytucje powi\u0105zane z Izraelem s\u0105 zidentyfikowane. Ale nawet przy wysi\u0142kach w\u0142o\u017conych w ujawnienie tej jawnej koordynacji tego wsp\u00f3\u0142czesnego, ludob\u00f3jczego zamiaru mocniejszych dzia\u0142a\u0144 przeciwko \u017bydom, listy, etykiety, systematyczne ataki spo\u0142eczne i medialne na prawd\u0119 nadal rosn\u0105 w liczb\u0119 i si\u0142\u0119\u201d.<\/span><\/p>\n<p style=\"text-align: left;\">\n<span style=\"color: #000080;\">Dok\u0105d to zmierza? Wiemy, dok\u0105d to doprowadzi\u0142o w Berlinie, Heidelbergu i Wiedniu. Czy dzisiejsze ujawnianie danych, protesty i antysemickie okrzyki na kampusie mog\u0105 przerodzi\u0107 si\u0119 w horrory podobne do Holocaustu?<\/span><\/p>\n<p style=\"text-align: left;\">\n<span style=\"color: #000080;\">Prawdopodobnie nie. \u201eW rezultacie \u2013 m\u00f3wi Heideman \u2013 b\u0119dzie wzrastaj\u0105ca izolacja \u017byd\u00f3w wsz\u0119dzie. Dojdzie do nasilenia walk wewn\u0119trznych mi\u0119dzy grupami \u017byd\u00f3w, jak widzieli\u015bmy podczas Holokaustu i jak ju\u017c widzimy, zw\u0142aszcza od masakry 7 pa\u017adziernika, narastaj\u0105ce pr\u00f3by wskazywania palcami winnych i dzielenia, co oczywi\u015bcie os\u0142abia nas przed wrogiem. A tym wrogiem nie jest pojedynczy re\u017cim, ale raczej ca\u0142y \u015bwiat jednostek o totalitarnej mentalno\u015bci ukszta\u0142towanej przez propagand\u0119 islamofaszyzmu, kt\u00f3remu pozwolono na osi\u0105gni\u0119cie dominacji. Mog\u0105 to za\u015b kontynuowa\u0107 tylko wtedy, gdy po\u0142\u0105cz\u0105 si\u0142y z innymi elementami ekstremistycznymi, kt\u00f3re uwa\u017caj\u0105 \u017byda za wsp\u00f3lnego wroga\u201d.<\/span><\/p>\n<blockquote><p><strong>\u201eJak mo\u017ce wygl\u0105da\u0107 nast\u0119pna faza? &#8211; pyta Heideman. &#8211; Ju\u017c w niej jeste\u015bmy. Jest wi\u0119cej atak\u00f3w, o kt\u00f3rych si\u0119 nie informuje z ch\u0119ci zachowania anonimowo\u015bci lub unikni\u0119cia k\u0142opot\u00f3w, jakie przyniesie konieczno\u015b\u0107 \u015bcigania ka\u017cdego \u017cydo\u017cercy, kt\u00f3ry rzuca na nich obelgi lub krzyczy \u2018wolna Palestyna\u2019\u201d.<\/strong><\/p><\/blockquote>\n<p style=\"text-align: left;\"><span style=\"color: #000080;\">Tymczasem \u017bydzi b\u0119d\u0105 kontynuowa\u0107 to, co zawsze robili, czyli znajd\u0105 sposoby, aby pozosta\u0107 w cieniu i zachowa\u0107 bezpiecze\u0144stwo. \u201eCoraz wi\u0119cej \u017byd\u00f3w b\u0119dzie szuka\u0107 mniejszych, intymnych spo\u0142eczno\u015bci, w kt\u00f3rych b\u0119d\u0105 mogli znale\u017a\u0107 lub stworzy\u0107 bezpieczn\u0105 przestrze\u0144 &#8211; \u2014 m\u00f3wi Heideman. &#8211; S\u0105 tacy, kt\u00f3rzy b\u0119d\u0105 chcieli emigrowa\u0107, wielu b\u0119dzie pr\u00f3bowa\u0142o wybra\u0107 inne miejsce ni\u017c nasza ojczyzna w Izraelu. S\u0105 tacy, kt\u00f3rzy b\u0119d\u0105 pr\u00f3bowali nawr\u00f3ci\u0107 si\u0119 religijnie, tj. na islam, politycznie lub spo\u0142ecznie, jakby cokolwiek z tego by\u0142o sposobem na uratowanie si\u0119\u201d.<\/span><\/p>\n<p style=\"text-align: left;\">\n<span style=\"color: #000080;\">Ale s\u0105 te\u017c inni, m\u00f3wi Heideman, \u201eCi, w kt\u00f3rych zbudzi si\u0119 ich to\u017csamo\u015b\u0107, kt\u00f3rych dusze zostan\u0105 wzmocnione. Nadal b\u0119dzie wzrasta\u0142 syjonizm jako zbiorowe marzenie i Alija, poniewa\u017c Izrael stanie si\u0119 ponownie jedyn\u0105 bezpieczn\u0105 przystani\u0105, jak\u0105 wyobra\u017cali\u015bmy sobie, gdy nasz 2000-letni sen spe\u0142ni\u0142 si\u0119 dzi\u0119ki politycznemu syjonizmowi i odrodzeniu \u017cydowskiej suwerenno\u015bci pod koniec brytyjskiego mandatu 14 maja 1948 r.,\u00a0<a style=\"color: #000080;\" href=\"https:\/\/israelforever.org\/declaration-day\/\"><strong>w Dniu og\u0142oszenia Deklaracji Niepodleg\u0142o\u015bci<\/strong><\/a><strong>\u201d<\/strong>.<\/span><\/p>\n<p style=\"text-align: left;\">\n<span style=\"color: #000080;\">\u00a0Heideman pyta:<\/span><\/p>\n<blockquote>\n<p style=\"text-align: left;\"><strong>\u201eCo stanie si\u0119 z Ameryk\u0105, kt\u00f3r\u0105 znamy? Albo z kampusami i ulicami publicznymi ka\u017cdego kraju lub spo\u0142ecze\u0144stwa, kt\u00f3re pozwala na takie n\u0119kanie i publiczne wyklinanie \u017byd\u00f3w, judaizmu, \u017cydowskiej historii, cz\u0142owiecze\u0144stwa i narodowo\u015bci? Przemoc b\u0119dzie trwa\u0107, podobnie jak milczenie.<\/strong><\/p>\n<p><strong>Ale je\u015bli Holocaust nas czego\u015b nauczy\u0142, to musimy mie\u0107 nadziej\u0119, \u017ce \u017cydowska odpowied\u017a b\u0119dzie inna. Istnienie pa\u0144stwa \u017cydowskiego i \u017cywy g\u0142os dumy i pasji w tej wojnie o przetrwanie ludzko\u015bci okre\u015bl\u0105, jak b\u0119dzie wygl\u0105da\u0142a nadchodz\u0105ca katastrofa, kt\u00f3ra spadnie na \u015bwiat\u201d.<\/strong><\/p>\n<\/blockquote>\n<p style=\"text-align: left;\"><span style=\"color: #000080;\">Czy presja finansowa administracji Trumpa na instytucje Ivy League co\u015b zmieni? Czy te\u017c s\u0105dy stan\u0105 na drodze tym wysi\u0142kom w imi\u0119 wolno\u015bci s\u0142owa, pozostawiaj\u0105c \u017cydowskich student\u00f3w na pastw\u0119 losu? Nikt nie wie, ale je\u015bli jest jedna rzecz, kt\u00f3rej uczy nas historia, to jest to: to, co zaczyna si\u0119 od s\u0142\u00f3w, mo\u017ce sko\u0144czy\u0107 si\u0119 okrucie\u0144stwami. Czas na dzia\u0142anie nie jest po tragedii, ale teraz.<\/span><\/p>\n<hr \/>\n<p style=\"text-align: left;\"><span style=\"color: #808080;\"><em><strong>Judean Rose<\/strong> \u2013 izraelska blogerka.<\/em><\/span><\/p>\n<hr style=\"height: 15px; background: #d0e6fa; width: 100%;\" \/>\n<div id=\"content\" class=\"content-alignment\">\n<div id=\"watch-description\" class=\"yt-uix-button-panel\">\n<div id=\"watch-description-text\" style=\"text-align: center;\">\n<p><em>Zawarto\u015b\u0107 publikowanych artyku\u0142\u00f3w i materia\u0142\u00f3w nie reprezentuje pogl\u0105d\u00f3w ani opinii Reunion&#8217;68,<\/em><em><br \/>\nani te\u017c webmastera Blogu Reunion&#8217;68, chyba ze jest to wyra\u017anie zaznaczone.<br \/>\nTwoje uwagi, linki, w\u0142asne artyku\u0142y lub wiadomo\u015bci prze\u015blij na adres:<br \/>\n<\/em><span style=\"color: #000080;\"><strong><em><a style=\"color: #000080;\" href=\"mailto:webmaster@reunion68.com\"><span style=\"text-decoration: underline;\">webmaster@reunion68.com<\/span><\/a><\/em><\/strong><\/span><\/p>\n<\/div>\n<\/div>\n<\/div>\n<hr style=\"width: 100%;\" \/>\n","protected":false},"excerpt":{"rendered":"<p>Przed obozami zag\u0142ady by\u0142y sale wyk\u0142adowe Judean Rose T\u0142umaczenie: Ma\u0142gorzata Koraszewska \u017bydowska studentka Uniwersytetu Wiede\u0144skiego, Eva G., w 1938 roku \u00a0wsun\u0119\u0142a naszyjnik z Gwiazd\u0105 Dawida pod bluzk\u0119, zanim wesz\u0142a na sal\u0119 wyk\u0142adow\u0105. Przywita\u0142y j\u0105 swastyki nabazgrane na \u015bcianach i szepty \u201eJuden raus\u201d. Osiemdziesi\u0105t sze\u015b\u0107 lat p\u00f3\u017aniej, w 2024 roku, \u017cydowski student Uniwersytetu Columbia naci\u0105ga kaptur [&hellip;]<\/p>\n","protected":false},"author":1,"featured_media":0,"comment_status":"closed","ping_status":"closed","sticky":false,"template":"","format":"standard","meta":[],"categories":[6],"tags":[26,24],"_links":{"self":[{"href":"https:\/\/www.reunion68.se\/index.php?rest_route=\/wp\/v2\/posts\/121163"}],"collection":[{"href":"https:\/\/www.reunion68.se\/index.php?rest_route=\/wp\/v2\/posts"}],"about":[{"href":"https:\/\/www.reunion68.se\/index.php?rest_route=\/wp\/v2\/types\/post"}],"author":[{"embeddable":true,"href":"https:\/\/www.reunion68.se\/index.php?rest_route=\/wp\/v2\/users\/1"}],"replies":[{"embeddable":true,"href":"https:\/\/www.reunion68.se\/index.php?rest_route=%2Fwp%2Fv2%2Fcomments&post=121163"}],"version-history":[{"count":8,"href":"https:\/\/www.reunion68.se\/index.php?rest_route=\/wp\/v2\/posts\/121163\/revisions"}],"predecessor-version":[{"id":121175,"href":"https:\/\/www.reunion68.se\/index.php?rest_route=\/wp\/v2\/posts\/121163\/revisions\/121175"}],"wp:attachment":[{"href":"https:\/\/www.reunion68.se\/index.php?rest_route=%2Fwp%2Fv2%2Fmedia&parent=121163"}],"wp:term":[{"taxonomy":"category","embeddable":true,"href":"https:\/\/www.reunion68.se\/index.php?rest_route=%2Fwp%2Fv2%2Fcategories&post=121163"},{"taxonomy":"post_tag","embeddable":true,"href":"https:\/\/www.reunion68.se\/index.php?rest_route=%2Fwp%2Fv2%2Ftags&post=121163"}],"curies":[{"name":"wp","href":"https:\/\/api.w.org\/{rel}","templated":true}]}}